{"id":255055,"date":"2025-01-10T23:00:00","date_gmt":"2025-01-11T02:00:00","guid":{"rendered":"https:\/\/www.novaconcursos.com.br\/portal\/?p=255055"},"modified":"2025-01-17T12:38:00","modified_gmt":"2025-01-17T15:38:00","slug":"concurso-mpu-o-que-esperar-banca-fgv","status":"publish","type":"post","link":"https:\/\/www.novaconcursos.com.br\/portal\/artigos\/concurso-mpu-o-que-esperar-banca-fgv\/","title":{"rendered":"MPU: Conhe\u00e7a o estilo da banca FGV e o que esperar da prova!"},"content":{"rendered":"<p>O t\u00e3o aguardado edital concurso do <a href=\"https:\/\/www.novaconcursos.com.br\/portal\/concursos\/concurso-mpu\/\">MPU <\/a>(Minist\u00e9rio P\u00fablico da Uni\u00e3o) foi publicado para Analista e T\u00e9cnico, abrangendo diversas especialidades. S\u00e3o 172 vagas de<em> <\/em><strong>n\u00edvel superior<\/strong><em>,<\/em> com remunera\u00e7\u00f5es de at\u00e9 R$ 13,9 mil mais benef\u00edcios.<\/p>\n\n\n\n<p>Os candidatos ser\u00e3o <strong>avaliados em at\u00e9 6 (seis) etapas<\/strong>, incluindo prova objetiva e discursiva, elaborada pela Funda\u00e7\u00e3o Get\u00falio Vargas, institui\u00e7\u00e3o renomada com expertise\u00a0em planejamento e aplica\u00e7\u00e3o de concursos.<\/p>\n\n\n\n<p>Mas como ser classificado nesta primeira etapa e avan\u00e7ar nas fases do certame para garantir a t\u00e3o sonhada aprova\u00e7\u00e3o? Ser\u00e1 que a FGV \u00e9 t\u00e3o dif\u00edcil de passar? Existe um segredo?<\/p>\n\n\n\n<p>Para descobrir essas e outras perguntas a respeito do concurso <em>Minist\u00e9rio P\u00fablico da Uni\u00e3o<\/em>, continue nesta p\u00e1gina e seja o pr\u00f3ximo <strong><em>servidor p\u00fablico federal<\/em><\/strong> a ser nomeado. <\/p>\n\n\n\n<h2 class=\"wp-block-heading\" id=\"concurso-mpu-2025-inscries-abertas\">Concurso MPU 2025 inscri\u00e7\u00f5es abertas<\/h2>\n\n\n\n<p>A partir das<mark style=\"background-color:#8ed1fc\" class=\"has-inline-color\"> 16h do dia 13 de janeiro at\u00e9 as 16h do dia 27 de fevereiro de 2025,<\/mark> os interessados no concurso do Minist\u00e9rio P\u00fablico da Uni\u00e3o, poder\u00e3o cadastrar-se pelo site da <a href=\"https:\/\/conhecimento.fgv.br\/concursos\/mpu2025\" target=\"_blank\" rel=\"noopener\">Funda\u00e7\u00e3o Get\u00falio Vargas. <\/a><\/p>\n\n\n\n<p>O valor da taxa de inscri\u00e7\u00e3o \u00e9 de <strong>R$ 120,00<\/strong> para o cargo de Analista e <strong>R$ 95,00<\/strong> de T\u00e9cnico. <\/p>\n\n\n\n<p>Candidatos inscritos no Cad\u00danico (Cadastro \u00danico para Programas Sociais do Governo<br>Federal) e doadores de m\u00e9dula, ter\u00e3o direito ao requerimento de <strong>isen\u00e7\u00e3o da taxa de inscri\u00e7\u00e3o. <\/strong>A solicita\u00e7\u00e3o deve ser feita a partir das 16h entre os dias 13 e 15 de janeiro. <\/p>\n\n\n\n<p>No mais, as vagas do certame s\u00e3o regionais. Ao candidatar-se, \u00e9 preciso escolher o estado que deseja concorrer, dentre as vagas dispon\u00edveis. <\/p>\n\n\n\n<div class=\"nova-continue-reading\">Leia tamb\u00e9m: <a href=\"https:\/\/www.novaconcursos.com.br\/portal\/noticias\/concurso-mpu-distribuicao-vagas\/\">Distribui\u00e7\u00e3o das vagas pelo pa\u00eds!<\/a><\/div>\n\n\n\n<p><\/p>\n\n\n\n<h2 class=\"wp-block-heading\" id=\"cargos-do-concurso-mpu-\">Cargos do concurso MPU <\/h2>\n\n\n\n<p>Conforme adiantado pelo blog do Nova Concursos, o <a href=\"https:\/\/www.mpu.mp.br\/\" target=\"_blank\" rel=\"noopener\">Minist\u00e9rio P\u00fablico da Uni\u00e3o<\/a>, est\u00e1 ofertando as 172 vagas, dentro do seu quadro de carreiras fixas, sendo:<\/p>\n\n\n\n<h3 class=\"wp-block-heading\"><em>T\u00e9cnico<\/em> <em>do MPU<\/em><\/h3>\n\n\n\n<ul class=\"wp-block-list\"><li>Administra\u00e7\u00e3o, <\/li>\n\n\n\n<li>Enfermagem; e <\/li>\n\n\n\n<li>Pol\u00edcia Institucional; <\/li>\n<\/ul><h3 class=\"wp-block-heading\"><em>Analista do MPU<\/em><\/h3>\n\n\n\n<ul class=\"wp-block-list\"><li>Atuarial, <\/li>\n\n\n\n<li>Biblioteconomia; <\/li>\n\n\n\n<li>Cl\u00ednica M\u00e9dica; <\/li>\n\n\n\n<li>Comunica\u00e7\u00e3o Social; <\/li>\n\n\n\n<li>Desenvolvimento de Sistemas; <\/li>\n\n\n\n<li>Direito; <\/li>\n\n\n\n<li>Enfermagem; <\/li>\n\n\n\n<li>Ginecologia; <\/li>\n\n\n\n<li>Odontologia; <\/li>\n\n\n\n<li>Oftalmologia; <\/li>\n\n\n\n<li>Perito em \n<ul class=\"wp-block-list\"><li>Antropologia; <\/li>\n\n\n\n<li>Arquitetura; <\/li>\n\n\n\n<li>Contabilidade<\/li>\n\n\n\n<li>Economia; <\/li>\n\n\n\n<li>Engenharia Agron\u00f4mica; \n<ul class=\"wp-block-list\"><li>Civil; <\/li>\n\n\n\n<li>Seguran\u00e7a do Trabalho; <\/li>\n\n\n\n<li>El\u00e9trica; <\/li>\n\n\n\n<li>Florestal;<\/li>\n\n\n\n<li>Mec\u00e2nica; <\/li>\n\n\n\n<li>Sanit\u00e1ria; <\/li>\n<\/ul><\/li>\n\n\n\n<li>Geografia; <\/li>\n\n\n\n<li>Geologia; <\/li>\n\n\n\n<li>Medicina do Trabalho; <\/li>\n\n\n\n<li>Oceanografia; <\/li>\n\n\n\n<li>Tecnologia da Informa\u00e7\u00e3o e Comunica\u00e7\u00e3o; <\/li>\n<\/ul><\/li>\n\n\n\n<li>Psicologia; <\/li>\n\n\n\n<li>Servi\u00e7o Social; <\/li>\n\n\n\n<li>Suporte e Infraestrutura; <\/li>\n\n\n\n<li>Junta M\u00e9dica em Psiquiatria; <\/li>\n\n\n\n<li>Arquivologia; e <\/li>\n\n\n\n<li>Enfermagem. <\/li>\n<\/ul><p>Vale destacar que o Minist\u00e9rio P\u00fablico da Uni\u00e3o, \u00e9 uma institui\u00e7\u00e3o composta por quatro diferentes Minist\u00e9rios P\u00fablicos com\u00a0\u00e1reas de atua\u00e7\u00e3o, organiza\u00e7\u00e3o e administra\u00e7\u00e3o distintas: <strong>MPF, MPT, MPDFT e MPM<\/strong>. <\/p>\n\n\n\n<div class=\"nova-continue-reading\">Leia tamb\u00e9m \u2013 <a href=\"https:\/\/www.novaconcursos.com.br\/portal\/artigos\/concurso-mpu-atribuicoes\/\">Concurso MPU: requisitos e atribui\u00e7\u00f5es dos cargos<\/a><\/div>\n\n\n\n<h4 class=\"wp-block-heading\">Remunera\u00e7\u00e3o e benef\u00edcios <\/h4>\n\n\n\n<p>De acordo com o edital, os aprovados receber\u00e3o os seguintes vencimentos, para o cumprimento de <strong>40h semanais: <\/strong><\/p>\n\n\n\n<p><em>T\u00e9cnico: R$ 8.529,65<\/em><\/p>\n\n\n\n<p><em>Analista: R$13.994,78<\/em> <\/p>\n\n\n\n<p>Entretanto, at\u00e9 a nomea\u00e7\u00e3o e posse, os ganhos poder\u00e3o ser elevados, em raz\u00e3o do <strong>reajuste salarial <\/strong>previsto na <em>Medida Provis\u00f3ria (MP) n\u00ba 1.286<\/em>, dividido em duas parcelas, 2025 e 2026<\/p>\n\n\n\n<p>Al\u00e9m da remunuera\u00e7\u00e3o, os membros do MPU tem direito a diversos benef\u00edcios, como: aux\u00edlio-alimenta\u00e7\u00e3o, assist\u00eancia pr\u00e9-escolar;  aux\u00edlio-transporte e aux\u00edlio-sa\u00fade.<\/p>\n\n\n\n<h2 class=\"wp-block-heading\" id=\"fgv-a-banca-do-concurso-mpu\">FGV \u00e9 a banca do Concurso MPU<\/h2>\n\n\n\n<p>A Funda\u00e7\u00e3o Get\u00falio Vargas, com mais de 70 anos de atua\u00e7\u00e3o, vem se consolidando no ramo de educa\u00e7\u00e3o, <strong>especialmente na \u00e1rea de concurso p\u00fablico,<\/strong> com a<strong> <\/strong>aplica\u00e7\u00e3o de provas para mais de 3,5 milh\u00f5es de candidatos em todos os estados do <a href=\"https:\/\/www.novaconcursos.com.br\/portal\/concursos-abertos\/?\">pa\u00eds,<\/a> al\u00e9m de ser a organizadora oficial do Exame de Ordem do Brasil (OAB).<\/p>\n\n\n\n<p>Ap\u00f3s an\u00e1lise de propostas, a institui\u00e7\u00e3o foi contratada por meio de dispensa de licita\u00e7\u00e3o, para organizar o <em>11\u00ba concurso do Minist\u00e9rio P\u00fablico da Uni\u00e3o<\/em>, com a estimativa de 340 mil inscritos. <\/p>\n\n\n\n<p>Mas como se preparar para uma prova organizada pela FGV? <\/p>\n\n\n\n<p>Primeiramente, os candidatos precisam atentar-se para as <strong>etapas de sele\u00e7\u00e3o<\/strong>, sendo a prova objetiva (todos os cargos) e discursiva, execto para o cargo de T\u00e9cnico \u2013 Pol\u00edcia Institucional, a primeira fase de classifica\u00e7\u00e3o. <\/p>\n\n\n\n<ul class=\"wp-block-list\"><li>Apenas para o cargo de T\u00e9cnico do MPU \u2013 Pol\u00edcia Institucional \n<ul class=\"wp-block-list\"><li>Teste de Aptid\u00e3o F\u00edsica<\/li>\n\n\n\n<li>Avalia\u00e7\u00e3o M\u00e9dica <\/li>\n\n\n\n<li>Programa de Forma\u00e7\u00e3o Profissional<\/li>\n<\/ul><\/li>\n\n\n\n<li>Procedimento de Heteroidentifica\u00e7\u00e3o e Avalia\u00e7\u00e3o Biopsicossocial<\/li>\n<\/ul><div class=\"nova-continue-reading\">Confira:<a href=\"https:\/\/www.novaconcursos.com.br\/portal\/artigos\/mpu-saiba-tudo-sobre-a-carreira-de-policial-institucional\/\"> Tudo sobre a carreira de Pol\u00edcia Institucional <\/a><\/div>\n\n\n\n<p>A prova objetiva e discursiva ser\u00e3o aplicadas em todas as capitais do pa\u00eds, incluindo o Distrito Federal, no dia <mark style=\"background-color:#8ed1fc\" class=\"has-inline-color\">4 de maio de 2025, <\/mark>nos seguintes hor\u00e1rios: <\/p>\n\n\n\n<p><em>Analista: de 8h as 12h30. <\/em><\/p>\n\n\n\n<p><em>T\u00e9cnico: de 15h as 19h30. <\/em><\/p>\n\n\n\n<p>A prova objetiva ser\u00e1 composta de<strong> 80 quest\u00f5es de m\u00faltipla escolha,<\/strong> sendo 30 no m\u00f3dulo I e 50 m\u00f3dulo II. <\/p>\n\n\n\n<p>J\u00e1 a prova discursiva, de e car\u00e1ter eliminat\u00f3rio e classificat\u00f3rio, consistir\u00e1 em<strong> 1 (uma) reda\u00e7\u00e3o,<\/strong> em g\u00eanero dissertativo-argumentativo, com no m\u00ednimo 20 e m\u00e1ximo 30 linhas. <\/p>\n\n\n\n<figure class=\"wp-block-image size-full\"><a href=\"https:\/\/www.novaconcursos.com.br\/portal\/wp-content\/uploads\/2024\/10\/layout-gabarito-prova-facil_3.webp\"><img decoding=\"async\" width=\"888\" height=\"500\" src=\"https:\/\/www.novaconcursos.com.br\/portal\/wp-content\/uploads\/2024\/10\/layout-gabarito-prova-facil_3.webp\" alt=\"Concurso MPU\" class=\"wp-image-268905\" loading=\"lazy\" title=\"\" srcset=\"https:\/\/www.novaconcursos.com.br\/portal\/wp-content\/uploads\/2024\/10\/layout-gabarito-prova-facil_3-300x169.webp 300w, https:\/\/www.novaconcursos.com.br\/portal\/wp-content\/uploads\/2024\/10\/layout-gabarito-prova-facil_3-480x270.webp 480w, https:\/\/www.novaconcursos.com.br\/portal\/wp-content\/uploads\/2024\/10\/layout-gabarito-prova-facil_3-768x432.webp 768w, https:\/\/www.novaconcursos.com.br\/portal\/wp-content\/uploads\/2024\/10\/layout-gabarito-prova-facil_3.webp 888w\" sizes=\"auto, (max-width: 480px) 100vw, (max-width: 768px) 100vw, (max-width: 1200px) 70vw, 768px\"><\/a><figcaption class=\"wp-element-caption\">O candidato dever\u00e1 comparecer ao local de  realiza\u00e7\u00e3o das provas com anteced\u00eancia m\u00ednima de 1h30 do hor\u00e1rio fixado para o in\u00edcio. <\/figcaption><\/figure><h2 class=\"wp-block-heading\" id=\"perfil-e-caractersticas-da-banca-fgv\">Perfil e caracter\u00edsticas da banca FGV<\/h2>\n\n\n\n<p>A quem dica que a Funda\u00e7\u00e3o Get\u00falio Vargas tenha um padr\u00e3o rigoroso, com provas de <em>\u201cn\u00edvel d\u00edficil\u201d. <\/em><\/p>\n\n\n\n<p>Entretanto, uma das habilidades que o candidato precisa ter, \u00e9 ser bom em <strong>interpreta\u00e7\u00e3o<\/strong>, estar atento aos detalhes e n\u00e3o cair nas <em>\u201cpegadinhas\u201d<\/em>, visto que os enunciados s\u00e3o extensos e exigem concentra\u00e7\u00e3o.<\/p>\n\n\n\n<p>Sendo assim, uma \u00f3tima dica \u00e9: <mark style=\"background-color:#8ed1fc\" class=\"has-inline-color\">pratique muitos exerc\u00edcios<\/mark>, especialmente das provas aplicadas anteriormente.<\/p>\n\n\n\n<p>A prova objetiva ser\u00e1 composta por 80 quest\u00f5es com cinco alternativas e apenas uma correta. Fique atento, a banca gosta de dar <strong>enfoque nas especificidades do cargo<\/strong>, sendo assim, a cobran\u00e7a dos assuntos variam. <\/p>\n\n\n\n<p>\u00c9 preciso destacar que a <strong>FGV n\u00e3o \u00e9 uma banca prev\u00edsivel. <\/strong>Apesar de cobrar os mesmos assuntos, a forma de elaborar o enunciado costuma ser diferente.<\/p>\n\n\n\n<p>Outra dica,<strong> a banca costuma abranger todo o conte\u00fado do edital<\/strong>. Ent\u00e3o fique atento e intensifique sua prepara\u00e7\u00e3o. <\/p>\n\n\n\n<figure class=\"wp-block-embed is-type-video is-provider-youtube wp-block-embed-youtube wp-embed-aspect-16-9 wp-has-aspect-ratio\"><div class=\"wp-block-embed__wrapper\">\n<iframe loading=\"lazy\" title=\"CONCURSO MPU 2025 COME\u00c7ANDO AGORA: PLANO DE ESTUDOS COMPLETO\" width=\"500\" height=\"281\" src=\"https:\/\/www.youtube.com\/embed\/9mIqHBHKzYM?feature=oembed\" frameborder=\"0\" allow=\"accelerometer; autoplay; clipboard-write; encrypted-media; gyroscope; picture-in-picture; web-share\" referrerpolicy=\"strict-origin-when-cross-origin\" allowfullscreen><\/iframe>\n<\/div><\/figure><p><\/p>\n\n\n\n<p>Vamos conferir a seguir a incid\u00eancia dos assuntos em algumas disciplinas: <\/p>\n\n\n\n<h4 class=\"wp-block-heading\"><em>Direito Administrativo <\/em><\/h4>\n\n\n\n<p>A depender do cargo inscrito, a prova poder\u00e1 conter quest\u00f5es de <em>Direitos Humanos e Fundamentais e de Acessibilidade<\/em>, <em>Direito Administrativo e Administra\u00e7\u00e3o P\u00fablica<\/em>. <\/p>\n\n\n\n<p>Nessa parte de Direito, a banca costuma cobrar\u00a0<mark style=\"background-color:#8ed1fc\" class=\"has-inline-color\">lei seca, ou seja, a letra da lei em sua especifidade.<\/mark><\/p>\n\n\n\n<ul class=\"wp-block-list\"><li>Responsabilidade Civil do Estado, <\/li>\n\n\n\n<li>Atos de Improbidade;<\/li>\n\n\n\n<li>Modalidades de licita\u00e7\u00e3o. Local de realiza\u00e7\u00e3o. Publica\u00e7\u00e3o do edital (arts. 20 a 23, 52 e 53);<\/li>\n\n\n\n<li>Contrata\u00e7\u00e3o Direta (dispensa e inexigibilidade \u2013 arts. 24 a 26, Lei 8.666);<\/li>\n\n\n\n<li>Atos administrativos (esp\u00e9cies, classifica\u00e7\u00e3o, fases de constitui\u00e7\u00e3o).<\/li>\n<\/ul><h4 class=\"wp-block-heading\"><em>Portugu\u00eas <\/em><\/h4>\n\n\n\n<ul class=\"wp-block-list\"><li>Ortografia, <\/li>\n\n\n\n<li>Coer\u00eancia e coes\u00e3o;<\/li>\n\n\n\n<li>Classes de palavras;<\/li>\n\n\n\n<li>Interpreta\u00e7\u00e3o de texto;<\/li>\n\n\n\n<li>Reg\u00eancia e pontua\u00e7\u00e3o;<\/li>\n\n\n\n<li>Concord\u00e2ncia verbal e nominal.<\/li>\n<\/ul><p>Comece a praticar essas cinco dicas durante os seus estudos, e na hora da prova estar\u00e1 mais confiante. <\/p>\n\n\n\n<ol class=\"wp-block-list\"><li>Estude teoria. <\/li>\n\n\n\n<li>Fa\u00e7a muitas quest\u00f5es separadas por assunto. <\/li>\n\n\n\n<li>Revise a parte te\u00f3rica do assunto que estiver errando muito. <\/li>\n\n\n\n<li>Se chegar em uma quest\u00e3o simples direto ao ponto, resolva-a e ponto final. Caso note que ela \u00e9 complexa demais, deixe a quest\u00e3o para o fim.<\/li>\n\n\n\n<li>Caso a quest\u00e3o ainda continue confusa, procure os poss\u00edveis erros de cada uma das alternativas,\u00a0elimine\u00a0aquelas que obviamente n\u00e3o s\u00e3o a resposta e\u00a0selecione aquela que mais parece correta para voc\u00ea.<\/li>\n<\/ol><h2 class=\"wp-block-heading\" id=\"o-que-a-banca-fgv-cobra-na-redao-\">O que a banca FGV cobra na reda\u00e7\u00e3o? <\/h2>\n\n\n\n<p>Conforme informado no edital, a prova discursiva ser\u00e1 constituida de uma reda\u00e7\u00e3o entre 20 e 30 linhas. \u00c9 preciso atentar-se e levar em considera\u00e7\u00e3o todos os detalhes, pois a Funda\u00e7\u00e3o Get\u00falio Vargas costuma ser <em>criteriosa.<\/em><\/p>\n\n\n\n<p>Em rela\u00e7\u00e3o aos temas, a institui\u00e7\u00e3o costuma cobrar assuntos que est\u00e3o em foco na<strong> atualidade, ou seja, de cunho social e comportamental,<\/strong> no entanto, a produ\u00e7\u00e3o dos textos dissertativos precisam ser objetivos, atendendo ao que foi solicitado no tema e nos textos de apoio.<\/p>\n\n\n\n<p>O que a banca deseja com a aplica\u00e7\u00e3o da prova discursiva, \u00e9 levar os candidatos a reflex\u00e3o sobre algo que acontece na sociedade, desenvolvendo argumentos de forma anal\u00edtica, sem soar imparcial.<\/p>\n\n\n\n<h3 class=\"wp-block-heading\">Temas j\u00e1 cobrados em concursos <\/h3>\n\n\n\n<ul class=\"wp-block-list\"><li>TJ-RO \u2013 Analista (2021)\n<ul class=\"wp-block-list\"><li><em>\u201cComo administrar o tempo em nossas vidas, de modo que ele seja aliado, e n\u00e3o advers\u00e1rio, diante de nossos in\u00fameros projetos e compromissos?\u201d;<\/em><\/li>\n<\/ul><\/li>\n\n\n\n<li>TJ-CE: \n<ul class=\"wp-block-list\"><li><em>\u201cO que fazer para acabar com o paradoxo entre atitude e discurso do brasileiro?\u201d;<\/em><\/li>\n<\/ul><\/li>\n\n\n\n<li>PM-SP (2021): \n<ul class=\"wp-block-list\"><li><em>\u201cO comportamento imprudente do brasileiro no tr\u00e2nsito\u201d;<\/em><\/li>\n<\/ul><\/li>\n\n\n\n<li>TJ-CE: \n<ul class=\"wp-block-list\"><li><em>\u201cNa sua opini\u00e3o, quais devem ser os atributos necess\u00e1rios a uma pessoa para que ela se torne membro do STF\u201d<\/em>.<\/li>\n<\/ul><\/li>\n<\/ul><p>Demais assuntos que podem ser cobrados e voc\u00ea pode treinar diariamente. <\/p>\n\n\n\n<ul class=\"wp-block-list\"><li>O que o indiv\u00edduo pode fazer para reduzir o seu impacto ambiental?<\/li>\n\n\n\n<li>Voc\u00ea acha que o Brasil pode vencer a corrup\u00e7\u00e3o?<\/li>\n\n\n\n<li>Flexibiliza\u00e7\u00e3o no porte de armamentos: aumento ou redu\u00e7\u00e3o da viol\u00eancia?<\/li>\n\n\n\n<li>A destrui\u00e7\u00e3o de monumentos: forma v\u00e1lida de protestar?<\/li>\n\n\n\n<li>Capacitismo e a inclus\u00e3o da pessoa com defici\u00eancia na sociedade<\/li>\n\n\n\n<li>Viol\u00eancia contra as pessoas idosas (etarismo)<\/li>\n\n\n\n<li>Responsabilidade Empresarial<\/li>\n\n\n\n<li>Os desafios das mudan\u00e7as clim\u00e1ticas<\/li>\n\n\n\n<li>Intelig\u00eancia Artificial: benef\u00edcios e malef\u00edcios<\/li>\n\n\n\n<li>Temas relacionados \u00e0 quest\u00f5es da pol\u00edtica brasileira<\/li>\n\n\n\n<li>Pautas como a corrup\u00e7\u00e3o no cen\u00e1rio do governo atual<\/li>\n\n\n\n<li>Reflex\u00f5es de cunho social e que interferem no comportamento humano<\/li>\n\n\n\n<li>Disserta\u00e7\u00f5es sobre liberdade de express\u00e3o e outros t\u00f3picos da era digital. <\/li>\n<\/ul><p><\/p>","protected":false},"excerpt":{"rendered":"<p>Ap\u00f3s 7 anos, o 11\u00ba concurso do Minist\u00e9rio P\u00fablico da Uni\u00e3o foi publicado.<br \/>\nConfira como gabaritar na prova, atrav\u00e9s do perfil e caracter\u00edsticas da Funda\u00e7\u00e3o Get\u00falio Vargas (FGV). <\/p>\n","protected":false},"author":54664,"featured_media":255063,"comment_status":"closed","ping_status":"closed","sticky":false,"template":"","format":"standard","meta":{"_acf_changed":false,"footnotes":"","_wp_rev_ctl_limit":""},"categories":[33508,44978,44939,44997,44946,44941],"tags":[2799,2803,2931],"class_list":["post-255055","post","type-post","status-publish","format-standard","has-post-thumbnail","hentry","category-artigos","category-nacional","category-carreira-administrativa","category-carreira-ti","category-carreira-juridica","category-carreira-policial","tag-concurso-mpu","tag-ministerio-publico-da-uniao","tag-mpu"],"acf":[],"_links":{"self":[{"href":"https:\/\/www.novaconcursos.com.br\/portal\/wp-json\/wp\/v2\/posts\/255055","targetHints":{"allow":["GET"]}}],"collection":[{"href":"https:\/\/www.novaconcursos.com.br\/portal\/wp-json\/wp\/v2\/posts"}],"about":[{"href":"https:\/\/www.novaconcursos.com.br\/portal\/wp-json\/wp\/v2\/types\/post"}],"author":[{"embeddable":true,"href":"https:\/\/www.novaconcursos.com.br\/portal\/wp-json\/wp\/v2\/users\/54664"}],"replies":[{"embeddable":true,"href":"https:\/\/www.novaconcursos.com.br\/portal\/wp-json\/wp\/v2\/comments?post=255055"}],"version-history":[{"count":181,"href":"https:\/\/www.novaconcursos.com.br\/portal\/wp-json\/wp\/v2\/posts\/255055\/revisions"}],"predecessor-version":[{"id":269487,"href":"https:\/\/www.novaconcursos.com.br\/portal\/wp-json\/wp\/v2\/posts\/255055\/revisions\/269487"}],"wp:featuredmedia":[{"embeddable":true,"href":"https:\/\/www.novaconcursos.com.br\/portal\/wp-json\/wp\/v2\/media\/255063"}],"wp:attachment":[{"href":"https:\/\/www.novaconcursos.com.br\/portal\/wp-json\/wp\/v2\/media?parent=255055"}],"wp:term":[{"taxonomy":"category","embeddable":true,"href":"https:\/\/www.novaconcursos.com.br\/portal\/wp-json\/wp\/v2\/categories?post=255055"},{"taxonomy":"post_tag","embeddable":true,"href":"https:\/\/www.novaconcursos.com.br\/portal\/wp-json\/wp\/v2\/tags?post=255055"}],"curies":[{"name":"wp","href":"https:\/\/api.w.org\/{rel}","templated":true}]}}