{"id":256666,"date":"2024-10-17T16:59:25","date_gmt":"2024-10-17T19:59:25","guid":{"rendered":"https:\/\/www.novaconcursos.com.br\/portal\/?p=256666"},"modified":"2024-10-17T17:11:34","modified_gmt":"2024-10-17T20:11:34","slug":"concurso-trf6-edital-retificacao","status":"publish","type":"post","link":"https:\/\/www.novaconcursos.com.br\/portal\/noticias\/concurso-trf6-edital-retificacao\/","title":{"rendered":"Edital TRF6 tem retifica\u00e7\u00e3o publicada. Confira o que muda!"},"content":{"rendered":"<p>O edital do concurso <a href=\"https:\/\/www.novaconcursos.com.br\/portal\/concursos\/concurso-trf-6\/\">TRF6 <\/a>(Tribunal Regional Federal da 6\u00aa Regi\u00e3o), recentemente publicado, passou pela primeira retifica\u00e7\u00e3o. <\/p>\n\n\n\n<p>As mudan\u00e7as foram divulgadas no site do <strong>Cebraspe,<\/strong> em 16 de outubro e alteram diversos pontos, como requisitos, conte\u00fado program\u00e1tico, nomenclatura dos cargos, dentre outros. <\/p>\n\n\n\n<p>O concurso TRF 6\u00aa regi\u00e3o, oferta vagas em cadastro reserva, para os cargos de <strong>T\u00e9cnico e Analista Judici\u00e1rio, <\/strong>com iniciais de at\u00e9 R$ 13,9 mil. <\/p>\n\n\n\n<p>As inscri\u00e7\u00f5es come\u00e7am nesta sexta-feira (18). <\/p>\n\n\n\n<p>Continue comigo para saber quais foram as mudan\u00e7as e o que estudar para o <em>concurso TRF6! <\/em><\/p>\n\n\n\n<h2 class=\"wp-block-heading\" id=\"edital-trf6-retificado-\">Edital TRF6 retificado <\/h2>\n\n\n\n<p>O edital do Tribunal Regional Federal da 6\u00aa Regi\u00e3o, passou pela <strong>primeira altera\u00e7\u00e3o. <\/strong><\/p>\n\n\n\n<p>De acordo com o <a href=\"https:\/\/www.cebraspe.org.br\/concursos\/TRF6_24\" target=\"_blank\" rel=\"noreferrer noopener\">Cebraspe,<\/a> banca organizadora da sele\u00e7\u00e3o, as mudan\u00e7as alteram os seguintes itens: <\/p>\n\n\n\n<ul class=\"wp-block-list\"><li>Requisito para o Cargo 3: Analista Judici\u00e1rio \u2013 Apoio Especializado \u2013 Especialidade: An\u00e1lise de Sistemas de Informa\u00e7\u00e3o\n<ul class=\"wp-block-list\"><li>passa a exigir curso de p\u00f3s-gradua\u00e7\u00e3o em \u00e1rea de Tecnologia da Informa\u00e7\u00e3o, com no m\u00ednimo 360 horas. <\/li>\n<\/ul><\/li>\n\n\n\n<li>Avalia\u00e7\u00e3o Biospsicossocial \n<ul class=\"wp-block-list\"><li>perder\u00e1 o direito de concorrer \u00e0s vagas reservadas \u00e0s pessoas com defici\u00eancia o candidato que n\u00e3o apresentar laudo m\u00e9dico ou laudo caracterizador de defici\u00eancia. <\/li>\n<\/ul><\/li>\n\n\n\n<li>Conhecimentos gerais \n<ul class=\"wp-block-list\"><li>inclus\u00e3o dos t\u00f3picos de atualidades (somente para a prova discursiva dos cargos 1 a 7, 12, 13, 19 a 21 e 22 de T\u00e9cnico e Analista). <\/li>\n<\/ul><\/li>\n\n\n\n<li>Nomenclatura do cargo 28, passa a ser \n<ul class=\"wp-block-list\"><li>T\u00e9cnico Judici\u00e1rio \u2013 \u00c1rea: Apoio Especializado \u2013 Especialidade: Suporte T\u00e9cnico<\/li>\n<\/ul><\/li>\n\n\n\n<li>T\u00e9cnico Judici\u00e1rio \u2013 Apoio Especializado \u2013 Especialidade: Desenvolvimento de Sistemas de Informa\u00e7\u00e3o\n<ul class=\"wp-block-list\"><li>Regime Jur\u00eddico dos Servidores P\u00fablicos Federais: Lei n\u00ba 8.112\/1990. <\/li>\n\n\n\n<li>Processo administrativo disciplinar e sua revis\u00e3o. <\/li>\n\n\n\n<li>Seguridade Social do Servidor: Benef\u00edcios.<\/li>\n\n\n\n<li>Regime de Previd\u00eancia Complementar: Lei n\u00ba 12.618\/2012. 12 Improbidade Administrativa: Lei n\u00ba 8.429\/1992.<\/li>\n\n\n\n<li>Processo Administrativo: Lei n\u00b0 9.784\/1999. <\/li>\n\n\n\n<li>C\u00f3digo de Conduta dos servidores da Justi\u00e7a Federal (Resolu\u00e7\u00e3o n\u00ba 147\/2011 do CNJ).<\/li>\n<\/ul><\/li>\n<\/ul><p><a href=\"https:\/\/cdn.cebraspe.org.br\/concursos\/TRF6_24\/arquivos\/ED_2_TRF6_24_RET.PDF\" target=\"_blank\" rel=\"noreferrer noopener\">Clique aqui<\/a> e confira a retifica\u00e7\u00e3o na \u00edntegra com mais detalhes<\/p>\n\n\n\n<h2 class=\"wp-block-heading\" id=\"trf6-abre-perodo-de-inscrio-nesta-sexta-18\">TRF6 abre per\u00edodo de inscri\u00e7\u00e3o nesta sexta (18)<\/h2>\n\n\n\n<p>Os interessados em participar do concurso  TRF 6\u00aa regi\u00e3o, poder\u00e3o realizar sua inscri\u00e7\u00e3o a partir das <strong>10h do dia 18 de outubro at\u00e9 \u00e0s 18h de 8 de novembro de 2024. <\/strong><\/p>\n\n\n\n<p>Para efetivar a inscri\u00e7\u00e3o, o candidato deve pagar uma taxa nos seguintes valores: <\/p>\n\n\n\n<p>T\u00e9cnico Judici\u00e1rio: R$ 80,00 <\/p>\n\n\n\n<p>Analista Judici\u00e1rio: R$ 120,00 <\/p>\n\n\n\n<p>O pagamento da taxa ser\u00e1 feito por meio da Guia de Recolhimento da Uni\u00e3o (GRU Cobran\u00e7a), devendo ser paga at\u00e9 3 de dezembro. <\/p>\n\n\n\n<h3 class=\"wp-block-heading\">Isen\u00e7\u00e3o da taxa <\/h3>\n\n\n\n<p>Os candidatos cadastrados no <strong>Cad\u00danico e doadores de m\u00e9dula \u00f3ssea,<\/strong> poder\u00e3o solicitar insen\u00e7\u00e3o total da taxa durante o per\u00edodo de inscri\u00e7\u00e3o. <\/p>\n\n\n\n<h2 class=\"wp-block-heading\" id=\"cargos-ofertados-\">Cargos ofertados <\/h2>\n\n\n\n<p>As oportunidades da sele\u00e7\u00e3o s\u00e3o com o objetivo de formar cadastro reserva (CR), cujo os candidatos aprovados ser\u00e3o convocados durante o <strong>per\u00edodo de validade do certame<\/strong>, dois anos, podendo ser estendido para at\u00e9 quatro anos, caso haja prorroga\u00e7\u00e3o.<\/p>\n\n\n\n<p>O provimento das vagas, abrange os seguintes cargos e especialidades: <\/p>\n\n\n\n<h3 class=\"wp-block-heading\"><em><strong>T\u00e9nico Judici\u00e1rio <\/strong><\/em><\/h3>\n\n\n\n<p>\u00c1rea <\/p>\n\n\n\n<ul class=\"wp-block-list\"><li>Administrativa\n<ul class=\"wp-block-list\"><li><a href=\"https:\/\/www.novaconcursos.com.br\/apostila\/trf-6-prep-tecnico-judiciario-area-administrativa\">Sem especialidade.<\/a><\/li>\n\n\n\n<li>Agente da Pol\u00edcia Judicial.<\/li>\n<\/ul><\/li>\n\n\n\n<li>Apoio Especializado \n<ul class=\"wp-block-list\"><li>Contabilidade.<\/li>\n\n\n\n<li>Desenvolvimento de Sistemas de Informa\u00e7\u00e3o.<\/li>\n\n\n\n<li>Suporte T\u00e9cnico. <\/li>\n<\/ul><\/li>\n<\/ul><h3 class=\"wp-block-heading\"><em><strong>Analista Judici\u00e1rio <\/strong><\/em><\/h3>\n\n\n\n<p>\u00c1rea <\/p>\n\n\n\n<ul class=\"wp-block-list\"><li>Judici\u00e1ria\n<ul class=\"wp-block-list\"><li>Sem especialidade. <\/li>\n<\/ul><\/li>\n\n\n\n<li><a href=\"https:\/\/www.novaconcursos.com.br\/apostila\/trf-6-analista-judiciario-area-administrativa\">Administrativa<\/a>\n<ul class=\"wp-block-list\"><li>Sem especialidade. <\/li>\n<\/ul><\/li>\n\n\n\n<li>Apoio Especializado \n<ul class=\"wp-block-list\"><li>An\u00e1lise de Dados.<\/li>\n\n\n\n<li>An\u00e1lise de Sistemas de Informa\u00e7\u00e3o.<\/li>\n\n\n\n<li>Arquitetura.<\/li>\n\n\n\n<li><a href=\"https:\/\/www.novaconcursos.com.br\/curso-online\/curso-trf-6-regiao-analista-judiciario-area-apoio-especializado-arquivologia\">Arquivologia.<\/a><\/li>\n\n\n\n<li>Contabilidade.<\/li>\n\n\n\n<li>Enfermagem.<\/li>\n\n\n\n<li>Engenharia \n<ul class=\"wp-block-list\"><li>Civil<\/li>\n\n\n\n<li>El\u00e9trica<\/li>\n\n\n\n<li>Eletr\u00f4nica<\/li>\n\n\n\n<li> Mec\u00e2nica<\/li>\n<\/ul><\/li>\n\n\n\n<li>Estat\u00edstica.<\/li>\n\n\n\n<li>Governan\u00e7a e Gest\u00e3o de Tecnologia da Informa\u00e7\u00e3o.<\/li>\n\n\n\n<li>Medicina \n<ul class=\"wp-block-list\"><li>Cardiologia<\/li>\n\n\n\n<li>Cl\u00ednica Geral<\/li>\n\n\n\n<li>Medicina do Trabalho<\/li>\n\n\n\n<li>Ortopedia<\/li>\n\n\n\n<li>Psiquiatria<\/li>\n<\/ul><\/li>\n\n\n\n<li>Odontologia.<\/li>\n\n\n\n<li>Psicologia.<\/li>\n\n\n\n<li>Servi\u00e7o Social.<\/li>\n\n\n\n<li>Tecnologia da Informa\u00e7\u00e3o. <\/li>\n<\/ul><\/li>\n<\/ul><p>Em ambos os cargos \u00e9 necess\u00e1rio apresentar <strong>diploma de n\u00edvel superior. <\/strong><\/p>\n\n\n\n<p>No mais, para a especialidade de <a href=\"https:\/\/www.novaconcursos.com.br\/curso-online\/curso-trf-6-regiao-tecnico-judiciario-aagente-da-policia-judicial\">Agente de Pol\u00edcia Judicial,<\/a> \u00e9 exigido CNH no m\u00ednimo categoria \u201cB\u201d. <\/p>\n\n\n\n\n\n<p><\/p>\n\n\n\n<h3 class=\"wp-block-heading\">Sal\u00e1rio do concurso TRF6<\/h3>\n\n\n\n<p>O cargo de T\u00e9cnico Judici\u00e1rio, especialidade de Agente de Pol\u00edcia Judicial, tem remunera\u00e7\u00e3o inicial de R$ 9.773,56. Entretanto para as <strong>demais especialidades,<\/strong> o vencimento b\u00e1sico \u00e9 de R$ 8.529,65 para o cumprimento de 40h semanais. <\/p>\n\n\n\n<p>Para os Analistas, o vencimento inicial \u00e9 de<strong> R$ 13.994,78.<\/strong><\/p>\n\n\n\n<p>Al\u00e9m dos sal\u00e1rios citados, os candidatos aprovados ter\u00e3o direitos a diversos <strong>benef\u00edcios,<\/strong> como: <\/p>\n\n\n\n<p><em>aux\u00edlio-alimenta\u00e7\u00e3o: R$1.393,10;<\/em><\/p>\n\n\n\n<p><em>assist\u00eancia pr\u00e9-escolar: R$1.178,82;<\/em><\/p>\n\n\n\n<p><em>aux\u00edlio-natalidade: R$718,58;<\/em> e<\/p>\n\n\n\n<p><em>aux\u00edlio-sa\u00fade: R$579,39.<\/em><\/p>\n\n\n\n<p><em>adicional de qualifica\u00e7\u00e3o (AQ). <\/em><\/p>\n\n\n\n<p>A <strong>etapa de avalia\u00e7\u00e3o<\/strong> dos candidatos ser\u00e1 constitu\u00edda de prova objetiva, 120 quest\u00f5es de conhecimentos gerais e espec\u00edficos e prova discursiva. <\/p>\n\n\n\n<p>A aplica\u00e7\u00e3o est\u00e1 prevista para o dia <strong>19 de janeiro de 2025<\/strong>. <\/p>\n\n\n\n<p>Candidatos ao cargo de T\u00e9cnico Judici\u00e1rio \u2013 \u00c1rea administrativa \u2013 Especialidade: Agente de Pol\u00edcia Judicial, ser\u00e3o subemtidos ao teste de aptid\u00e3o f\u00edsica (TAF). <\/p>","protected":false},"excerpt":{"rendered":"<p>O Tribunal Regional Federal da 6\u00aa Regi\u00e3o (TRF6) publicou uma retifica\u00e7\u00e3o no edital de seu concurso, trazendo altera\u00e7\u00f5es importantes. Candidatos devem ficar atentos \u00e0s novidades e ajustar seus estudos conforme as atualiza\u00e7\u00f5es.<\/p>\n","protected":false},"author":54664,"featured_media":256671,"comment_status":"closed","ping_status":"closed","sticky":false,"template":"","format":"standard","meta":{"_acf_changed":false,"footnotes":"","_wp_rev_ctl_limit":""},"categories":[228],"tags":[42268],"class_list":["post-256666","post","type-post","status-publish","format-standard","has-post-thumbnail","hentry","category-noticias","tag-concurso-trf-6"],"acf":[],"_links":{"self":[{"href":"https:\/\/www.novaconcursos.com.br\/portal\/wp-json\/wp\/v2\/posts\/256666","targetHints":{"allow":["GET"]}}],"collection":[{"href":"https:\/\/www.novaconcursos.com.br\/portal\/wp-json\/wp\/v2\/posts"}],"about":[{"href":"https:\/\/www.novaconcursos.com.br\/portal\/wp-json\/wp\/v2\/types\/post"}],"author":[{"embeddable":true,"href":"https:\/\/www.novaconcursos.com.br\/portal\/wp-json\/wp\/v2\/users\/54664"}],"replies":[{"embeddable":true,"href":"https:\/\/www.novaconcursos.com.br\/portal\/wp-json\/wp\/v2\/comments?post=256666"}],"version-history":[{"count":51,"href":"https:\/\/www.novaconcursos.com.br\/portal\/wp-json\/wp\/v2\/posts\/256666\/revisions"}],"predecessor-version":[{"id":256759,"href":"https:\/\/www.novaconcursos.com.br\/portal\/wp-json\/wp\/v2\/posts\/256666\/revisions\/256759"}],"wp:featuredmedia":[{"embeddable":true,"href":"https:\/\/www.novaconcursos.com.br\/portal\/wp-json\/wp\/v2\/media\/256671"}],"wp:attachment":[{"href":"https:\/\/www.novaconcursos.com.br\/portal\/wp-json\/wp\/v2\/media?parent=256666"}],"wp:term":[{"taxonomy":"category","embeddable":true,"href":"https:\/\/www.novaconcursos.com.br\/portal\/wp-json\/wp\/v2\/categories?post=256666"},{"taxonomy":"post_tag","embeddable":true,"href":"https:\/\/www.novaconcursos.com.br\/portal\/wp-json\/wp\/v2\/tags?post=256666"}],"curies":[{"name":"wp","href":"https:\/\/api.w.org\/{rel}","templated":true}]}}