{"id":25865,"date":"2015-09-17T16:34:38","date_gmt":"2015-09-17T19:34:38","guid":{"rendered":"http:\/\/www.novaconcursos.com.br\/portal\/?p=25865"},"modified":"2025-04-23T15:28:35","modified_gmt":"2025-04-23T18:28:35","slug":"terminam-hoje-as-inscricoes-para-concurso-prodeb-ba-2015-09","status":"publish","type":"post","link":"https:\/\/www.novaconcursos.com.br\/portal\/noticias\/terminam-hoje-as-inscricoes-para-concurso-prodeb-ba-2015-09\/","title":{"rendered":"Terminam hoje as inscri\u00e7\u00f5es para concurso PRODEB \u2013 BA"},"content":{"rendered":"<p>Hoje (<strong>17\/09<\/strong>) \u00e9 o <strong>\u00faltimo dia de inscri\u00e7\u00f5es<\/strong> para o <strong>Concurso<\/strong> <strong>PRODEB \u2013 BA. <\/strong>Quem desejar, ainda pode\u00a0acessar o site da organizadora IDECAN\u00a0at\u00e9 \u00e0s 23:59 e se inscrever. As taxas s\u00e3o de\u00a0R$ 55 e R$ 70,00.<\/p>\n<p><strong>Detalhes do concurso<\/strong><\/p>\n<p>S\u00e3o <strong>99 vagas<\/strong> para profissionais de <strong>n\u00edveis m\u00e9dio e superior<\/strong>,\u00a0com sal\u00e1rios entre\u00a0<strong>R$ 1.327,36 a R$ 4.327,72.<\/strong><\/p>\n<p>As provas objetivas de m\u00faltipla escolha ser\u00e3o realizadas em Salvador\/BA, com data inicialmente prevista para o dia <strong>18 de outubro de 2015<\/strong>, com dura\u00e7\u00e3o de 4 (quatro) horas para sua realiza\u00e7\u00e3o.<\/p>\n<p>Ser\u00e3o divididos em dois turnos, de acordo com cada cargo:<\/p>\n<p>\u2013 Manh\u00e3: 08h30min \u00e0s 12h30min<\/p>\n<p>\u2013 Tarde: 14h30min \u00e0s 18h30min<\/p>\n<div>\n<div style=\"width: 310px; margin-left: 5px;\">\n<div>\n<div style=\"width: 170px; height: 170px; float: right; margin-right: 10px; margin-left: 10px;\">\n<div>\n<\/div>\n<\/div>\n<\/div>\n<\/div>\n<\/div>","protected":false},"excerpt":{"rendered":"<p>Hoje (17\/09) \u00e9 o \u00faltimo dia de inscri\u00e7\u00f5es para o Concurso PRODEB \u2013 BA. Quem desejar, ainda pode\u00a0acessar o site da organizadora IDECAN\u00a0at\u00e9 \u00e0s 23:59 e se inscrever. As taxas s\u00e3o de\u00a0R$ 55 e R$ 70,00. Detalhes do concurso S\u00e3o 99 vagas para profissionais de n\u00edveis m\u00e9dio e superior,\u00a0com sal\u00e1rios entre\u00a0R$ 1.327,36 a R$ 4.327,72. [&hellip;]<\/p>\n","protected":false},"author":16,"featured_media":25871,"comment_status":"closed","ping_status":"closed","sticky":false,"template":"","format":"standard","meta":{"_acf_changed":false,"footnotes":"","_wp_rev_ctl_limit":""},"categories":[228],"tags":[14455,14735,14734],"class_list":["post-25865","post","type-post","status-publish","format-standard","has-post-thumbnail","hentry","category-noticias","tag-concurso-prodeb-ba","tag-terminam-inscricoes-prodeb-ab","tag-ultimo-dia-de-inscricao-prodeb-ba"],"acf":[],"_links":{"self":[{"href":"https:\/\/www.novaconcursos.com.br\/portal\/wp-json\/wp\/v2\/posts\/25865","targetHints":{"allow":["GET"]}}],"collection":[{"href":"https:\/\/www.novaconcursos.com.br\/portal\/wp-json\/wp\/v2\/posts"}],"about":[{"href":"https:\/\/www.novaconcursos.com.br\/portal\/wp-json\/wp\/v2\/types\/post"}],"author":[{"embeddable":true,"href":"https:\/\/www.novaconcursos.com.br\/portal\/wp-json\/wp\/v2\/users\/16"}],"replies":[{"embeddable":true,"href":"https:\/\/www.novaconcursos.com.br\/portal\/wp-json\/wp\/v2\/comments?post=25865"}],"version-history":[{"count":6,"href":"https:\/\/www.novaconcursos.com.br\/portal\/wp-json\/wp\/v2\/posts\/25865\/revisions"}],"predecessor-version":[{"id":280331,"href":"https:\/\/www.novaconcursos.com.br\/portal\/wp-json\/wp\/v2\/posts\/25865\/revisions\/280331"}],"wp:featuredmedia":[{"embeddable":true,"href":"https:\/\/www.novaconcursos.com.br\/portal\/wp-json\/wp\/v2\/media\/25871"}],"wp:attachment":[{"href":"https:\/\/www.novaconcursos.com.br\/portal\/wp-json\/wp\/v2\/media?parent=25865"}],"wp:term":[{"taxonomy":"category","embeddable":true,"href":"https:\/\/www.novaconcursos.com.br\/portal\/wp-json\/wp\/v2\/categories?post=25865"},{"taxonomy":"post_tag","embeddable":true,"href":"https:\/\/www.novaconcursos.com.br\/portal\/wp-json\/wp\/v2\/tags?post=25865"}],"curies":[{"name":"wp","href":"https:\/\/api.w.org\/{rel}","templated":true}]}}