{"id":258874,"date":"2024-11-04T17:25:54","date_gmt":"2024-11-04T20:25:54","guid":{"rendered":"https:\/\/www.novaconcursos.com.br\/portal\/?p=258874"},"modified":"2024-11-04T17:27:41","modified_gmt":"2024-11-04T20:27:41","slug":"concurso-pf-edital-2025","status":"publish","type":"post","link":"https:\/\/www.novaconcursos.com.br\/portal\/noticias\/concurso-pf-edital-2025\/","title":{"rendered":"Vai ter concurso PF em 2025? Confira a fala do ministro!"},"content":{"rendered":"<p class=\"wp-block-paragraph\">Um novo <a href=\"https:\/\/www.novaconcursos.com.br\/portal\/concursos\/concurso-policia-federal\/\">concurso PF<\/a> (Pol\u00edcia Federal) pode sim sair em 2025, isso porque o pr\u00f3prio ministro da Justi\u00e7a e Seguran\u00e7a P\u00fablica, Ricardo Lewandowski, confirmou a nova sele\u00e7\u00e3o!<\/p>\n\n\n\n<p class=\"wp-block-paragraph\">De acordo com o ministro a corpora\u00e7\u00e3o busca alcan\u00e7ar um total de <strong>15 mil policiais efetivos<\/strong> e atualmente o quadro \u00e9 de 13 mil policiais.<\/p>\n\n\n\n<p class=\"wp-block-paragraph\">Al\u00e9m disso, ele anunciou a transforma\u00e7\u00e3o da PRF para POF (Pol\u00edcia Ostensiva Federal) em que haver\u00e1 tamb\u00e9m a necessidade de novos certames.<\/p>\n\n\n\n<h2 class=\"wp-block-heading\" id=\"ministro-cobra-concurso-pf\">Ministro cobra concurso PF<\/h2>\n\n\n\n<p class=\"wp-block-paragraph\">Durante a reuni\u00e3o junto a governadores e o presidente Lula, Lewandowski cobrou a ministra, Esther Dweck, tamb\u00e9m presente, pela autoriza\u00e7\u00e3o urgente do concurso e ainda exp\u00f4s o pedido realizado pelo diretor-geral da PF, confira o que disse o ministro:<\/p>\n\n\n\n<p class=\"wp-block-paragraph\"><em>\u201cHoje n\u00f3s estamos com cerca de 13 mil homens, menos at\u00e9, considerados os administrativos, e o concurso n\u00e3o abre. Aqui vou at\u00e9 veicular uma queixa do Andrei Rodrigues (diretor-geral da PF). S\u00f3 para o ano que vem. N\u00f3s n\u00e3o queremos nada, queremos s\u00f3 chegar de volta aos 15 mil. Precisamos de gente! A Pol\u00edcia Rodovi\u00e1ria j\u00e1 teve um efetivo maior, ent\u00e3o doutora Esther Dweck, n\u00f3s queremos concursos, queremos gente para enfrentar a criminalidade\u201d<\/em>.<\/p>\n\n\n\n<p class=\"wp-block-paragraph\">Vale ressaltar que um novo pedido para o concurso foi enviado e inclui o total de 2.599 vagas, sendo:<\/p>\n\n\n\n<ul class=\"wp-block-list\"><li>1.810 para a \u00c1rea Policial<\/li>\n\n\n\n<li>789 para cargos Administrativos<\/li>\n<\/ul><p class=\"wp-block-paragraph\">Todavia, o diretor-geral da PF j\u00e1 confirmou que o concurso para \u00c1rea Administrativa ser\u00e1 <strong>autorizado<\/strong>, mas o aval do Minist\u00e9rio da Gest\u00e3o e Inova\u00e7\u00e3o (MGI) deve vir com apenas 185 vagas.<\/p>\n\n\n\n<h2 class=\"wp-block-heading\" id=\"transformao-da-prf-em-pof\">Transforma\u00e7\u00e3o da PRF em POF<\/h2>\n\n\n\n<p class=\"wp-block-paragraph\">Um dos pontos mais importantes trazidos, tamb\u00e9m nessa reuni\u00e3o, foi quanto a mudan\u00e7a de Pol\u00edcia Rodovi\u00e1ria Federal (PRF) para Pol\u00edcia Ostensiva <a href=\"https:\/\/www.novaconcursos.com.br\/portal\/concursos-abertos\/nacional\/\">Federal<\/a> (POF) confirmando a PEC da Seguran\u00e7a P\u00fablica.<\/p>\n\n\n\n<p class=\"wp-block-paragraph\">Lembrando que a PEC da Seguran\u00e7a servir\u00e1 n\u00e3o apenas para a PRF, mas tamb\u00e9m para a PF em que ocorrer\u00e1 mudan\u00e7as importantes nas atribui\u00e7\u00f5es, veja o que disse Lewandowski:<\/p>\n\n\n\n<p class=\"wp-block-paragraph\"><em>\u201cN\u00f3s estamos sugerindo um aumento um pouco das atribui\u00e7\u00f5es da Pol\u00edcia Federal para que ela possa agora, explicitamente, atuar nas matas, florestas e \u00e1reas de preserva\u00e7\u00e3o ambiental e tamb\u00e9m que possa, de forma expl\u00edcita na Constitui\u00e7\u00e3o, ter a fun\u00e7\u00e3o de combater o crime organizado e as mil\u00edcias privadas, que, em geral, s\u00e3o locais\u201d.<\/em><\/p>\n\n\n\n<p class=\"wp-block-paragraph\">O ministro firmou que a mudan\u00e7a n\u00e3o acarretar\u00e1 altera\u00e7\u00e3o ou cria\u00e7\u00e3o de novos cargos. De acordo com o ministro <em>\u201cOs novos cargos da POF ser\u00e3o criados a partir dos j\u00e1 existentes\u201d<\/em>.<\/p>\n\n\n\n\n\n<p class=\"wp-block-paragraph\">De acordo com o diretor-geral da PRF, Andrei Rodrigues, a PEC (proposta de emenda \u00e0 Constitui\u00e7\u00e3o) n\u00e3o ir\u00e1 alterar as fun\u00e7\u00f5es j\u00e1 desenvolvidas pela corpora\u00e7\u00e3o, ou seja, ela possibilitar\u00e1 uma atua\u00e7\u00e3o mais abrangente no combate aos crimes.<\/p>\n\n\n\n<p class=\"wp-block-paragraph\">A Pol\u00edcia Rodovi\u00e1ria tamb\u00e9m j\u00e1 enviou pedido de concurso com 4.902 vagas, por\u00e9m para que a autoriza\u00e7\u00e3o de fato realize ser\u00e1 necess\u00e1rio o avan\u00e7o da Medida Provis\u00f3ria para cria\u00e7\u00e3o de novos cargos e depois a autoriza\u00e7\u00e3o do concurso.<\/p>\n\n\n\n<p class=\"wp-block-paragraph\">Al\u00e9m disso, o \u00faltimo concurso realizado pela PRF ainda encontra-se com validade, que ser\u00e1 encerrada somente em 2025. Dessa maneira, a corpora\u00e7\u00e3o pede para que mais excedentes sejam convocados.<\/p>\n\n\n\n<p class=\"wp-block-paragraph\">A previs\u00e3o era na convoca\u00e7\u00e3o de 473 aprovados, contudo o MGI ainda n\u00e3o confirmou se ir\u00e1 autorizar essas nomea\u00e7\u00f5es.<\/p>\n\n\n\n<figure class=\"wp-block-image size-large\"><a href=\"https:\/\/www.novaconcursos.com.br\/portal\/wp-content\/uploads\/2024\/11\/pf-area-policial.webp\"><img decoding=\"async\" width=\"1024\" height=\"683\" src=\"https:\/\/www.novaconcursos.com.br\/portal\/wp-content\/uploads\/2024\/11\/pf-area-policial-1024x683.webp\" alt=\"Um novo concurso PF pode sim sair em 2025, isso porque o pr\u00f3prio ministro da Justi\u00e7a e Seguran\u00e7a P\u00fablica confirmou a nova sele\u00e7\u00e3o!\" class=\"wp-image-258920\" loading=\"lazy\" title=\"\" srcset=\"https:\/\/www.novaconcursos.com.br\/portal\/wp-content\/uploads\/2024\/11\/pf-area-policial-300x200.webp 300w, https:\/\/www.novaconcursos.com.br\/portal\/wp-content\/uploads\/2024\/11\/pf-area-policial-480x320.webp 480w, https:\/\/www.novaconcursos.com.br\/portal\/wp-content\/uploads\/2024\/11\/pf-area-policial-768x512.webp 768w, https:\/\/www.novaconcursos.com.br\/portal\/wp-content\/uploads\/2024\/11\/pf-area-policial-1024x683.webp 1024w, https:\/\/www.novaconcursos.com.br\/portal\/wp-content\/uploads\/2024\/11\/pf-area-policial.webp 1200w\" sizes=\"auto, (max-width: 480px) 100vw, (max-width: 768px) 100vw, (max-width: 1200px) 70vw, 768px\"><\/a><figcaption><\/figcaption><\/figure><h2 class=\"wp-block-heading\" id=\"como-foi-o-ltimo-concurso-pf\">Como foi o \u00faltimo concurso PF?<\/h2>\n\n\n\n<p class=\"wp-block-paragraph\">O \u00faltimo concurso PF (Pol\u00edcia Federal) foi realizado no ano de 2021 e contou com 1.500 vagas divididas entre quatro cargos, sendo: Delegado, Agente de Pol\u00edcia, Escriv\u00e3o e Papiloscopista.<\/p>\n\n\n\n<p class=\"wp-block-paragraph\">A banca respons\u00e1vel pelo certame foi o <a href=\"https:\/\/www.cebraspe.org.br\" target=\"_blank\" rel=\"noreferrer noopener\">Cebraspe<\/a>. Os candidatos foram avaliados por meio das seguintes etapas:<\/p>\n\n\n\n<ul class=\"wp-block-list\"><li>Provas objetivas e discursivas (eliminat\u00f3ria e classificat\u00f3ria);<\/li>\n\n\n\n<li>Exame de Aptid\u00e3o F\u00edsica (eliminat\u00f3rio);<\/li>\n\n\n\n<li>Avalia\u00e7\u00e3o M\u00e9dica (eliminat\u00f3rio);<\/li>\n\n\n\n<li>Prova Oral (eliminat\u00f3ria e classificat\u00f3ria, somente para Delegado);<\/li>\n\n\n\n<li>Prova Pr\u00e1tica de Digita\u00e7\u00e3o (eliminat\u00f3rio, somente para Escriv\u00e3o);<\/li>\n\n\n\n<li>Avalia\u00e7\u00e3o de T\u00edtulos (classificat\u00f3ria); e<\/li>\n\n\n\n<li>Avalia\u00e7\u00e3o Psicol\u00f3gica (eliminat\u00f3ria).<\/li>\n<\/ul><p class=\"wp-block-paragraph\">Lembrando que esse concurso j\u00e1 teve sua validade encerrada em setembro de 2023. <\/p>\n\n\n\n<p class=\"wp-block-paragraph\">\u201c? Sonha em vestir a farda da Pol\u00edcia Federal? A oportunidade est\u00e1 ao seu alcance, e a prepara\u00e7\u00e3o certa faz toda a diferen\u00e7a! ? Nossos materiais de estudo s\u00e3o especialmente desenvolvidos com tudo o que voc\u00ea precisa: conte\u00fado atualizado, foco nas exig\u00eancias do edital e exerc\u00edcios que simulam a prova. <a href=\"https:\/\/www.novaconcursos.com.br\/catalogsearch\/result\/?q=pf\">&gt;&gt; Clique e conhe\u00e7a &lt;&lt;<\/a><\/p>\n\n\n\n<p class=\"wp-block-paragraph\">Tenha a confian\u00e7a de estudar com o melhor material e transformar seu esfor\u00e7o em aprova\u00e7\u00e3o! ? N\u00e3o espere: prepare-se com qualidade, destaque-se entre os concorrentes e conquiste sua vaga! <\/p>","protected":false},"excerpt":{"rendered":"<p>Um novo concurso PF, pode sim, sair em 2025, isso porque o pr\u00f3prio ministro da Justi\u00e7a e Seguran\u00e7a P\u00fablica, Ricardo Lewandowski, confirmou a sele\u00e7\u00e3o! Confira!<\/p>\n","protected":false},"author":28995,"featured_media":258920,"comment_status":"closed","ping_status":"closed","sticky":false,"template":"","format":"standard","meta":{"_acf_changed":false,"footnotes":"","_wp_rev_ctl_limit":""},"categories":[228,44978,44975],"tags":[280],"class_list":["post-258874","post","type-post","status-publish","format-standard","has-post-thumbnail","hentry","category-noticias","category-nacional","category-policia-federal","tag-concurso-pf"],"acf":[],"_links":{"self":[{"href":"https:\/\/www.novaconcursos.com.br\/portal\/wp-json\/wp\/v2\/posts\/258874","targetHints":{"allow":["GET"]}}],"collection":[{"href":"https:\/\/www.novaconcursos.com.br\/portal\/wp-json\/wp\/v2\/posts"}],"about":[{"href":"https:\/\/www.novaconcursos.com.br\/portal\/wp-json\/wp\/v2\/types\/post"}],"author":[{"embeddable":true,"href":"https:\/\/www.novaconcursos.com.br\/portal\/wp-json\/wp\/v2\/users\/28995"}],"replies":[{"embeddable":true,"href":"https:\/\/www.novaconcursos.com.br\/portal\/wp-json\/wp\/v2\/comments?post=258874"}],"version-history":[{"count":5,"href":"https:\/\/www.novaconcursos.com.br\/portal\/wp-json\/wp\/v2\/posts\/258874\/revisions"}],"predecessor-version":[{"id":258930,"href":"https:\/\/www.novaconcursos.com.br\/portal\/wp-json\/wp\/v2\/posts\/258874\/revisions\/258930"}],"wp:featuredmedia":[{"embeddable":true,"href":"https:\/\/www.novaconcursos.com.br\/portal\/wp-json\/wp\/v2\/media\/258920"}],"wp:attachment":[{"href":"https:\/\/www.novaconcursos.com.br\/portal\/wp-json\/wp\/v2\/media?parent=258874"}],"wp:term":[{"taxonomy":"category","embeddable":true,"href":"https:\/\/www.novaconcursos.com.br\/portal\/wp-json\/wp\/v2\/categories?post=258874"},{"taxonomy":"post_tag","embeddable":true,"href":"https:\/\/www.novaconcursos.com.br\/portal\/wp-json\/wp\/v2\/tags?post=258874"}],"curies":[{"name":"wp","href":"https:\/\/api.w.org\/{rel}","templated":true}]}}