{"id":260147,"date":"2024-11-12T09:35:48","date_gmt":"2024-11-12T12:35:48","guid":{"rendered":"https:\/\/www.novaconcursos.com.br\/portal\/?p=260147"},"modified":"2024-11-12T09:50:12","modified_gmt":"2024-11-12T12:50:12","slug":"concurso-mpu-edital-ate-dezembro","status":"publish","type":"post","link":"https:\/\/www.novaconcursos.com.br\/portal\/noticias\/concurso-mpu-edital-ate-dezembro\/","title":{"rendered":"MPU 2024: edital ser\u00e1 publicado at\u00e9 o in\u00edcio de dezembro!"},"content":{"rendered":"<p>O <strong><a href=\"https:\/\/www.novaconcursos.com.br\/portal\/concursos\/concurso-mpu\/\">concurso MPU<\/a> (Minist\u00e9rio P\u00fablico da Uni\u00e3o) tem edital previsto para ser publicado at\u00e9 o in\u00edcio de dezembro <\/strong>deste ano. O documento \u00e9 iminente e pode ser publicado a qualquer momento!<\/p>\n\n\n\n<p>Apesar do n\u00famero total de vagas ainda n\u00e3o ter sido divulgado, sabe-se que o concurso MPU ofertar\u00e1 vagas para os cargos de T\u00e9cnico e Analista, que exigem o n\u00edvel superior de escolaridade.<\/p>\n\n\n\n<p>Com atraso no cronograma, as provas que inicialmente estavam previstas para serem realizadas ainda neste ano, ser\u00e3o aplicadas somente em 2025. Venha conferir os detalhes do edital MPU! <\/p>\n\n\n\n<h2 class=\"wp-block-heading\" id=\"mpu-ter-edital-publicado-em-dezembro\">MPU ter\u00e1 edital publicado em dezembro<\/h2>\n\n\n\n<p>O Minist\u00e9rio P\u00fablico da Uni\u00e3o se prepara para lan\u00e7ar, at\u00e9 o final de novembro ou in\u00edcio de dezembro, o aguardado edital para seu novo concurso p\u00fablico. <\/p>\n\n\n\n<p>A confirma\u00e7\u00e3o foi feita pela secret\u00e1ria-geral do MPU, Eliana Torelly, durante evento em Bras\u00edlia, no qual tamb\u00e9m esteve presente Renato Cantoni, presidente do Sindicato Nacional dos Servidores do MPU (SindMPU).<\/p>\n\n\n\n<p>Em v\u00eddeo divulgado nas redes sociais do sindicato, Torelly destacou a imin\u00eancia da abertura do certame, mencionando que as oportunidades ser\u00e3o voltadas para diversas especialidades periciais, abrangendo carreiras de t\u00e9cnico e analista. <\/p>\n\n\n\n<p><em>\u201cAgora, com a possibilidade de abertura de um novo concurso, que deve ocorrer ainda este m\u00eas ou, no mais tardar, no come\u00e7o do m\u00eas que vem, teremos vagas para diversas especialidades periciais\u201d<\/em>, declarou a secret\u00e1ria, que tamb\u00e9m \u00e9 coordenadora da 6\u00aa C\u00e2mara de Popula\u00e7\u00f5es Ind\u00edgenas e Comunidades Tradicionais.<\/p>\n\n\n\n<p>A <strong>organiza\u00e7\u00e3o do concurso ficar\u00e1 a cargo da Funda\u00e7\u00e3o Get\u00falio Vargas <\/strong>(FGV), com quem o Minist\u00e9rio P\u00fablico da Uni\u00e3o j\u00e1 firmou contrato desde 10 de outubro. <\/p>\n\n\n\n<p>O edital estava inicialmente previsto para outubro, mas a divulga\u00e7\u00e3o foi adiada, e agora o MPU segue com a previs\u00e3o de libera\u00e7\u00e3o at\u00e9 o in\u00edcio de dezembro, visando preencher vagas em diversas \u00e1reas e refor\u00e7ar o quadro de servidores em especialidades periciais e outras fun\u00e7\u00f5es essenciais ao funcionamento da institui\u00e7\u00e3o.<\/p>\n\n\n\n<h2 class=\"wp-block-heading\" id=\"quais-sero-os-cargos-ofertados-no-concurso-mpu\">Quais ser\u00e3o os cargos ofertados no concurso MPU?<\/h2>\n\n\n\n<p>O MPU ofertar\u00e1 vagas para os cargos de T\u00e9cnico e Analista em diversas especialidades, com exig\u00eancia de n\u00edvel superior para todos os cargos. A sele\u00e7\u00e3o, que busca preencher lacunas em seu quadro de pessoal, oferecer\u00e1 sal\u00e1rios atrativos, al\u00e9m de benef\u00edcios significativos.<\/p>\n\n\n\n<p>Segundo Paulo Santiago, secret\u00e1rio-geral adjunto do \u00f3rg\u00e3o, a nova sele\u00e7\u00e3o incluir\u00e1 oportunidades para todas as \u00e1reas de atividade e cargos existentes no MPU. <\/p>\n\n\n\n<p>Para o cargo de T\u00e9cnico, foram confirmadas vagas nas \u00e1reas de:<\/p>\n\n\n\n<ul class=\"wp-block-list\"><li>Administra\u00e7\u00e3o,<\/li>\n\n\n\n<li>Controle Interno,<\/li>\n\n\n\n<li>Edifica\u00e7\u00e3o,<\/li>\n\n\n\n<li>Enfermagem,<\/li>\n\n\n\n<li>Laborat\u00f3rio,<\/li>\n\n\n\n<li>Or\u00e7amento,<\/li>\n\n\n\n<li>Sa\u00fade e Sa\u00fade Bucal,<\/li>\n\n\n\n<li>Seguran\u00e7a Institucional e Transporte (atual Pol\u00edcia Institucional do MPU), e<\/li>\n\n\n\n<li>Tecnologia da Informa\u00e7\u00e3o e Comunica\u00e7\u00e3o (TIC).<\/li>\n<\/ul><p>Para Analistas, as \u00e1reas previstas incluem:<\/p>\n\n\n\n<ul class=\"wp-block-list\"><li>Arquivologia,<\/li>\n\n\n\n<li>Atuarial,<\/li>\n\n\n\n<li>Biblioteconomia,<\/li>\n\n\n\n<li>Cardiologia,<\/li>\n\n\n\n<li>Cl\u00ednica M\u00e9dica,<\/li>\n\n\n\n<li>Comunica\u00e7\u00e3o Social,<\/li>\n\n\n\n<li>Dermatologia,<\/li>\n\n\n\n<li>Desenvolvimento de Sistemas,<\/li>\n\n\n\n<li>Direito,<\/li>\n\n\n\n<li>Educa\u00e7\u00e3o,<\/li>\n\n\n\n<li>Endocrinologia,<\/li>\n\n\n\n<li>Enfermagem,<\/li>\n\n\n\n<li>Estat\u00edstica,<\/li>\n\n\n\n<li>Farm\u00e1cia\/Bioqu\u00edmica,<\/li>\n\n\n\n<li>Gest\u00e3o P\u00fablica,<\/li>\n\n\n\n<li>Ginecologia,<\/li>\n\n\n\n<li>Nutri\u00e7\u00e3o,<\/li>\n\n\n\n<li>Odontologia,<\/li>\n\n\n\n<li>Oftalmologia,<\/li>\n\n\n\n<li>Pediatria,<\/li>\n\n\n\n<li>Per\u00edcias em diversas \u00e1reas \n<ul class=\"wp-block-list\"><li>Antropologia, Arqueologia, Arquitetura, Biologia, Contabilidade, Economia, Engenharias, Geografia, Geologia, Medicina do Trabalho, Oceanografia e Tecnologia da Informa\u00e7\u00e3o e Comunica\u00e7\u00e3o<\/li>\n<\/ul><\/li>\n\n\n\n<li>Planejamento e Or\u00e7amento,<\/li>\n\n\n\n<li>Psicologia,<\/li>\n\n\n\n<li>Psiquiatria,<\/li>\n\n\n\n<li>Servi\u00e7o Social, e<\/li>\n\n\n\n<li>Suporte e Infraestrutura.<\/li>\n<\/ul><h3 class=\"wp-block-heading\">Promo\u00e7\u00e3o da inclus\u00e3o e garantia de vagas para minorias no edital MPU<\/h3>\n\n\n\n<p>Em conson\u00e2ncia com as diretrizes de inclus\u00e3o social, o concurso contar\u00e1 com reserva de vagas para minorias sociais, incluindo 10% das vagas reservadas para pessoas trans, conforme definido pela portaria PGR MPU 209, divulgada em 2023.<\/p>\n\n\n\n<h3 class=\"wp-block-heading\">Tema em discuss\u00e3o: Requisito de Ensino Superior para Profissionais T\u00e9cnicos<\/h3>\n\n\n\n<p>A exig\u00eancia de n\u00edvel superior para o cargo de t\u00e9cnico vem sendo discutida pelo Procurador-Geral da Rep\u00fablica, Paulo Gonet, que entrou com uma A\u00e7\u00e3o Direta de Inconstitucionalidade (ADI) no Supremo Tribunal Federal (STF) em setembro. <\/p>\n\n\n\n<p>Al\u00e9m dos cargos confirmados, como T\u00e9cnico do MPU\/Administra\u00e7\u00e3o e Policial do MPU (antigo T\u00e9cnico de Seguran\u00e7a Institucional), o \u00f3rg\u00e3o possui diversas outras especialidades que ainda podem ser inclu\u00eddas no edital.<\/p>\n\n\n\n<h2 class=\"wp-block-heading\" id=\"qual-ser-o-salrio-dos-aprovados-no-concurso-mpu\">Qual ser\u00e1 o sal\u00e1rio dos aprovados no concurso MPU?<\/h2>\n\n\n\n<p>A remunera\u00e7\u00e3o inicial dos servidores do <a href=\"https:\/\/www.mpu.mp.br\/\" target=\"_blank\" rel=\"noreferrer noopener\">Minist\u00e9rio P\u00fablico da Uni\u00e3o<\/a> para T\u00e9cnicos ser\u00e1 de R$ 9.052,51, enquanto os Analistas come\u00e7ar\u00e3o com R$ 14.852,66. <\/p>\n\n\n\n<p>Al\u00e9m disso, os aprovados contar\u00e3o com aux\u00edlio-alimenta\u00e7\u00e3o de R$ 1.191,13 e aux\u00edlio pr\u00e9-escolar de R$ 941,00, entre outros benef\u00edcios.<\/p>\n\n\n\n\n\n<h2 class=\"wp-block-heading\" id=\"provas-do-ministrio-pblico-da-unio-em-2025\">Provas do Minist\u00e9rio P\u00fablico da Uni\u00e3o em 2025<\/h2>\n\n\n\n<p>A publica\u00e7\u00e3o do edital do concurso MPU, inicialmente prevista para outubro, foi adiada, com as provas agora esperadas para 2025, no primeiro trimestre.<\/p>\n\n\n\n<p>Conforme o cronograma preliminar, a aplica\u00e7\u00e3o das provas ocorreria em dezembro, mas o \u00f3rg\u00e3o deve manter o intervalo de aproximadamente dois meses entre o lan\u00e7amento do edital e a realiza\u00e7\u00e3o dos exames, o que inviabilizou a execu\u00e7\u00e3o das datas anteriormente sugeridas.<\/p>\n\n\n\n<p>Um dos <a href=\"https:\/\/www.novaconcursos.com.br\/portal\/noticias\/concurso-mpu-edital\/\">principais motivos para o adiamento<\/a> \u00e9 a an\u00e1lise, pelo Supremo Tribunal Federal (STF), de uma A\u00e7\u00e3o Direta de Inconstitucionalidade (ADI) que questiona a mudan\u00e7a na escolaridade exigida para o cargo de T\u00e9cnico do MPU, que passou de n\u00edvel m\u00e9dio para superior.<\/p>\n\n\n\n<p>Essa altera\u00e7\u00e3o, sancionada em dezembro de 2023 ap\u00f3s o Congresso Nacional derrubar o veto presidencial, \u00e9 alvo de contesta\u00e7\u00e3o pelo procurador-geral da Rep\u00fablica e chefe do MPU, Paulo Gonet.<\/p>\n\n\n\n<p>Gonet, autor da ADI, argumenta que a proposta de altera\u00e7\u00e3o deveria ter sido feita pelo pr\u00f3prio chefe do MPU e n\u00e3o pelos parlamentares, o que caracteriza, segundo ele, um v\u00edcio de iniciativa. <\/p>\n\n\n\n<p>Na a\u00e7\u00e3o, o procurador-geral pede a concess\u00e3o de uma medida cautelar para suspender a efic\u00e1cia da nova exig\u00eancia de escolaridade at\u00e9 o julgamento final do m\u00e9rito.<\/p>\n\n\n\n<p><a href=\"https:\/\/www.novaconcursos.com.br\/portal\/concursos-abertos\/\">Confira aqui os concursos abertos em todo o pa\u00eds!<\/a><\/p>\n\n\n\n<p><strong>Fiquem ligados na nossa p\u00e1gina para as pr\u00f3ximas not\u00edcias!<\/strong><\/p>","protected":false},"excerpt":{"rendered":"<p>O concurso MPU tem edital previsto para ser publicado at\u00e9 o in\u00edcio de dezembro para os cargos de T\u00e9cnico e Analista, de n\u00edvel superior de escolaridade.<\/p>\n","protected":false},"author":54687,"featured_media":260152,"comment_status":"closed","ping_status":"closed","sticky":false,"template":"","format":"standard","meta":{"_acf_changed":false,"footnotes":"","_wp_rev_ctl_limit":""},"categories":[228,44978],"tags":[2799],"class_list":["post-260147","post","type-post","status-publish","format-standard","has-post-thumbnail","hentry","category-noticias","category-nacional","tag-concurso-mpu"],"acf":[],"_links":{"self":[{"href":"https:\/\/www.novaconcursos.com.br\/portal\/wp-json\/wp\/v2\/posts\/260147","targetHints":{"allow":["GET"]}}],"collection":[{"href":"https:\/\/www.novaconcursos.com.br\/portal\/wp-json\/wp\/v2\/posts"}],"about":[{"href":"https:\/\/www.novaconcursos.com.br\/portal\/wp-json\/wp\/v2\/types\/post"}],"author":[{"embeddable":true,"href":"https:\/\/www.novaconcursos.com.br\/portal\/wp-json\/wp\/v2\/users\/54687"}],"replies":[{"embeddable":true,"href":"https:\/\/www.novaconcursos.com.br\/portal\/wp-json\/wp\/v2\/comments?post=260147"}],"version-history":[{"count":6,"href":"https:\/\/www.novaconcursos.com.br\/portal\/wp-json\/wp\/v2\/posts\/260147\/revisions"}],"predecessor-version":[{"id":260171,"href":"https:\/\/www.novaconcursos.com.br\/portal\/wp-json\/wp\/v2\/posts\/260147\/revisions\/260171"}],"wp:featuredmedia":[{"embeddable":true,"href":"https:\/\/www.novaconcursos.com.br\/portal\/wp-json\/wp\/v2\/media\/260152"}],"wp:attachment":[{"href":"https:\/\/www.novaconcursos.com.br\/portal\/wp-json\/wp\/v2\/media?parent=260147"}],"wp:term":[{"taxonomy":"category","embeddable":true,"href":"https:\/\/www.novaconcursos.com.br\/portal\/wp-json\/wp\/v2\/categories?post=260147"},{"taxonomy":"post_tag","embeddable":true,"href":"https:\/\/www.novaconcursos.com.br\/portal\/wp-json\/wp\/v2\/tags?post=260147"}],"curies":[{"name":"wp","href":"https:\/\/api.w.org\/{rel}","templated":true}]}}