{"id":26185,"date":"2025-08-01T13:46:47","date_gmt":"2025-08-01T16:46:47","guid":{"rendered":"http:\/\/www.novaconcursos.com.br\/portal\/?post_type=nc-public-tender&#038;p=26185"},"modified":"2025-10-08T13:11:15","modified_gmt":"2025-10-08T16:11:15","slug":"concurso-prefeitura-de-arraial-do-cabo-rj","status":"publish","type":"post","link":"https:\/\/www.novaconcursos.com.br\/portal\/concursos\/concurso-prefeitura-de-arraial-do-cabo-rj\/","title":{"rendered":"Concurso Prefeitura de Arraial do Cabo RJ: 303 vagas abertas!"},"content":{"rendered":"<p>Ol\u00e1, concurseiros! Foi publicado o edital do <a href=\"https:\/\/www.novaconcursos.com.br\/concursos\">concurso Prefeitura de Arraial do Cabo<\/a>, munic\u00edpio do estado do Rio de Janeiro, com <mark style=\"background-color:#8ed1fc\" class=\"has-inline-color\">303 vagas imediatas<\/mark>, al\u00e9m da forma\u00e7\u00e3o de cadastro reserva, para cargos de n\u00edveis m\u00e9dio e superior de escolaridade. As oportunidades s\u00e3o para a \u00e1rea da educa\u00e7\u00e3o. <\/p>\n\n\n\n    <div class=\"nova-resumo-edital\">\n        <h2 class=\"nova-resumo-edital-title\" id=\"resumo-edital\">Resumo Edital<\/h2>\n        <ul class=\"nova-resumo-edital-list nova-menu\"><li>\n                <img decoding=\"async\" width=\"24\" height=\"24\" loading=\"lazy\" src=\"https:\/\/www.novaconcursos.com.br\/portal\/wp-content\/themes\/nova-theme\/includes\/assets\/img\/person.svg\" aria-hidden=\"true\" alt=\"\u00edcone pessoa\" title=\"\"><span>\n                    <b>Vagas: <\/b> 303\n                <\/span>\n            <\/li>\n            <li>\n                <img decoding=\"async\" width=\"24\" height=\"24\" loading=\"lazy\" src=\"https:\/\/www.novaconcursos.com.br\/portal\/wp-content\/themes\/nova-theme\/includes\/assets\/img\/inscricoes.svg\" aria-hidden=\"true\" alt=\"\u00edcone pessoa\" title=\"\"><span>\n                    <b>Per\u00edodo de inscri\u00e7\u00f5es: <\/b> 04\/08\/2025 a 07\/09\/2025\n                <\/span>\n            <\/li>\n            <li>\n                <img decoding=\"async\" width=\"24\" height=\"24\" loading=\"lazy\" src=\"https:\/\/www.novaconcursos.com.br\/portal\/wp-content\/themes\/nova-theme\/includes\/assets\/img\/taxa-inscricao.svg\" aria-hidden=\"true\" alt=\"\u00edcone pessoa\" title=\"\"><span>\n                    <b>Taxa de inscri\u00e7\u00e3o: <\/b> R$80,00 at\u00e9 R$100,00\n                <\/span>\n            <\/li>\n            <li>\n                <img decoding=\"async\" width=\"24\" height=\"24\" loading=\"lazy\" src=\"https:\/\/www.novaconcursos.com.br\/portal\/wp-content\/themes\/nova-theme\/includes\/assets\/img\/prova.svg\" aria-hidden=\"true\" alt=\"\u00edcone pessoa\" title=\"\"><span>\n                    <b>Prova: <\/b> 12\/10\/2025 e 19\/10\/2025\n                <\/span>\n            <\/li>\n            <li>\n                <img decoding=\"async\" width=\"24\" height=\"24\" loading=\"lazy\" src=\"https:\/\/www.novaconcursos.com.br\/portal\/wp-content\/themes\/nova-theme\/includes\/assets\/img\/banca.svg\" aria-hidden=\"true\" alt=\"\u00edcone pessoa\" title=\"\"><span>\n                    <b>Banca: <\/b> IBAM\n                <\/span>\n            <\/li>\n        <\/ul><div class=\"nova-resumo-edital-baixar\">\n            <a href=\"https:\/\/www.novaconcursos.com.br\/portal\/wp-content\/uploads\/2025\/08\/edital-do-concurso-prefeitura-de-arraial-do-cabo.pdf\" target=\"_blank\" rel=\"noopener\">\n                Baixe aqui o edital\n            <\/a>\n        <\/div>\n    <\/div>\n\n\n\n<p>As remunera\u00e7\u00f5es iniciais do concurso Prefeitura de Arraial do Cabo variam de <strong>R$2.098,10<\/strong> at\u00e9 <strong>R$3.438,65<\/strong>. Ficou interessado(a)? Continue comigo e fique por dentro de todos os detalhes sobre a sele\u00e7\u00e3o!<\/p>\n\n\n\n<h2 class=\"wp-block-heading\" id=\"principais-datas-do-concurso-prefeitura-de-arraial-do-cabo\">Principais datas do concurso Prefeitura de Arraial do Cabo<\/h2>\n\n\n\n<p>Confira quais s\u00e3o as principais datas do concurso Prefeitura de Arraial do Cabo, para n\u00e3o perder nenhum prazo do edital: <\/p>\n\n\n\n<ul class=\"wp-block-list\"><li><strong>Per\u00edodo de inscri\u00e7\u00e3o: <\/strong>04\/08\/2025 at\u00e9 07\/09\/2025<\/li>\n\n\n\n<li><strong>Prazo para solicita\u00e7\u00e3o da isen\u00e7\u00e3o das taxas de inscri\u00e7\u00e3o: <\/strong>04\/08\/2025 at\u00e9 06\/08\/2025<\/li>\n\n\n\n<li><strong>Pagamento das taxas: <\/strong>at\u00e9 08\/09\/2025<\/li>\n\n\n\n<li><strong>Prova: <\/strong>12\/10\/2025 e 19\/10\/2025<\/li>\n<\/ul><h2 class=\"wp-block-heading\" id=\"inscrio-no-concurso-prefeitura-de-arraial-do-cabo\">Inscri\u00e7\u00e3o no concurso Prefeitura de Arraial do Cabo<\/h2>\n\n\n\n<p>As inscri\u00e7\u00f5es para o concurso Prefeitura de Arraial do Cabo estar\u00e3o abertas entre os dias <strong>4 de agosto e 7 de setembro<\/strong>, exclusivamente pelo site do <a href=\"https:\/\/www.ibam-concursos.org.br\/documento.asp?cod=311\" target=\"_blank\" rel=\"noopener\">Ibam,<\/a> organizador da sele\u00e7\u00e3o.<\/p>\n\n\n\n<p>Para garantir a participa\u00e7\u00e3o, o candidato deve preencher o formul\u00e1rio de inscri\u00e7\u00e3o online com todos os dados solicitados e, em seguida, efetuar o pagamento da taxa, cujo valor varia de acordo com o cargo pretendido:<\/p>\n\n\n\n<ul class=\"wp-block-list\"><li><strong>R$ 80,00<\/strong> para os cargos de inspetor de alunos, secret\u00e1rio escolar e professor docente II;<\/li>\n\n\n\n<li><strong>R$ 100,00<\/strong> para as demais fun\u00e7\u00f5es dispon\u00edveis no edital.<\/li>\n<\/ul><p><\/p>\n\n\n\n<p>Os candidatos que pertencem a fam\u00edlias de baixa renda e est\u00e3o inscritos no Cadastro \u00danico para Programas Sociais do Governo Federal (Cad\u00danico) podem solicitar isen\u00e7\u00e3o da taxa de inscri\u00e7\u00e3o.<\/p>\n\n\n\n<p>O per\u00edodo para envio dos pedidos de isen\u00e7\u00e3o ser\u00e1 de <strong>4 a 6 de agosto<\/strong>, tamb\u00e9m pelo site do Ibam, mediante o envio da documenta\u00e7\u00e3o comprobat\u00f3ria exigida no edital.<\/p>\n\n\n\n<h2 class=\"wp-block-heading\" id=\"cargos-vagas-e-salrios\">Cargos, vagas e sal\u00e1rios<\/h2>\n\n\n\n<p>O concurso Prefeitura de Arraial do Cabo est\u00e1 ofertando <strong>303 vagas imediatas<\/strong>, al\u00e9m da forma\u00e7\u00e3o de cadastro reserva, para cargos de n\u00edveis m\u00e9dio, t\u00e9cnico e superior. <\/p>\n\n\n\n<p>Confira como essas oportunidades est\u00e3o sendo distribu\u00eddas:<\/p>\n\n\n\n<h3 class=\"wp-block-heading\">N\u00edvel m\u00e9dio completo<\/h3>\n\n\n\n<ul class=\"wp-block-list\"><li>Inspetor de Alunos (67 vagas + CR)<\/li>\n\n\n\n<li>Secret\u00e1rio Escolar (5 vagas + CR)<\/li>\n<\/ul><h3 class=\"wp-block-heading\">Forma\u00e7\u00e3o em magist\u00e9rio de n\u00edvel m\u00e9dio<\/h3>\n\n\n\n<ul class=\"wp-block-list\"><li>Professor Docente II (150 vagas + CR)<\/li>\n<\/ul><h3 class=\"wp-block-heading\">N\u00edvel superior completo<\/h3>\n\n\n\n<ul class=\"wp-block-list\"><li>Pedagogo (4 vagas + CR)<\/li>\n\n\n\n<li>Professor de Educa\u00e7\u00e3o Especial (16 vagas + CR)<\/li>\n\n\n\n<li>Professor Docente I \u2013 Ci\u00eancias (3 vagas + CR)<\/li>\n\n\n\n<li>Professor Docente I \u2013 Educa\u00e7\u00e3o Art\u00edstica (4 vagas + CR)<\/li>\n\n\n\n<li>Professor Docente I \u2013 Educa\u00e7\u00e3o F\u00edsica (11 vagas + CR)<\/li>\n\n\n\n<li>Professor Docente I \u2013 Geografia (6 vagas + CR)<\/li>\n\n\n\n<li>Professor Docente I \u2013 Hist\u00f3ria (8 vagas + CR)<\/li>\n\n\n\n<li>Professor Docente I \u2013 L\u00edngua Inglesa (2 vagas + CR)<\/li>\n\n\n\n<li>Professor Docente I \u2013 L\u00edngua Portuguesa (8 vagas + CR)<\/li>\n\n\n\n<li>Professor Docente I \u2013 Matem\u00e1tica (CR)<\/li>\n\n\n\n<li>Professor Inspetor Escolar (5 vagas + CR)<\/li>\n\n\n\n<li>Professor Orientador Educacional (4 vagas + CR)<\/li>\n\n\n\n<li>Professor Supervisor Escolar (10 vagas + CR)<\/li>\n<\/ul><p><\/p>\n\n\n\n<p>As remunera\u00e7\u00f5es oferecidas no concurso s\u00e3o bastante atrativas e variam conforme o cargo escolhido. Confira os valores atualizados:<\/p>\n\n\n\n<ul class=\"wp-block-list\"><li><strong>R$ 2.098,10<\/strong> para o cargo de Inspetor de Alunos;<\/li>\n\n\n\n<li><strong>R$ 2.139,14<\/strong> para Secret\u00e1rio Escolar;<\/li>\n\n\n\n<li><strong>R$ 2.666,49<\/strong> para Professor Docente II;<\/li>\n\n\n\n<li><strong>R$ 3.438,65<\/strong> para os demais cargos de n\u00edvel superior previstos no edital.<\/li>\n<\/ul><h2 class=\"wp-block-heading\" id=\"requisitos-bsicos\">Requisitos b\u00e1sicos<\/h2>\n\n\n\n<p>De acordo com o edital, esses s\u00e3o os requisitos b\u00e1sicos exigidos para a participa\u00e7\u00e3o no concurso Prefeitura de Arraial do Cabo:<\/p>\n\n\n\n<ul class=\"wp-block-list\"><li>Ter sido aprovado(a) e considerado(a) apto(a) em todas as etapas do concurso p\u00fablico, de acordo com as caracter\u00edsticas de avalia\u00e7\u00e3o de cada uma delas<\/li>\n\n\n\n<li>Ter nacionalidade brasileira ou equivalente<\/li>\n\n\n\n<li>Estar em pleno gozo dos direitos civis e pol\u00edticos<\/li>\n\n\n\n<li>Estar quite com as obriga\u00e7\u00f5es militares e eleitorais<\/li>\n\n\n\n<li>Ter n\u00edvel de escolaridade conforme exigido no Anexo I do edital e capacita\u00e7\u00e3o t\u00e9cnica para o exerc\u00edcio do cargo<\/li>\n\n\n\n<li>A pessoa candidata que n\u00e3o comprovar a escolaridade e os requisitos exigidos para o cargo no ato da posse ser\u00e1 eliminada do concurso<\/li>\n\n\n\n<li>Ter idade m\u00ednima de 18 anos completos at\u00e9 a data da posse<\/li>\n\n\n\n<li>Ter aptid\u00e3o f\u00edsica e mental para o exerc\u00edcio das atribui\u00e7\u00f5es do cargo, comprovada por laudo m\u00e9dico<\/li>\n\n\n\n<li>Apresentar, quando se tratar de profiss\u00e3o regulamentada, no ato da posse, o competente registro de inscri\u00e7\u00e3o no respectivo \u00f3rg\u00e3o fiscalizador<\/li>\n\n\n\n<li>Apresentar declara\u00e7\u00e3o de n\u00e3o possuir ac\u00famulo de cargo ou emprego p\u00fablico, exceto aqueles admitidos constitucionalmente<\/li>\n\n\n\n<li>Apresentar, para fins de comprova\u00e7\u00e3o de experi\u00eancia, quando se tratar dos cargos de Professor Inspetor Escolar, Professor Orientador Educacional e Professor Supervisor Escolar, no ato da posse, Carteira de Trabalho e Previd\u00eancia Social ou ato de investidura em cargo p\u00fablico ou emprego p\u00fablico ou contrato de trabalho, acompanhados de declara\u00e7\u00e3o que comprove o exerc\u00edcio de atividade docente constando a qualifica\u00e7\u00e3o da institui\u00e7\u00e3o e assinatura por quem de direito<\/li>\n\n\n\n<li>No ato da inscri\u00e7\u00e3o n\u00e3o ser\u00e3o solicitados comprovantes das exig\u00eancias contidas nos itens anteriores, sendo obrigat\u00f3ria a sua comprova\u00e7\u00e3o quando da posse para ingresso no quadro de servidores p\u00fablicos do Munic\u00edpio de Arraial do Cabo, sob pena de exclus\u00e3o<\/li>\n<\/ul><h2 class=\"wp-block-heading\" id=\"como-os-candidatos-sero-avaliados\">Como os candidatos ser\u00e3o avaliados?<\/h2>\n\n\n\n<p>Os candidatos do concurso Prefeitura de Arraial do Cabo ser\u00e3o avaliados por meio das seguintes etapas de sele\u00e7\u00e3o:<\/p>\n\n\n\n<ul class=\"wp-block-list\"><li>Prova objetiva, de car\u00e1ter eliminat\u00f3rio e classificat\u00f3rio, para todos os cargos;<\/li>\n\n\n\n<li>Prova discursiva, de car\u00e1ter eliminat\u00f3rio e classificat\u00f3rio, para os cargos de n\u00edvel superior e professor docente II;<\/li>\n\n\n\n<li>Prova de t\u00edtulos, de car\u00e1ter classificat\u00f3rio, para os cargos de n\u00edvel superior e professor docente II. <\/li>\n<\/ul><h3 class=\"wp-block-heading\">Prova Objetiva<\/h3>\n\n\n\n<p>A prova do concurso ser\u00e1 aplicada em duas datas distintas, conforme o cargo escolhido pelo candidato: <mark style=\"background-color:#8ed1fc\" class=\"has-inline-color\">12 e 19 de outubro de 2025.<\/mark> Veja a divis\u00e3o completa:<\/p>\n\n\n\n<ul class=\"wp-block-list\"><li><strong>12 de outubro (manh\u00e3)<\/strong> \u2013 Professor Inspetor Escolar, Professor Orientador Educacional e Professor Supervisor Escolar<\/li>\n\n\n\n<li><strong>12 de outubro (tarde)<\/strong> \u2013 Pedagogo, Professor de Educa\u00e7\u00e3o Especial e Docente I (Ci\u00eancias, Educa\u00e7\u00e3o Art\u00edstica, Educa\u00e7\u00e3o F\u00edsica, Geografia, Hist\u00f3ria, L\u00edngua Inglesa, L\u00edngua Portuguesa e Matem\u00e1tica)<\/li>\n\n\n\n<li><strong>19 de outubro (manh\u00e3)<\/strong> \u2013 Inspetor de Alunos e Secret\u00e1rio Escolar<\/li>\n\n\n\n<li><strong>19 de outubro (tarde)<\/strong> \u2013 Docente II<\/li>\n<\/ul><p><\/p>\n\n\n\n<p>As provas objetivas ser\u00e3o compostas por 40 quest\u00f5es de m\u00faltipla escolha, abrangendo disciplinas espec\u00edficas para cada cargo. Confira abaixo a distribui\u00e7\u00e3o das quest\u00f5es por \u00e1rea:<\/p>\n\n\n\n<p><strong>Inspetor de Alunos<\/strong><\/p>\n\n\n\n<ul class=\"wp-block-list\"><li>Conhecimentos Espec\u00edficos: 20 quest\u00f5es<\/li>\n\n\n\n<li>L\u00edngua Portuguesa: 10 quest\u00f5es<\/li>\n\n\n\n<li>Matem\u00e1tica: 10 quest\u00f5es<\/li>\n<\/ul><p><strong>Secret\u00e1rio Escolar<\/strong><\/p>\n\n\n\n<ul class=\"wp-block-list\"><li>Conhecimentos Espec\u00edficos: 20 quest\u00f5es<\/li>\n\n\n\n<li>L\u00edngua Portuguesa: 10 quest\u00f5es<\/li>\n\n\n\n<li>Inform\u00e1tica: 10 quest\u00f5es<\/li>\n<\/ul><p><strong>Professor Docente II e Cargos de N\u00edvel Superior<\/strong><\/p>\n\n\n\n<ul class=\"wp-block-list\"><li>Conhecimentos Espec\u00edficos: 20 quest\u00f5es<\/li>\n\n\n\n<li>L\u00edngua Portuguesa: 10 quest\u00f5es<\/li>\n\n\n\n<li>Legisla\u00e7\u00e3o e Atualiza\u00e7\u00f5es: 10 quest\u00f5es<\/li>\n<\/ul><h3 class=\"wp-block-heading\">Prova Discursiva<\/h3>\n\n\n\n<p>A prova de reda\u00e7\u00e3o do concurso Prefeitura de Arraial do Cabo ter\u00e1 car\u00e1ter classificat\u00f3rio e eliminat\u00f3rio e ser\u00e1 aplicada no mesmo dia das provas objetivas. Nela, o candidato dever\u00e1 <strong>produzir um texto dissertativo-argumentativo em prosa<\/strong>, abordando um tema relacionado \u00e0 \u00e1rea do cargo, a assuntos de atualidades ou a conte\u00fados previstos no Anexo III do edital.<\/p>\n\n\n\n<p>A reda\u00e7\u00e3o valer\u00e1 20 pontos e dever\u00e1 ter no m\u00ednimo 25 e no m\u00e1ximo 30 linhas, sem contar a linha destinada ao t\u00edtulo. Textos fora desse limite poder\u00e3o ser penalizados conforme as regras do edital.<\/p>\n\n\n\n<p>A corre\u00e7\u00e3o seguir\u00e1 uma <strong>escala de 0 a 20 pontos<\/strong>, considerando crit\u00e9rios como estrutura, coer\u00eancia, argumenta\u00e7\u00e3o e dom\u00ednio da norma padr\u00e3o da l\u00edngua portuguesa. Para ser aprovado nessa etapa, o candidato precisa obter <strong>nota igual ou superior a 10 pontos<\/strong>.<\/p>\n\n\n\n<h3 class=\"wp-block-heading\">Prova de T\u00edtulos<\/h3>\n\n\n\n<p>A etapa de prova de t\u00edtulos ser\u00e1 destinada aos candidatos aprovados nas provas objetivas e classificados para os cargos de n\u00edvel superior e Professor Docente II. <\/p>\n\n\n\n<p>Nessa fase, ser\u00e3o pontuados os documentos comprobat\u00f3rios de forma\u00e7\u00e3o acad\u00eamica e experi\u00eancias adicionais apresentados pelos participantes.<\/p>\n\n\n\n<h2 class=\"wp-block-heading\" id=\"o-que-cai-na-prova-do-concurso-prefeitura-de-arraial-do-cabo\">O que cai na prova do concurso Prefeitura de Arraial do Cabo?<\/h2>\n\n\n\n<p>Confira o que cai na prova objetiva do concurso Prefeitura de Arraial do Cabo, de acordo com o edital publicado:<\/p>\n\n\n\n<h3 class=\"wp-block-heading\">L\u00edngua Portuguesa<\/h3>\n\n\n\n<ul class=\"wp-block-list\"><li>Leitura e compreens\u00e3o de textos variados<\/li>\n\n\n\n<li>Modos de organiza\u00e7\u00e3o do discurso: descritivo, narrativo, argumentativo, injuntivo, expositivo e dissertativo<\/li>\n\n\n\n<li>G\u00eaneros do discurso: defini\u00e7\u00e3o e reconhecimento dos elementos b\u00e1sicos<\/li>\n\n\n\n<li>Coes\u00e3o e coer\u00eancia: mecanismos e efeitos de sentido no texto<\/li>\n\n\n\n<li>Rela\u00e7\u00e3o entre as partes do texto: causa, consequ\u00eancia, compara\u00e7\u00e3o, conclus\u00e3o, exemplifica\u00e7\u00e3o, generaliza\u00e7\u00e3o e particulariza\u00e7\u00e3o<\/li>\n\n\n\n<li>Conectivos: classifica\u00e7\u00e3o, uso e efeitos de sentido<\/li>\n\n\n\n<li>Verbos: pessoa, n\u00famero, tempo e modo; vozes verbais; transitividade verbal e nominal; estrutura, classifica\u00e7\u00e3o e forma\u00e7\u00e3o de palavras; fun\u00e7\u00f5es e classes de palavras; flex\u00e3o nominal e verbal; reg\u00eancia verbal e nominal<\/li>\n\n\n\n<li>Pronomes: emprego, formas de tratamento e coloca\u00e7\u00e3o<\/li>\n\n\n\n<li>Figuras de linguagem<\/li>\n\n\n\n<li>Fun\u00e7\u00f5es da linguagem<\/li>\n\n\n\n<li>Sin\u00f4nimos, ant\u00f4nimos, par\u00f4nimos e hom\u00f4nimos<\/li>\n\n\n\n<li>Acentua\u00e7\u00e3o gr\u00e1fica<\/li>\n\n\n\n<li>Pontua\u00e7\u00e3o: regras e efeitos de sentido<\/li>\n\n\n\n<li>Recursos gr\u00e1ficos: regras e efeitos de sentido; sintaxe do per\u00edodo simples<\/li>\n\n\n\n<li>Coordena\u00e7\u00e3o e subordina\u00e7\u00e3o<\/li>\n\n\n\n<li>Crase<\/li>\n\n\n\n<li>Ortografia<\/li>\n<\/ul><h3 class=\"wp-block-heading\">Matem\u00e1tica<\/h3>\n\n\n\n<ul class=\"wp-block-list\"><li>Conjuntos<\/li>\n\n\n\n<li>Sistema de numera\u00e7\u00e3o: classes e n\u00fameros ordinais<\/li>\n\n\n\n<li>N\u00fameros reais: opera\u00e7\u00f5es e resolu\u00e7\u00e3o de problemas envolvendo adi\u00e7\u00e3o, subtra\u00e7\u00e3o, multiplica\u00e7\u00e3o, divis\u00e3o e potencia\u00e7\u00e3o<\/li>\n\n\n\n<li>M\u00faltiplos e divisores: m\u00ednimo m\u00faltiplo comum e m\u00e1ximo divisor comum<\/li>\n\n\n\n<li>N\u00fameros fracion\u00e1rios: fra\u00e7\u00f5es equivalentes, simplifica\u00e7\u00e3o e opera\u00e7\u00f5es com fra\u00e7\u00f5es<\/li>\n\n\n\n<li>N\u00fameros decimais: representa\u00e7\u00e3o, leitura e opera\u00e7\u00f5es<\/li>\n\n\n\n<li>N\u00fameros e grandezas proporcionais: raz\u00e3o e propor\u00e7\u00e3o<\/li>\n\n\n\n<li>Regra de tr\u00eas simples direta e inversa; porcentagem, opera\u00e7\u00f5es do dia a dia, acr\u00e9scimos e descontos percentuais<\/li>\n\n\n\n<li>Sistema monet\u00e1rio brasileiro<\/li>\n\n\n\n<li>Sistema internacional de medidas: unidades de comprimento, superf\u00edcie, capacidade, volume, tempo e massa; m\u00faltiplos e subm\u00faltiplos; opera\u00e7\u00f5es para uso no dia a dia<\/li>\n\n\n\n<li>Fatora\u00e7\u00e3o e produtos not\u00e1veis<\/li>\n\n\n\n<li>Equa\u00e7\u00f5es e sistemas de equa\u00e7\u00f5es do 1\u00ba grau: resolu\u00e7\u00e3o de problemas<\/li>\n\n\n\n<li>Equa\u00e7\u00f5es do 2\u00ba grau: resolu\u00e7\u00e3o, soma e produto das ra\u00edzes<\/li>\n\n\n\n<li>Geometria plana: \u00e2ngulos, per\u00edmetros e \u00e1reas de tri\u00e2ngulos, quadril\u00e1teros, circunfer\u00eancia e c\u00edrculo; rela\u00e7\u00f5es m\u00e9tricas no tri\u00e2ngulo ret\u00e2ngulo<\/li>\n\n\n\n<li>Geometria espacial: principais s\u00f3lidos geom\u00e9tricos, \u00e1reas total e lateral, volumes<\/li>\n\n\n\n<li>Gr\u00e1ficos de barras, colunas e setores: an\u00e1lise e interpreta\u00e7\u00e3o b\u00e1sica<\/li>\n<\/ul><h3 class=\"wp-block-heading\">Inform\u00e1tica<\/h3>\n\n\n\n<ul class=\"wp-block-list\"><li>Modalidades de processamento<\/li>\n\n\n\n<li>Organiza\u00e7\u00e3o e arquitetura de computadores: conceitos, tipos, caracter\u00edsticas, componentes de hardware e funcionamento, principais perif\u00e9ricos e dispositivos de entrada e sa\u00edda, unidades de armazenamento, mem\u00f3ria, conex\u00f5es e conectores, opera\u00e7\u00e3o<\/li>\n\n\n\n<li>Software: software livre, software b\u00e1sico e aplicativo, utilit\u00e1rios, sistemas operacionais (conceitos, caracter\u00edsticas, teclas de fun\u00e7\u00e3o, \u00edcones e atalhos de teclado, uso dos recursos)<\/li>\n\n\n\n<li>Ambientes Windows 10BR \/ 11BR e Linux: conceitos, caracter\u00edsticas, distribui\u00e7\u00f5es Linux, vers\u00f5es de 32 e 64 bits, instala\u00e7\u00e3o, pastas e diret\u00f3rios, configura\u00e7\u00e3o e utiliza\u00e7\u00e3o dos recursos, utilit\u00e1rios padr\u00e3o, principais comandos e fun\u00e7\u00f5es, teclas de fun\u00e7\u00e3o, \u00edcones e atalhos de teclado, uso dos recursos<\/li>\n\n\n\n<li>Sistemas de arquivos: opera\u00e7\u00f5es com arquivos, permiss\u00f5es e seguran\u00e7a de arquivos<\/li>\n\n\n\n<li>Editores, processadores de textos, planilhas, softwares de apresenta\u00e7\u00e3o e bancos de dados: conceitos, caracter\u00edsticas, teclas de fun\u00e7\u00e3o, \u00edcones e atalhos de teclado, uso dos recursos<\/li>\n\n\n\n<li>Pacotes MS Office BR (Word, Excel, PowerPoint, Access) em suas \u00faltimas vers\u00f5es e LibreOffice 24.8.2.1 ou superior (Writer, Calc, Impress, Base), vers\u00f5es 32 e 64 bits<\/li>\n\n\n\n<li>Edi\u00e7\u00e3o e formata\u00e7\u00e3o de textos<\/li>\n\n\n\n<li>Cria\u00e7\u00e3o e uso de planilhas de c\u00e1lculos<\/li>\n\n\n\n<li>Cria\u00e7\u00e3o e exibi\u00e7\u00e3o de apresenta\u00e7\u00f5es de slides<\/li>\n\n\n\n<li>No\u00e7\u00f5es b\u00e1sicas de bancos de dados<\/li>\n\n\n\n<li>Microsoft 365 em portugu\u00eas: conceitos, caracter\u00edsticas, componentes, instala\u00e7\u00e3o, configura\u00e7\u00e3o, teclas de fun\u00e7\u00e3o, \u00edcones e atalhos de teclado, uso dos recursos<\/li>\n\n\n\n<li>Seguran\u00e7a da informa\u00e7\u00e3o, de equipamentos, de sistemas, em redes, na internet e na nuvem: conceitos, caracter\u00edsticas, pilares, v\u00edrus e antiv\u00edrus, backup, firewall, criptografia, cuidados<\/li>\n\n\n\n<li>Lei Geral de Prote\u00e7\u00e3o de Dados (LGPD)<\/li>\n\n\n\n<li>Redes de computadores: conceitos, caracter\u00edsticas, meios de transmiss\u00e3o, conex\u00f5es, cabos e conectores, protocolos, topologias, tecnologias, padr\u00f5es, redes cabeadas e wireless\/wi-fi<\/li>\n\n\n\n<li>Modelo de refer\u00eancia OSI\/ISO, arquitetura TCP\/IP, utilit\u00e1rios b\u00e1sicos para configura\u00e7\u00e3o e verifica\u00e7\u00e3o de redes, m\u00e1scara de rede\/sub-rede<\/li>\n\n\n\n<li>Internet e Web: conceitos, caracter\u00edsticas, internet, intranet e extranet, utiliza\u00e7\u00e3o de ferramentas e recursos, navegadores Edge, Google Chrome e Mozilla Firefox nas vers\u00f5es atuais 32 e 64 bits, navega\u00e7\u00e3o, correio eletr\u00f4nico, webmail, softwares Mozilla Thunderbird e Outlook nas vers\u00f5es atuais 32 e 64 bits, sites e ferramentas de busca e pesquisa na internet<\/li>\n\n\n\n<li>Redes sociais e computa\u00e7\u00e3o em nuvem: conceitos, caracter\u00edsticas, principais redes e servi\u00e7os, uso dos recursos<\/li>\n\n\n\n<li>Ferramentas Google (Gmail, Google Meet, Documentos, Planilhas, Drive, Agenda): conceitos, caracter\u00edsticas e uso dos recursos<\/li>\n\n\n\n<li>Microsoft Teams: conceitos, caracter\u00edsticas e uso dos recursos<\/li>\n<\/ul><h2 class=\"wp-block-heading\" id=\"materiais-preparatrios-para-o-concurso-prefeitura-de-arraial\">Materiais preparat\u00f3rios para o concurso Prefeitura de Arraial do Cabo<\/h2>\n\n\n\n<p>Alcance o seu sonho de ingressar no concurso Prefeitura de Arraial do Cabo com materiais de estudo de qualidade e uma rotina bem estruturada!<\/p>\n\n\n\n<p>A Nova Concursos desenvolveu um m\u00e9todo de estudo que promete impulsionar sua prepara\u00e7\u00e3o! Reconhecidos por oferecer materiais pr\u00e1ticos e eficazes, j\u00e1 auxiliamos na\u00a0<strong>aprova\u00e7\u00e3o<\/strong>\u00a0de mais de\u00a0<strong>70 mil candidatos<\/strong>\u00a0a conquistarem suas vagas em concursos p\u00fablicos por todo o pa\u00eds.<\/p>\n\n\n\n<p>N\u00e3o perca a oportunidade! Inicie seus estudos com os materiais da\u00a0<a href=\"https:\/\/www.novaconcursos.com.br\/?promo_creative=Nova+Concursos&amp;promo_name=concurso&amp;promo_id=%2Fportal%2Fconcursos%2Fconcurso-bombeiros-ce&amp;promo_position=corpo-texto\">Nova Concursos<\/a>\u00a0e esteja mais pr\u00f3ximo de conquistar sua vaga. O pr\u00f3ximo aprovado pode ser voc\u00ea!<\/p>\n\n\n\n<h3 class=\"wp-block-heading\">Assinatura Nova Concursos<\/h3>\n\n\n\n<p>Na Nova Concursos, voc\u00ea encontra uma metodologia eficiente, direta ao ponto e feita para quem quer passar sem perder tempo com conte\u00fados irrelevantes. Com nosso exclusivo\u00a0<a href=\"https:\/\/aprovacao.novaconcursos.com.br\/assinatura\/\">Plano do Especialista<\/a>, voc\u00ea segue uma trilha personalizada, com ciclos de estudo que te levam at\u00e9 a aprova\u00e7\u00e3o como se tivesse um coach ao lado.<\/p>\n\n\n\n<p>Aqui, voc\u00ea tamb\u00e9m conta com atendimento humanizado e tutores prontos para te ajudar em cada etapa da jornada. Assine agora e descubra como \u00e9 estudar com quem entende de aprova\u00e7\u00e3o!<\/p>","protected":false},"excerpt":{"rendered":"<p>O concurso Prefeitura de Arraial do Cabo est\u00e1 ofertando 303 vagas para cargos da \u00e1rea da educa\u00e7\u00e3o. Venha conferir todos os detalhes!<\/p>\n","protected":false},"author":54696,"featured_media":288331,"comment_status":"closed","ping_status":"closed","sticky":false,"template":"","format":"standard","meta":{"_acf_changed":false,"footnotes":"","_wp_rev_ctl_limit":""},"categories":[44999,44965],"tags":[45509],"class_list":["post-26185","post","type-post","status-publish","format-standard","has-post-thumbnail","hentry","category-concursos","category-rj","tag-concurso-prefeitura-de-arraial-do-cabo"],"acf":[],"_links":{"self":[{"href":"https:\/\/www.novaconcursos.com.br\/portal\/wp-json\/wp\/v2\/posts\/26185","targetHints":{"allow":["GET"]}}],"collection":[{"href":"https:\/\/www.novaconcursos.com.br\/portal\/wp-json\/wp\/v2\/posts"}],"about":[{"href":"https:\/\/www.novaconcursos.com.br\/portal\/wp-json\/wp\/v2\/types\/post"}],"author":[{"embeddable":true,"href":"https:\/\/www.novaconcursos.com.br\/portal\/wp-json\/wp\/v2\/users\/54696"}],"replies":[{"embeddable":true,"href":"https:\/\/www.novaconcursos.com.br\/portal\/wp-json\/wp\/v2\/comments?post=26185"}],"version-history":[{"count":3,"href":"https:\/\/www.novaconcursos.com.br\/portal\/wp-json\/wp\/v2\/posts\/26185\/revisions"}],"predecessor-version":[{"id":294139,"href":"https:\/\/www.novaconcursos.com.br\/portal\/wp-json\/wp\/v2\/posts\/26185\/revisions\/294139"}],"wp:featuredmedia":[{"embeddable":true,"href":"https:\/\/www.novaconcursos.com.br\/portal\/wp-json\/wp\/v2\/media\/288331"}],"wp:attachment":[{"href":"https:\/\/www.novaconcursos.com.br\/portal\/wp-json\/wp\/v2\/media?parent=26185"}],"wp:term":[{"taxonomy":"category","embeddable":true,"href":"https:\/\/www.novaconcursos.com.br\/portal\/wp-json\/wp\/v2\/categories?post=26185"},{"taxonomy":"post_tag","embeddable":true,"href":"https:\/\/www.novaconcursos.com.br\/portal\/wp-json\/wp\/v2\/tags?post=26185"}],"curies":[{"name":"wp","href":"https:\/\/api.w.org\/{rel}","templated":true}]}}