{"id":263237,"date":"2024-11-28T12:11:54","date_gmt":"2024-11-28T15:11:54","guid":{"rendered":"https:\/\/www.novaconcursos.com.br\/portal\/?p=263237"},"modified":"2024-11-28T13:24:38","modified_gmt":"2024-11-28T16:24:38","slug":"concurso-inss-escolha-banca","status":"publish","type":"post","link":"https:\/\/www.novaconcursos.com.br\/portal\/noticias\/concurso-inss-escolha-banca\/","title":{"rendered":"Concurso INSS tem avan\u00e7os na escolha da banca. 500 vagas!"},"content":{"rendered":"<p>O <a href=\"https:\/\/www.novaconcursos.com.br\/portal\/concursos\/concurso-inss\/\">concurso INSS<\/a> (Instituto Nacional do Seguro Social) para o MPS (Minist\u00e9rio da Previd\u00eancia Social) teve <strong>avan\u00e7os na escolha da banca organizadora<\/strong> do novo edital para Perito M\u00e9dico Federal.<\/p>\n\n\n\n<p>A banca organizadora est\u00e1 sendo escolhida e deve ser anunciada no decorrer dos pr\u00f3ximos dias, tendo em vista que o \u00f3rg\u00e3o prev\u00ea a publica\u00e7\u00e3o do edital em meados de dezembro.<\/p>\n\n\n\n<p>O edital INSS deve ser publicado at\u00e9 maio de 2025,\u00a0prazo m\u00e1ximo permitido pela portaria que autoriza a sele\u00e7\u00e3o, com vagas imediatas e para forma\u00e7\u00e3o de cadastro reserva para a carreira de n\u00edvel superior de escolaridade.<\/p>\n\n\n\n<h2 class=\"wp-block-heading\" id=\"comisso-organizadora-do-concurso-inss-foi-anunciada\">Comiss\u00e3o organizadora do concurso INSS foi anunciada<\/h2>\n\n\n\n<p>O concurso INSS para o cargo de Perito M\u00e9dico Federal avan\u00e7ou na prepara\u00e7\u00e3o do certame com a forma\u00e7\u00e3o oficial de sua comiss\u00e3o organizadora. A portaria que institui o grupo foi publicada no Di\u00e1rio Oficial da Uni\u00e3o (DOU) na \u00faltima sexta-feira (22).<\/p>\n\n\n\n<p>A comiss\u00e3o ter\u00e1 a responsabilidade de planejar, organizar e supervisionar todas as etapas do concurso do INSS, al\u00e9m de selecionar e contratar a banca examinadora que conduzir\u00e1 a aplica\u00e7\u00e3o das provas. Entre as principais atribui\u00e7\u00f5es do grupo, destacam-se:<\/p>\n\n\n\n<ul class=\"wp-block-list\"><li>Fornecimento de informa\u00e7\u00f5es necess\u00e1rias \u00e0 elabora\u00e7\u00e3o dos editais;<\/li>\n\n\n\n<li>Supervis\u00e3o dos servi\u00e7os prestados pela banca contratada;<\/li>\n\n\n\n<li>An\u00e1lise e valida\u00e7\u00e3o dos editais e comunicados relacionados ao concurso;<\/li>\n\n\n\n<li>Recebimento e an\u00e1lise de relat\u00f3rios com os resultados das provas;<\/li>\n\n\n\n<li>Aprova\u00e7\u00e3o de atos como o cronograma de execu\u00e7\u00e3o, minuta do edital, conte\u00fados das provas e outras medidas essenciais para o andamento do processo.<\/li>\n<\/ul><p>Os membros que comp\u00f5em a comiss\u00e3o organizadora s\u00e3o os seguintes servidores:<\/p>\n\n\n\n<ul class=\"wp-block-list\"><li>Adroaldo da Cunha Portal, Secret\u00e1rio de Regime Geral de Previd\u00eancia Social, da Secretaria de Regime Geral de Previd\u00eancia Social, do Minist\u00e9rio da Previd\u00eancia Social, que a presidir\u00e1;<\/li>\n\n\n\n<li>M\u00e1rcia Rejane Soares Campos, Diretora do Departamento de Per\u00edcia M\u00e9dica Federal, da Secretaria de Regime Geral de Previd\u00eancia Social, do Minist\u00e9rio da Previd\u00eancia Social;<\/li>\n\n\n\n<li>Mar\u00edlia Gava, Coordenadora-Geral de Per\u00edcia M\u00e9dica de Natureza Assistencial, Administrativa, Trabalhista e Tribut\u00e1ria, do Departamento de Per\u00edcia M\u00e9dica Federal, da Secretaria de Regime Geral de Previd\u00eancia Social, do Minist\u00e9rio da Previd\u00eancia Social;<\/li>\n\n\n\n<li>Victor Nunes Weber, Coordenador-Geral de Demandas Judiciais e Externas, do Departamento de Per\u00edcia M\u00e9dica Federal, da Secretaria de Regime Geral de Previd\u00eancia Social, do Minist\u00e9rio da Previd\u00eancia Social;<\/li>\n\n\n\n<li>Os\u00f3rio Chalegre de Oliveira, Secret\u00e1rio-Executivo Adjunto do Minist\u00e9rio da Previd\u00eancia Social;<\/li>\n\n\n\n<li>Patrick Barcellos Peixe, Coordenador-Geral de Gest\u00e3o e Administra\u00e7\u00e3o, da Secretaria Executiva, do Minist\u00e9rio da Previd\u00eancia Social; e<\/li>\n\n\n\n<li>Jorge Luiz Reis Viana, Chefe de Divis\u00e3o de Apoio Administrativo, da Coordena\u00e7\u00e3o de Apoio Administrativo, da Secretaria Executiva, do Minist\u00e9rio da Previd\u00eancia Social.<\/li>\n<\/ul><p>Confira o documento na \u00edntegra <a href=\"https:\/\/www.novaconcursos.com.br\/portal\/wp-content\/uploads\/2024\/11\/Comissao-INSS.pdf\" target=\"_blank\" rel=\"noreferrer noopener\">aqui<\/a>.<\/p>\n\n\n\n<p>O pr\u00f3ximo passo ser\u00e1 a escolha da banca organizadora, prevista para ser definida nos pr\u00f3ximos meses, antes da publica\u00e7\u00e3o do edital INSS. <\/p>\n\n\n\n<h3 class=\"wp-block-heading\">Cronograma previsto<\/h3>\n\n\n\n<p>Confira abaixo o cronograma previsto do concurso INSS:<\/p>\n\n\n\n<figure class=\"wp-block-image size-large is-resized\"><a href=\"https:\/\/www.novaconcursos.com.br\/portal\/wp-content\/uploads\/2024\/11\/Cronograma-INSS.webp\"><img decoding=\"async\" width=\"1024\" height=\"425\" src=\"https:\/\/www.novaconcursos.com.br\/portal\/wp-content\/uploads\/2024\/11\/Cronograma-INSS-1024x425.webp\" alt=\"Tabela com o cronograma previsto do concurso INSS\" class=\"wp-image-263322\" style=\"width:470px;height:auto\" loading=\"lazy\" title=\"\" srcset=\"https:\/\/www.novaconcursos.com.br\/portal\/wp-content\/uploads\/2024\/11\/Cronograma-INSS-300x124.webp 300w, https:\/\/www.novaconcursos.com.br\/portal\/wp-content\/uploads\/2024\/11\/Cronograma-INSS-480x199.webp 480w, https:\/\/www.novaconcursos.com.br\/portal\/wp-content\/uploads\/2024\/11\/Cronograma-INSS-768x319.webp 768w, https:\/\/www.novaconcursos.com.br\/portal\/wp-content\/uploads\/2024\/11\/Cronograma-INSS-1024x425.webp 1024w, https:\/\/www.novaconcursos.com.br\/portal\/wp-content\/uploads\/2024\/11\/Cronograma-INSS.webp 1193w\" sizes=\"auto, (max-width: 480px) 100vw, (max-width: 768px) 100vw, (max-width: 1200px) 70vw, 768px\"><\/a><figcaption class=\"wp-element-caption\"><em>Concurso INSS tem cronograma previsto.<\/em><\/figcaption><\/figure><h2 class=\"wp-block-heading\" id=\"concurso-inss-est-em-fase-de-escolha-da-banca-organizadora\">Concurso INSS est\u00e1 em fase de escolha da banca organizadora<\/h2>\n\n\n\n<p>O Minist\u00e9rio da Previd\u00eancia Social (MPS) divulgou nesta ter\u00e7a-feira, 26, novos detalhes sobre o andamento do concurso p\u00fablico para o cargo de Perito M\u00e9dico do INSS. Segundo informa\u00e7\u00f5es do \u00f3rg\u00e3o, o processo de contrata\u00e7\u00e3o da banca organizadora foi encaminhado ao Minist\u00e9rio da Gest\u00e3o e Inova\u00e7\u00e3o em Servi\u00e7os P\u00fablicos (MGI), que analisar\u00e1 e poder\u00e1 fornecer uma previs\u00e3o para o an\u00fancio oficial.<\/p>\n\n\n\n<figure class=\"wp-block-pullquote\"><blockquote><p><em>\u201cO processo de contrata\u00e7\u00e3o foi encaminhado ao Minist\u00e9rio da Gest\u00e3o e Inova\u00e7\u00e3o em Servi\u00e7os P\u00fablicos, que poder\u00e1 responder com a previs\u00e3o\u201d,<\/em> informou o MPS.<\/p><\/blockquote><\/figure><p>Embora o MPS n\u00e3o tenha estabelecido uma data para a divulga\u00e7\u00e3o da banca, a consulta ao MGI alimenta especula\u00e7\u00f5es sobre a possibilidade de ades\u00e3o ao Concurso Nacional Unificado (CNU) 2025. <\/p>\n\n\n\n<p>Desde novembro, o MGI est\u00e1 em contato com os \u00f3rg\u00e3os autorizados a realizar concursos para verificar o interesse em participar da nova edi\u00e7\u00e3o do CNU.<\/p>\n\n\n\n<p>Os \u00f3rg\u00e3os deveriam enviar suas respostas at\u00e9 o in\u00edcio deste m\u00eas, mas a decis\u00e3o final sobre a realiza\u00e7\u00e3o da segunda edi\u00e7\u00e3o do Concurso Unificado e seus participantes est\u00e1 prevista para dezembro, segundo fontes do Governo Federal.<\/p>\n\n\n\n<p>Caso o MPS opte pela ades\u00e3o ao CNU 2025, os prazos para o lan\u00e7amento do edital e demais etapas ser\u00e3o definidos pelo MGI. Por outro lado, se seguir um planejamento independente, a expectativa \u00e9 que o edital seja publicado ainda este ano, conforme indicam os preparativos em curso.<\/p>\n\n\n\n\n\n<h2 class=\"wp-block-heading\" id=\"sero-500-vagas-ofertadas-no-edital-inss-para-perito\">Ser\u00e3o 500 vagas ofertadas no edital INSS para Perito<\/h2>\n\n\n\n<p>O n\u00famero inicial de 175 oportunidades foi elevado para 250 vagas imediatas, al\u00e9m de outras 250 para forma\u00e7\u00e3o de cadastro de reserva, totalizando <a href=\"https:\/\/www.novaconcursos.com.br\/portal\/noticias\/concurso-inss-novo-edital-pode-convocar-500-aprovados\/\">500 oportunidades de convoca\u00e7\u00e3o<\/a> ao longo da validade do concurso <a href=\"https:\/\/www.gov.br\/inss\/pt-br\" target=\"_blank\" rel=\"noreferrer noopener\">INSS<\/a>.<\/p>\n\n\n\n<p>Com essa amplia\u00e7\u00e3o, o \u00f3rg\u00e3o tamb\u00e9m obteve uma nova extens\u00e3o do prazo para a publica\u00e7\u00e3o do edital. Agora, <a href=\"https:\/\/www.novaconcursos.com.br\/portal\/noticias\/concurso-inss-edital-ate-maio\/\">a previs\u00e3o \u00e9 que o documento seja divulgado at\u00e9 maio de 2025<\/a>. As provas dever\u00e3o ser aplicadas pelo menos dois meses ap\u00f3s a publica\u00e7\u00e3o, respeitando o cronograma m\u00ednimo.<\/p>\n\n\n\n<p>O cargo de Perito M\u00e9dico exige forma\u00e7\u00e3o superior em Medicina, sendo uma carreira de grande relev\u00e2ncia para o atendimento das demandas de per\u00edcias m\u00e9dicas relacionadas aos benef\u00edcios previdenci\u00e1rios.<\/p>\n\n\n\n<p>Tem interesse em ingressar na carreira p\u00fablica?\u00a0<a href=\"https:\/\/www.novaconcursos.com.br\/portal\/concursos-abertos\/\">Confira aqui todos os concursos abertos a n\u00edvel nacional!<\/a><\/p>\n\n\n\n<p><strong>Fiquem ligados na nossa p\u00e1gina para as pr\u00f3ximas not\u00edcias sobre o concurso INSS!<\/strong><\/p>","protected":false},"excerpt":{"rendered":"<p>O concurso INSS para o MPS teve avan\u00e7os na escolha da banca organizadora do novo edital com 500 vagas para Perito M\u00e9dico, de n\u00edvel superior de escolaridade.<\/p>\n","protected":false},"author":54687,"featured_media":263289,"comment_status":"closed","ping_status":"closed","sticky":false,"template":"","format":"standard","meta":{"_acf_changed":false,"footnotes":"","_wp_rev_ctl_limit":""},"categories":[228,44974,44978],"tags":[1792],"class_list":["post-263237","post","type-post","status-publish","format-standard","has-post-thumbnail","hentry","category-noticias","category-inss","category-nacional","tag-concurso-inss"],"acf":[],"_links":{"self":[{"href":"https:\/\/www.novaconcursos.com.br\/portal\/wp-json\/wp\/v2\/posts\/263237","targetHints":{"allow":["GET"]}}],"collection":[{"href":"https:\/\/www.novaconcursos.com.br\/portal\/wp-json\/wp\/v2\/posts"}],"about":[{"href":"https:\/\/www.novaconcursos.com.br\/portal\/wp-json\/wp\/v2\/types\/post"}],"author":[{"embeddable":true,"href":"https:\/\/www.novaconcursos.com.br\/portal\/wp-json\/wp\/v2\/users\/54687"}],"replies":[{"embeddable":true,"href":"https:\/\/www.novaconcursos.com.br\/portal\/wp-json\/wp\/v2\/comments?post=263237"}],"version-history":[{"count":14,"href":"https:\/\/www.novaconcursos.com.br\/portal\/wp-json\/wp\/v2\/posts\/263237\/revisions"}],"predecessor-version":[{"id":263344,"href":"https:\/\/www.novaconcursos.com.br\/portal\/wp-json\/wp\/v2\/posts\/263237\/revisions\/263344"}],"wp:featuredmedia":[{"embeddable":true,"href":"https:\/\/www.novaconcursos.com.br\/portal\/wp-json\/wp\/v2\/media\/263289"}],"wp:attachment":[{"href":"https:\/\/www.novaconcursos.com.br\/portal\/wp-json\/wp\/v2\/media?parent=263237"}],"wp:term":[{"taxonomy":"category","embeddable":true,"href":"https:\/\/www.novaconcursos.com.br\/portal\/wp-json\/wp\/v2\/categories?post=263237"},{"taxonomy":"post_tag","embeddable":true,"href":"https:\/\/www.novaconcursos.com.br\/portal\/wp-json\/wp\/v2\/tags?post=263237"}],"curies":[{"name":"wp","href":"https:\/\/api.w.org\/{rel}","templated":true}]}}