{"id":263852,"date":"2024-12-06T10:22:41","date_gmt":"2024-12-06T13:22:41","guid":{"rendered":"https:\/\/www.novaconcursos.com.br\/portal\/?p=263852"},"modified":"2025-12-29T11:18:57","modified_gmt":"2025-12-29T14:18:57","slug":"concurso-pf-administrativo-aval","status":"publish","type":"post","link":"https:\/\/www.novaconcursos.com.br\/portal\/noticias\/concurso-pf-administrativo-aval\/","title":{"rendered":"Concurso PF Administrativo tem edital autorizado com 192 vagas!"},"content":{"rendered":"<p>Acabou a espera, concurseiros! O edital do <strong><a href=\"https:\/\/www.novaconcursos.com.br\/portal\/concursos\/pf-administrativo\/\">concurso PF Administrativo<\/a> est\u00e1 oficialmente autorizado<\/strong> pelo Governo Federal.<\/p>\n\n\n\n<p>O aval foi concedido pelo Minist\u00e9rio da Gest\u00e3o e Inova\u00e7\u00e3o e Servi\u00e7os P\u00fablicos (MGI)\u00a0e publicado no Di\u00e1rio Oficial da Uni\u00e3o desta sexta-feira, 6 de dezembro.<\/p>\n\n\n\n<p>Ser\u00e3o oferecidas <strong>192 vagas de n\u00edveis m\u00e9dio e superior <\/strong>para profissionais da \u00e1rea administrativa que sonham em atuar na Pol\u00edcia Federal. <\/p>\n\n\n\n<h2 class=\"wp-block-heading\" id=\"concurso-pf-administrativo-192-vagas-em-vrias-especialidades\">Concurso PF Administrativo: 192 vagas em v\u00e1rias especialidades<\/h2>\n\n\n\n<p>O novo concurso PF Administrativo foi autorizado para o provimento de 192 cargos de n\u00edveis m\u00e9dio e superior do Plano Especial de Cargos da Pol\u00edcia Federal (PECPF). Confira a seguir a distribui\u00e7\u00e3o de oportunidades:<\/p>\n\n\n\n<p><strong>N\u00edvel m\u00e9dio <\/strong><\/p>\n\n\n\n<ul class=\"wp-block-list\"><li>Agente Administrativo: 100 vagas<\/li>\n<\/ul><p><strong>N\u00edvel superior <\/strong><\/p>\n\n\n\n<ul class=\"wp-block-list\"><li>Assistente Social: 13 vagas;<\/li>\n\n\n\n<li>Contador: 9 vagas;<\/li>\n\n\n\n<li>Enfermeiro: 3 vagas<\/li>\n\n\n\n<li>M\u00e9dico: 35 vagas;<\/li>\n\n\n\n<li>Psic\u00f3logo: 6 vagas;<\/li>\n\n\n\n<li>Farmac\u00eautico: 2 vagas;<\/li>\n\n\n\n<li>Nutricionista: 1 vaga;<\/li>\n\n\n\n<li>Estat\u00edstico: 4 vagas;<\/li>\n\n\n\n<li>Administrador: 6 vagas;<\/li>\n\n\n\n<li>T\u00e9cnico em Comunica\u00e7\u00e3o Social: 3 vagas; e<\/li>\n\n\n\n<li>T\u00e9cnico em Assuntos Educacionais: 10 vagas.<\/li>\n<\/ul><p><\/p>\n\n\n\n<p>Com edital autorizado, o pr\u00f3ximo passo ser\u00e1 a forma\u00e7\u00e3o da comiss\u00e3o de planejamento, que ser\u00e1 respons\u00e1vel pelos tr\u00e2mites administrativos, bem como pela defini\u00e7\u00e3o da banca organizadora, que por sua vez, ser\u00e1 encarregada de receber as inscri\u00e7\u00f5es, elaborar o edital e aplicar as etapas de sele\u00e7\u00e3o.<\/p>\n\n\n\n<p>O prazo m\u00e1ximo para a publica\u00e7\u00e3o do edital \u00e9 de seis meses, ou seja, at\u00e9<strong> junho de 2025. <\/strong><\/p>\n\n\n\n<p>Lembrando que o prazo m\u00ednimo entre a divulga\u00e7\u00e3o do edital e aplica\u00e7\u00e3o da primeira prova \u00e9 de dois meses: agosto de 2025. <\/p>\n\n\n\n<p>De acordo com a autoriza\u00e7\u00e3o do edital PF Administrativo, o \u00f3rg\u00e3o ser\u00e1 respons\u00e1vel por:<\/p>\n\n\n\n<ul class=\"wp-block-list\"><li>editar as respectivas normas, mediante a publica\u00e7\u00e3o de editais, portarias ou outros atos administrativos necess\u00e1rios \u00e0 realiza\u00e7\u00e3o do concurso p\u00fablico, de acordo com as disposi\u00e7\u00f5es do Decreto n\u00ba 9.739, de 28 de mar\u00e7o de 2019;<\/li>\n\n\n\n<li>observar as leis e os regulamentos que tratem sobre pol\u00edticas de reserva de vagas em concursos p\u00fablicos e assegurar que as a\u00e7\u00f5es e procedimentos previstos no concurso p\u00fablico estejam alinhados ao alcance da efetividade de tais pol\u00edticas; e<\/li>\n\n\n\n<li>zelar pela conformidade legal dos procedimentos relacionados ao planejamento e \u00e0 execu\u00e7\u00e3o do concurso p\u00fablico<\/li>\n<\/ul><p><\/p>\n\n\n\n<p>Confira a seguir a portaria MGI n\u00ba 9.363 publicada no DOU: <\/p>\n\n\n\n<figure class=\"wp-block-image size-full\"><a href=\"https:\/\/www.novaconcursos.com.br\/portal\/wp-content\/uploads\/2024\/12\/portaria.webp\"><img decoding=\"async\" width=\"959\" height=\"474\" src=\"https:\/\/www.novaconcursos.com.br\/portal\/wp-content\/uploads\/2024\/12\/portaria.webp\" alt=\"portaria que autoriza o edital do concurso PF administrativo \" class=\"wp-image-263867\" loading=\"lazy\" title=\"\" srcset=\"https:\/\/www.novaconcursos.com.br\/portal\/wp-content\/uploads\/2024\/12\/portaria-300x148.webp 300w, https:\/\/www.novaconcursos.com.br\/portal\/wp-content\/uploads\/2024\/12\/portaria-480x237.webp 480w, https:\/\/www.novaconcursos.com.br\/portal\/wp-content\/uploads\/2024\/12\/portaria-768x380.webp 768w, https:\/\/www.novaconcursos.com.br\/portal\/wp-content\/uploads\/2024\/12\/portaria.webp 959w\" sizes=\"auto, (max-width: 480px) 100vw, (max-width: 768px) 100vw, (max-width: 1200px) 70vw, 768px\"><\/a><figcaption class=\"wp-element-caption\"><em>Portaria MGI que autoriza o edital do concurso PF Administrativo <\/em><\/figcaption><\/figure><p><\/p>\n\n\n\n<p><a href=\"https:\/\/www.novaconcursos.com.br\/portal\/wp-content\/uploads\/2024\/12\/PF.pdf\" target=\"_blank\" rel=\"noreferrer noopener\">Baixe a autoriza\u00e7\u00e3o na \u00edntegra!<\/a><\/p>\n\n\n\n<p><\/p>\n\n\n\n<h3 class=\"wp-block-heading\">Pol\u00edcia Federal oferece sal\u00e1rios de at\u00e9 R$9 mil <\/h3>\n\n\n\n<p>Os aprovados no novo concurso <a href=\"https:\/\/www.gov.br\/pf\/pt-br\" target=\"_blank\" rel=\"noopener\">PF Administrativo<\/a> receber\u00e3o sal\u00e1rios iniciais que variam de R$6 mil a R$9 mil. <\/p>\n\n\n\n<p>O cargo de Agente Administrativo, n\u00edvel m\u00e9dio, oferece sal\u00e1rio inicial de R$6.173,31. J\u00e1 os cargos de n\u00edvel superior oferecem sal\u00e1rios iniciais de R$7.296,69, exceto a carreira de M\u00e9dico, que possui remunera\u00e7\u00e3o inicial de R$9.547,40.<\/p>\n\n\n\n<p>Esses valores j\u00e1 incluem o aux\u00edlio alimenta\u00e7\u00e3o de R$1.000,00. A jornada de trabalho ser\u00e1 de 40 horas semanais.<\/p>\n\n\n\n<h3 class=\"wp-block-heading\">Pol\u00edcia Federal tem 100 vagas autorizadas para n\u00edvel m\u00e9dio<\/h3>\n\n\n\n<p>Das vagas autorizadas, 100 s\u00e3o destinadas ao cargo de Agente Administrativo, que tem maior demanda, visto que exige apenas o n\u00edvel m\u00e9dio.<\/p>\n\n\n\n<p>Os classificados nessa carreira ser\u00e3o respons\u00e1veis por realizar atividades t\u00e9cnico-administrativas de n\u00edvel m\u00e9dio e lidar com situa\u00e7\u00f5es complexas que envolvem planejamento e pesquisas preliminares para a implanta\u00e7\u00e3o de leis, regulamentos e normas de administra\u00e7\u00e3o geral e espec\u00edfica.<\/p>\n\n\n\n<p>Suas fun\u00e7\u00f5es incluem a execu\u00e7\u00e3o e supervis\u00e3o de trabalhos relacionados a pessoal, or\u00e7amento, organiza\u00e7\u00e3o, m\u00e9todos e materiais, bem como a presta\u00e7\u00e3o de apoio nas \u00e1reas de recursos humanos, administra\u00e7\u00e3o, finan\u00e7as e log\u00edstica.<\/p>\n\n\n\n<figure class=\"wp-block-image size-large is-resized\"><a href=\"https:\/\/www.novaconcursos.com.br\/portal\/wp-content\/uploads\/2024\/12\/pf-area-policial.webp\"><img decoding=\"async\" width=\"1024\" height=\"683\" src=\"https:\/\/www.novaconcursos.com.br\/portal\/wp-content\/uploads\/2024\/12\/pf-area-policial-1024x683.webp\" alt=\"fachada com letreiro da pol\u00edcia federal ilustra autoriza\u00e7\u00e3o do concurso pf administrativo \" class=\"wp-image-263861\" style=\"width:833px;height:auto\" loading=\"lazy\" title=\"\" srcset=\"https:\/\/www.novaconcursos.com.br\/portal\/wp-content\/uploads\/2024\/12\/pf-area-policial-300x200.webp 300w, https:\/\/www.novaconcursos.com.br\/portal\/wp-content\/uploads\/2024\/12\/pf-area-policial-480x320.webp 480w, https:\/\/www.novaconcursos.com.br\/portal\/wp-content\/uploads\/2024\/12\/pf-area-policial-768x512.webp 768w, https:\/\/www.novaconcursos.com.br\/portal\/wp-content\/uploads\/2024\/12\/pf-area-policial-1024x683.webp 1024w, https:\/\/www.novaconcursos.com.br\/portal\/wp-content\/uploads\/2024\/12\/pf-area-policial.webp 1200w\" sizes=\"auto, (max-width: 480px) 100vw, (max-width: 768px) 100vw, (max-width: 1200px) 70vw, 768px\"><\/a><figcaption class=\"wp-element-caption\"><em>Concurso PF Administrativo tem edital autorizado com 192 vagas para \u00e1rea de Apoio! <\/em><\/figcaption><\/figure><h2 class=\"wp-block-heading\" id=\"diretor-confirma-autorizao-para-rea-policial-\">Diretor confirma autoriza\u00e7\u00e3o para \u00e1rea Policial <\/h2>\n\n\n\n<p>Al\u00e9m do concurso PF para \u00e1rea administrativa, um novo edital pode ser autorizado para \u00e1rea Policial, com oportunidades para as carreiras de Agente, Delegado e Escriv\u00e3o.<\/p>\n\n\n\n<p>A autoriza\u00e7\u00e3o foi confirmada pelo diretor-geral da Pol\u00edcia Federal, Andrei Passos, em uma reuni\u00e3o realizada no dia 13 de agosto, em Recife, Pernambuco.<\/p>\n\n\n\n<p>O aval foi solicitado para o provimento de 1.810 vagas para \u00e1rea Policial, sendo 261 vagas para Delegado, 57 para Perito Criminal, 1.115 para Agente de Pol\u00edcia, 364 para Escriv\u00e3o e 13 para Papiloscopista. <\/p>\n\n\n\n<p>Os cargos exigem diploma de gradua\u00e7\u00e3o em qualquer \u00e1rea de atua\u00e7\u00e3o, com exce\u00e7\u00e3o do cargo de Delegado, que exige gradua\u00e7\u00e3o em Direito.<\/p>\n\n\n\n<p>De acordo com a Diretoria de Gest\u00e3o de Pessoas da PF, o pedido est\u00e1 em an\u00e1lise pelo Minist\u00e9rio do Planejamento e Or\u00e7amento.<\/p>\n\n\n\n<p>Caso seja autorizado, os aprovados ir\u00e3o ingressar na PF com os seguintes sal\u00e1rios iniciais: <\/p>\n\n\n\n<ul class=\"wp-block-list\"><li>Agente de Pol\u00edcia: R$14.900,54<\/li>\n\n\n\n<li>Escriv\u00e3o: R$14.900,54<\/li>\n\n\n\n<li>Papiloscopista: R$14.900,54<\/li>\n\n\n\n<li>Perito: R$27,300,00<\/li>\n\n\n\n<li>Delegado: 27.300,00 <\/li>\n<\/ul><p><\/p>\n\n\n\n<p>Se voc\u00ea tem interesse em concursos policiais, confira <a href=\"https:\/\/www.novaconcursos.com.br\/portal\/concurso-por-carreira\/policiais\/\">lista atualizada<\/a> com todos os concursos abertos a n\u00edvel nacional. <\/p>\n\n\n\n<p>O concurso PF Administrativo com 192 vagas promete alta concorr\u00eancia! N\u00e3o deixe para come\u00e7ar a estudar de \u00faltima hora! Confira aqui o <a href=\"https:\/\/www.novaconcursos.com.br\/curso-online\/pacote-completo-policia-federal-agente-administrativo\">curso online<\/a> PF Admnistrativo com o conte\u00fado de todas disciplinas que v\u00e3o cair na sua prova! <\/p>","protected":false},"excerpt":{"rendered":"<p>O edital do concurso PF Administrativo foi oficialmente autorizado para o provimento de oportunidades de n\u00edveis m\u00e9dio e superior para \u00e1rea de Apoio. Confira aqui!<\/p>\n","protected":false},"author":54679,"featured_media":263864,"comment_status":"closed","ping_status":"closed","sticky":false,"template":"","format":"standard","meta":{"_acf_changed":false,"footnotes":"","_wp_rev_ctl_limit":""},"categories":[228,44978,44941,44975],"tags":[37074],"class_list":["post-263852","post","type-post","status-publish","format-standard","has-post-thumbnail","hentry","category-noticias","category-nacional","category-carreira-policial","category-policia-federal","tag-concurso-pf-administrativo"],"acf":[],"_links":{"self":[{"href":"https:\/\/www.novaconcursos.com.br\/portal\/wp-json\/wp\/v2\/posts\/263852","targetHints":{"allow":["GET"]}}],"collection":[{"href":"https:\/\/www.novaconcursos.com.br\/portal\/wp-json\/wp\/v2\/posts"}],"about":[{"href":"https:\/\/www.novaconcursos.com.br\/portal\/wp-json\/wp\/v2\/types\/post"}],"author":[{"embeddable":true,"href":"https:\/\/www.novaconcursos.com.br\/portal\/wp-json\/wp\/v2\/users\/54679"}],"replies":[{"embeddable":true,"href":"https:\/\/www.novaconcursos.com.br\/portal\/wp-json\/wp\/v2\/comments?post=263852"}],"version-history":[{"count":5,"href":"https:\/\/www.novaconcursos.com.br\/portal\/wp-json\/wp\/v2\/posts\/263852\/revisions"}],"predecessor-version":[{"id":301492,"href":"https:\/\/www.novaconcursos.com.br\/portal\/wp-json\/wp\/v2\/posts\/263852\/revisions\/301492"}],"wp:featuredmedia":[{"embeddable":true,"href":"https:\/\/www.novaconcursos.com.br\/portal\/wp-json\/wp\/v2\/media\/263864"}],"wp:attachment":[{"href":"https:\/\/www.novaconcursos.com.br\/portal\/wp-json\/wp\/v2\/media?parent=263852"}],"wp:term":[{"taxonomy":"category","embeddable":true,"href":"https:\/\/www.novaconcursos.com.br\/portal\/wp-json\/wp\/v2\/categories?post=263852"},{"taxonomy":"post_tag","embeddable":true,"href":"https:\/\/www.novaconcursos.com.br\/portal\/wp-json\/wp\/v2\/tags?post=263852"}],"curies":[{"name":"wp","href":"https:\/\/api.w.org\/{rel}","templated":true}]}}