{"id":266729,"date":"2024-12-18T17:11:24","date_gmt":"2024-12-18T20:11:24","guid":{"rendered":"https:\/\/www.novaconcursos.com.br\/portalv2\/?p=266729"},"modified":"2025-04-03T14:30:40","modified_gmt":"2025-04-03T17:30:40","slug":"edital-inss-perito-medico","status":"publish","type":"post","link":"https:\/\/www.novaconcursos.com.br\/portal\/concursos\/edital-inss-perito-medico\/","title":{"rendered":"Publicado Edital INSS Perito M\u00e9dico: 500 vagas!"},"content":{"rendered":"<p><strong>O edital INSS Perito M\u00e9dico foi publicado com 500 vagas<\/strong> de n\u00edvel superior e sal\u00e1rios iniciais de R$14 mil.<\/p>\n\n\n\n<p>Os profissionais v\u00e3o atuar nas unidades de lota\u00e7\u00e3o do Minist\u00e9rio da Previd\u00eancia Social\u00a0entre os 26 estados e no Distrito Federal.<\/p>\n\n\n\n<p>Se voc\u00ea tem interesse em ingressar na \u00e1rea da Sa\u00fade, garantir estabilidade profissional e \u00f3timas remunera\u00e7\u00f5es, continue comigo e confira tudo sobre o edital publicado: vagas, sal\u00e1rios, requisitos, atribui\u00e7\u00f5es, provas e muito mais!<\/p>\n\n\n\n<h2 class=\"wp-block-heading\" id=\"edital-inss-perito-mdico\">Edital INSS Perito M\u00e9dico<\/h2>\n\n\n\n<p>Vagas: 250 Imediatas + 250 CR <br>Cargo: Perito M\u00e9dico Federal<br>Escolaridade: N\u00edvel superior<br>Banca: Cebraspe<br>Sal\u00e1rio: R$14.166,99<br>Per\u00edodo de inscri\u00e7\u00f5es: de 23\/12\/2024 a 09\/01\/2025<br>Taxa: R$120,00<br>Prova: 16\/02\/2025<br><a href=\"https:\/\/www.novaconcursos.com.br\/portal\/wp-content\/uploads\/2024\/12\/EDITAL-No-2-MPS-DE-16-DE-DEZEMBRO-DE-2024-EDITAL-No-2-MPS-DE-16-DE-DEZEMBRO-DE-2024-DOU-Imprensa-Nacional.pdf\" target=\"_blank\" rel=\"noreferrer noopener\">Edital<\/a><\/p>\n\n\n\n<h2 class=\"wp-block-heading\" id=\"vai-ter-concurso-inss-2024\">Vai ter concurso INSS 2024?<\/h2>\n\n\n\n<p>Sim! O edital do concurso INSS foi publicado o Di\u00e1rio Oficial da Uni\u00e3o do dia 17 de dezembro de 2024 com 500 vagas para o cargo de Perito M\u00e9dico Federal, distribu\u00eddas nas unidades de <a href=\"https:\/\/www.novaconcursos.com.br\/portal\/noticias\/concurso-inss-perito-medico-lotacao\/\">lota\u00e7\u00e3o<\/a> do Minist\u00e9rio da Previd\u00eancia Social\u00a0entre os 26 estados e no Distrito Federal, da seguinte maneira:<\/p>\n\n\n\n<ul class=\"wp-block-list\"><li>Acre: 1 vaga<\/li>\n\n\n\n<li>Alagoas: 16 vagas<\/li>\n\n\n\n<li>Amap\u00e1: 2 vagas<\/li>\n\n\n\n<li>Amazonas: 10 vagas<\/li>\n\n\n\n<li>Bahia: 25 vagas<\/li>\n\n\n\n<li>Cear\u00e1: 40 vagas<\/li>\n\n\n\n<li>Distrito Federal: 2 vagas<\/li>\n\n\n\n<li>Esp\u00edrito Santo: 3 vagas<\/li>\n\n\n\n<li>Goi\u00e1s: 5 vagas<\/li>\n\n\n\n<li>Maranh\u00e3o: 25 vagas<\/li>\n\n\n\n<li>Minas Gerais: 12 vagas<\/li>\n\n\n\n<li>Mato Grosso do Sul: 3 vagas<\/li>\n\n\n\n<li>Mato Grosso: 12 vagas<\/li>\n\n\n\n<li>Par\u00e1: 12 vagas<\/li>\n\n\n\n<li>Para\u00edba: 6 vagas<\/li>\n\n\n\n<li>Paran\u00e1: 4 vagas<\/li>\n\n\n\n<li>Pernambuco: 20 vagas<\/li>\n\n\n\n<li>Piau\u00ed: 15 vagas<\/li>\n\n\n\n<li>Rio de Janeiro: 2 vagas<\/li>\n\n\n\n<li>Rio Grande do Norte: 4 vagas<\/li>\n\n\n\n<li>Rio Grande do Sul: 2 vagas<\/li>\n\n\n\n<li>Rond\u00f4nia: 10 vagas<\/li>\n\n\n\n<li>Roraima: 1 vaga<\/li>\n\n\n\n<li>Santa Catarina: 2 vagas<\/li>\n\n\n\n<li>S\u00e3o Paulo: 2 vagas<\/li>\n\n\n\n<li>Sergipe: 8 vagas<\/li>\n\n\n\n<li>Tocantins: 6 vagas<\/li>\n<\/ul><p><\/p>\n\n\n\n<p>Para al\u00e9m das 250 oportunidades dispon\u00edveis para preenchimento imediato, o secret\u00e1rio de Regime Geral de Previd\u00eancia Social, Adroaldo Portal, ressalta que o Minist\u00e9rio tem o compromisso de convocar outros 250 candidatos do cadastro reserva assim que a lista de aprovados for divulgada. <\/p>\n\n\n\n<p><em>\u201cNosso objetivo \u00e9 chamar os 500 peritos imediatamente\u201d,<\/em> afirmou.<\/p>\n\n\n\n<p>Vale ressaltar que de acordo com o edital, o resultado final do concurso pode ter at\u00e9 788 candidatos aprovados, ou seja, das 250 vagas iniciais, o cadastro reserva pode ser estendido com mais 538 posi\u00e7\u00f5es na lista de espera, resultando em poss\u00edveis convoca\u00e7\u00f5es adicionais.<\/p>\n\n\n\n<h2 class=\"wp-block-heading\" id=\"como-fazer-a-inscrio-no-concurso-inss-\">Como fazer a inscri\u00e7\u00e3o no concurso INSS? <\/h2>\n\n\n\n<p>Os interessados em participar do concurso INSS poder\u00e3o efetuar as inscri\u00e7\u00f5es no site da banca organizadora, o\u00a0<a href=\"https:\/\/www.cebraspe.org.br\/concursos\/MPS_24\" target=\"_blank\" rel=\"noreferrer noopener\">Cebraspe<\/a>\u00a0(Centro Brasileiro de Pesquisa em Avalia\u00e7\u00e3o e Sele\u00e7\u00e3o e de Promo\u00e7\u00e3o de Eventos), a partir das 10 horas do dia 23 de dezembro de 2024 at\u00e9 \u00e0s 18 horas do dia 9 de janeiro de 2025.<\/p>\n\n\n\n<p>Ap\u00f3s preencher o formul\u00e1rio com os dados solicitados, os candidatos dever\u00e3o efetuar o pagamento da taxa de inscri\u00e7\u00e3o por meio da Guia de Recolhimento da Uni\u00e3o (GRU Cobran\u00e7a), no valor de R$ 120,00, at\u00e9 o dia 10 de janeiro de 2025.<\/p>\n\n\n\n<p>Candidatos inscritos no Cadastro \u00danico (Cad\u00danico) e doadores de medula \u00f3ssea poder\u00e3o solicitar a isen\u00e7\u00e3o da taxa de inscri\u00e7\u00e3o, a partir das 10 horas do dia 23 at\u00e9 \u00e0s 18 horas do dia 26 de dezembro, mediante envio de documenta\u00e7\u00e3o comprobat\u00f3ria das condi\u00e7\u00f5es.<\/p>\n\n\n\n<h2 class=\"wp-block-heading\" id=\"qual-o-salrio-inicial-do-perito-mdico-do-inss-\">Qual o sal\u00e1rio inicial do Perito M\u00e9dico do INSS? <\/h2>\n\n\n\n<p>O Perito M\u00e9dico do INSS possui <strong>remunera\u00e7\u00e3o inicial de R$ 14.166,99, <\/strong>considerando o sal\u00e1rio-base e a Gratifica\u00e7\u00e3o de Desempenho de Atividade M\u00e9dico-Pericial (GDAMP), institu\u00edda e disciplinada pela Lei n\u00ba 10.876, de 2 de junho de 2004.<\/p>\n\n\n\n<p>Al\u00e9m do sal\u00e1rio, os profissionais receber\u00e3o aux\u00edlio-alimenta\u00e7\u00e3o de R$1.000,00 e aux\u00edlio sa\u00fade de R$130,00.<\/p>\n\n\n\n<h3 class=\"wp-block-heading\">Quantas horas trabalha um perito do INSS?<\/h3>\n\n\n\n<p>O perito m\u00e9dico do INSS pode cumprir jornadas de trabalho de 20 horas, 30 horas ou 40 horas semanais.<\/p>\n\n\n\n<p>Inclusive, o sal\u00e1rio inicial varia a depender da jornada de trabalho exercida, sendo: <\/p>\n\n\n\n<ul class=\"wp-block-list\"><li>20 horas semanais: R$7.083,90 a R$11.313,07<\/li>\n\n\n\n<li>30 horas semanais: R$10.624,64 a R$16.968,11<\/li>\n\n\n\n<li>40 horas semanais:\u00a0R$14.166,99 a R$22.625,14<\/li>\n<\/ul><p>O concurso INSS 2024 oferece oportunidades para jornadas de trabalho de 40 horas semanais.<\/p>\n\n\n\n<h2 class=\"wp-block-heading\" id=\"o-que-faz-o-perito-mdico-do-inss\">O que faz o Perito M\u00e9dico do INSS?<\/h2>\n\n\n\n<p>S\u00e3o atribui\u00e7\u00f5es essenciais e exclusivas dos cargos de <a href=\"https:\/\/www.novaconcursos.com.br\/portal\/artigos\/concurso-inss-perito-medico-tudo-sobre-carreira\">Perito M\u00e9dico Federal<\/a> o regime geral de previd\u00eancia social e assist\u00eancia social, a emiss\u00e3o de parecer conclusivo quanto \u00e0 incapacidade laboral, a verifica\u00e7\u00e3o, quando necess\u00e1ria \u00e0 an\u00e1lise da proced\u00eancia de benef\u00edcios previdenci\u00e1rios, a caracteriza\u00e7\u00e3o da invalidez e a auditoria m\u00e9dica.<\/p>\n\n\n\n<p>O profissional tamb\u00e9m \u00e9 respons\u00e1vel pela a instru\u00e7\u00e3o de processos administrativos referentes \u00e0 concess\u00e3o e \u00e0 revis\u00e3o de benef\u00edcios tribut\u00e1rios e previdenci\u00e1rios, \u00a0assessoramento t\u00e9cnico \u00e0 representa\u00e7\u00e3o judicial e extrajudicial da Uni\u00e3o, das autarquias e das funda\u00e7\u00f5es p\u00fablicas federais quanto aos expedientes e aos processos relacionados, a movimenta\u00e7\u00e3o da conta vinculada do trabalhador ao Fundo de Garantia do Tempo de Servi\u00e7o (FGTS), nas hip\u00f3teses previstas em lei, relacionadas \u00e0 condi\u00e7\u00e3o de sa\u00fade.<\/p>\n\n\n\n<p>O servidor ainda ser\u00e1 encarregado do exame m\u00e9dico-pericial componente da avalia\u00e7\u00e3o biopsicossocial da defici\u00eancia de que trata o \u00a7 1\u00ba do art. 2\u00ba da Lei n\u00ba 13.146, de 6 de julho de 2015 (Estatuto da Pessoa com Defici\u00eancia), no \u00e2mbito federal, para fins previdenci\u00e1rios, assistenciais e tribut\u00e1rios e outras atividades m\u00e9dico-periciais autorizadas por lei e por ato do Ministro de Estado da Previd\u00eancia Social.<\/p>\n\n\n\n<h2 class=\"wp-block-heading\" id=\"quais-os-requisitos-exigidos-no-edital-inss-perito-mdico\">Quais os requisitos exigidos no edital INSS Perito M\u00e9dico?<\/h2>\n\n\n\n<p>Os interessados em participar do concurso INSS dever\u00e3o comprovar as seguintes exig\u00eancias b\u00e1sicas: <\/p>\n\n\n\n<ul class=\"wp-block-list\"><li>Ser aprovado no concurso p\u00fablico.<\/li>\n\n\n\n<li>Ter a nacionalidade brasileira ou portuguesa e, no caso de nacionalidade portuguesa, estar amparado pelo Estatuto de Igualdade entre Brasileiros e Portugueses, com reconhecimento do gozo dos direitos pol\u00edticos, nos termos do \u00a7 1\u00ba do art. 12 da Constitui\u00e7\u00e3o Federal.<\/li>\n\n\n\n<li>Estar em gozo dos direitos pol\u00edticos.<\/li>\n\n\n\n<li>Estar quite com as obriga\u00e7\u00f5es militares, em caso de candidato do sexo masculino.<\/li>\n\n\n\n<li>Estar quite com as obriga\u00e7\u00f5es eleitorais.<\/li>\n\n\n\n<li>Possuir os requisitos exigidos para o exerc\u00edcio do cargo.<\/li>\n\n\n\n<li>Ter idade m\u00ednima de 18 anos completos na data da posse.<\/li>\n\n\n\n<li>Ter aptid\u00e3o f\u00edsica e mental para o exerc\u00edcio das atribui\u00e7\u00f5es do cargo.<\/li>\n<\/ul><h2 class=\"wp-block-heading\" id=\"como-sero-as-provas-do-concurso-inss-2024\">Como ser\u00e3o as provas do concurso INSS 2024?<\/h2>\n\n\n\n<p>O edital INSS Perito M\u00e9dico possui duas etapas de sele\u00e7\u00e3o: provas objetivas, de car\u00e1ter eliminat\u00f3rio e classificat\u00f3rio; e avalia\u00e7\u00e3o de t\u00edtulos, de car\u00e1ter classificat\u00f3rio.<\/p>\n\n\n\n<p>As provas objetivas ter\u00e3o 4 horas de dura\u00e7\u00e3o e ser\u00e3o aplicadas no dia 16 de fevereiro de 2025 nas 26 capitais brasileiras e no Distrito Federal.<\/p>\n\n\n\n<p>As provas ser\u00e3o compostas 120 quest\u00f5es de julgamento do tipo \u201ccerto\u201d ou \u201cerrado\u201d, sendo 50 quest\u00f5es de conhecimentos b\u00e1sicos e 70 quest\u00f5es de conhecimentos espec\u00edficos.<\/p>\n\n\n\n<p>\u00a0A nota em cada item das provas objetivas ser\u00e1 feita com base nas marca\u00e7\u00f5es da folha de respostas e ser\u00e1 igual a: 1,00 ponto, caso a resposta do candidato esteja em concord\u00e2ncia com o gabarito oficial definitivo das provas; 0,50 ponto negativo, caso a resposta do candidato esteja em discord\u00e2ncia com o gabarito oficial definitivo das provas; 0,00 ponto, caso n\u00e3o haja marca\u00e7\u00e3o ou haja marca\u00e7\u00e3o dupla (C e E).<\/p>\n\n\n\n<p>As provas valer\u00e3o 120 pontos e ser\u00e3o reprovados e eliminados do concurso os candidatos que se enquadrarem em pelo menos um dos itens a seguir:<\/p>\n\n\n\n<ul class=\"wp-block-list\"><li>a) obtiver nota inferior a 10,00 pontos na prova objetiva de conhecimentos gerais p1;<\/li>\n\n\n\n<li>b) obtiver nota inferior a 21,00 pontos na prova objetiva de conhecimentos espec\u00edficos p2;<\/li>\n\n\n\n<li>c) obtiver nota inferior a 36,00 pontos no conjunto das provas objetivas.<\/li>\n<\/ul><p>Para cada localidade de vaga\/sistema de concorr\u00eancia, ser\u00e3o convocados para a avalia\u00e7\u00e3o de t\u00edtulos os candidatos aprovados e mais bem classificados nas provas objetivas at\u00e9 os quantitativos espec\u00edficados a seguir:<\/p>\n\n\n\n<figure class=\"wp-block-image\"><a href=\"https:\/\/www.novaconcursos.com.br\/portal\/wp-content\/uploads\/2024\/12\/numero-de-candidatos-aprovados-na-prova-objetiva-do-concurso-inss-2024.webp\"><img decoding=\"async\" src=\"https:\/\/www.novaconcursos.com.br\/portal\/wp-content\/uploads\/2024\/12\/numero-de-candidatos-aprovados-na-prova-objetiva-do-concurso-inss-2024.webp\" alt=\"n\u00famero de candidatos aprovados na prova objetiva do edital inss perito m\u00e9dico \" class=\"wp-image-264531\" loading=\"lazy\" title=\"\"><\/a><\/figure><p>A avalia\u00e7\u00e3o de t\u00edtulos valer\u00e1 7,00 pontos, ainda que a soma dos valores dos t\u00edtulos enviados seja superior a esse valor.<\/p>\n\n\n\n<p>Somente ser\u00e3o aceitos os seguintes t\u00edtulos:<\/p>\n\n\n\n<figure class=\"wp-block-image\"><a href=\"https:\/\/www.novaconcursos.com.br\/portal\/wp-content\/uploads\/2024\/12\/quadro-de-titulos-do-concurso-inss-2024.webp\"><img decoding=\"async\" src=\"https:\/\/www.novaconcursos.com.br\/portal\/wp-content\/uploads\/2024\/12\/quadro-de-titulos-do-concurso-inss-2024.webp\" alt=\"quadro de atribui\u00e7\u00e3o de t\u00edtulos do edital inss perito m\u00e9dico\" class=\"wp-image-264530\" loading=\"lazy\" title=\"\"><\/a><\/figure><h2 class=\"wp-block-heading\" id=\"o-que-estudar-para-a-prova-do-concurso-inss-\">O que estudar para a prova do concurso INSS? <\/h2>\n\n\n\n<p>Para garantir uma boa prepara\u00e7\u00e3o para o concurso INSS, os candidatos dever\u00e3o dominar os seguintes conhecimentos:<\/p>\n\n\n\n<h3 class=\"wp-block-heading\">Conhecimentos Gerais<\/h3>\n\n\n\n<p><strong>L\u00edngua Portuguesa<\/strong><\/p>\n\n\n\n<ul class=\"wp-block-list\"><li>Compreens\u00e3o e interpreta\u00e7\u00e3o de textos de g\u00eaneros variados.<\/li>\n\n\n\n<li>Reconhecimento de tipos e g\u00eaneros textuais.<\/li>\n\n\n\n<li>Dom\u00ednio da ortografia oficial.<\/li>\n\n\n\n<li>Dom\u00ednio dos mecanismos de coes\u00e3o textual.<\/li>\n\n\n\n<li>Dom\u00ednio da estrutura morfossint\u00e1tica do per\u00edodo.<\/li>\n\n\n\n<li>Reescrita de frases e par\u00e1grafos do texto.<\/li>\n\n\n\n<li>Reda\u00e7\u00e3o Oficial (conforme o Manual de Reda\u00e7\u00e3o Oficial da Presid\u00eancia da Rep\u00fablica): uso da norma culta da linguagem, clareza e precis\u00e3o, objetividade, concis\u00e3o, coes\u00e3o e coer\u00eancia, impessoalidade, formalidade e padroniza\u00e7\u00e3o.<\/li>\n<\/ul><p><strong>\u00c9tica do Servi\u00e7o P\u00fablico<\/strong><\/p>\n\n\n\n<ul class=\"wp-block-list\"><li>C\u00f3digo de \u00c9tica Profissional do Servidor P\u00fablico Civil do Poder Executivo Federal (Decreto n\u00ba 1.171\/1994 e altera\u00e7\u00f5es).<\/li>\n\n\n\n<li>Sistema de Gest\u00e3o da \u00c9tica do Poder Executivo Federal (Decreto n\u00ba 6.029\/2007 e altera\u00e7\u00f5es).<\/li>\n\n\n\n<li>Lei de Conflito de Interesses (Lei n\u00ba 12.813\/2013). Lei de Acesso \u00e0 Informa\u00e7\u00e3o (Lei n\u00ba 12.527\/2011).<\/li>\n<\/ul><p><strong>No\u00e7\u00f5es de Legisla\u00e7\u00e3o Constitucional<\/strong><\/p>\n\n\n\n<ul class=\"wp-block-list\"><li>Direitos e garantias fundamentais: Direitos e deveres individuais e coletivos, direitos sociais, nacionalidade e cidadania, garantias constitucionais individuais e coletivas.<\/li>\n\n\n\n<li>Da Administra\u00e7\u00e3o P\u00fablica: Disposi\u00e7\u00f5es gerais (artigos 37 a 41 da Constitui\u00e7\u00e3o Federal), princ\u00edpios da legalidade, impessoalidade, moralidade, publicidade e efici\u00eancia.<\/li>\n\n\n\n<li>Organiza\u00e7\u00e3o dos Poderes, Poder Executivo, atribui\u00e7\u00f5es e responsabilidades e controle de constitucionalidade.<\/li>\n<\/ul><p><strong>No\u00e7\u00f5es de Legisla\u00e7\u00e3o Administrativa<\/strong><\/p>\n\n\n\n<ul class=\"wp-block-list\"><li>Administra\u00e7\u00e3o P\u00fablica: Conceito, elementos, poderes, organiza\u00e7\u00e3o, natureza, fins e princ\u00edpios da Administra\u00e7\u00e3o P\u00fablica.<\/li>\n\n\n\n<li>Atos Administrativos: Conceito, classifica\u00e7\u00e3o, elementos, atributos, validade, efic\u00e1cia e extin\u00e7\u00e3o.<\/li>\n\n\n\n<li>Agentes P\u00fablicos: Esp\u00e9cies, classifica\u00e7\u00e3o, direitos, deveres, responsabilidades e regime jur\u00eddico dos servidores p\u00fablicos federais (Lei n\u00ba 8.112\/1990 e altera\u00e7\u00f5es).<\/li>\n\n\n\n<li>Poderes Administrativos: Poder hier\u00e1rquico, disciplinar, regulamentar, poder de pol\u00edcia, uso e abuso do poder.<\/li>\n\n\n\n<li>Responsabilidade Civil do Estado: Responsabilidade objetiva, responsabilidade subjetiva e repara\u00e7\u00e3o de danos causados por agentes p\u00fablicos.<\/li>\n\n\n\n<li>Lei de Improbidade Administrativa (Lei n\u00ba 8.429\/1992 e altera\u00e7\u00f5es).<\/li>\n\n\n\n<li>Lei Geral de Prote\u00e7\u00e3o de Dados Pessoais (Lei n\u00ba 13.709\/2018).<\/li>\n<\/ul><p><strong>No\u00e7\u00f5es de Inform\u00e1tica<\/strong><\/p>\n\n\n\n<ul class=\"wp-block-list\"><li>Sistemas Operacionais.<\/li>\n\n\n\n<li>Pacote Microsoft Office: Word e Excel.<\/li>\n\n\n\n<li>Internet, Intranet e Extranet Navegadores (Chrome, Firefox, Edge).<\/li>\n\n\n\n<li>Conceitos de URL, links, downloads e uploads.<\/li>\n\n\n\n<li>Correio eletr\u00f4nico: conceitos, uso e seguran\u00e7a.<\/li>\n\n\n\n<li>VPN Acesso remoto.<\/li>\n\n\n\n<li>Seguran\u00e7a da Informa\u00e7\u00e3o: Prote\u00e7\u00e3o e seguran\u00e7a, Malware, v\u00edrus, phishing e outras pragas virtuais.<\/li>\n\n\n\n<li>Armazenamento e computa\u00e7\u00e3o na nuvem.<\/li>\n\n\n\n<li>Lei n\u00ba 13.709\/2018 (Lei geral de prote\u00e7\u00e3o de dados pessoais).<\/li>\n\n\n\n<li>Lei n\u00ba 12.527\/2011 (Lei de Acesso \u00e0 Informa\u00e7\u00e3o).<\/li>\n\n\n\n<li>SEI (Sistema Eletr\u00f4nico de Informa\u00e7\u00f5es).<\/li>\n\n\n\n<li>No\u00e7\u00f5es de intelig\u00eancia artificial.<\/li>\n<\/ul><h3 class=\"wp-block-heading\">Conhecimentos Espec\u00edficos<\/h3>\n\n\n\n<p><strong>Medicina Geral<\/strong><\/p>\n\n\n\n<ul class=\"wp-block-list\"><li>C\u00f3digo de \u00c9tica M\u00e9dica. <\/li>\n\n\n\n<li>Resolu\u00e7\u00f5es do Conselho Federal de Medicina relacionadas \u00e0 per\u00edcia m\u00e9dica. <\/li>\n\n\n\n<li>Sigilo profissional e responsabilidade m\u00e9dica. <\/li>\n\n\n\n<li>Telessa\u00fade. <\/li>\n\n\n\n<li>Epidemiologia e Sa\u00fade P\u00fablica.<\/li>\n\n\n\n<li>Vigil\u00e2ncia em sa\u00fade. <\/li>\n\n\n\n<li>Epidemiologia das doen\u00e7as transmiss\u00edveis e n\u00e3o transmiss\u00edveis no Brasil. <\/li>\n\n\n\n<li>Programas de sa\u00fade nacionais. <\/li>\n\n\n\n<li>Programa nacional de imuniza\u00e7\u00f5es. <\/li>\n\n\n\n<li>Impacto da pandemia de COVID-19.<\/li>\n\n\n\n<li>Cl\u00ednica M\u00e9dica e Conduta M\u00e9dico-Pericial.<\/li>\n\n\n\n<li>Tecnologia e Inform\u00e1tica na Medicina.<\/li>\n\n\n\n<li>Sa\u00fade Mental.<\/li>\n\n\n\n<li>Transtornos do neurodesenvolvimento. <\/li>\n\n\n\n<li>Transtornos psicossom\u00e1ticos.<\/li>\n\n\n\n<li>Impacto da pandemia de COVID-19 na sa\u00fade mental. <\/li>\n\n\n\n<li>Avalia\u00e7\u00e3o e per\u00edcia em sa\u00fade mental. <\/li>\n\n\n\n<li>Legisla\u00e7\u00e3o e pol\u00edticas p\u00fablicas em sa\u00fade mental. <\/li>\n\n\n\n<li>Telemedicina e teleper\u00edcia.<\/li>\n<\/ul><p><strong>Medicina do Trabalho<\/strong><\/p>\n\n\n\n<ul class=\"wp-block-list\"><li>Sa\u00fade e Seguran\u00e7a no Trabalho.<\/li>\n\n\n\n<li>Doen\u00e7as Ocupacionais e Acidentes de Trabalho.<\/li>\n\n\n\n<li>Doen\u00e7as relacionadas ao trabalho.<\/li>\n\n\n\n<li>Conduta M\u00e9dico-Pericial.<\/li>\n\n\n\n<li>\u00c9tica e sigilo em medicina do trabalho.<\/li>\n\n\n\n<li>Telemedicina em medicina do trabalho. <\/li>\n\n\n\n<li>Gest\u00e3o de Riscos e Promo\u00e7\u00e3o da Sa\u00fade.<\/li>\n\n\n\n<li>Reabilita\u00e7\u00e3o e Retorno ao Trabalho.<\/li>\n<\/ul><p><strong>Direito do Trabalho<\/strong><\/p>\n\n\n\n<ul class=\"wp-block-list\"><li>Consolida\u00e7\u00e3o das Leis do Trabalho (CLT) \u2013 T\u00edtulos I e II.<\/li>\n\n\n\n<li>Teletrabalho e suas implica\u00e7\u00f5es na medicina do trabalho e per\u00edcias m\u00e9dicas. <\/li>\n\n\n\n<li>Normas Regulamentadoras (NRs)<\/li>\n\n\n\n<li>Normas Regulamentadoras Rurais.<\/li>\n\n\n\n<li>Responsabilidade Civil do Empregador.<\/li>\n\n\n\n<li>Indeniza\u00e7\u00f5es por Acidente de Trabalho e Doen\u00e7as Ocupacionais.<\/li>\n\n\n\n<li>Prescri\u00e7\u00e3o e Decad\u00eancia.<\/li>\n\n\n\n<li>Estabilidade Provis\u00f3ria no Emprego.<\/li>\n\n\n\n<li>e-Social e Medicina do Trabalho.<\/li>\n\n\n\n<li>Sa\u00fade Mental no Ambiente de Trabalho.<\/li>\n\n\n\n<li>Per\u00edcia em Casos de Ass\u00e9dio Moral e Sexual.<\/li>\n<\/ul><p><strong>No\u00e7\u00f5es de Legisla\u00e7\u00e3o Previdenci\u00e1ria<\/strong><\/p>\n\n\n\n<ul class=\"wp-block-list\"><li>Seguridade social.<\/li>\n\n\n\n<li>Legisla\u00e7\u00e3o previdenci\u00e1ria.<\/li>\n\n\n\n<li>Regulamentos e Instru\u00e7\u00f5es Normativas.<\/li>\n\n\n\n<li>Benef\u00edcios previdenci\u00e1rios.<\/li>\n\n\n\n<li>Processo administrativo previdenci\u00e1rio.<\/li>\n\n\n\n<li>Teleper\u00edcia.<\/li>\n\n\n\n<li>\u00c9tica e responsabilidade na atua\u00e7\u00e3o previdenci\u00e1ria.<\/li>\n\n\n\n<li>Lei de prote\u00e7\u00e3o de dados pessoais (Lei n\u00ba 13.709\/2018) aplicada ao contexto previdenci\u00e1rio.<\/li>\n<\/ul><p><strong>Legisla\u00e7\u00e3o Referente ao SUS<\/strong><\/p>\n\n\n\n<ul class=\"wp-block-list\"><li>Lei n\u00ba 8.080\/1990 e altera\u00e7\u00f5es (T\u00edtulos I e II).<\/li>\n\n\n\n<li>Lei n\u00ba 14.289\/2022 (Sigilo de informa\u00e7\u00f5es sobre a condi\u00e7\u00e3o de sa\u00fade).<\/li>\n\n\n\n<li>Atualiza\u00e7\u00f5es e novos Protocolos Cl\u00ednicos e Diretrizes Terap\u00eauticas (PCDTs). <\/li>\n\n\n\n<li>Pol\u00edtica Nacional de Aten\u00e7\u00e3o B\u00e1sica (PNAB). <\/li>\n\n\n\n<li>Programa Previne Brasil. <\/li>\n\n\n\n<li>Avalia\u00e7\u00e3o e Gest\u00e3o da Sa\u00fade no SUS. <\/li>\n\n\n\n<li>Rede de Cuidados \u00e0 Pessoa com Defici\u00eancia.<\/li>\n\n\n\n<li>Pol\u00edtica Nacional de Sa\u00fade Mental e Rede de Aten\u00e7\u00e3o Psicossocial. <\/li>\n\n\n\n<li>Lei n\u00ba 13.709\/2018 no contexto do SUS. <\/li>\n\n\n\n<li>Telemedicina e Telesa\u00fade. <\/li>\n\n\n\n<li>Impacto da COVID-19 no SUS. <\/li>\n\n\n\n<li>Reabilita\u00e7\u00e3o p\u00f3s-COVID e sa\u00fade mental.<\/li>\n<\/ul><p><strong>Legisla\u00e7\u00e3o de Assist\u00eancia Social<\/strong><\/p>\n\n\n\n<ul class=\"wp-block-list\"><li>Lei n\u00ba 8.742\/1993 e altera\u00e7\u00f5es (disp\u00f5e sobre a organiza\u00e7\u00e3o da assist\u00eancia social e d\u00e1 outras provid\u00eancias). <\/li>\n\n\n\n<li>Princ\u00edpios e objetivos da Assist\u00eancia Social. <\/li>\n\n\n\n<li>Benef\u00edcio de Presta\u00e7\u00e3o Continuada (BPC).<\/li>\n\n\n\n<li>Lei n\u00ba 13.146\/2015 (Estatuto da pessoa com defici\u00eancia). <\/li>\n\n\n\n<li>Decreto n\u00ba 6.214\/2007 e altera\u00e7\u00f5es. <\/li>\n\n\n\n<li>Avalia\u00e7\u00e3o socioecon\u00f4mica e de defici\u00eancia. <\/li>\n\n\n\n<li>Decreto n\u00ba 10.604\/2021. 8 Decreto n\u00ba 10.593\/2020.<\/li>\n<\/ul><figure class=\"wp-block-image size-full\"><a href=\"https:\/\/www.novaconcursos.com.br\/portal\/wp-content\/uploads\/2024\/12\/inss-perito-medico.webp\"><img decoding=\"async\" src=\"https:\/\/www.novaconcursos.com.br\/portal\/wp-content\/uploads\/2024\/12\/inss-perito-medico.webp\" alt=\"consult\u00f3rio edital inss perito m\u00e9dico\" class=\"wp-image-264564\" loading=\"lazy\" title=\"\"><\/a><figcaption><\/figcaption><\/figure><h2 class=\"wp-block-heading\" id=\"materiais-preparatrios-para-o-edital-inss-perito-mdico\">Materiais preparat\u00f3rios para o edital INSS Perito M\u00e9dico<\/h2>\n\n\n\n<p>ssa \u00e9 a sua oportunidade de conquistar uma carreira est\u00e1vel e valorizada, mas o tempo para estudar \u00e9 curto, e voc\u00ea precisa de materiais que realmente fa\u00e7am a diferen\u00e7a.<\/p>\n\n\n\n<p>Nossos materiais s\u00e3o desenvolvidos especialmente para te ajudar a aproveitar cada minuto de estudo. Eles trazem <strong>todo o conte\u00fado previsto no edital<\/strong>, organizados de forma pr\u00e1tica e objetiva. Confira a seguir: <\/p>\n\n\n\n<h3 class=\"wp-block-heading\">Curso Online INSS Perito M\u00e9dico<\/h3>\n\n\n\n<p>O\u00a0<a href=\"https:\/\/www.novaconcursos.com.br\/curso-online\/curso-inss-perito-medico-previdenciario-conhecimentos-gerais\">curso online<\/a> para o cargo de Perito M\u00e9dico\u00a0est\u00e1 de acordo com o edital publicado em 18 de dezembro de 2024 e completo com as mais recentes atualiza\u00e7\u00f5es.<\/p>\n\n\n\n<p>O curso possui professores especializados e com ampla experi\u00eancia em concursos p\u00fablicos, trilha de aulas na mesma ordem do edital, facilitando a organiza\u00e7\u00e3o dos seus estudos e vdeoaulas podem ser aceleradas para otimizar ainda mais seu tempo de estudo.<\/p>\n\n\n\n<p>H\u00e1 mais de 10 anos, preparamos e ajudamos candidatos a ingressar nas carreiras p\u00fablicas.<\/p>\n\n\n\n<h3 class=\"wp-block-heading\">Apostila INSS 2024 Perito M\u00e9dico Previdenci\u00e1rio<\/h3>\n\n\n\n<p>A apostila\u00a0INSS Perito M\u00e9dico Previdenci\u00e1rio\u00a0apresenta conte\u00fado atualizado baseado no edital e principais atualiza\u00e7\u00f5es.<\/p>\n\n\n\n<p>O material foi elaborado por nosso time de professores especialistas em concursos e organizado para proporcionar uma f\u00e1cil assimila\u00e7\u00e3o do conte\u00fado.<\/p>\n\n\n\n<p>Dispon\u00edvel em formato de livro, com textos revisados para garantir a melhor qualidade poss\u00edvel.<\/p>\n\n\n\n<p>Na apostila INSS 2024, os alunos v\u00e3o encontrar teoria e exerc\u00edcios, se\u00e7\u00e3o hora de praticar ao final de cada mat\u00e9ria com quest\u00f5es gabaritadas da banca organizadora, tabelas fluxogramas e mnem\u00f4nicos para facilitar com a memoriza\u00e7\u00e3o de conte\u00fados complexos, boxes com dicas, macetes e conceitos fundamentais cobrados na prova.<\/p>\n\n\n\n<p><a href=\"https:\/\/www.novaconcursos.com.br\/apostila\/inss-prep-perito-medico-previdenciario\">Confira aqui!<\/a><\/p>\n\n\n\n<h2 class=\"wp-block-heading\" id=\"como-foi-o-ltimo-edital-inss-perito-mdico-\">Como foi o \u00faltimo edital INSS Perito M\u00e9dico? <\/h2>\n\n\n\n<p>O \u00faltimo edital <a href=\"https:\/\/www.gov.br\/inss\/pt-br\" target=\"_blank\" rel=\"noreferrer noopener\">INSS<\/a> aconteceu em 2011 e ofereceu<strong> 375 vagas imediatas <\/strong>para a fun\u00e7\u00e3o de Perito M\u00e9dico Previdenci\u00e1rio, t\u00edtulo que era utilizado naquela \u00e9poca e foi substitu\u00eddo ap\u00f3s a reestrutura\u00e7\u00e3o da carreira, passando a ser denominado de Perito M\u00e9dico Federal.<\/p>\n\n\n\n<p>Na \u00e9poca, a remunera\u00e7\u00e3o inicial foi de R$9.070,93, incluindo as gratifica\u00e7\u00f5es e o aux\u00edlio alimenta\u00e7\u00e3o.<\/p>\n\n\n\n<p>A banca organizadora foi a Funda\u00e7\u00e3o Carlos Chagas (FCC) e avaliou os candidatos por meio de provas objetivas de conhecimentos gerais e espec\u00edficos, al\u00e9m da prova de t\u00edtulos. <\/p>\n\n\n\n<p>As provas objetivas, de car\u00e1ter eliminat\u00f3rio e classificat\u00f3rio, foram compostas de 80 quest\u00f5es de m\u00faltipla escolha, com cinco alternativas cada, sendo apenas uma resposta correta.<\/p>\n\n\n\n<p>A avalia\u00e7\u00e3o ter\u00e1 dura\u00e7\u00e3o de 4 horas, sendo 30 quest\u00f5es de conhecimentos gerais e 50 quest\u00f5es de conhecimentos espec\u00edficos.<\/p>\n\n\n\n<p>Ao todo, o edital INSS Perito M\u00e9dico registrou<strong> 11.760 candidatos inscritos, <\/strong>com demanda de 31 candidatos por vaga.<\/p>\n\n\n\n<p>Os aprovados tiveram os seus t\u00edtulos e experi\u00eancias avaliados, com pontua\u00e7\u00e3o m\u00e1xima de 16 pontos.<\/p>\n\n\n\n<p><a href=\"https:\/\/www.novaconcursos.com.br\/portal\/wp-content\/uploads\/2024\/12\/ultimo-edital-inss-2024.pdf\" target=\"_blank\" rel=\"noreferrer noopener\">Baixe aqui o \u00faltimo edital do INSS!<\/a><\/p>\n\n\n\n<p><\/p>","protected":false},"excerpt":{"rendered":"<p>O edital INSS Perito M\u00e9dico foi publicado com 250 vagas de n\u00edvel superior e sal\u00e1rios iniciais de R$14 mil. <\/p>\n<p>Os profissionais v\u00e3o atuar nas unidades de lota\u00e7\u00e3o do Minist\u00e9rio da Previd\u00eancia Social\u00a0entre os 26 estados e no Distrito Federal. Confira!<\/p>\n","protected":false},"author":54679,"featured_media":266732,"comment_status":"closed","ping_status":"closed","sticky":false,"template":"","format":"standard","meta":{"_acf_changed":false,"footnotes":"","_wp_rev_ctl_limit":""},"categories":[44999,44974,44978,44941],"tags":[1792,45003],"class_list":["post-266729","post","type-post","status-publish","format-standard","has-post-thumbnail","hentry","category-concursos","category-inss","category-nacional","category-carreira-policial","tag-concurso-inss","tag-concursos-abertos-nacional"],"acf":[],"_links":{"self":[{"href":"https:\/\/www.novaconcursos.com.br\/portal\/wp-json\/wp\/v2\/posts\/266729","targetHints":{"allow":["GET"]}}],"collection":[{"href":"https:\/\/www.novaconcursos.com.br\/portal\/wp-json\/wp\/v2\/posts"}],"about":[{"href":"https:\/\/www.novaconcursos.com.br\/portal\/wp-json\/wp\/v2\/types\/post"}],"author":[{"embeddable":true,"href":"https:\/\/www.novaconcursos.com.br\/portal\/wp-json\/wp\/v2\/users\/54679"}],"replies":[{"embeddable":true,"href":"https:\/\/www.novaconcursos.com.br\/portal\/wp-json\/wp\/v2\/comments?post=266729"}],"version-history":[{"count":4,"href":"https:\/\/www.novaconcursos.com.br\/portal\/wp-json\/wp\/v2\/posts\/266729\/revisions"}],"predecessor-version":[{"id":277765,"href":"https:\/\/www.novaconcursos.com.br\/portal\/wp-json\/wp\/v2\/posts\/266729\/revisions\/277765"}],"wp:featuredmedia":[{"embeddable":true,"href":"https:\/\/www.novaconcursos.com.br\/portal\/wp-json\/wp\/v2\/media\/266732"}],"wp:attachment":[{"href":"https:\/\/www.novaconcursos.com.br\/portal\/wp-json\/wp\/v2\/media?parent=266729"}],"wp:term":[{"taxonomy":"category","embeddable":true,"href":"https:\/\/www.novaconcursos.com.br\/portal\/wp-json\/wp\/v2\/categories?post=266729"},{"taxonomy":"post_tag","embeddable":true,"href":"https:\/\/www.novaconcursos.com.br\/portal\/wp-json\/wp\/v2\/tags?post=266729"}],"curies":[{"name":"wp","href":"https:\/\/api.w.org\/{rel}","templated":true}]}}