{"id":268121,"date":"2025-01-07T13:21:35","date_gmt":"2025-01-07T16:21:35","guid":{"rendered":"https:\/\/www.novaconcursos.com.br\/portal\/?p=268121"},"modified":"2025-01-07T13:21:38","modified_gmt":"2025-01-07T16:21:38","slug":"cnu-avaliacao-biopsicossocial","status":"publish","type":"post","link":"https:\/\/www.novaconcursos.com.br\/portal\/noticias\/cnu-avaliacao-biopsicossocial\/","title":{"rendered":"CNU: per\u00edcia m\u00e9dica de candidatos com defici\u00eancia est\u00e1 em an\u00e1lise!"},"content":{"rendered":"<p>Os candidatos do <a href=\"https:\/\/www.novaconcursos.com.br\/portal\/concursos\/cnu\/\">CNU<\/a> (Concurso Nacional Unificado) que se autodeclaram com defici\u00eancia ter\u00e3o a documenta\u00e7\u00e3o m\u00e9dica analisada <strong>at\u00e9 sexta-feira, 10 de janeiro de 2025.<\/strong><\/p>\n\n\n\n<p>Caso o candidato n\u00e3o esteja enquadrado nos requisitos, ir\u00e1 concorrer \u00e0s vagas de ampla concorr\u00eancia.<\/p>\n\n\n\n<p>\u00c9 importante ressaltar, que a devolu\u00e7\u00e3o do valor pago aos participantes que desistiram do concurso e solicitaram a restitui\u00e7\u00e3o da taxa de inscri\u00e7\u00e3o j\u00e1 come\u00e7ou a ser efetuada.<\/p>\n\n\n\n<p>Para saber mais informa\u00e7\u00f5es sobre os dois processos do CNU, continue comigo.<\/p>\n\n\n\n<h2 class=\"wp-block-heading\" id=\"avaliao-psicossocial-cnu\">Avalia\u00e7\u00e3o psicossocial CNU<\/h2>\n\n\n\n<p>Nesta segunda-feira, 6 de janeiro de 2025, foi iniciada a documenta\u00e7\u00e3o m\u00e9dica dos candidatos que se inscreveram para concorrer \u00e0s\u00a0vagas reservadas para pessoas com defici\u00eancia, e que fazem parte do grupo\u00a0reintegrado \u00e0 sele\u00e7\u00e3o ap\u00f3s decis\u00e3o judicial.<\/p>\n\n\n\n<p>As vagas destinadas a pessoas com defici\u00eancia (PCD) equivalem a 5% do total de vagas para cada cargo.<\/p>\n\n\n\n<p>Durante o momento de inscri\u00e7\u00e3o, o candidato deveria enviar a documenta\u00e7\u00e3o atestando a esp\u00e9cie, o grau ou o n\u00edvel de defici\u00eancia (se conhecida).<\/p>\n\n\n\n<p>A divulga\u00e7\u00e3o do resultado da an\u00e1lise documental ocorrer\u00e1 no dia 17 de janeiro de 2025, e os participantes ter\u00e3o at\u00e9 o dia 18 para apresentar eventuais recursos, caso discordem da avalia\u00e7\u00e3o.<\/p>\n\n\n\n<p>Os participantes reintegrados que se autodeclararam negros ou ind\u00edgenas tamb\u00e9m t\u00eam at\u00e9 esse prazo para contestar o resultado das verifica\u00e7\u00f5es realizadas.<\/p>\n\n\n\n<div class=\"nova-continue-reading\">Leia tamb\u00e9m: <a href=\"https:\/\/www.novaconcursos.com.br\/portal\/noticias\/concurso-cnu-2025-decisao-em-fevereiro\/\">Ter\u00e1 um novo CNU em 2025?<\/a><\/div>\n\n\n\n<h2 class=\"wp-block-heading\" id=\"restituio-da-taxa-do-cnu\">Restitui\u00e7\u00e3o da taxa do CNU<\/h2>\n\n\n\n<p>Aos candidatos que desistiram de participar do concurso e solicitaram a devolu\u00e7\u00e3o da taxa de inscri\u00e7\u00e3o, a restitui\u00e7\u00e3o do valor pago esta sendo transferida.<\/p>\n\n\n\n<p>No dia 3 de dezembro de 2024, o Minist\u00e9rio da Gest\u00e3o e Inova\u00e7\u00e3o (MGI) encaminhou um e-mail aos candidatos que pediram o reembolso da taxa, solicitando a inser\u00e7\u00e3o de uma Chave PIX do tipo CPF em sua institui\u00e7\u00e3o banc\u00e1ria, garantindo assim um pagamento r\u00e1pido e eficiente.<\/p>\n\n\n\n<p>Os candidatos que n\u00e3o tenham realizado o cadastro da Chave PIX ter\u00e3o a restitui\u00e7\u00e3o efetuada por outros meios, o que poder\u00e1 resultar em um prazo mais longo para a restitui\u00e7\u00e3o.<\/p>\n\n\n\n<p>Em dezembro, o Banco do Brasil foi contratado e recebeu a responsabilidade de reembolsar a taxa. Conforme o Minist\u00e9rio do Planejamento e Desenvolvimento de Gest\u00e3o (MPDG), foi reservado um montante de R$ 40.941,12 para ser restitu\u00eddo aos <strong>31.016 participantes que desistiram do CNU.<\/strong><\/p>\n\n\n\n<figure class=\"wp-block-image size-large\"><img decoding=\"async\" width=\"1024\" height=\"369\" src=\"https:\/\/www.novaconcursos.com.br\/portal\/wp-content\/uploads\/2025\/01\/cnu-orgao-1024x369.webp\" alt=\"CNU.\" class=\"wp-image-268140\" loading=\"lazy\" title=\"\" srcset=\"https:\/\/www.novaconcursos.com.br\/portal\/wp-content\/uploads\/2025\/01\/cnu-orgao-300x108.webp 300w, https:\/\/www.novaconcursos.com.br\/portal\/wp-content\/uploads\/2025\/01\/cnu-orgao-480x173.webp 480w, https:\/\/www.novaconcursos.com.br\/portal\/wp-content\/uploads\/2025\/01\/cnu-orgao-768x276.webp 768w, https:\/\/www.novaconcursos.com.br\/portal\/wp-content\/uploads\/2025\/01\/cnu-orgao-1024x369.webp 1024w, https:\/\/www.novaconcursos.com.br\/portal\/wp-content\/uploads\/2025\/01\/cnu-orgao.webp 1500w\" sizes=\"auto, (max-width: 480px) 100vw, (max-width: 768px) 100vw, (max-width: 1200px) 70vw, 768px\"><figcaption><\/figcaption><\/figure><h2 class=\"wp-block-heading\" id=\"cronograma-do-cnu\">Cronograma do CNU<\/h2>\n\n\n\n<p>Inicialmente, as provas do <a href=\"https:\/\/www.gov.br\/gestao\/pt-br\/concursonacional\" target=\"_blank\" rel=\"noopener\">CNU<\/a> ocorreriam em 5 de maio de 2024, mas devido os desastres clim\u00e1ticos de grandes propor\u00e7\u00f5es, como as chuvas que atingiram o Rio Grande do Sul em maio, as provas foram adiadas para o dia 18 de agosto de 2024.<\/p>\n\n\n\n<p>Confira a seguir o cronograma p\u00f3s provas:<\/p>\n\n\n\n<figure style=\"font-size:13px\" class=\"wp-block-table\"><table><tbody><tr><td class=\"has-text-align-center\" data-align=\"center\"><strong>6 a 10 de janeiro de 2025<\/strong><\/td><td><strong>\u00a0<\/strong>per\u00edcia m\u00e9dica (avalia\u00e7\u00e3o biopsicossocial) dos candidatos que se declararem com defici\u00eancia<\/td><\/tr><tr><td class=\"has-text-align-center\" data-align=\"center\"><strong>11 e 12 de janeiro de 2025<\/strong><\/td><td>procedimento de verifica\u00e7\u00e3o da condi\u00e7\u00e3o declarada para concorrer \u00e0s vagas reservadas aos<br> candidatos negros e ind\u00edgenas<\/td><\/tr><tr><td class=\"has-text-align-center\" data-align=\"center\"><strong>15 de janeiro de 2025<\/strong><\/td><td>resultado preliminar da avalia\u00e7\u00e3o de t\u00edtulos<\/td><\/tr><tr><td class=\"has-text-align-center\" data-align=\"center\"><strong>15 e 16 de janeiro de 2025<\/strong><\/td><td><strong>\u00a0<\/strong>prazo para interposi\u00e7\u00e3o de eventuais recursos quanto ao resultado preliminar da avalia\u00e7\u00e3o <br>de t\u00edtulos<\/td><\/tr><tr><td class=\"has-text-align-center\" data-align=\"center\"><strong>17 de janeiro de 2025<\/strong><\/td><td>divulga\u00e7\u00e3o dos resultados preliminares da avalia\u00e7\u00e3o da veracidade da autodeclara\u00e7\u00e3o prestada<br>por candidatos concorrentes \u00e0s vagas reservadas para negros e ind\u00edgenas e da avalia\u00e7\u00e3o <br>biopsicossocial dos candidatos que se declararem com defici\u00eancia<\/td><\/tr><tr><td class=\"has-text-align-center\" data-align=\"center\"><strong>17 e 18 de janeiro de 2025<\/strong><\/td><td>prazo para interposi\u00e7\u00e3o de eventuais recursos quanto aos resultados preliminares da avalia\u00e7\u00e3o da <br>veracidade da autodeclara\u00e7\u00e3o prestada por candidatos concorrentes \u00e0s vagas reservadas para <br>negros e ind\u00edgenas e da avalia\u00e7\u00e3o biopsicossocial dos candidatos que se declararem com <br>defici\u00eancia<\/td><\/tr><tr><td class=\"has-text-align-center\" data-align=\"center\"><strong>11 de fevereiro de 2025<\/strong><\/td><td>divulga\u00e7\u00e3o do resultado dos pedidos de revis\u00e3o das notas da avalia\u00e7\u00e3o de t\u00edtulos<\/td><\/tr><tr><td class=\"has-text-align-center\" data-align=\"center\"><strong>11 de fevereiro de 2025<\/strong><\/td><td>previs\u00e3o de divulga\u00e7\u00e3o dos resultados finais<\/td><\/tr><\/tbody><\/table><figcaption class=\"wp-element-caption\">Cronograma do CNU.<\/figcaption><\/figure><h2 class=\"wp-block-heading\" id=\"como-foi-o-cnu\">Como foi o CNU?<\/h2>\n\n\n\n<p>O Concurso Nacional Unificado, foi organizado pela\u00a0<a href=\"https:\/\/www.cesgranrio.org.br\/\" target=\"_blank\" rel=\"noreferrer noopener\">Cesgranrio<\/a>, a oferta era de\u00a0<strong>6.640 vagas de n\u00edveis m\u00e9dio e superior<\/strong>, com a participa\u00e7\u00e3o de 21 \u00f3rg\u00e3os federais.<\/p>\n\n\n\n<p>Entre eles, destacam-se a Advocacia Geral da Uni\u00e3o (AGU), ANEEL, Funai, IBGE, INCRA, MAPA, MCTI, Minist\u00e9rio da Sa\u00fade, INEP, MGI, Minist\u00e9rio da Cultura, Minist\u00e9rio da Justi\u00e7a, MDIC, Minist\u00e9rio do Planejamento e Or\u00e7amento, PREVIC, ANS, ANTAQ, Minist\u00e9rio do Trabalho e Emprego (MTE) e Minist\u00e9rio dos Povos Ind\u00edgenas.<\/p>\n\n\n\n<p>Essas institui\u00e7\u00f5es ofereceram uma ampla gama de vagas em diversas especialidades, abrangendo \u00e1reas como infraestrutura, tecnologia, regula\u00e7\u00e3o, sa\u00fade, educa\u00e7\u00e3o, pol\u00edticas p\u00fablicas e gest\u00e3o governamental, com oportunidades em diferentes n\u00edveis de forma\u00e7\u00e3o e remunera\u00e7\u00e3o.<\/p>\n\n\n\n<p>O registro foi de 2.114.145 inscri\u00e7\u00f5es, mas apenas\u00a0970.037\u00a0candidatos realizaram a prova, resultando em uma absten\u00e7\u00e3o de 54,12%.<\/p>\n\n\n\n<p>O concurso foi composto por tr\u00eas etapas:<\/p>\n\n\n\n<ul class=\"wp-block-list\"><li>A primeira etapa foi uma <a href=\"https:\/\/www.novaconcursos.com.br\/apostila\/cnu-prep-comum-todos-blocos\">prova<\/a> objetiva (eliminat\u00f3ria e classificat\u00f3ria), uma reda\u00e7\u00e3o (para n\u00edvel m\u00e9dio) ou prova discursiva (para n\u00edvel superior), e a per\u00edcia m\u00e9dica para candidatos com defici\u00eancia, al\u00e9m da verifica\u00e7\u00e3o da condi\u00e7\u00e3o de candidatos negros e ind\u00edgenas. <\/li>\n\n\n\n<li>A segunda etapa \u00e9 a avalia\u00e7\u00e3o de t\u00edtulos, de car\u00e1ter classificat\u00f3rio. <\/li>\n\n\n\n<li>A terceira etapa \u00e9 o curso de forma\u00e7\u00e3o, que \u00e9 classificat\u00f3rio e eliminat\u00f3rio.<\/li>\n<\/ul><div class=\"nova-continue-reading\">Leia tamb\u00e9m: <a href=\"https:\/\/www.novaconcursos.com.br\/portal\/concursos-abertos\/\">concursos abertos no pa\u00eds<\/a><\/div>\n\n\n\n<figure class=\"wp-block-embed is-type-video is-provider-youtube wp-block-embed-youtube wp-embed-aspect-16-9 wp-has-aspect-ratio\"><div class=\"wp-block-embed__wrapper\">\n<iframe loading=\"lazy\" title=\"Concurso Nacional Unificado 2025 - Divulgadas novas informa\u00e7\u00f5es sobre a 2\u00b0 edi\u00e7\u00e3o do CNU! VEJA!\" width=\"500\" height=\"281\" src=\"https:\/\/www.youtube.com\/embed\/0wUkVf2cXdU?feature=oembed\" frameborder=\"0\" allow=\"accelerometer; autoplay; clipboard-write; encrypted-media; gyroscope; picture-in-picture; web-share\" referrerpolicy=\"strict-origin-when-cross-origin\" allowfullscreen><\/iframe>\n<\/div><\/figure>","protected":false},"excerpt":{"rendered":"<p>O CNU que ofereceu mais de 7 mil vagas para todo o pa\u00eds, est\u00e1 passando pelas \u00faltimas etapas para a publica\u00e7\u00e3o do resultado final.<\/p>\n","protected":false},"author":54692,"featured_media":268177,"comment_status":"closed","ping_status":"closed","sticky":false,"template":"","format":"standard","meta":{"_acf_changed":false,"footnotes":"","_wp_rev_ctl_limit":""},"categories":[228,44978,44939,44994,44942,44997,44944,44947,44946,44996,44943,44941,44945,44940],"tags":[44924,45003],"class_list":["post-268121","post","type-post","status-publish","format-standard","has-post-thumbnail","hentry","category-noticias","category-nacional","category-carreira-administrativa","category-carreira-ambiental","category-carreira-bancaria","category-carreira-ti","category-carreira-educacao","category-carreira-fiscal","category-carreira-juridica","category-carreira-legislativa","category-carreira-militar","category-carreira-policial","category-carreira-saude","category-carreira-tribunais","tag-concurso-cnu","tag-concursos-abertos-nacional"],"acf":[],"_links":{"self":[{"href":"https:\/\/www.novaconcursos.com.br\/portal\/wp-json\/wp\/v2\/posts\/268121","targetHints":{"allow":["GET"]}}],"collection":[{"href":"https:\/\/www.novaconcursos.com.br\/portal\/wp-json\/wp\/v2\/posts"}],"about":[{"href":"https:\/\/www.novaconcursos.com.br\/portal\/wp-json\/wp\/v2\/types\/post"}],"author":[{"embeddable":true,"href":"https:\/\/www.novaconcursos.com.br\/portal\/wp-json\/wp\/v2\/users\/54692"}],"replies":[{"embeddable":true,"href":"https:\/\/www.novaconcursos.com.br\/portal\/wp-json\/wp\/v2\/comments?post=268121"}],"version-history":[{"count":12,"href":"https:\/\/www.novaconcursos.com.br\/portal\/wp-json\/wp\/v2\/posts\/268121\/revisions"}],"predecessor-version":[{"id":268202,"href":"https:\/\/www.novaconcursos.com.br\/portal\/wp-json\/wp\/v2\/posts\/268121\/revisions\/268202"}],"wp:featuredmedia":[{"embeddable":true,"href":"https:\/\/www.novaconcursos.com.br\/portal\/wp-json\/wp\/v2\/media\/268177"}],"wp:attachment":[{"href":"https:\/\/www.novaconcursos.com.br\/portal\/wp-json\/wp\/v2\/media?parent=268121"}],"wp:term":[{"taxonomy":"category","embeddable":true,"href":"https:\/\/www.novaconcursos.com.br\/portal\/wp-json\/wp\/v2\/categories?post=268121"},{"taxonomy":"post_tag","embeddable":true,"href":"https:\/\/www.novaconcursos.com.br\/portal\/wp-json\/wp\/v2\/tags?post=268121"}],"curies":[{"name":"wp","href":"https:\/\/api.w.org\/{rel}","templated":true}]}}