{"id":268176,"date":"2025-01-08T12:17:11","date_gmt":"2025-01-08T15:17:11","guid":{"rendered":"https:\/\/www.novaconcursos.com.br\/portal\/?p=268176"},"modified":"2025-01-09T15:35:51","modified_gmt":"2025-01-09T18:35:51","slug":"concursos-federais-mp-cargos-criados","status":"publish","type":"post","link":"https:\/\/www.novaconcursos.com.br\/portal\/noticias\/concursos-federais-mp-cargos-criados\/","title":{"rendered":"Concursos Federais: MP cria 2,7 mil cargos para provimento!"},"content":{"rendered":"<p>Os primeiros dias de 2025 chegam com excelentes novidades para quem sonha com a <strong>nomea\u00e7\u00e3o<\/strong> como servidor p\u00fablico, \u00e9 a<em> cria\u00e7\u00e3o de 2.785 cargos<\/em> para provimento em <a href=\"https:\/\/www.novaconcursos.com.br\/portal\/concursos\/cnu\/\">Concursos federais. <\/a><\/p>\n\n\n\n<p>A institui\u00e7\u00e3o dos cargos consta em <strong>Medida Provis\u00f3ria (MP), n\u00ba 1.286, <\/strong>publicada em 31 de dezembro de 2024 e assinada pelo presidente da rep\u00fablica, Luiz In\u00e1cio Lula da Silva. <\/p>\n\n\n\n<p>De acordo com a a Ministra da Gest\u00e3o e Inova\u00e7\u00e3o em Servi\u00e7os P\u00fablicos, Esther Dweck:<em>\u201cEstamos adequando os cargos obsoletos transformando em cargos mais \u00fateis, importantes para essa nova etapa do Estado brasileiro. O nosso objetivo \u00e9 ter um governo eficiente e um pa\u00eds justo\u201d<\/em>. <\/p>\n\n\n\n<blockquote class=\"wp-block-quote is-layout-flow wp-block-quote-is-layout-flow\">\n<p>No mais, Dweck destaca que todos esses cargos transformados ser\u00e3o preenchidos por <mark style=\"background-color:#8ed1fc\" class=\"has-inline-color\">concurso p\u00fablico.<\/mark> Continue nessa p\u00e1gina e confira quais s\u00e3o os cargos e a previs\u00e3o de lan\u00e7amento dos editais. A sua hora chegou! <\/p>\n<\/blockquote>\n\n\n\n<h2 class=\"wp-block-heading\" id=\"concursos-federais-quais-so-os-cargos-criados-\">Concursos federais: quais s\u00e3o os cargos criados? <\/h2>\n\n\n\n<p>Em edi\u00e7\u00e3o extra do Di\u00e1rio Oficial da Uni\u00e3o (DOU), o governo federal publicou no dia (31\/12), uma MP que fortalece uma nova etapa do projeto de <em>Transforma\u00e7\u00e3o do Estado,<\/em> associado \u00e0 gest\u00e3o de pessoas. <\/p>\n\n\n\n<p>Dentre diversos pontos, a <a href=\"https:\/\/www.planalto.gov.br\/ccivil_03\/_ato2023-2026\/2024\/mpv\/mpv1286.htm\" target=\"_blank\" rel=\"noopener\">medida provis\u00f3ria<\/a> prev\u00ea as seguintes modifica\u00e7\u00f5es, referente a <strong>acordos firmados<\/strong> ao longo do ano: <\/p>\n\n\n\n<ul class=\"wp-block-list\"><li>Reestrutura\u00e7\u00e3o das remunera\u00e7\u00f5es, garantindo reajustes para 100% dos servidores em 2025 e 2026. <\/li>\n\n\n\n<li>Tranforma\u00e7\u00e3o de cargos obsoletos com a cria\u00e7\u00e3o de duas carreiras transversais. A maior parte das novas vagas transformadas ser\u00e1 destinada \u00e0 educa\u00e7\u00e3o, com foco especial na <mark style=\"background-color:#8ed1fc\" class=\"has-inline-color\">cria\u00e7\u00e3o de novos institutos federais (IF). <\/mark><\/li>\n\n\n\n<li>Introdu\u00e7\u00e3o de mecanismos inovadores para avalia\u00e7\u00e3o de desempenho e progress\u00e3o na carreira.<\/li>\n<\/ul><p>Os mais de dois mil cargos\/carreiras previstos na medida provis\u00f3ria, est\u00e3o ordenados da seguintes forma: <\/p>\n\n\n\n<ul class=\"wp-block-list\"><li>Analista de Tecnologia da Informa\u00e7\u00e3o: 450 vagas<\/li>\n\n\n\n<li>Analista de Infraestrutura: 150<\/li>\n\n\n\n<li>Analista T\u00e9cnico-Administrativo: 500<\/li>\n\n\n\n<li>Diplomacia:<strong> <\/strong>155<\/li>\n\n\n\n<li>Minist\u00e9rio do Turismo: 30<\/li>\n\n\n\n<li>Analista T\u00e9cnico de Justi\u00e7a e Defesa:<strong> <\/strong>750<\/li>\n\n\n\n<li>Analista T\u00e9cnico de Desenvolvimento Socioecon\u00f4mico<strong>:<\/strong> 750 vagas.<\/li>\n<\/ul><p>A\u00a0cria\u00e7\u00e3o da carreira de<strong> Desenvolvimento das Pol\u00edticas de Justi\u00e7a e Defesa\u00a0<\/strong>marca uma inova\u00e7\u00e3o na seguran\u00e7a p\u00fablica.\u00a0<\/p>\n\n\n\n<blockquote class=\"wp-block-quote is-layout-flow wp-block-quote-is-layout-flow\">\n<p><em>\u201cEssa \u00e9 a primeira vez que vamos ter uma carreira estruturada e civil para o Minist\u00e9rio da Defesa. Trabalhamos muito na proposta dessa nova carreira e a decis\u00e3o \u00e9 que n\u00e3o seja uma carreira exclusiva do Minist\u00e9rio da Defesa e sim uma carreira que possa atuar em outros minist\u00e9rios\u201d,<\/em>\u00a0afirmou Esther\u00a0Dweck, Ministra do MGI. <\/p>\n\n\n\n<div class=\"nova-continue-reading\">Leia tamb\u00e9m: <a href=\"https:\/\/www.novaconcursos.com.br\/portal\/noticias\/concursos-educacao-anunciado-criacao-de-100-campis-ifs\/\">Anunciado a cria\u00e7\u00e3o de 100 Campi IF\u2019s em todo o pa\u00eds <\/a><\/div>\n\n\n\n<p>Apesar da moderniza\u00e7\u00e3o no setor p\u00fablico prevista na MP, com a cria\u00e7\u00e3o de duas carreiras transversais, que atender\u00e3o diversos \u00f3rg\u00e3os e entidades da administra\u00e7\u00e3o federal,\u00a0o Minist\u00e9rio da Gest\u00e3o e Inova\u00e7\u00e3o, destaca que n\u00e3o h\u00e1 previsibilidade para que os concursos realizem: <\/p>\n\n\n\n<blockquote class=\"wp-block-quote is-layout-flow wp-block-quote-is-layout-flow\">\n<p><em>\u201cNo entanto, ainda n\u00e3o h\u00e1 datas definidas para que esses concursos ocorram, o que depender\u00e1 de um planejamento por parte do MGI em conjunto com os poss\u00edveis \u00f3rg\u00e3os aos quais se destinar\u00e3o as vagas\u201d<\/em>, enfatizou o MGI. <\/p>\n<\/blockquote>\n<\/blockquote>\n\n\n\n<figure class=\"wp-block-image size-large\"><a href=\"https:\/\/www.novaconcursos.com.br\/portal\/wp-content\/uploads\/2025\/01\/congresso-clad_mcamgo_abr_28112024-14-scaled.webp\"><img decoding=\"async\" width=\"1024\" height=\"683\" src=\"https:\/\/www.novaconcursos.com.br\/portal\/wp-content\/uploads\/2025\/01\/congresso-clad_mcamgo_abr_28112024-14-1024x683.webp\" alt=\"\" class=\"wp-image-268305\" loading=\"lazy\" title=\"\" srcset=\"https:\/\/www.novaconcursos.com.br\/portal\/wp-content\/uploads\/2025\/01\/congresso-clad_mcamgo_abr_28112024-14-300x200.webp 300w, https:\/\/www.novaconcursos.com.br\/portal\/wp-content\/uploads\/2025\/01\/congresso-clad_mcamgo_abr_28112024-14-480x320.webp 480w, https:\/\/www.novaconcursos.com.br\/portal\/wp-content\/uploads\/2025\/01\/congresso-clad_mcamgo_abr_28112024-14-768x512.webp 768w, https:\/\/www.novaconcursos.com.br\/portal\/wp-content\/uploads\/2025\/01\/congresso-clad_mcamgo_abr_28112024-14-1024x683.webp 1024w, https:\/\/www.novaconcursos.com.br\/portal\/wp-content\/uploads\/2025\/01\/congresso-clad_mcamgo_abr_28112024-14-1536x1024.webp 1536w, https:\/\/www.novaconcursos.com.br\/portal\/wp-content\/uploads\/2025\/01\/congresso-clad_mcamgo_abr_28112024-14-2048x1365.webp 2048w\" sizes=\"auto, (max-width: 480px) 100vw, (max-width: 768px) 100vw, (max-width: 1200px) 70vw, 768px\"><\/a><figcaption class=\"wp-element-caption\">\u00a0Os detalhes sobre a MP com oportunidades para concursos federais, foram apresentados em coletiva de imprensa pela Ministra Esther\u00a0Dweck. (Foto: Marcelo Camargo\/Ag\u00eancia Brasil) <\/figcaption><\/figure><p><\/p>\n\n\n\n<h3 class=\"wp-block-heading\">Reajuste salarial de servidores em 2025 <\/h3>\n\n\n\n<p>Um dos acordos fechados na Medida Provis\u00f3ria<strong> <\/strong>n\u00ba 1.286, que chamou aten\u00e7\u00e3o dos servidores, \u00e9 referente aos <a href=\"https:\/\/www.novaconcursos.com.br\/portal\/noticias\/concursos-federais-reajuste-salarial\/\">reajustes salariais,<\/a> que ser\u00e3o realizados em duas etapas, <strong>entre janeiro de 2025 e abril de 2026<\/strong>, com percentuais vari\u00e1veis conforme a carreira e o cargo.<\/p>\n\n\n\n<p><\/p>\n\n\n\n<p>Em 2025, o impacto prim\u00e1rio das reestrutura\u00e7\u00f5es ser\u00e1 de R$ 16,2 bilh\u00f5es,  valor j\u00e1 previsto no projeto de or\u00e7amento (PLOA 2025). Para 2026, o montante de impacto prim\u00e1rio referente \u00e0 segunda parcela\u00a0ser\u00e1 menor: R$ 8 bilh\u00f5es. <\/p>\n\n\n\n<p>No mais, a medida garante reajuste salarial para 100% dos servidores ativos, aposentados e pensionistas. <\/p>\n\n\n\n<h2 class=\"wp-block-heading\" id=\"o-que-so-carreiras-transversais-nos-concursos-federais-\">O que s\u00e3o carreiras transversais nos concursos federais? <\/h2>\n\n\n\n<p>Como parte estrat\u00e9gica visando efic\u00e1cia, efici\u00eancia e desenvolvimento profissional, as carreiras transversais s\u00e3o criadas para <strong>atender diversos \u00f3rg\u00e3os e entidades <\/strong>da Administra\u00e7\u00e3o P\u00fablica Federal, em \u00e1reas de gest\u00e3o governamental, formula\u00e7\u00e3o, implementa\u00e7\u00e3o e avalia\u00e7\u00e3o de pol\u00edticas p\u00fablicas. <\/p>\n\n\n\n<p>Assim sendo, a MP cria as carreiras de Analista T\u00e9cnico de Justi\u00e7a e Defesa (ATJD) e Analista T\u00e9cnico de Desenvolvimento Socioecon\u00f4mico (ATDS), com 750 vagas cada. Para ingressar em ambos os cargos, \u00e9 necess\u00e1rio apresentar <strong>diploma de gradua\u00e7\u00e3o de n\u00edvel superior. <\/strong><\/p>\n\n\n\n<p>Atualmente, est\u00e1 autorizado um edital para carreira trasnversal, no cargo de Analista Administrativo (ATA),  para forma\u00e7\u00e3o de cadastro reserva. <\/p>\n\n\n\n<p>O ATA tem ganhos iniciais de R$5.488,70. De acordo com a portaria autorizativa, o edital precisa ser publicado at\u00e9<mark style=\"background-color:#8ed1fc\" class=\"has-inline-color\"> junho de 2025. <\/mark><\/p>\n\n\n\n<div class=\"nova-continue-reading\">Leia tamb\u00e9m: <a href=\"https:\/\/www.novaconcursos.com.br\/portal\/noticias\/concursos-2025\/\">Mais de 57 mil oportunidades em concursos p\u00fablicos para 2025<\/a><\/div>","protected":false},"excerpt":{"rendered":"<p>Dentre os cargos criados na medida provis\u00f3ria, foi institu\u00eddo duas novas carreiras transversais. <\/p>\n","protected":false},"author":54688,"featured_media":268183,"comment_status":"closed","ping_status":"closed","sticky":false,"template":"","format":"standard","meta":{"_acf_changed":false,"footnotes":"","_wp_rev_ctl_limit":""},"categories":[228,44978,44939,44997,44996],"tags":[45054,5205,45031],"class_list":["post-268176","post","type-post","status-publish","format-standard","has-post-thumbnail","hentry","category-noticias","category-nacional","category-carreira-administrativa","category-carreira-ti","category-carreira-legislativa","tag-carreira-transversal","tag-concursos-federais","tag-concursos-abertos-nacionais"],"acf":[],"_links":{"self":[{"href":"https:\/\/www.novaconcursos.com.br\/portal\/wp-json\/wp\/v2\/posts\/268176","targetHints":{"allow":["GET"]}}],"collection":[{"href":"https:\/\/www.novaconcursos.com.br\/portal\/wp-json\/wp\/v2\/posts"}],"about":[{"href":"https:\/\/www.novaconcursos.com.br\/portal\/wp-json\/wp\/v2\/types\/post"}],"author":[{"embeddable":true,"href":"https:\/\/www.novaconcursos.com.br\/portal\/wp-json\/wp\/v2\/users\/54688"}],"replies":[{"embeddable":true,"href":"https:\/\/www.novaconcursos.com.br\/portal\/wp-json\/wp\/v2\/comments?post=268176"}],"version-history":[{"count":55,"href":"https:\/\/www.novaconcursos.com.br\/portal\/wp-json\/wp\/v2\/posts\/268176\/revisions"}],"predecessor-version":[{"id":268626,"href":"https:\/\/www.novaconcursos.com.br\/portal\/wp-json\/wp\/v2\/posts\/268176\/revisions\/268626"}],"wp:featuredmedia":[{"embeddable":true,"href":"https:\/\/www.novaconcursos.com.br\/portal\/wp-json\/wp\/v2\/media\/268183"}],"wp:attachment":[{"href":"https:\/\/www.novaconcursos.com.br\/portal\/wp-json\/wp\/v2\/media?parent=268176"}],"wp:term":[{"taxonomy":"category","embeddable":true,"href":"https:\/\/www.novaconcursos.com.br\/portal\/wp-json\/wp\/v2\/categories?post=268176"},{"taxonomy":"post_tag","embeddable":true,"href":"https:\/\/www.novaconcursos.com.br\/portal\/wp-json\/wp\/v2\/tags?post=268176"}],"curies":[{"name":"wp","href":"https:\/\/api.w.org\/{rel}","templated":true}]}}