{"id":268281,"date":"2025-01-08T13:13:13","date_gmt":"2025-01-08T16:13:13","guid":{"rendered":"https:\/\/www.novaconcursos.com.br\/portal\/?p=268281"},"modified":"2025-01-08T13:18:53","modified_gmt":"2025-01-08T16:18:53","slug":"concurso-policia-federal-em-analise","status":"publish","type":"post","link":"https:\/\/www.novaconcursos.com.br\/portal\/noticias\/concurso-policia-federal-em-analise\/","title":{"rendered":"Concurso Pol\u00edcia Federal: novo edital em an\u00e1lise no MPO!"},"content":{"rendered":"<p>O edital do concurso Pol\u00edcia Federal, tanto para as carreiras de policiais quanto para a \u00e1rea administrativa, <strong>poder\u00e1 ser autorizado em breve<\/strong>. Essa not\u00edcia \u00e9 aguardada com grande expectativa pelos candidatos interessados em ingressar na corpora\u00e7\u00e3o.<\/p>\n\n\n\n<p>Ao todo a PF e a PRF poder\u00e3o ofertar mais de 7 mil vagas para carreiras de n\u00edveis m\u00e9dio e superior de escolaridade.<\/p>\n\n\n\n<p>O edital do concurso Pol\u00edcia Federal Administrativo foi autorizado com 192 vagas e est\u00e1 previsto para ser publicado at\u00e9 junho de 2025.<\/p>\n\n\n\n<p>Se interessa pelo concurso Pol\u00edcia Federal e quer ficar por dentro de todas as not\u00edcias? Acompanhe a nossa p\u00e1gina e mantenha-se informado!<\/p>\n\n\n\n<h2 class=\"wp-block-heading\" id=\"concurso-polcia-federal-2025-est-em-anlise\">Concurso Pol\u00edcia Federal 2025 est\u00e1 em an\u00e1lise<\/h2>\n\n\n\n<p>O Minist\u00e9rio da Justi\u00e7a e Seguran\u00e7a P\u00fablica (MJSP) divulgou uma nota oficial abordando o andamento das solicita\u00e7\u00f5es or\u00e7ament\u00e1rias para os pr\u00f3ximos concursos da Pol\u00edcia Federal (PF) e da Pol\u00edcia Rodovi\u00e1ria Federal (PRF).<\/p>\n\n\n\n<p>A publica\u00e7\u00e3o dos editais, conforme informado, depende da confirma\u00e7\u00e3o de recursos pelo Minist\u00e9rio do Planejamento e Or\u00e7amento (MPO).<\/p>\n\n\n\n<p>A <a href=\"https:\/\/www.gov.br\/pf\/pt-br\" target=\"_blank\" rel=\"noopener\">Pol\u00edcia Federal<\/a> busca autoriza\u00e7\u00e3o para preencher 2.599 vagas, distribu\u00eddas entre cargos policiais e administrativos. O detalhamento inclui:<\/p>\n\n\n\n<ul class=\"wp-block-list\"><li>1.115 vagas para Agente de Pol\u00edcia Federal;<\/li>\n\n\n\n<li>261 vagas para Delegado;<\/li>\n\n\n\n<li>364 vagas para Escriv\u00e3o;<\/li>\n\n\n\n<li>57 vagas para Perito Criminal;<\/li>\n\n\n\n<li>13 vagas para Papiloscopista;<\/li>\n\n\n\n<li>789 vagas para a \u00e1rea administrativa.<\/li>\n<\/ul><p>O MJSP j\u00e1 havia encaminhado, em maio de 2024, um of\u00edcio ao MPO solicitando a an\u00e1lise da viabilidade or\u00e7ament\u00e1ria para o concurso Pol\u00edcia Federal. No entanto, o ministro Ricardo Lewandowski alertou, em pronunciamento recente, sobre dificuldades na abertura de novos editais devido ao d\u00e9ficit or\u00e7ament\u00e1rio enfrentado pela pasta.<\/p>\n\n\n\n<p>Atualmente, a Pol\u00edcia Federal contabiliza um d\u00e9ficit de 2 mil servidores, o que refor\u00e7a a urg\u00eancia por novas contrata\u00e7\u00f5es.<\/p>\n\n\n\n<h3 class=\"wp-block-heading\">Concurso PRF solicita mais de 5 mil vagas<\/h3>\n\n\n\n<p>No caso da <a href=\"https:\/\/www.gov.br\/prf\/pt-br\" target=\"_blank\" rel=\"noopener\">Pol\u00edcia Rodovi\u00e1ria Federal<\/a>, a solicita\u00e7\u00e3o inicial prev\u00ea 5.137 vagas, sendo:<\/p>\n\n\n\n<ul class=\"wp-block-list\"><li>4.902 vagas para a \u00e1rea policial, como parte da meta de alcan\u00e7ar um efetivo de 18 mil policiais;<\/li>\n\n\n\n<li>235 vagas para Agente Administrativo.<\/li>\n<\/ul><p>Entretanto, o pedido de cria\u00e7\u00e3o dos 4.902 cargos policiais ainda depende de aprova\u00e7\u00e3o legislativa, e a autoriza\u00e7\u00e3o para o preenchimento das 235 vagas administrativas foi negada pelo MPO.<\/p>\n\n\n\n<h2 class=\"wp-block-heading\" id=\"tramitao-no-mpo\">Tramita\u00e7\u00e3o no MPO<\/h2>\n\n\n\n<p>Ambos os pedidos est\u00e3o sob an\u00e1lise do Minist\u00e9rio do Planejamento e Or\u00e7amento, e ainda n\u00e3o h\u00e1 previs\u00e3o para a libera\u00e7\u00e3o dos editais. <\/p>\n\n\n\n<p>A Comiss\u00e3o de Constitui\u00e7\u00e3o e Justi\u00e7a (CCJ) do Senado recentemente aprovou uma proposta que obrigaria a realiza\u00e7\u00e3o de concursos para a PF sempre que 5% dos cargos estiverem vagos, o que pode acelerar futuras sele\u00e7\u00f5es.<\/p>\n\n\n\n<p>O MJSP reafirmou seu compromisso em atender \u00e0s demandas das for\u00e7as de seguran\u00e7a, ressaltando que a autoriza\u00e7\u00e3o para os concursos \u00e9 indispens\u00e1vel para a recomposi\u00e7\u00e3o dos quadros e a manuten\u00e7\u00e3o das atividades essenciais desempenhadas pelas institui\u00e7\u00f5es.<\/p>\n\n\n\n<p>Essa nota refor\u00e7a a expectativa de que, caso haja aprova\u00e7\u00e3o or\u00e7ament\u00e1ria, os editais possam ser publicados em 2025.<\/p>\n\n\n\n<p>Quer ingressar na carreira p\u00fablica?\u00a0<a href=\"https:\/\/www.novaconcursos.com.br\/portal\/concursos-abertos\/\">Confira aqui todos os concursos abertos no pa\u00eds!<\/a><\/p>\n\n\n\n<h2 class=\"wp-block-heading\" id=\"concurso-polcia-federal-administrativo-foi-autorizado\">Concurso Pol\u00edcia Federal Administrativo foi autorizado<\/h2>\n\n\n\n<p>Os preparativos para o aguardado concurso PF da \u00e1rea administrativa j\u00e1 foram iniciados. A corpora\u00e7\u00e3o est\u00e1, neste momento, concentrada em confirmar a disponibilidade or\u00e7ament\u00e1ria, etapa fundamental para o andamento do certame.<\/p>\n\n\n\n<p>Em of\u00edcio divulgado, Regina Alencar, coordenadora-geral substituta de Gest\u00e3o de Pessoas da PF, encaminhou a solicita\u00e7\u00e3o ao coordenador-geral de Gest\u00e3o de Pessoas do Minist\u00e9rio da Justi\u00e7a e Seguran\u00e7a P\u00fablica, Jos\u00e9 de Albuquerque. <\/p>\n\n\n\n<p>O documento tamb\u00e9m solicitou ao ministro da Fazenda, Fernando Haddad, que confirme a disponibilidade or\u00e7ament\u00e1ria para cobrir os custos relacionados ao provimento dos cargos autorizados.<\/p>\n\n\n\n<div class=\"nova-continue-reading\"> Leia tamb\u00e9m: <a href=\"https:\/\/www.novaconcursos.com.br\/portal\/noticias\/concurso-pf-administrativo-movimentacoes-iniciais\/\">Concurso PF Administrativo: \u00f3rg\u00e3o pede confirma\u00e7\u00e3o de recursos or\u00e7ament\u00e1rios!<\/a> <\/div>\n\n\n\n<p>De acordo com o of\u00edcio, somente ap\u00f3s a confirma\u00e7\u00e3o da exist\u00eancia de recursos, ser\u00e1 poss\u00edvel avan\u00e7ar com as pr\u00f3ximas etapas do concurso Pol\u00edcia Federal. <\/p>\n\n\n\n<figure class=\"wp-block-pullquote\"><blockquote><p><em>\u201cImperioso pontuar que somente a posse do referido documento \u00e9 condi\u00e7\u00e3o sine qua non para que haja a publica\u00e7\u00e3o de atos vindouros pelo diretor-geral da Pol\u00edcia Federal dando impulso \u00e0 realiza\u00e7\u00e3o do concurso p\u00fablico e determinando ao DGP\/PF a sua execu\u00e7\u00e3o\u201d<\/em>, destaca o texto.<\/p><\/blockquote><\/figure><p><em>Ap\u00f3s a confirma\u00e7\u00e3o or\u00e7ament\u00e1ria, o pr\u00f3ximo passo ser\u00e1 a forma\u00e7\u00e3o de uma comiss\u00e3o de servidores<\/em>. Esse grupo ser\u00e1 respons\u00e1vel por elaborar o edital e apoiar a sele\u00e7\u00e3o da banca organizadora, que ter\u00e1 a fun\u00e7\u00e3o de gerenciar as inscri\u00e7\u00f5es e aplicar as provas. <\/p>\n\n\n\n<p>Somente ap\u00f3s a contrata\u00e7\u00e3o da banca organizadora, o edital do concurso Pol\u00edcia Federal Administrativo poder\u00e1 ser finalizado e publicado.<\/p>\n\n\n\n<div class=\"nova-continue-reading\"> Leia tamb\u00e9m: <a href=\"https:\/\/www.novaconcursos.com.br\/portal\/noticias\/concurso-pf-administrativo-aval\/\">Concurso PF Administrativo tem edital autorizado com 192 vagas!<\/a> <\/div>\n\n\n\n<h3 class=\"wp-block-heading\">Concurso Nacional Unificado em 2025<\/h3>\n\n\n\n<p>Paralelamente, o Governo Federal planeja realizar a segunda edi\u00e7\u00e3o do CNU em 2025. O Minist\u00e9rio da Gest\u00e3o e Inova\u00e7\u00e3o (MGI) em Servi\u00e7os P\u00fablicos j\u00e1 iniciou contatos com \u00f3rg\u00e3os que receberam autoriza\u00e7\u00e3o para concursos, a fim de avaliar o interesse em participar da nova edi\u00e7\u00e3o do CNU. <\/p>\n\n\n\n<p>A Pol\u00edcia Federal, embora ainda n\u00e3o tenha se manifestado sobre sua participa\u00e7\u00e3o, pode ser convidada a integrar a iniciativa.<\/p>\n\n\n\n<figure class=\"wp-block-embed is-type-video is-provider-youtube wp-block-embed-youtube wp-embed-aspect-16-9 wp-has-aspect-ratio\"><div class=\"wp-block-embed__wrapper\">\n<iframe loading=\"lazy\" title=\"CONCURSO PF ADMINISTRATIVO AUTORIZADO COM 192 VAGAS \u2705\" width=\"500\" height=\"281\" src=\"https:\/\/www.youtube.com\/embed\/wXMupMUUOiU?feature=oembed\" frameborder=\"0\" allow=\"accelerometer; autoplay; clipboard-write; encrypted-media; gyroscope; picture-in-picture; web-share\" referrerpolicy=\"strict-origin-when-cross-origin\" allowfullscreen><\/iframe>\n<\/div><\/figure><p><strong>Fiquem ligados na nossa p\u00e1gina para as pr\u00f3ximas not\u00edcias sobre o concurso Pol\u00edcia Federal!<\/strong><\/p>","protected":false},"excerpt":{"rendered":"<p>O edital do concurso Pol\u00edcia Federal, tanto para as carreiras de policiais quanto para a \u00e1rea administrativa, poder\u00e1 ser autorizado em breve. Essa not\u00edcia \u00e9 aguardada com grande expectativa pelos candidatos interessados em ingressar na corpora\u00e7\u00e3o. Ao todo a PF e a PRF poder\u00e3o ofertar mais de 7 mil vagas para carreiras de n\u00edveis m\u00e9dio [&hellip;]<\/p>\n","protected":false},"author":54687,"featured_media":268295,"comment_status":"closed","ping_status":"closed","sticky":false,"template":"","format":"standard","meta":{"_acf_changed":false,"footnotes":"","_wp_rev_ctl_limit":""},"categories":[228,44978,44941],"tags":[197,45031],"class_list":["post-268281","post","type-post","status-publish","format-standard","has-post-thumbnail","hentry","category-noticias","category-nacional","category-carreira-policial","tag-concurso-policia-federal","tag-concursos-abertos-nacionais"],"acf":[],"_links":{"self":[{"href":"https:\/\/www.novaconcursos.com.br\/portal\/wp-json\/wp\/v2\/posts\/268281","targetHints":{"allow":["GET"]}}],"collection":[{"href":"https:\/\/www.novaconcursos.com.br\/portal\/wp-json\/wp\/v2\/posts"}],"about":[{"href":"https:\/\/www.novaconcursos.com.br\/portal\/wp-json\/wp\/v2\/types\/post"}],"author":[{"embeddable":true,"href":"https:\/\/www.novaconcursos.com.br\/portal\/wp-json\/wp\/v2\/users\/54687"}],"replies":[{"embeddable":true,"href":"https:\/\/www.novaconcursos.com.br\/portal\/wp-json\/wp\/v2\/comments?post=268281"}],"version-history":[{"count":5,"href":"https:\/\/www.novaconcursos.com.br\/portal\/wp-json\/wp\/v2\/posts\/268281\/revisions"}],"predecessor-version":[{"id":268368,"href":"https:\/\/www.novaconcursos.com.br\/portal\/wp-json\/wp\/v2\/posts\/268281\/revisions\/268368"}],"wp:featuredmedia":[{"embeddable":true,"href":"https:\/\/www.novaconcursos.com.br\/portal\/wp-json\/wp\/v2\/media\/268295"}],"wp:attachment":[{"href":"https:\/\/www.novaconcursos.com.br\/portal\/wp-json\/wp\/v2\/media?parent=268281"}],"wp:term":[{"taxonomy":"category","embeddable":true,"href":"https:\/\/www.novaconcursos.com.br\/portal\/wp-json\/wp\/v2\/categories?post=268281"},{"taxonomy":"post_tag","embeddable":true,"href":"https:\/\/www.novaconcursos.com.br\/portal\/wp-json\/wp\/v2\/tags?post=268281"}],"curies":[{"name":"wp","href":"https:\/\/api.w.org\/{rel}","templated":true}]}}