{"id":269029,"date":"2025-01-14T12:39:34","date_gmt":"2025-01-14T15:39:34","guid":{"rendered":"https:\/\/www.novaconcursos.com.br\/portal\/?p=269029"},"modified":"2025-12-29T11:18:09","modified_gmt":"2025-12-29T14:18:09","slug":"concurso-pf-administrativo-100-vagas-autorizadas","status":"publish","type":"post","link":"https:\/\/www.novaconcursos.com.br\/portal\/noticias\/concurso-pf-administrativo-100-vagas-autorizadas\/","title":{"rendered":"Concurso PF Administrativo tem 100 vagas autorizadas de n\u00edvel m\u00e9dio!"},"content":{"rendered":"<p>O <a href=\"https:\/\/www.novaconcursos.com.br\/portal\/concursos\/pf-administrativo\/\">Concurso PF Administrativo<\/a> est\u00e1 com <strong>100 vagas de n\u00edvel m\u00e9dio autorizadas!<\/strong><\/p>\n\n\n\n<p>O total de vagas a serem ofertadas ser\u00e1 de 192 vagas, sendo 100 oportunidades para n\u00edvel m\u00e9dio e 92 para n\u00edvel superior, com iniciais de at\u00e9 R$8 mil. Este ser\u00e1 um dos melhores concursos para n\u00edvel m\u00e9dio de 2025.<\/p>\n\n\n\n<p>Segundo a ministra da Gest\u00e3o e Inova\u00e7\u00e3o em Servi\u00e7os P\u00fablicos, Esther Dweck, a publica\u00e7\u00e3o do edital de abertura deve acontecer at\u00e9 maio deste ano.<\/p>\n\n\n\n<p>Continue comigo para saber tudo sobre o Concurso PF Administrativo.<\/p>\n\n\n\n<h2 class=\"wp-block-heading\" id=\"concurso-pf-administrativo-ter-100-vagas-de-nvel-mdio\">Concurso PF Administrativo ter\u00e1 100 vagas de n\u00edvel m\u00e9dio<\/h2>\n\n\n\n<p>De acordo com a Pol\u00edcia Federal, os procedimentos preparat\u00f3rios para a realiza\u00e7\u00e3o do Concurso PF Administrativo j\u00e1 foram iniciados e a previs\u00e3o \u00e9 de que at\u00e9 maio, o edital seja publicado.<\/p>\n\n\n\n<p>O prazo m\u00ednimo entre a publica\u00e7\u00e3o do edital e a realiza\u00e7\u00e3o da primeira prova ser\u00e1 de dois meses, portanto, a expectativa \u00e9 que as provas se iniciem no m\u00eas de julho.<\/p>\n\n\n\n<p>Al\u00e9m das 100 vagas de n\u00edvel m\u00e9dio, 92 vagas de n\u00edvel superior foram autorizadas.<\/p>\n\n\n\n<h2 class=\"wp-block-heading\" id=\"cargos-do-concurso-pf-administrativo\">Cargos do Concurso PF Administrativo<\/h2>\n\n\n\n<p>A autoriza\u00e7\u00e3o do Minist\u00e9rio da Gest\u00e3o e Inova\u00e7\u00e3o em Servi\u00e7os P\u00fablico visa o preenchimento de 192 vagas na Policia Federal, sendo 100 oportunidades para Agente Administrativo e 92 para cargos de n\u00edvel superior.<\/p>\n\n\n\n<h3 class=\"wp-block-heading\">Qual o sal\u00e1rio do Agente Administrativo da PF?<\/h3>\n\n\n\n<p>O sal\u00e1rio do Agente Administrativo da PF \u00e9 de R$5.173,31 inicialmente. Al\u00e9m de R$1000 para aux\u00edlio-alimenta\u00e7\u00e3o.<\/p>\n\n\n\n<h3 class=\"wp-block-heading\">Quantas horas trabalha o Agente Administrativo da PF?<\/h3>\n\n\n\n<p>O Agente Administrativo da Pol\u00edcia Federal ter\u00e1 uma jornada de trabalho de 40 horas semanais, conforme exigido para o cargo, com hor\u00e1rios que podem ser ajustados conforme as necessidades da institui\u00e7\u00e3o.<\/p>\n\n\n\n<figure class=\"wp-block-image size-large\"><img decoding=\"async\" width=\"1024\" height=\"683\" src=\"https:\/\/www.novaconcursos.com.br\/portal\/wp-content\/uploads\/2025\/01\/pf-1-1024x683.webp\" alt=\"Lugar a onde os aprovados no Concurso PF Administrativo ir\u00e3o trabalhar.\" class=\"wp-image-269133\" loading=\"lazy\" title=\"\" srcset=\"https:\/\/www.novaconcursos.com.br\/portal\/wp-content\/uploads\/2025\/01\/pf-1-300x200.webp 300w, https:\/\/www.novaconcursos.com.br\/portal\/wp-content\/uploads\/2025\/01\/pf-1-480x320.webp 480w, https:\/\/www.novaconcursos.com.br\/portal\/wp-content\/uploads\/2025\/01\/pf-1-768x512.webp 768w, https:\/\/www.novaconcursos.com.br\/portal\/wp-content\/uploads\/2025\/01\/pf-1-1024x683.webp 1024w, https:\/\/www.novaconcursos.com.br\/portal\/wp-content\/uploads\/2025\/01\/pf-1.webp 1200w\" sizes=\"auto, (max-width: 480px) 100vw, (max-width: 768px) 100vw, (max-width: 1200px) 70vw, 768px\"><figcaption><\/figcaption><\/figure><h2 class=\"wp-block-heading\" id=\"o-que-preciso-para-ser-um-agente-administrativo-da-pf\">O que \u00e9 preciso para ser um Agente Administrativo da PF?<\/h2>\n\n\n\n<p>Para ser um Agente Administrativo da PF \u00e9 necess\u00e1rio ter conclu\u00eddo o ensino m\u00e9dio, ter no min\u00edmo 18 anos, ter sido aprovado no concurso, ser brasileiro ou portugu\u00eas (com direitos pol\u00edticos garantidos), estar em gozo dos direitos pol\u00edticos, estar quite com as obriga\u00e7\u00f5es militares (para candidatos do sexo masculino) e eleitorais, e possuir aptid\u00e3o f\u00edsica e mental para o cargo.<\/p>\n\n\n\n<p>O candidato tamb\u00e9m deve declarar que n\u00e3o est\u00e1 cumprindo san\u00e7\u00e3o por inidoneidade e que, se aprovado, entregar\u00e1 os documentos comprobat\u00f3rios dos requisitos exigidos no momento da posse.<\/p>\n\n\n\n<h2 class=\"wp-block-heading\" id=\"qual-a-funo-do-agente-administrativo-da-polcia-federal\">Qual \u00e9 a fun\u00e7\u00e3o do Agente Administrativo da Pol\u00edcia Federal?<\/h2>\n\n\n\n<p>O <strong>Agente Administrativo da Pol\u00edcia Federal<\/strong> tem a fun\u00e7\u00e3o de solucionar problemas e interagir com autoridades de m\u00e9dia hierarquia e t\u00e9cnicos especializados. Ele realiza tarefas de planejamento e pesquisas sob supervis\u00e3o, garantindo a implementa\u00e7\u00e3o de leis e normas administrativas. <\/p>\n\n\n\n<p>Al\u00e9m disso, supervisiona equipes que lidam com pessoal, or\u00e7amento, organiza\u00e7\u00e3o e materiais, e tamb\u00e9m exerce fun\u00e7\u00f5es de chefia em secretarias de unidades importantes da corpora\u00e7\u00e3o.<\/p>\n\n\n\n<h2 class=\"wp-block-heading\" id=\"o-agente-administrativo-da-pf-tem-porte-de-arma\">O Agente Administrativo da PF tem porte de arma?<\/h2>\n\n\n\n<p>N\u00e3o. O Agente Administrativo da PF n\u00e3o tem porte de arma como prerrogativa de sua fun\u00e7\u00e3o. O porte de arma \u00e9 exclusivo para servidores da \u00e1rea policial, como Agentes, Escriv\u00e3es e Delegados. <\/p>\n\n\n\n<p>No entanto, \u00e9 poss\u00edvel solicitar o porte de arma como qualquer cidad\u00e3o. A fim de solicitar o porte de arma, \u00e9 necess\u00e1rio que o indiv\u00edduo cumpra os crit\u00e9rios estabelecidos no Estatuto do Desarmamento (Lei n\u00ba 10.826\/2003). Esses crit\u00e9rios incluem: ter no m\u00ednimo 25 anos de idade; demonstrar conduta \u00edntegra; comprovar resid\u00eancia e ocupa\u00e7\u00e3o legal; demonstrar habilidade t\u00e9cnica e capacidade psicol\u00f3gica para o manuseio de arma.<\/p>\n\n\n\n<div class=\"nova-continue-reading\">Leia tamb\u00e9m: <a href=\"https:\/\/www.novaconcursos.com.br\/portal\/carreira-policial\/\">concursos abertos para carreira policial<\/a><\/div>\n\n\n\n<h2 class=\"wp-block-heading\" id=\"como-a-prova-da-pf-administrativo\">Como \u00e9 a prova da PF administrativo?<\/h2>\n\n\n\n<p>O concurso da PF administrativo exigir\u00e1 conhecimentos em diversas disciplinas. Os principais conte\u00fados cobrados s\u00e3o:<\/p>\n\n\n\n<ul class=\"wp-block-list\"><li><strong>L\u00edngua Portuguesa<\/strong>: interpreta\u00e7\u00e3o de textos e regras gramaticais.<\/li>\n\n\n\n<li><strong>Inform\u00e1tica<\/strong>: uso de sistemas operacionais, programas de edi\u00e7\u00e3o de texto, planilhas, e navega\u00e7\u00e3o na internet.<\/li>\n\n\n\n<li><strong>Racioc\u00ednio L\u00f3gico<\/strong>: resolu\u00e7\u00e3o de problemas envolvendo sequ\u00eancias num\u00e9ricas e racioc\u00ednio dedutivo.<\/li>\n\n\n\n<li><strong>Atualidades<\/strong>: conhecimentos sobre eventos recentes no Brasil e no mundo.<\/li>\n\n\n\n<li><strong>Direito Administrativo<\/strong>: normas sobre a Administra\u00e7\u00e3o P\u00fablica, licita\u00e7\u00f5es, contratos, e deveres dos servidores.<\/li>\n\n\n\n<li><strong>Direito Constitucional<\/strong>: princ\u00edpios da Constitui\u00e7\u00e3o Brasileira, direitos fundamentais e organiza\u00e7\u00e3o do Estado.<\/li>\n\n\n\n<li><strong>Administra\u00e7\u00e3o P\u00fablica<\/strong>: modelos, princ\u00edpios e organiza\u00e7\u00e3o da gest\u00e3o p\u00fablica.<\/li>\n\n\n\n<li><strong>Legisla\u00e7\u00e3o Aplicada \u00e0 Pol\u00edcia Federal<\/strong>: normas espec\u00edficas da institui\u00e7\u00e3o.<\/li>\n<\/ul><h2 class=\"wp-block-heading\" id=\"como-foi-o-ltimo-concurso-pf-administrativo\">Como foi o \u00faltimo Concurso PF Administrativo?<\/h2>\n\n\n\n<p>O \u00faltimo Concurso PF Administrativo ocorreu em 2013. A oferta era de 566 vagas, sendo 534 vagas de n\u00edvel m\u00e9dio para agente administrativo e 32 vagas para diferentes cargos de n\u00edvel superior.<\/p>\n\n\n\n<p>A banca organizadora foi o <a href=\"https:\/\/www.cebraspe.org.br\/concursos\/\" target=\"_blank\" rel=\"noopener\">Cebraspe,<\/a> portanto, o modelo da prova era do tipo \u201ccerto\u201d ou \u201cerrado\u201d. Ent\u00e3o, era 1 ponto positivo, caso a resposta do candidato estivesse em concord\u00e2ncia com o gabarito oficial, 1 ponto negativo, se a resposta tivesse incorreta e 0 pontos se n\u00e3o houvesse marca\u00e7\u00e3o.<\/p>\n\n\n\n<p>Para o cargo de agente administrativo,\u00a0n\u00e3o foi exigido teste f\u00edsico, o que tornou o concurso ainda mais acess\u00edvel aos candidatos.<\/p>\n\n\n\n<p>Os candidatos foram submetidos a uma prova objetiva composta por 50 quest\u00f5es na \u00e1rea de Conhecimentos B\u00e1sicos e 70 quest\u00f5es em Conhecimentos Espec\u00edficos.<\/p>\n\n\n\n<p>Foi reprovado na prova objetiva e eliminado do Concurso PF Administrativo 2013 o candidato que se enquadrou em pelo menos um crit\u00e9rio:<\/p>\n\n\n\n<ul class=\"wp-block-list\"><li>nota inferior a 10 pontos na prova objetiva de Conhecimentos B\u00e1sicos.<\/li>\n\n\n\n<li>nota inferior a 21 pontos na prova objetiva de Conhecimentos Espec\u00edficos.<\/li>\n\n\n\n<li>nota inferior a 36 pontos no conjunto das provas objetivas.<\/li>\n<\/ul><p>A prova objetiva do Concurso PF agente administrativo contou com as seguintes \u00e1reas de conhecimento: Os conhecimentos b\u00e1sicos sobre l\u00edngua portuguesa, no\u00e7\u00f5es de inform\u00e1tica, racioc\u00ednio l\u00f3gico, atualidades, no\u00e7\u00f5es de direito administrativo e no\u00e7\u00f5es de direito constitucional. <\/p>\n\n\n\n<p>Al\u00e9m, dos conhecimentos espec\u00edficos que abordaram no\u00e7\u00f5es de administra\u00e7\u00e3o p\u00fablica, no\u00e7\u00f5es de administra\u00e7\u00e3o financeira e or\u00e7ament\u00e1ria, no\u00e7\u00f5es de gest\u00e3o de pessoas nas organiza\u00e7\u00f5es, no\u00e7\u00f5es de arquivologia, no\u00e7\u00f5es de administra\u00e7\u00e3o de recursos materiais e legisla\u00e7\u00e3o aplicada \u00e0 pol\u00edcia federal.<\/p>\n\n\n\n<p>Em 2013, cerca de 324.397 candidatos participaram do concurso.<\/p>\n\n\n\n<p>Se voc\u00ea busca um emprego est\u00e1vel e um \u00f3timo sal\u00e1rio, o Concurso PF Administrativo \u00e9 ideal para voc\u00ea. N\u00e3o perca seu tempo e comece a estudar antes da publica\u00e7\u00e3o do edital, assim, voc\u00ea estar\u00e1 bem mais a frente do que os demais concorrentes. A Nova Concursos, pode te ajudar!<\/p>\n\n\n\n<p>Se voc\u00ea n\u00e3o tem ideia de como come\u00e7ar a estudar, n\u00f3s preparamos um <mark style=\"background-color:#8ed1fc\" class=\"has-inline-color\">curso online completamente gratuito<\/mark> e essencial para voc\u00ea encontrar seu caminho.<\/p>\n\n\n\n<div class=\"nova-continue-reading\">Confira: <a href=\"https:\/\/www.novaconcursos.com.br\/eventos\/curso-gratis-pf-agente-administrativo-youtube\/?utm_source=youtube&amp;utm_medium=youtube&amp;utm_campaign=youtube-video-27-12-pf-administrativo-nova-movimentacao-plano-de-estudos-pre-edital-renato-philippine\">Curso Gr\u00e1tis PF \u2013 Agente Administrativo<\/a><\/div>\n\n\n\n<figure class=\"wp-block-embed is-type-video is-provider-youtube wp-block-embed-youtube wp-embed-aspect-16-9 wp-has-aspect-ratio\"><div class=\"wp-block-embed__wrapper\">\n<iframe loading=\"lazy\" title=\"Concurso Pol\u00edcia Federal Administrativo 2025 Edital autorizado! \ud83d\udd25\" width=\"500\" height=\"281\" src=\"https:\/\/www.youtube.com\/embed\/-Q7jD3LjVko?feature=oembed\" frameborder=\"0\" allow=\"accelerometer; autoplay; clipboard-write; encrypted-media; gyroscope; picture-in-picture; web-share\" referrerpolicy=\"strict-origin-when-cross-origin\" allowfullscreen><\/iframe>\n<\/div><\/figure>","protected":false},"excerpt":{"rendered":"<p>O Concurso PF Administrativo iniciou o processo de elabora\u00e7\u00e3o de um novo edital com vagas de n\u00edveis m\u00e9dio e superior!<\/p>\n","protected":false},"author":54692,"featured_media":269031,"comment_status":"closed","ping_status":"closed","sticky":false,"template":"","format":"standard","meta":{"_acf_changed":false,"footnotes":"","_wp_rev_ctl_limit":""},"categories":[228,44978,44939,44941,44945],"tags":[37074,45031],"class_list":["post-269029","post","type-post","status-publish","format-standard","has-post-thumbnail","hentry","category-noticias","category-nacional","category-carreira-administrativa","category-carreira-policial","category-carreira-saude","tag-concurso-pf-administrativo","tag-concursos-abertos-nacionais"],"acf":[],"_links":{"self":[{"href":"https:\/\/www.novaconcursos.com.br\/portal\/wp-json\/wp\/v2\/posts\/269029","targetHints":{"allow":["GET"]}}],"collection":[{"href":"https:\/\/www.novaconcursos.com.br\/portal\/wp-json\/wp\/v2\/posts"}],"about":[{"href":"https:\/\/www.novaconcursos.com.br\/portal\/wp-json\/wp\/v2\/types\/post"}],"author":[{"embeddable":true,"href":"https:\/\/www.novaconcursos.com.br\/portal\/wp-json\/wp\/v2\/users\/54692"}],"replies":[{"embeddable":true,"href":"https:\/\/www.novaconcursos.com.br\/portal\/wp-json\/wp\/v2\/comments?post=269029"}],"version-history":[{"count":7,"href":"https:\/\/www.novaconcursos.com.br\/portal\/wp-json\/wp\/v2\/posts\/269029\/revisions"}],"predecessor-version":[{"id":301490,"href":"https:\/\/www.novaconcursos.com.br\/portal\/wp-json\/wp\/v2\/posts\/269029\/revisions\/301490"}],"wp:featuredmedia":[{"embeddable":true,"href":"https:\/\/www.novaconcursos.com.br\/portal\/wp-json\/wp\/v2\/media\/269031"}],"wp:attachment":[{"href":"https:\/\/www.novaconcursos.com.br\/portal\/wp-json\/wp\/v2\/media?parent=269029"}],"wp:term":[{"taxonomy":"category","embeddable":true,"href":"https:\/\/www.novaconcursos.com.br\/portal\/wp-json\/wp\/v2\/categories?post=269029"},{"taxonomy":"post_tag","embeddable":true,"href":"https:\/\/www.novaconcursos.com.br\/portal\/wp-json\/wp\/v2\/tags?post=269029"}],"curies":[{"name":"wp","href":"https:\/\/api.w.org\/{rel}","templated":true}]}}