{"id":269215,"date":"2025-01-14T18:16:23","date_gmt":"2025-01-14T21:16:23","guid":{"rendered":"https:\/\/www.novaconcursos.com.br\/portal\/?p=269215"},"modified":"2025-01-21T16:59:00","modified_gmt":"2025-01-21T19:59:00","slug":"concurso-embrapa-retificacao","status":"publish","type":"post","link":"https:\/\/www.novaconcursos.com.br\/portal\/noticias\/concurso-embrapa-retificacao\/","title":{"rendered":"Concurso Embrapa: nova retifica\u00e7\u00e3o altera os requisitos e conte\u00fados!"},"content":{"rendered":"<p class=\"wp-block-paragraph\">O <strong><a href=\"https:\/\/www.novaconcursos.com.br\/portal\/concursos\/concurso-embrapa\/\">concurso Embrapa<\/a> retificou o edital e alterou os requisitos b\u00e1sicos e conte\u00fados program\u00e1ticos<\/strong> para algumas carreiras ofertadas no edital.<\/p>\n\n\n\n<p class=\"wp-block-paragraph\">A Empresa Brasileira de Pesquisa Agropecu\u00e1ria oferta 1.027 vagas imediatas mais oportunidades para forma\u00e7\u00e3o de cadastro reserva para cargos de todos os n\u00edveis de escolaridade.<\/p>\n\n\n\n<p class=\"wp-block-paragraph\">O concurso da Embrapa receber\u00e1 as inscri\u00e7\u00f5es at\u00e9 essa sexta-feira com possibilidade de solicitar a isen\u00e7\u00e3o da taxa de inscri\u00e7\u00e3o.<\/p>\n\n\n\n<p class=\"wp-block-paragraph\">O edital Embrapa conta com cinco etapas de sele\u00e7\u00e3o, sendo a primeira realizada em mar\u00e7o deste ano e aplicada em 48 cidades do pa\u00eds.<\/p>\n\n\n\n<h2 class=\"wp-block-heading\" id=\"concurso-embrapa-prorrogado-novamente-veja-novas-datas\">Concurso Embrapa \u00e9 prorrogado novamente; veja novas datas<\/h2>\n\n\n\n<p class=\"wp-block-paragraph\">A Embrapa anunciou uma nova prorroga\u00e7\u00e3o das inscri\u00e7\u00f5es para o concurso. O prazo, que inicialmente se encerraria \u00e0s 18h desta ter\u00e7a-feira, 14 de janeiro de 2025, <strong>foi estendido at\u00e9 as 18h da sexta-feira, 17 de janeiro de 2025<\/strong>, e as inscri\u00e7\u00f5es devem ser realizadas por meio da banca organizadora, <a href=\"https:\/\/www.cebraspe.org.br\/concursos\/EMBRAPA_24\" target=\"_blank\" rel=\"noopener\">Cebraspe<\/a>.<\/p>\n\n\n\n<p class=\"wp-block-paragraph\">Os interessados em participar do processo seletivo devem se atentar tamb\u00e9m ao pagamento da taxa de inscri\u00e7\u00e3o, que poder\u00e1 ser realizado at\u00e9 o dia 4 de fevereiro de 2025. Os valores variam conforme o cargo pretendido:<\/p>\n\n\n\n<ul class=\"wp-block-list\"><li>Assistente: R$ 60,00;<\/li>\n\n\n\n<li>T\u00e9cnico: R$ 80,00;<\/li>\n\n\n\n<li>Analista: R$ 150,00;<\/li>\n\n\n\n<li>Pesquisador: R$ 170,00.<\/li>\n<\/ul><p class=\"wp-block-paragraph\">Candidatos membros de fam\u00edlias de baixa renda, inscritos no programa Cadastro \u00danico (Cad\u00danico), e doadores de medula \u00f3ssea ter\u00e3o at\u00e9 o dia 17 de janeiro para solicitar a isen\u00e7\u00e3o da taxa de inscri\u00e7\u00e3o.<\/p>\n\n\n\n<p class=\"wp-block-paragraph\"><\/p><div class=\"nova-continue-reading\"> Leia tamb\u00e9m: <a href=\"https:\/\/www.novaconcursos.com.br\/portal\/noticias\/concurso-embrapa-inscricoes-prorrogadas-novamente\/\">Concurso Embrapa tem inscri\u00e7\u00f5es prorrogadas novamente!<\/a> <\/div>\n\n\n\n<h2 class=\"wp-block-heading\" id=\"concurso-embrapa-requisitos-e-contedos-programticos-so-retif\">Concurso Embrapa: requisitos e conte\u00fados program\u00e1ticos s\u00e3o retificados pelo Cebraspe<\/h2>\n\n\n\n<p class=\"wp-block-paragraph\">Nesta sexta-feira (10), o Cebraspe divulgou uma nova retifica\u00e7\u00e3o do concurso Embrapa. O documento traz altera\u00e7\u00f5es significativas nos requisitos de diversos cargos e ajustes nos conte\u00fados program\u00e1ticos das provas.<\/p>\n\n\n\n<p class=\"wp-block-paragraph\">Os cargos que sofreram modifica\u00e7\u00f5es nos crit\u00e9rios de forma\u00e7\u00e3o exigida foram:<\/p>\n\n\n\n<ul class=\"wp-block-list\"><li>Pesquisador \u2013 \u00c1rea: Espectroscopia Aplicada \u2013 Sub\u00e1rea: Instrumenta\u00e7\u00e3o em Resson\u00e2ncia Magn\u00e9tica Nuclear<br>Exig\u00eancia de diploma de Mestrado em \u00e1reas como Farm\u00e1cia, F\u00edsica, Qu\u00edmica, Engenharia Qu\u00edmica, entre outras, al\u00e9m de gradua\u00e7\u00e3o em F\u00edsica, Qu\u00edmica, Farm\u00e1cia ou Engenharia de Materiais.<\/li>\n\n\n\n<li>Analista \u2013 \u00c1rea: Ci\u00eancia e Tecnologia de Alimentos \u2013 Sub\u00e1rea: An\u00e1lise Sensorial<br>Exig\u00eancia de gradua\u00e7\u00e3o em Engenharia de Alimentos, Qu\u00edmica, Nutri\u00e7\u00e3o, Ci\u00eancia e Tecnologia de Alimentos ou Tecnologia de Alimentos.<\/li>\n\n\n\n<li>Pesquisador \u2013 \u00c1rea: Engenharias \u2013 Sub\u00e1rea: Recursos Florestais e Engenharia Florestal<br>Exig\u00eancia de Mestrado em \u00e1reas como Engenharia Florestal, Agricultura de Precis\u00e3o, Ci\u00eancias Florestais e Ambientais, al\u00e9m de gradua\u00e7\u00e3o em Engenharia Florestal, Agronomia, Agroecologia, entre outras.<\/li>\n\n\n\n<li>Analista \u2013 \u00c1rea: Ci\u00eancia e Tecnologia de Alimentos \u2013 Sub\u00e1rea: Tecnologia e Inova\u00e7\u00e3o Alimentar para Gastronomia<br>Exig\u00eancia de gradua\u00e7\u00e3o em \u00e1reas como Administra\u00e7\u00e3o, Engenharia de Produ\u00e7\u00e3o, Farm\u00e1cia, Ci\u00eancias Biol\u00f3gicas, Bioqu\u00edmica ou Engenharia Bioqu\u00edmica.<\/li>\n\n\n\n<li>Analista \u2013 \u00c1rea: Laborat\u00f3rios e Campos Experimentais \u2013 Sub\u00e1rea: Qu\u00edmica<br>Exig\u00eancia de gradua\u00e7\u00e3o em Qu\u00edmica, Engenharia Qu\u00edmica, Bioqu\u00edmica, Farm\u00e1cia ou \u00e1reas correlatas.<\/li>\n<\/ul><p class=\"wp-block-paragraph\">As atualiza\u00e7\u00f5es nos conte\u00fados program\u00e1ticos tamb\u00e9m foram detalhadas no documento de retifica\u00e7\u00e3o. Os candidatos devem revisar atentamente as novas diretrizes para ajustar sua prepara\u00e7\u00e3o \u00e0s exig\u00eancias do concurso <a href=\"https:\/\/www.embrapa.br\/\" target=\"_blank\" rel=\"noopener\">Embrapa<\/a>.<\/p>\n\n\n\n<h2 class=\"wp-block-heading\" id=\"quais-os-requisitos-para-ingressar-na-embrapa\">Confira quais s\u00e3o os requisitos para ingressar no concurso Embrapa<\/h2>\n\n\n\n<p class=\"wp-block-paragraph\">Os interessados em participar do concurso Embrapa dever\u00e3o ficar atentos \u00e0s seguintes exig\u00eancias b\u00e1sicas do edital:<\/p>\n\n\n\n<ul class=\"wp-block-list\"><li>Ter a nacionalidade brasileira ou portuguesa e, no caso de nacionalidade portuguesa, estar amparado(a) pelo Estatuto de Igualdade entre Brasileiros e Portugueses, com reconhecimento do gozo dos direitos pol\u00edticos, nos termos do \u00a7 1\u00ba do art. 12 da Constitui\u00e7\u00e3o Federal.<\/li>\n\n\n\n<li>Estar em gozo dos direitos pol\u00edticos.<\/li>\n\n\n\n<li>Estar quite com as obriga\u00e7\u00f5es militares, em caso de candidato do sexo masculino.<\/li>\n\n\n\n<li>Estar quite com as obriga\u00e7\u00f5es eleitorais.<\/li>\n\n\n\n<li>Possuir os requisitos exigidos para o exerc\u00edcio da op\u00e7\u00e3o (cargo\/\u00e1rea\/sub\u00e1rea), conforme o Anexo I deste edital, al\u00e9m da documenta\u00e7\u00e3o comprobat\u00f3ria determinada no item 14 (Da Contrata\u00e7\u00e3o) deste edital.<\/li>\n\n\n\n<li>Ter idade m\u00ednima de 18 anos completos na data da admiss\u00e3o.<\/li>\n\n\n\n<li>Ter aptid\u00e3o f\u00edsica e mental para o exerc\u00edcio das atribui\u00e7\u00f5es da op\u00e7\u00e3o (cargo\/\u00e1rea\/sub\u00e1rea). O exame m\u00e9dico admissional avaliar\u00e1 a capacidade f\u00edsica e mental do(a) candidato(a) para exercer as atividades da op\u00e7\u00e3o (cargo\/\u00e1rea\/sub\u00e1rea) que foi aprovado(a) e que ir\u00e1 ocupar.<\/li>\n\n\n\n<li>N\u00e3o ter sofrido, no exerc\u00edcio de fun\u00e7\u00e3o p\u00fablica, penalidade incompat\u00edvel com nova investidura em cargo ou emprego p\u00fablico;<\/li>\n\n\n\n<li>N\u00e3o ter sido demitido(a) por justa causa pela Embrapa;<\/li>\n\n\n\n<li>N\u00e3o ter respondido a processo administrativo e(ou) \u00e9tico com condena\u00e7\u00e3o e transitado em julgado.<\/li>\n\n\n\n<li>N\u00e3o registrar antecedentes criminais que impliquem perda ou \u00f3bice para assumir o emprego p\u00fablico, oriundos de senten\u00e7a transitada em julgado ou demonstrar o cumprimento integral das penas que tenham sido cominadas.<\/li>\n\n\n\n<li>N\u00e3o se encontrar acumulando cargo, emprego ou fun\u00e7\u00e3o p\u00fablica em desconformidade com as hip\u00f3teses de acumula\u00e7\u00e3o l\u00edcitas previstas em lei e na Constitui\u00e7\u00e3o Federal.<\/li>\n<\/ul><p class=\"wp-block-paragraph\"><\/p><div class=\"nova-continue-reading\"> Leia tamb\u00e9m: <a href=\"https:\/\/www.novaconcursos.com.br\/portal\/concursos-abertos\/\">Concursos abertos a n\u00edvel nacional!<\/a> <\/div>\n\n\n\n<figure class=\"wp-block-embed is-type-video is-provider-youtube wp-block-embed-youtube wp-embed-aspect-16-9 wp-has-aspect-ratio\"><div class=\"wp-block-embed__wrapper\">\n<iframe loading=\"lazy\" title=\"CONCURSO EMBRAPA 2025: AULA COMPLETA - PLANO DIRETOR\" width=\"500\" height=\"281\" src=\"https:\/\/www.youtube.com\/embed\/xoaimYlBXeE?feature=oembed\" frameborder=\"0\" allow=\"accelerometer; autoplay; clipboard-write; encrypted-media; gyroscope; picture-in-picture; web-share\" referrerpolicy=\"strict-origin-when-cross-origin\" allowfullscreen><\/iframe>\n<\/div><\/figure><p class=\"wp-block-paragraph\"><strong>Fiquem ligados na nossa p\u00e1gina para as pr\u00f3ximas not\u00edcias sobre o concurso Embrapa!<\/strong><\/p>","protected":false},"excerpt":{"rendered":"<p>O concurso Embrapa (Empresa Brasileira de Pesquisa Agropecu\u00e1ria) oferta vagas para todos os n\u00edveis com sal\u00e1rios de at\u00e9 R$ 12 mil, al\u00e9m de benef\u00edcios para os candidatos aprovados.<\/p>\n","protected":false},"author":54694,"featured_media":269216,"comment_status":"closed","ping_status":"closed","sticky":false,"template":"","format":"standard","meta":{"_acf_changed":false,"footnotes":"","_wp_rev_ctl_limit":""},"categories":[228,44978,44939],"tags":[42019,45031],"class_list":["post-269215","post","type-post","status-publish","format-standard","has-post-thumbnail","hentry","category-noticias","category-nacional","category-carreira-administrativa","tag-concurso-embrapa","tag-concursos-abertos-nacionais"],"acf":[],"_links":{"self":[{"href":"https:\/\/www.novaconcursos.com.br\/portal\/wp-json\/wp\/v2\/posts\/269215","targetHints":{"allow":["GET"]}}],"collection":[{"href":"https:\/\/www.novaconcursos.com.br\/portal\/wp-json\/wp\/v2\/posts"}],"about":[{"href":"https:\/\/www.novaconcursos.com.br\/portal\/wp-json\/wp\/v2\/types\/post"}],"author":[{"embeddable":true,"href":"https:\/\/www.novaconcursos.com.br\/portal\/wp-json\/wp\/v2\/users\/54694"}],"replies":[{"embeddable":true,"href":"https:\/\/www.novaconcursos.com.br\/portal\/wp-json\/wp\/v2\/comments?post=269215"}],"version-history":[{"count":3,"href":"https:\/\/www.novaconcursos.com.br\/portal\/wp-json\/wp\/v2\/posts\/269215\/revisions"}],"predecessor-version":[{"id":269223,"href":"https:\/\/www.novaconcursos.com.br\/portal\/wp-json\/wp\/v2\/posts\/269215\/revisions\/269223"}],"wp:featuredmedia":[{"embeddable":true,"href":"https:\/\/www.novaconcursos.com.br\/portal\/wp-json\/wp\/v2\/media\/269216"}],"wp:attachment":[{"href":"https:\/\/www.novaconcursos.com.br\/portal\/wp-json\/wp\/v2\/media?parent=269215"}],"wp:term":[{"taxonomy":"category","embeddable":true,"href":"https:\/\/www.novaconcursos.com.br\/portal\/wp-json\/wp\/v2\/categories?post=269215"},{"taxonomy":"post_tag","embeddable":true,"href":"https:\/\/www.novaconcursos.com.br\/portal\/wp-json\/wp\/v2\/tags?post=269215"}],"curies":[{"name":"wp","href":"https:\/\/api.w.org\/{rel}","templated":true}]}}