{"id":269279,"date":"2025-01-16T10:04:51","date_gmt":"2025-01-16T13:04:51","guid":{"rendered":"https:\/\/www.novaconcursos.com.br\/portal\/?p=269279"},"modified":"2025-01-16T10:04:57","modified_gmt":"2025-01-16T13:04:57","slug":"cnu-depende-da-aprovacao-ploa","status":"publish","type":"post","link":"https:\/\/www.novaconcursos.com.br\/portal\/noticias\/cnu-depende-da-aprovacao-ploa\/","title":{"rendered":"CNU: nova edi\u00e7\u00e3o depende da aprova\u00e7\u00e3o do PLOA 2025!"},"content":{"rendered":"<p>Um novo <a href=\"https:\/\/www.novaconcursos.com.br\/portal\/concursos\/cnu\/?\">CNU<\/a> (Concurso Nacional P\u00fablico Unificado) est\u00e1 sendo muito cotado para este ano e a elabora\u00e7\u00e3o de uma segunda edi\u00e7\u00e3o <strong>depende da aprova\u00e7\u00e3o da Lei Or\u00e7ament\u00e1ria Anual (LOA) de 2025.<\/strong><\/p>\n\n\n\n<p>Com base no Or\u00e7amento aprovado pelo Congresso Nacional, a ministra da Gest\u00e3o e Inova\u00e7\u00e3o em Servi\u00e7os P\u00fablicos, Esther Dweck, afirma que ser\u00e1 poss\u00edvel determinar tanto os novos concursos p\u00fablicos quanto os provimentos adicionais atrav\u00e9s do uso do cadastro de reserva.<\/p>\n\n\n\n<p>A LOA 2025 ser\u00e1 votada em fevereiro, no retorno do recesso parlamentar.<\/p>\n\n\n\n<p>Para entender todo esse processo, continue comigo!<\/p>\n\n\n\n<h2 class=\"wp-block-heading\" id=\"cnu-importncia-da-loa-2025\">CNU: import\u00e2ncia da LOA 2025<\/h2>\n\n\n\n<p>Durante uma entrevista coletiva em 14 de janeiro, a ministra da Gest\u00e3o e Inova\u00e7\u00e3o em Servi\u00e7os, Esther Dweck, anunciou a antecipa\u00e7\u00e3o do resultado final do Concurso Nacional Unificado (CNU). Al\u00e9m disso, ela informou que o governo federal tem interesse em realizar uma nova edi\u00e7\u00e3o do certame, mas aguardar\u00e1 a conclus\u00e3o desta edi\u00e7\u00e3o e far\u00e1 um balan\u00e7o para decidir se o CNU ser\u00e1 realizado novamente em 2025.<\/p>\n\n\n\n<p>A oferta de vagas em cadastro reserva (CR) no CNU \u00e9 organizada por blocos, e os candidatos t\u00eam a possibilidade de se inscrever em mais de uma lista dentro dessa modalidade.<\/p>\n\n\n\n<p>A ministra Esther Dweck esclareceu que, apesar de haver a inten\u00e7\u00e3o de utilizar as vagas em CR, a aloca\u00e7\u00e3o dos candidatos aprovados depende da disponibilidade de recursos definidos pela Lei Or\u00e7ament\u00e1ria Anual (LOA). <\/p>\n\n\n\n<p>Isso significa que, para garantir que as vagas em cadastro reserva sejam efetivamente preenchidas, ser\u00e1 necess\u00e1rio esperar a <strong>defini\u00e7\u00e3o<\/strong> do or\u00e7amento e a <strong>libera\u00e7\u00e3o<\/strong> dos recursos para esse fim.<\/p>\n\n\n\n<figure class=\"wp-block-image size-full\"><img decoding=\"async\" width=\"768\" height=\"512\" src=\"https:\/\/www.novaconcursos.com.br\/portal\/wp-content\/uploads\/2025\/01\/e2a8b141-622e-4c75-89fa-0bff8f223e83-1.webp\" alt=\"P\u00e1gina do CNU.\" class=\"wp-image-269337\" loading=\"lazy\" title=\"\" srcset=\"https:\/\/www.novaconcursos.com.br\/portal\/wp-content\/uploads\/2025\/01\/e2a8b141-622e-4c75-89fa-0bff8f223e83-1-300x200.webp 300w, https:\/\/www.novaconcursos.com.br\/portal\/wp-content\/uploads\/2025\/01\/e2a8b141-622e-4c75-89fa-0bff8f223e83-1-480x320.webp 480w, https:\/\/www.novaconcursos.com.br\/portal\/wp-content\/uploads\/2025\/01\/e2a8b141-622e-4c75-89fa-0bff8f223e83-1.webp 768w\" sizes=\"auto, (max-width: 480px) 100vw, (max-width: 768px) 100vw, (max-width: 1200px) 70vw, 768px\"><figcaption><\/figcaption><\/figure><p><\/p>\n\n\n\n<p>A ministra tamb\u00e9m informou que cada bloco do CNU ter\u00e1 o <mark style=\"background-color:#8ed1fc\" class=\"has-inline-color\">dobro de candidatos aprovados<\/mark> em cadastro reserva em compara\u00e7\u00e3o com o n\u00famero de vagas imediatas anunciadas no edital.<\/p>\n\n\n\n<p>Isso indica uma ampla quantidade de candidatos que podem ser chamados posteriormente, caso haja disponibilidade de recursos. <\/p>\n\n\n\n<p>Embora haja essa limita\u00e7\u00e3o or\u00e7ament\u00e1ria, Esther Dweck demonstrou otimismo em rela\u00e7\u00e3o \u00e0 oferta de vagas em cadastro reserva, destacando que a expectativa \u00e9 positiva, mas que a concretiza\u00e7\u00e3o depender\u00e1 do quanto for alocado no or\u00e7amento para o preenchimento dessas vagas.<\/p>\n\n\n\n<div class=\"nova-continue-reading\">Leia tamb\u00e9m: <a href=\"https:\/\/www.novaconcursos.com.br\/portal\/noticias\/cnu-dos-professores-prova-anual\/\">Tudo sobre o CNU dos professores!<\/a><\/div>\n\n\n\n<h2 class=\"wp-block-heading\" id=\"rgos-que-iro-participar-do-cnu-2025\">\u00d3rg\u00e3os que ir\u00e3o participar do CNU 2025<\/h2>\n\n\n\n<p>Diversos \u00f3rg\u00e3os p\u00fablicos j\u00e1 receberam autoriza\u00e7\u00e3o para realizar concursos e est\u00e3o avaliando a possibilidade de participar da pr\u00f3xima edi\u00e7\u00e3o do <a href=\"https:\/\/www.novaconcursos.com.br\/combo\/digital-preparacao-completa-cnu-bloco-8-nivel-intermediario\">Concurso Nacional Unificado.<\/a><\/p>\n\n\n\n<p>Esses \u00f3rg\u00e3os foram contatados para confirmar seu interesse em aderir \u00e0 sele\u00e7\u00e3o unificada, e alguns j\u00e1 se manifestaram oficialmente a favor dessa participa\u00e7\u00e3o.<\/p>\n\n\n\n<p>Entre os \u00f3rg\u00e3os que confirmaram a ades\u00e3o ao CNU est\u00e3o a Funda\u00e7\u00e3o Biblioteca Nacional, a Funda\u00e7\u00e3o Joaquim Nabuco (Fundaj), o Minist\u00e9rio da Integra\u00e7\u00e3o e do Desenvolvimento Regional (MIDR) e o Instituto Brasileiro de Museus <a href=\"https:\/\/www.novaconcursos.com.br\/portal\/noticias\/concurso-ibram-participacao-cnu\/\">(Ibram).<\/a><\/p>\n\n\n\n<figure class=\"wp-block-image size-large\"><img decoding=\"async\" width=\"1024\" height=\"613\" src=\"https:\/\/www.novaconcursos.com.br\/portal\/wp-content\/uploads\/2025\/01\/biblioteca-nacional-agencia-1-1024x613.webp\" alt=\"Biblioteca a onde os aprovados no CNU ir\u00e3o trabalhar.\" class=\"wp-image-269334\" loading=\"lazy\" title=\"\" srcset=\"https:\/\/www.novaconcursos.com.br\/portal\/wp-content\/uploads\/2025\/01\/biblioteca-nacional-agencia-1-300x179.webp 300w, https:\/\/www.novaconcursos.com.br\/portal\/wp-content\/uploads\/2025\/01\/biblioteca-nacional-agencia-1-480x287.webp 480w, https:\/\/www.novaconcursos.com.br\/portal\/wp-content\/uploads\/2025\/01\/biblioteca-nacional-agencia-1-768x459.webp 768w, https:\/\/www.novaconcursos.com.br\/portal\/wp-content\/uploads\/2025\/01\/biblioteca-nacional-agencia-1-1024x613.webp 1024w, https:\/\/www.novaconcursos.com.br\/portal\/wp-content\/uploads\/2025\/01\/biblioteca-nacional-agencia-1.webp 1170w\" sizes=\"auto, (max-width: 480px) 100vw, (max-width: 768px) 100vw, (max-width: 1200px) 70vw, 768px\"><figcaption class=\"wp-element-caption\"><em>Divulga\u00e7\u00e3o\/Ag\u00eancia Brasil<\/em><\/figcaption><\/figure><p><\/p>\n\n\n\n<p>Esses \u00f3rg\u00e3os se destacam por sua relev\u00e2ncia cultural e de desenvolvimento regional, e a participa\u00e7\u00e3o no concurso proporcionar\u00e1 aos candidatos a oportunidade de concorrer a vagas nessas institui\u00e7\u00f5es.<\/p>\n\n\n\n<p>O Minist\u00e9rio da Sa\u00fade, por sua vez, ainda avalia a possibilidade de integrar a edi\u00e7\u00e3o de 2025, apesar de j\u00e1 contar com autoriza\u00e7\u00e3o para preencher 319 vagas efetivas. <\/p>\n\n\n\n<p>A decis\u00e3o final sobre a ades\u00e3o \u00e0 sele\u00e7\u00e3o unificada depender\u00e1 de an\u00e1lises internas sobre a necessidade de refor\u00e7ar o quadro de servidores e a viabilidade de ingressar no processo.<\/p>\n\n\n\n<p>Al\u00e9m disso, o Minist\u00e9rio da Fazenda, que recebeu autoriza\u00e7\u00e3o para preencher 30 vagas, tamb\u00e9m est\u00e1 em processo de avalia\u00e7\u00e3o sobre sua ades\u00e3o ao CNU. <\/p>\n\n\n\n<p>O Concurso PF Administrativo tamb\u00e9m pode ser convidado a participar do CNU 2025, j\u00e1 est\u00e3o autorizadas 192 vagas, sendo 100 oportunidades para candidatos de n\u00edvel m\u00e9dio.<\/p>\n\n\n\n<p>Com a ades\u00e3o de novos \u00f3rg\u00e3os, a edi\u00e7\u00e3o de 2025 do concurso tende a ser uma das mais aguardadas, oferecendo aos candidatos uma ampla variedade de oportunidades de ingresso no servi\u00e7o p\u00fablico.<\/p>\n\n\n\n<h2 class=\"wp-block-heading\" id=\"cnu-bate-recorde-de-inscritos\">CNU bate recorde de inscritos<\/h2>\n\n\n\n<p>A primeira edi\u00e7\u00e3o do CNU estabeleceu um novo recorde de participantes em um concurso, com um total de <strong>2.144.435<\/strong> inscritos para 6.640 oportunidades em 21 \u00f3rg\u00e3os e minist\u00e9rios, englobando diversos cargos de n\u00edveis m\u00e9dio, m\u00e9dio\/t\u00e9cnico e superior. As remunera\u00e7\u00f5es iniciais variavam entre R$4.666,24 e R$23.579,21.<\/p>\n\n\n\n<p>O processo de consulta aos \u00f3rg\u00e3os autorizados para a realiza\u00e7\u00e3o de concursos j\u00e1 foi iniciado pelo governo federal. Espera-se que a maioria desses \u00f3rg\u00e3os opte por participar da segunda edi\u00e7\u00e3o do <a href=\"https:\/\/www.gov.br\/gestao\/pt-br\/concursonacional\" target=\"_blank\" rel=\"noopener\">CNU,<\/a> prevista para ocorrer em 2025.<\/p>\n\n\n\n<p>Com o objetivo de ampliar ainda mais sua abrang\u00eancia, o Concurso Unificado, que anteriormente ocorreu de forma inovadora em 228 cidades do pa\u00eds, almeja uma expans\u00e3o ainda maior em sua pr\u00f3xima edi\u00e7\u00e3o. <\/p>\n\n\n\n<p>A proposta consiste em possibilitar que candidatos de todas as regi\u00f5es tenham a oportunidade de participar do processo seletivo sem precisar se deslocar para as capitais ou para Bras\u00edlia, como era exigido nas edi\u00e7\u00f5es anteriores de concursos federais.<\/p>\n\n\n\n<div class=\"nova-continue-reading\">Leia tamb\u00e9m: <a href=\"https:\/\/www.novaconcursos.com.br\/portal\/concursos-abertos\/\">Concursos abertos no Brasil<\/a><\/div>\n\n\n\n<figure class=\"wp-block-embed is-type-video is-provider-youtube wp-block-embed-youtube wp-embed-aspect-16-9 wp-has-aspect-ratio\"><div class=\"wp-block-embed__wrapper\">\n<iframe loading=\"lazy\" title=\"Concurso Nacional Unificado 2025 - Divulgadas novas informa\u00e7\u00f5es sobre a 2\u00b0 edi\u00e7\u00e3o do CNU! VEJA!\" width=\"500\" height=\"281\" src=\"https:\/\/www.youtube.com\/embed\/0wUkVf2cXdU?start=383&amp;feature=oembed\" frameborder=\"0\" allow=\"accelerometer; autoplay; clipboard-write; encrypted-media; gyroscope; picture-in-picture; web-share\" referrerpolicy=\"strict-origin-when-cross-origin\" allowfullscreen><\/iframe>\n<\/div><\/figure>","protected":false},"excerpt":{"rendered":"<p>Uma segunda edi\u00e7\u00e3o do CNU depende da  aprova\u00e7\u00e3o da Lei Or\u00e7ament\u00e1ria Anual de 2025. <\/p>\n","protected":false},"author":54692,"featured_media":269280,"comment_status":"closed","ping_status":"closed","sticky":false,"template":"","format":"standard","meta":{"_acf_changed":false,"footnotes":"","_wp_rev_ctl_limit":""},"categories":[228,44978,44939,44994,44942,44997,44944,44947,44946,44996,44943,44941,44945,44940],"tags":[44936,45031],"class_list":["post-269279","post","type-post","status-publish","format-standard","has-post-thumbnail","hentry","category-noticias","category-nacional","category-carreira-administrativa","category-carreira-ambiental","category-carreira-bancaria","category-carreira-ti","category-carreira-educacao","category-carreira-fiscal","category-carreira-juridica","category-carreira-legislativa","category-carreira-militar","category-carreira-policial","category-carreira-saude","category-carreira-tribunais","tag-cnu","tag-concursos-abertos-nacionais"],"acf":[],"_links":{"self":[{"href":"https:\/\/www.novaconcursos.com.br\/portal\/wp-json\/wp\/v2\/posts\/269279","targetHints":{"allow":["GET"]}}],"collection":[{"href":"https:\/\/www.novaconcursos.com.br\/portal\/wp-json\/wp\/v2\/posts"}],"about":[{"href":"https:\/\/www.novaconcursos.com.br\/portal\/wp-json\/wp\/v2\/types\/post"}],"author":[{"embeddable":true,"href":"https:\/\/www.novaconcursos.com.br\/portal\/wp-json\/wp\/v2\/users\/54692"}],"replies":[{"embeddable":true,"href":"https:\/\/www.novaconcursos.com.br\/portal\/wp-json\/wp\/v2\/comments?post=269279"}],"version-history":[{"count":5,"href":"https:\/\/www.novaconcursos.com.br\/portal\/wp-json\/wp\/v2\/posts\/269279\/revisions"}],"predecessor-version":[{"id":269340,"href":"https:\/\/www.novaconcursos.com.br\/portal\/wp-json\/wp\/v2\/posts\/269279\/revisions\/269340"}],"wp:featuredmedia":[{"embeddable":true,"href":"https:\/\/www.novaconcursos.com.br\/portal\/wp-json\/wp\/v2\/media\/269280"}],"wp:attachment":[{"href":"https:\/\/www.novaconcursos.com.br\/portal\/wp-json\/wp\/v2\/media?parent=269279"}],"wp:term":[{"taxonomy":"category","embeddable":true,"href":"https:\/\/www.novaconcursos.com.br\/portal\/wp-json\/wp\/v2\/categories?post=269279"},{"taxonomy":"post_tag","embeddable":true,"href":"https:\/\/www.novaconcursos.com.br\/portal\/wp-json\/wp\/v2\/tags?post=269279"}],"curies":[{"name":"wp","href":"https:\/\/api.w.org\/{rel}","templated":true}]}}