{"id":269516,"date":"2025-01-17T16:57:15","date_gmt":"2025-01-17T19:57:15","guid":{"rendered":"https:\/\/www.novaconcursos.com.br\/portal\/?p=269516"},"modified":"2025-01-17T16:57:19","modified_gmt":"2025-01-17T19:57:19","slug":"concurso-ebserh-lotacao","status":"publish","type":"post","link":"https:\/\/www.novaconcursos.com.br\/portal\/noticias\/concurso-ebserh-lotacao\/","title":{"rendered":"Concurso Ebserh: diretora fala sobre as vagas, lota\u00e7\u00f5es e prazos!"},"content":{"rendered":"<p>O <strong><a href=\"https:\/\/www.novaconcursos.com.br\/portal\/concursos\/concurso-ebserh\/\">concurso Ebserh<\/a> estar\u00e1 com as inscri\u00e7\u00f5es abertas para o certame at\u00e9 a pr\u00f3xima segunda<\/strong> por meio do site da banca organizadora.<\/p>\n\n\n\n<p>O edital Ebserh oferta 545 vagas imediatas mais forma\u00e7\u00e3o para cadastro reserva sendo as \u00e1reas Administrativa, Assistencial e M\u00e9dica contempladas nos n\u00edveis m\u00e9dio, t\u00e9cnico e superior de escolaridade.<\/p>\n\n\n\n<p>O concurso Ebserh visa suprir a car\u00eancia de profissionais, especialmente nas regi\u00f5es Norte e Sul, onde h\u00e1 maior dificuldade de provimento.<\/p>\n\n\n\n<p>Todos os candidatos ser\u00e3o avaliados por pelo menos duas etapas de sele\u00e7\u00e3o, sendo a prova objetiva aplicada em dois meses.<\/p>\n\n\n\n<h2 class=\"wp-block-heading\" id=\"concurso-ebserh-545-vagas-abertas-com-inscries-at-o-dia-20\">Concurso Ebserh: 545 vagas abertas com inscri\u00e7\u00f5es at\u00e9 o dia 20<\/h2>\n\n\n\n<p>A <a href=\"https:\/\/www.gov.br\/ebserh\/pt-br\" target=\"_blank\" rel=\"noopener\">Empresa Brasileira de Servi\u00e7os Hospitalares<\/a> est\u00e1 com<strong> inscri\u00e7\u00f5es abertas at\u00e9 a pr\u00f3xima segunda-feira, 20<\/strong>, para 545 vagas imediatas e forma\u00e7\u00e3o de cadastro de reserva. As oportunidades s\u00e3o para os n\u00edveis m\u00e9dio, t\u00e9cnico e superior, com lota\u00e7\u00e3o em hospitais universit\u00e1rios de todo o pa\u00eds. <\/p>\n\n\n\n<p>Em entrevista, Luciana de Gouv\u00eaa Viana, diretora de Gest\u00e3o de Pessoas da Ebserh, detalhou a decis\u00e3o de lan\u00e7ar um novo edital mesmo com o concurso Ebserh anterior ainda vigente at\u00e9 mar\u00e7o de 2025. <\/p>\n\n\n\n<p>Segundo Luciana, a medida foi necess\u00e1ria devido ao esgotamento do cadastro de reserva em diversos cargos. <em>\u201cAtualmente, 37 dos 45 hospitais da Rede Ebserh j\u00e1 esgotaram seus cadastros em diversos cargos. H\u00e1 unidades sem candidatos aprovados para reposi\u00e7\u00e3o ou aumento do quadro\u201d<\/em>, destacou.<\/p>\n\n\n\n<p>Os interessados em participar do concurso Ebserh dever\u00e3o acessar o site da banca organizadora, Funda\u00e7\u00e3o Get\u00falio Vargas (FGV), para realizarem a inscri\u00e7\u00e3o no certame.<\/p>\n\n\n\n<div class=\"nova-continue-reading\"> Leia tamb\u00e9m: <a href=\"https:\/\/www.novaconcursos.com.br\/portal\/noticias\/concurso-ebserh-inscricoes-ultimos-dias\/\">\u00daltimos dias para fazer a inscri\u00e7\u00e3o no concurso Ebserh!<\/a> <\/div>\n\n\n\n<h2 class=\"wp-block-heading\" id=\"diversidade-e-incluso-em-foco-no-concurso-ebserh\">Diversidade e inclus\u00e3o em foco no concurso Ebserh<\/h2>\n\n\n\n<p>Neste edital, a <mark style=\"background-color:#8ed1fc\" class=\"has-inline-color\">Ebserh incluiu pela primeira vez a reserva de vagas para ind\u00edgenas <\/mark>(3%). Al\u00e9m disso, ampliou a cota para pessoas com defici\u00eancia (PcD) de 5% para 10% e manteve o percentual de 20% para negros. <\/p>\n\n\n\n<p><em>\u201cA diversidade \u00e9 uma prioridade. Ampliar as cotas garante maior inclus\u00e3o e reflete nosso compromisso com a equidade\u201d<\/em>, afirmou a diretora.<\/p>\n\n\n\n<p>A distribui\u00e7\u00e3o das vagas do concurso Ebserh \u00e9 a seguinte:<\/p>\n\n\n\n<ul class=\"wp-block-list\"><li>\u00c1rea Assistencial: 330 vagas;<\/li>\n\n\n\n<li>\u00c1rea M\u00e9dica: 198 vagas;<\/li>\n\n\n\n<li>\u00c1rea Administrativa: 17 vagas.<\/li>\n<\/ul><p>Os sal\u00e1rios iniciais variam entre R$2.707,15 e R$17.978,62, com progress\u00e3o de carreira baseada em antiguidade e m\u00e9rito. Entre os benef\u00edcios oferecidos est\u00e3o aux\u00edlio-alimenta\u00e7\u00e3o, aux\u00edlio-creche, aux\u00edlio-sa\u00fade e aux\u00edlio para pessoa com defici\u00eancia.<\/p>\n\n\n\n<h2 class=\"wp-block-heading\" id=\"quando-o-resultado-final-do-concurso-ebserh-ser-divulgado\">Quando o resultado final do concurso Ebserh ser\u00e1 divulgado?<\/h2>\n\n\n\n<p>O <mark style=\"background-color:#8ed1fc\" class=\"has-inline-color\">resultado final do concurso Ebserh est\u00e1 previsto para 30 de abril<\/mark>, com as primeiras convoca\u00e7\u00f5es iniciando imediatamente. A diretora ressaltou que os cargos de assistente administrativo e t\u00e9cnico em enfermagem ser\u00e3o priorit\u00e1rios devido \u00e0 alta demanda.<\/p>\n\n\n\n<h2 class=\"wp-block-heading\" id=\"concurso-ebserh-publica-retificao-em-edital-alteraes-nos-req\">Concurso Ebserh publica retifica\u00e7\u00e3o em edital: altera\u00e7\u00f5es nos requisitos de cargos da \u00e1rea m\u00e9dica<\/h2>\n\n\n\n<p>Nesta quarta-feira (15), a <a href=\"https:\/\/conhecimento.fgv.br\/concursos\/ebserh24\" target=\"_blank\" rel=\"noopener\">Funda\u00e7\u00e3o Get\u00falio Vargas<\/a> (FGV) divulgou uma nova retifica\u00e7\u00e3o referente ao concurso Ebserh, que modifica os requisitos para diversos cargos da \u00e1rea m\u00e9dica. As altera\u00e7\u00f5es afetam as especialidades de Ultrassonografia em Ginecologia e Obstetr\u00edcia, Densitometria \u00d3ssea e Mamografia.<\/p>\n\n\n\n<p>Os novos requisitos especificados para cada cargo s\u00e3o os seguintes:<\/p>\n\n\n\n<p><span style=\"text-decoration: underline;\">M\u00e9dico \u2013 Mamografia<\/span><\/p>\n\n\n\n<ul class=\"wp-block-list\"><li>Diploma registrado de gradua\u00e7\u00e3o em Medicina, fornecido por institui\u00e7\u00e3o de ensino superior reconhecida pelo Minist\u00e9rio da Educa\u00e7\u00e3o (MEC);<\/li>\n\n\n\n<li>Resid\u00eancia M\u00e9dica em Ginecologia e Obstetr\u00edcia, Mastologia com \u00e1rea de atua\u00e7\u00e3o em Mamografia, ou Radiologia e Diagn\u00f3stico por Imagem, reconhecidas pela Comiss\u00e3o Nacional de Resid\u00eancia M\u00e9dica; ou<\/li>\n\n\n\n<li>T\u00edtulo de Especialista em Radiologia e Diagn\u00f3stico por Imagem, reconhecido pela Associa\u00e7\u00e3o M\u00e9dica Brasileira (AMB) e registrado no Conselho Regional de Medicina (CRM);<\/li>\n\n\n\n<li>Registro profissional ativo no CRM.<\/li>\n<\/ul><p><span style=\"text-decoration: underline;\">M\u00e9dico \u2013 Densitometria \u00d3ssea<\/span><\/p>\n\n\n\n<ul class=\"wp-block-list\"><li>Diploma registrado de gradua\u00e7\u00e3o em Medicina, fornecido por institui\u00e7\u00e3o de ensino superior reconhecida pelo MEC;<\/li>\n\n\n\n<li>Resid\u00eancia M\u00e9dica em Endocrinologia e Metabologia, Ginecologia e Obstetr\u00edcia, Medicina Nuclear, Ortopedia e Traumatologia, ou Reumatologia, todas com \u00e1rea de atua\u00e7\u00e3o em Densitometria \u00d3ssea; ou Radiologia e Diagn\u00f3stico por Imagem, reconhecidas pela Comiss\u00e3o Nacional de Resid\u00eancia M\u00e9dica; ou<\/li>\n\n\n\n<li>T\u00edtulo de Especialista em uma das \u00e1reas acima citadas com atua\u00e7\u00e3o em Densitometria \u00d3ssea ou Radiologia e Diagn\u00f3stico por Imagem, reconhecido pela AMB e registrado no CRM;<\/li>\n\n\n\n<li>Registro profissional ativo no CRM.<\/li>\n<\/ul><p><span style=\"text-decoration: underline;\">M\u00e9dico \u2013 Ultrassonografia em Ginecologia e Obstetr\u00edcia<\/span><\/p>\n\n\n\n<ul class=\"wp-block-list\"><li>Diploma registrado de gradua\u00e7\u00e3o em Medicina, fornecido por institui\u00e7\u00e3o de ensino superior reconhecida pelo MEC;<\/li>\n\n\n\n<li>Resid\u00eancia M\u00e9dica em Ginecologia e Obstetr\u00edcia, com \u00e1rea de atua\u00e7\u00e3o em Ultrassonografia em Ginecologia e Obstetr\u00edcia, ou Radiologia e Diagn\u00f3stico por Imagem, reconhecidas pela Comiss\u00e3o Nacional de Resid\u00eancia M\u00e9dica; ou<\/li>\n\n\n\n<li>T\u00edtulo de Especialista em Ginecologia e Obstetr\u00edcia, com \u00e1rea de atua\u00e7\u00e3o em Ultrassonografia em Ginecologia e Obstetr\u00edcia ou Radiologia e Diagn\u00f3stico por Imagem, reconhecido pela AMB e registrado no CRM;<\/li>\n\n\n\n<li>Registro profissional ativo no CRM.<\/li>\n<\/ul><p>A retifica\u00e7\u00e3o visa adequar os crit\u00e9rios de admiss\u00e3o \u00e0s exig\u00eancias espec\u00edficas de cada especialidade, garantindo que os profissionais contratados atendam aos padr\u00f5es necess\u00e1rios para o atendimento \u00e0 popula\u00e7\u00e3o nos hospitais vinculados \u00e0 EBSERH. <\/p>\n\n\n\n<h2 class=\"wp-block-heading\" id=\"provas-do-concurso-ebserh-sero-aplicadas-em-maro\">Provas do concurso Ebserh ser\u00e3o aplicadas em mar\u00e7o!<\/h2>\n\n\n\n<p>Todos os candidatos ser\u00e3o submetidos \u00e0 prova objetiva, de car\u00e1ter eliminat\u00f3rio e classificat\u00f3rio, no dia <strong>16 de mar\u00e7o de 2025. <\/strong><\/p>\n\n\n\n<p>A avalia\u00e7\u00e3o ser\u00e1 composta por <em>60 quest\u00f5es de m\u00faltipla escolha<\/em>, totalizando 60 pontos, e ser\u00e1 aplicada em dois turnos.<\/p>\n\n\n\n<p>Para os inscritos na \u00e1rea administrativa, haver\u00e1 tamb\u00e9m uma prova discursiva, eliminat\u00f3ria e classificat\u00f3ria, que consistir\u00e1 na elabora\u00e7\u00e3o de um texto dissertativo de 20 a 30 linhas.<\/p>\n\n\n\n<p>Os candidatos aprovados na prova objetiva participar\u00e3o da etapa de prova de t\u00edtulos, de car\u00e1ter classificat\u00f3rio, v\u00e1lida para todas as \u00e1reas.<\/p>\n\n\n\n<p><strong>Fiquem ligados na nossa p\u00e1gina para as pr\u00f3ximas not\u00edcias sobre o concurso Ebserh!<\/strong><\/p>","protected":false},"excerpt":{"rendered":"<p>O concurso Ebserh (Empresa Brasileira de Servi\u00e7os Hospitalares) oferta vagas para carreiras de n\u00edveis m\u00e9dio, t\u00e9cnico e superior de escolaridade com sal\u00e1rios de at\u00e9 R$ 17,9 mil!<\/p>\n","protected":false},"author":54694,"featured_media":269521,"comment_status":"closed","ping_status":"closed","sticky":false,"template":"","format":"standard","meta":{"_acf_changed":false,"footnotes":"","_wp_rev_ctl_limit":""},"categories":[228,44978,44945],"tags":[2502,45031],"class_list":["post-269516","post","type-post","status-publish","format-standard","has-post-thumbnail","hentry","category-noticias","category-nacional","category-carreira-saude","tag-concurso-ebserh","tag-concursos-abertos-nacionais"],"acf":[],"_links":{"self":[{"href":"https:\/\/www.novaconcursos.com.br\/portal\/wp-json\/wp\/v2\/posts\/269516","targetHints":{"allow":["GET"]}}],"collection":[{"href":"https:\/\/www.novaconcursos.com.br\/portal\/wp-json\/wp\/v2\/posts"}],"about":[{"href":"https:\/\/www.novaconcursos.com.br\/portal\/wp-json\/wp\/v2\/types\/post"}],"author":[{"embeddable":true,"href":"https:\/\/www.novaconcursos.com.br\/portal\/wp-json\/wp\/v2\/users\/54694"}],"replies":[{"embeddable":true,"href":"https:\/\/www.novaconcursos.com.br\/portal\/wp-json\/wp\/v2\/comments?post=269516"}],"version-history":[{"count":3,"href":"https:\/\/www.novaconcursos.com.br\/portal\/wp-json\/wp\/v2\/posts\/269516\/revisions"}],"predecessor-version":[{"id":269522,"href":"https:\/\/www.novaconcursos.com.br\/portal\/wp-json\/wp\/v2\/posts\/269516\/revisions\/269522"}],"wp:featuredmedia":[{"embeddable":true,"href":"https:\/\/www.novaconcursos.com.br\/portal\/wp-json\/wp\/v2\/media\/269521"}],"wp:attachment":[{"href":"https:\/\/www.novaconcursos.com.br\/portal\/wp-json\/wp\/v2\/media?parent=269516"}],"wp:term":[{"taxonomy":"category","embeddable":true,"href":"https:\/\/www.novaconcursos.com.br\/portal\/wp-json\/wp\/v2\/categories?post=269516"},{"taxonomy":"post_tag","embeddable":true,"href":"https:\/\/www.novaconcursos.com.br\/portal\/wp-json\/wp\/v2\/tags?post=269516"}],"curies":[{"name":"wp","href":"https:\/\/api.w.org\/{rel}","templated":true}]}}