{"id":269747,"date":"2025-01-21T20:41:39","date_gmt":"2025-01-21T23:41:39","guid":{"rendered":"https:\/\/www.novaconcursos.com.br\/portal\/?p=269747"},"modified":"2025-01-22T08:23:37","modified_gmt":"2025-01-22T11:23:37","slug":"concurso-prf-ampliacao-excedentes","status":"publish","type":"post","link":"https:\/\/www.novaconcursos.com.br\/portal\/noticias\/concurso-prf-ampliacao-excedentes\/","title":{"rendered":"Concurso PRF: autorizada a amplia\u00e7\u00e3o de excedentes de 473 para 544 candidatos!"},"content":{"rendered":"<p>O <strong><a href=\"https:\/\/www.novaconcursos.com.br\/portal\/concursos\/concurso-prf\/\">concurso PRF<\/a> aguarda a autoriza\u00e7\u00e3o de um novo certame<\/strong> e enquanto isso foi autorizada a amplia\u00e7\u00e3o da nomea\u00e7\u00e3o de excedentes do \u00faltimo edital.<\/p>\n\n\n\n<p>A PRF tem a autoriza\u00e7\u00e3o para a realiza\u00e7\u00e3o de um novo Curso de Forma\u00e7\u00e3o Profissional (CFP) para 544 candidatos ao cargo de Policial Rodovi\u00e1rio Federal. <\/p>\n\n\n\n<p>O Minist\u00e9rio da Justi\u00e7a e Seguran\u00e7a P\u00fablica aguarda a aprova\u00e7\u00e3o do concurso para 5.137 vagas, com a PRF tamb\u00e9m em processo de transforma\u00e7\u00e3o para Pol\u00edcia Vi\u00e1ria Federal (PVF).<\/p>\n\n\n\n<p>Se interessa pelo concurso PRF e quer ficar por dentro de todas as novidades? Fique com a gente e n\u00e3o perca nenhuma not\u00edcia.<\/p>\n\n\n\n<h2 class=\"wp-block-heading\" id=\"concurso-prf-novo-curso-de-formao-para-544-candidatos-autori\">Concurso PRF: Novo curso de forma\u00e7\u00e3o para 544 candidatos \u00e9 autorizado!<\/h2>\n\n\n\n<p>A <a href=\"https:\/\/www.gov.br\/prf\/pt-br\" target=\"_blank\" rel=\"noopener\">Pol\u00edcia Rodovi\u00e1ria Federal<\/a> anunciou a realiza\u00e7\u00e3o de um novo Curso de Forma\u00e7\u00e3o Profissional (CFP) destinado a 544 candidatos ao cargo de Policial Rodovi\u00e1rio Federal, com o objetivo de suprir as vagas na institui\u00e7\u00e3o. <\/p>\n\n\n\n<p>O curso ser\u00e1 viabilizado por um termo aditivo ao contrato existente, com a adi\u00e7\u00e3o de 2,3805% ao valor inicial, que passa a ser de R$ 24.130.229,28. A vig\u00eancia do contrato vai at\u00e9 30 de dezembro de 2024.<\/p>\n\n\n\n<p>O termo aditivo foi publicado recentemente e revela que a <mark style=\"background-color:#8ed1fc\" class=\"has-inline-color\">corpora\u00e7\u00e3o autorizou a amplia\u00e7\u00e3o da nomea\u00e7\u00e3o de excedentes do \u00faltimo concurso. <\/mark><\/p>\n\n\n\n<p>Inicialmente, a PRF havia autorizado a convoca\u00e7\u00e3o de 473 excedentes, mas, em resposta \u00e0 vac\u00e2ncia de cargos devido \u00e0 posse de novos policiais, a institui\u00e7\u00e3o solicitou a autoriza\u00e7\u00e3o de mais 130 excedentes, totalizando 544 convocados para o curso de forma\u00e7\u00e3o. <\/p>\n\n\n\n<p>A expectativa de vac\u00e2ncia na \u00e1rea policial, com cerca de 370 aposentadorias previstas para 2025, tamb\u00e9m refor\u00e7a a necessidade de novas nomea\u00e7\u00f5es.<\/p>\n\n\n\n<p>Vale destacar que a autoriza\u00e7\u00e3o de um novo edital PRF est\u00e1 pendente. O Minist\u00e9rio da Justi\u00e7a e Seguran\u00e7a P\u00fablica j\u00e1 solicitou a abertura de 5.137 vagas, distribu\u00eddas entre 4.902 para o cargo de Policial Rodovi\u00e1rio Federal e 235 para Agente Administrativo. <\/p>\n\n\n\n<div class=\"nova-continue-reading\"> Leia tamb\u00e9m: <a href=\"https:\/\/www.novaconcursos.com.br\/portal\/concursos\/concurso-prf\/?srsltid=AfmBOopaGXAa9kl2_2BnFuynOGPwCg0six_AxvKmBHYN_d97bnBnsJYp\">Concurso PRF: novo edital solicitado com 5 mil vagas!<\/a> <\/div>\n\n\n\n<p>O pedido est\u00e1 em an\u00e1lise pelo Minist\u00e9rio do Planejamento e Or\u00e7amento, que deve decidir sobre a autoriza\u00e7\u00e3o do edital e a amplia\u00e7\u00e3o do quadro de servidores da PRF.<\/p>\n\n\n\n<h2 class=\"wp-block-heading\" id=\"confira-os-requisitos-para-o-concurso-prf\">Confira os requisitos para o concurso PRF<\/h2>\n\n\n\n<p>Para participar do concurso PRF, os candidatos devem atender a requisitos rigorosos, incluindo a posse de CNH categoria B ou superior e a aus\u00eancia de necessidade de adapta\u00e7\u00e3o veicular. Durante o curso de forma\u00e7\u00e3o, os candidatos tamb\u00e9m precisam comprovar aptid\u00e3o f\u00edsica e mental para o cargo.<\/p>\n\n\n\n<p>Al\u00e9m disso, \u00e9 necess\u00e1rio ser brasileiro ou portugu\u00eas, ter diploma de n\u00edvel superior, idade m\u00ednima de 18 anos na data da posse, e estar em dia com as obriga\u00e7\u00f5es eleitorais e militares.<\/p>\n\n\n\n<h2 class=\"wp-block-heading\" id=\"transformao-da-prf-em-polcia-viria-federal-pvf\">Transforma\u00e7\u00e3o da PRF em Pol\u00edcia Vi\u00e1ria Federal (PVF)<\/h2>\n\n\n\n<p>Al\u00e9m do concurso e do curso de forma\u00e7\u00e3o, a PRF tamb\u00e9m passou a ser foco de mudan\u00e7as estruturais. Na \u00faltima coletiva de imprensa, o ministro da Justi\u00e7a e Seguran\u00e7a P\u00fablica, Ricardo Lewandowski, anunciou <strong>a proposta de transforma\u00e7\u00e3o da PRF em Pol\u00edcia Vi\u00e1ria Federal<\/strong> (PVF). <\/p>\n\n\n\n<div class=\"nova-continue-reading\"> Leia tamb\u00e9m: <a href=\"https:\/\/www.novaconcursos.com.br\/portal\/noticias\/concurso-prf-criacao-pvf\/\">Concurso PRF: governo prev\u00ea a cria\u00e7\u00e3o da Pol\u00edcia Vi\u00e1ria!<\/a> <\/div>\n\n\n\n<p>A nova corpora\u00e7\u00e3o ser\u00e1 respons\u00e1vel pelo policiamento ostensivo nas rodovias, ferrovias e hidrovias federais, mas n\u00e3o exercer\u00e1 atividades de pol\u00edcia judici\u00e1ria, como apura\u00e7\u00e3o de infra\u00e7\u00f5es penais, uma compet\u00eancia exclusiva da Pol\u00edcia Federal e das pol\u00edcias civis.<\/p>\n\n\n\n<p>Com a expectativa de refor\u00e7o no quadro de servidores, a PRF busca sanar a defasagem de mais de 29,10% no n\u00famero de policiais rodovi\u00e1rios federais, o que tem impactado as atividades da corpora\u00e7\u00e3o e dificultado a cess\u00e3o de servidores a outros \u00f3rg\u00e3os.<\/p>\n\n\n\n<h2 class=\"wp-block-heading\" id=\"polcia-rodoviria-federal-e-suas-funes-essenciais-\">Pol\u00edcia Rodovi\u00e1ria Federal e suas fun\u00e7\u00f5es essenciais <\/h2>\n\n\n\n<p>A Pol\u00edcia Rodovi\u00e1ria Federal \u00e9 um \u00f3rg\u00e3o de seguran\u00e7a p\u00fablica vinculado ao Minist\u00e9rio da Justi\u00e7a, respons\u00e1vel pela fiscaliza\u00e7\u00e3o e patrulhamento das rodovias federais em todo o Brasil. <\/p>\n\n\n\n<p>Criada em 1928, a PRF tem como miss\u00e3o primordial garantir a seguran\u00e7a no tr\u00e2nsito, combater crimes nas estradas e oferecer suporte a motoristas e passageiros.<\/p>\n\n\n\n<p>Entre as fun\u00e7\u00f5es da PRF est\u00e3o a fiscaliza\u00e7\u00e3o de infra\u00e7\u00f5es de tr\u00e2nsito, o controle de ve\u00edculos, o combate ao tr\u00e1fico de drogas, armas e pessoas, al\u00e9m da investiga\u00e7\u00e3o de acidentes rodovi\u00e1rios. A PRF tamb\u00e9m atua na educa\u00e7\u00e3o para o tr\u00e2nsito, conscientizando motoristas sobre a import\u00e2ncia de comportamentos seguros nas vias.<\/p>\n\n\n\n<p>Com um efetivo espalhado por todo o territ\u00f3rio nacional, a Pol\u00edcia Rodovi\u00e1ria Federal desempenha um papel vital na manuten\u00e7\u00e3o da ordem nas rodovias, garantindo a seguran\u00e7a de milh\u00f5es de brasileiros que dependem dessas vias para suas viagens di\u00e1rias. <\/p>\n\n\n\n<p><strong>Fiquem ligados na nossa p\u00e1gina para as pr\u00f3ximas not\u00edcias sobre o concurso PRF!<\/strong><\/p>","protected":false},"excerpt":{"rendered":"<p>O concurso PRF (Pol\u00edcia Rodovi\u00e1ria Federal) tem autoriza\u00e7\u00e3o para a amplia\u00e7\u00e3o da nomea\u00e7\u00e3o de aprovados excedentes do \u00faltimo concurso, realizado em 2021. <\/p>\n","protected":false},"author":54694,"featured_media":269757,"comment_status":"closed","ping_status":"closed","sticky":false,"template":"","format":"standard","meta":{"_acf_changed":false,"footnotes":"","_wp_rev_ctl_limit":""},"categories":[228,44978,44941],"tags":[6524,45031],"class_list":["post-269747","post","type-post","status-publish","format-standard","has-post-thumbnail","hentry","category-noticias","category-nacional","category-carreira-policial","tag-concurso-prf","tag-concursos-abertos-nacionais"],"acf":[],"_links":{"self":[{"href":"https:\/\/www.novaconcursos.com.br\/portal\/wp-json\/wp\/v2\/posts\/269747","targetHints":{"allow":["GET"]}}],"collection":[{"href":"https:\/\/www.novaconcursos.com.br\/portal\/wp-json\/wp\/v2\/posts"}],"about":[{"href":"https:\/\/www.novaconcursos.com.br\/portal\/wp-json\/wp\/v2\/types\/post"}],"author":[{"embeddable":true,"href":"https:\/\/www.novaconcursos.com.br\/portal\/wp-json\/wp\/v2\/users\/54694"}],"replies":[{"embeddable":true,"href":"https:\/\/www.novaconcursos.com.br\/portal\/wp-json\/wp\/v2\/comments?post=269747"}],"version-history":[{"count":5,"href":"https:\/\/www.novaconcursos.com.br\/portal\/wp-json\/wp\/v2\/posts\/269747\/revisions"}],"predecessor-version":[{"id":269759,"href":"https:\/\/www.novaconcursos.com.br\/portal\/wp-json\/wp\/v2\/posts\/269747\/revisions\/269759"}],"wp:featuredmedia":[{"embeddable":true,"href":"https:\/\/www.novaconcursos.com.br\/portal\/wp-json\/wp\/v2\/media\/269757"}],"wp:attachment":[{"href":"https:\/\/www.novaconcursos.com.br\/portal\/wp-json\/wp\/v2\/media?parent=269747"}],"wp:term":[{"taxonomy":"category","embeddable":true,"href":"https:\/\/www.novaconcursos.com.br\/portal\/wp-json\/wp\/v2\/categories?post=269747"},{"taxonomy":"post_tag","embeddable":true,"href":"https:\/\/www.novaconcursos.com.br\/portal\/wp-json\/wp\/v2\/tags?post=269747"}],"curies":[{"name":"wp","href":"https:\/\/api.w.org\/{rel}","templated":true}]}}