{"id":270404,"date":"2025-01-28T15:29:49","date_gmt":"2025-01-28T18:29:49","guid":{"rendered":"https:\/\/www.novaconcursos.com.br\/portal\/?p=270404"},"modified":"2025-01-28T15:29:55","modified_gmt":"2025-01-28T18:29:55","slug":"concurso-prf-convocacao","status":"publish","type":"post","link":"https:\/\/www.novaconcursos.com.br\/portal\/noticias\/concurso-prf-convocacao\/","title":{"rendered":"Concurso PRF: publicada a convoca\u00e7\u00e3o para 3\u00aa turma de aprovados!"},"content":{"rendered":"<p>O \u00faltimo <a href=\"https:\/\/www.novaconcursos.com.br\/portal\/concursos\/concurso-prf\/\">concurso PRF<\/a> foi realizado em 2021 e prorrogado por mais dois anos, ou seja, <strong>o certame ter\u00e1 validade at\u00e9 dezembro de 2025.<\/strong><\/p>\n\n\n\n<p>Ser\u00e3o convocadas 544 aprovados no \u00faltimo concurso PRF que receber\u00e3o um sal\u00e1rio no valor de R$11 mil mais benef\u00edcios.<\/p>\n\n\n\n<p>Os convocados ter\u00e3o apenas dois dias para realizarem a matr\u00edcula no Curso de Forma\u00e7\u00e3o Policial e ainda dever\u00e3o atualizar a Ficha de Informa\u00e7\u00f5es Pessoais.<\/p>\n\n\n\n<p>Ficou interessado e quer ficar por dentro de todas as novidades sobre o concurso PRF? Continue comigo e n\u00e3o perca nenhuma not\u00edcia!<\/p>\n\n\n\n<h2 class=\"wp-block-heading\" id=\"concurso-prf-convoca-de-excedentes-para-o-curso-de-formao-po\">Concurso PRF convoca de excedentes para o Curso de Forma\u00e7\u00e3o Policial<\/h2>\n\n\n\n<p>A <a href=\"https:\/\/www.gov.br\/prf\/pt-br\" target=\"_blank\" rel=\"noopener\">Pol\u00edcia Rodovi\u00e1ria Federal<\/a> publicou, nesta segunda-feira, 27 de janeiro de 2025, a convoca\u00e7\u00e3o de 544 candidatos excedentes aprovados no \u00faltimo concurso PRF para matr\u00edcula na terceira turma do Curso de Forma\u00e7\u00e3o Policial (CFP). <\/p>\n\n\n\n<p>A medida segue o Decreto n\u00ba 12.306, de 9 de dezembro de 2024, que autorizou inicialmente a nomea\u00e7\u00e3o de 473 excedentes, ampliados posteriormente para 544.<\/p>\n\n\n\n<p>A amplia\u00e7\u00e3o para 544 convocados reflete o compromisso da PRF em refor\u00e7ar o quadro de pessoal, que pode chegar a 13.098 policiais rodovi\u00e1rios federais, conforme estabelecido pela legisla\u00e7\u00e3o vigente. <\/p>\n\n\n\n<div class=\"nova-continue-reading\"> Leia tamb\u00e9m: <a href=\"https:\/\/www.novaconcursos.com.br\/portal\/noticias\/concurso-prf-ampliacao-excedentes\/\">Concurso PRF: autorizada a amplia\u00e7\u00e3o de excedentes de 473 para 544 candidatos!<\/a> <\/div>\n\n\n\n<p>Ap\u00f3s a conclus\u00e3o do CFP, os candidatos aprovados estar\u00e3o aptos para nomea\u00e7\u00e3o, contribuindo para o fortalecimento das a\u00e7\u00f5es de seguran\u00e7a e fiscaliza\u00e7\u00e3o nas rodovias federais.<\/p>\n\n\n\n<h2 class=\"wp-block-heading\" id=\"matrcula-e-documentao-necessria\">Matr\u00edcula e documenta\u00e7\u00e3o necess\u00e1ria<\/h2>\n\n\n\n<p>Os candidatos convocados dever\u00e3o realizar a matr\u00edcula no site do Cebraspe, organizador do edital PRF, entre <mark style=\"background-color:#8ed1fc\" class=\"has-inline-color\">\u00e0s 10h do dia 5 de fevereiro e as 18h do dia 6 de fevereiro de 2025<\/mark>, pelo hor\u00e1rio de Bras\u00edlia\/DF.<\/p>\n\n\n\n<p>No ato da matr\u00edcula, ser\u00e1 necess\u00e1rio atualizar a Ficha de Informa\u00e7\u00f5es Pessoais (FIP) e enviar digitalmente os seguintes documentos:<\/p>\n\n\n\n<ul class=\"wp-block-list\"><li>Carteira Nacional de Habilita\u00e7\u00e3o (CNH) na categoria \u201cB\u201d ou superior, v\u00e1lida e sem restri\u00e7\u00f5es.<\/li>\n\n\n\n<li>Diploma ou declara\u00e7\u00e3o de conclus\u00e3o de curso superior reconhecido pelo MEC.<\/li>\n\n\n\n<li>Certid\u00f5es de antecedentes criminais da Justi\u00e7a Estadual, Federal e Militar, bem como das Secretarias de Seguran\u00e7a P\u00fablica.<\/li>\n\n\n\n<li>Comprovante de quita\u00e7\u00e3o com as obriga\u00e7\u00f5es militares, para candidatos do sexo masculino.<\/li>\n\n\n\n<li>Certid\u00e3o disciplinar ou equivalente, para servidores p\u00fablicos.<\/li>\n\n\n\n<li>Atestado m\u00e9dico, emitido no m\u00e1ximo 15 dias antes do in\u00edcio do CFP, atestando aptid\u00e3o para atividades f\u00edsicas.<\/li>\n<\/ul><h2 class=\"wp-block-heading\" id=\"apresentao-e-incio-do-cfp\">Apresenta\u00e7\u00e3o e in\u00edcio do CFP<\/h2>\n\n\n\n<p>Os matriculados dever\u00e3o comparecer ao Campus I da Universidade Corporativa da PRF (UNIPRF), localizado em Florian\u00f3polis\/SC, na Rodovia Jos\u00e9 Carlos Daux, SC 401, Km 19, Canasvieiras, no dia 14 de mar\u00e7o de 2025. <\/p>\n\n\n\n<p>O hor\u00e1rio exato ser\u00e1 divulgado pela UniPRF oportunamente. O <mark style=\"background-color:#8ed1fc\" class=\"has-inline-color\">CFP ocorrer\u00e1 entre os dias 14 de mar\u00e7o e 18 de junho de 2025<\/mark>.<\/p>\n\n\n\n<p>O curso contar\u00e1 com carga hor\u00e1ria distribu\u00edda entre aulas presenciais e a dist\u00e2ncia, realizadas em regime integral, com atividades nos turnos diurno e noturno, incluindo fins de semana e feriados. <\/p>\n\n\n\n<p>Durante o CFP, os candidatos ser\u00e3o submetidos a avalia\u00e7\u00f5es acad\u00eamicas e pr\u00e1ticas, culminando em duas provas objetivas ao final do per\u00edodo.<\/p>\n\n\n\n<h2 class=\"wp-block-heading\" id=\"qual-o-salrio-de-um-prf\">Qual \u00e9 o sal\u00e1rio de um PRF?<\/h2>\n\n\n\n<p>Atualmente, o sal\u00e1rio de um policial rodovi\u00e1rio federal \u00e9 de R$12.114,60, sendo composto por um sal\u00e1rio base de R$11.114,60 e um aux\u00edlio-alimenta\u00e7\u00e3o de R$1.000,00. <\/p>\n\n\n\n<p>A carreira ainda conta com reajustes salariais previstos para os pr\u00f3ximos anos, com a remunera\u00e7\u00e3o subindo para R$12.670,33 a partir de maio de 2025 e para R$13.253,84 em 2026, o que torna a profiss\u00e3o ainda mais atrativa. <\/p>\n\n\n\n<p>O cargo de Policial Rodovi\u00e1rio Federal \u00e9 um dos mais disputados no servi\u00e7o p\u00fablico, exigindo forma\u00e7\u00e3o de n\u00edvel superior em qualquer \u00e1rea de conhecimento e Carteira Nacional de Habilita\u00e7\u00e3o (CNH) na categoria B ou superior. <\/p>\n\n\n\n<p>Al\u00e9m disso, o ingresso na carreira depende da aprova\u00e7\u00e3o em um rigoroso concurso p\u00fablico, que inclui etapas como provas objetivas, discursivas, avalia\u00e7\u00f5es f\u00edsicas e psicol\u00f3gicas, al\u00e9m do Curso de Forma\u00e7\u00e3o Profissional, que aceita candidatos entre 18 e 65 anos, sem restri\u00e7\u00f5es de g\u00eanero.<\/p>\n\n\n\n<p><strong>Fiquem ligados na nossa p\u00e1gina para as pr\u00f3ximas not\u00edcias sobre o concurso PRF!<\/strong><\/p>","protected":false},"excerpt":{"rendered":"<p>O concurso PRF tem um pedido de edital em an\u00e1lise e aguarda autoriza\u00e7\u00e3o do MGI (Minist\u00e9rio da Gest\u00e3o e Inova\u00e7\u00e3o). Confira as novidades a seguir.<\/p>\n","protected":false},"author":54694,"featured_media":270414,"comment_status":"closed","ping_status":"closed","sticky":false,"template":"","format":"standard","meta":{"_acf_changed":false,"footnotes":"","_wp_rev_ctl_limit":""},"categories":[228,44978,44941],"tags":[6524,45031],"class_list":["post-270404","post","type-post","status-publish","format-standard","has-post-thumbnail","hentry","category-noticias","category-nacional","category-carreira-policial","tag-concurso-prf","tag-concursos-abertos-nacionais"],"acf":[],"_links":{"self":[{"href":"https:\/\/www.novaconcursos.com.br\/portal\/wp-json\/wp\/v2\/posts\/270404","targetHints":{"allow":["GET"]}}],"collection":[{"href":"https:\/\/www.novaconcursos.com.br\/portal\/wp-json\/wp\/v2\/posts"}],"about":[{"href":"https:\/\/www.novaconcursos.com.br\/portal\/wp-json\/wp\/v2\/types\/post"}],"author":[{"embeddable":true,"href":"https:\/\/www.novaconcursos.com.br\/portal\/wp-json\/wp\/v2\/users\/54694"}],"replies":[{"embeddable":true,"href":"https:\/\/www.novaconcursos.com.br\/portal\/wp-json\/wp\/v2\/comments?post=270404"}],"version-history":[{"count":8,"href":"https:\/\/www.novaconcursos.com.br\/portal\/wp-json\/wp\/v2\/posts\/270404\/revisions"}],"predecessor-version":[{"id":270417,"href":"https:\/\/www.novaconcursos.com.br\/portal\/wp-json\/wp\/v2\/posts\/270404\/revisions\/270417"}],"wp:featuredmedia":[{"embeddable":true,"href":"https:\/\/www.novaconcursos.com.br\/portal\/wp-json\/wp\/v2\/media\/270414"}],"wp:attachment":[{"href":"https:\/\/www.novaconcursos.com.br\/portal\/wp-json\/wp\/v2\/media?parent=270404"}],"wp:term":[{"taxonomy":"category","embeddable":true,"href":"https:\/\/www.novaconcursos.com.br\/portal\/wp-json\/wp\/v2\/categories?post=270404"},{"taxonomy":"post_tag","embeddable":true,"href":"https:\/\/www.novaconcursos.com.br\/portal\/wp-json\/wp\/v2\/tags?post=270404"}],"curies":[{"name":"wp","href":"https:\/\/api.w.org\/{rel}","templated":true}]}}