{"id":270772,"date":"2025-02-05T09:17:16","date_gmt":"2025-02-05T12:17:16","guid":{"rendered":"https:\/\/www.novaconcursos.com.br\/portal\/?p=270772"},"modified":"2025-02-05T09:17:21","modified_gmt":"2025-02-05T12:17:21","slug":"concurso-pm-se-inscricao-prorrogada","status":"publish","type":"post","link":"https:\/\/www.novaconcursos.com.br\/portal\/noticias\/concurso-pm-se-inscricao-prorrogada\/","title":{"rendered":"Concurso PM SE com 335 vagas tem inscri\u00e7\u00f5es prorrogadas!"},"content":{"rendered":"<p>O <a href=\"https:\/\/www.novaconcursos.com.br\/portal\/concursos\/concurso-pm-se\/\">concurso PM SE<\/a> teve as suas inscri\u00e7\u00f5es prorrogadas at\u00e9 o dia 6 de fevereiro!<\/p>\n\n\n\n<p>A Pol\u00edcia Militar do Segipe publicou, no dia 31 de outubro de 2024, o edital para preenchimento de 335 vagas para os cargos de Soldado, Oficial Combatente e Oficiais da Sa\u00fade. As remunera\u00e7\u00f5es podem alcan\u00e7ar o valor de <strong>R$ 10 mil!<\/strong><br><br>O Instituto Selecon estendeu o prazo de inscri\u00e7\u00f5es, que inicialmente se encerraria em 1\u00ba de fevereiro, para <strong>at\u00e9 6 de fevereiro<\/strong>, conforme comunicado da Secretaria de Estado da Administra\u00e7\u00e3o. As provas objetivas e discursivas seguem agendadas para o dia 23 de fevereiro.<\/p>\n\n\n\n<p>Ficou interessado e quer saber todos os detalhes do concurso PM SE? Fique com a gente e n\u00e3o perca nenhuma atualiza\u00e7\u00e3o!<\/p>\n\n\n\n<p><\/p>\n\n\n\n<h2 class=\"wp-block-heading\" id=\"concurso-prefeitura-de-suzano-inscries-\">Como realizar a inscri\u00e7\u00e3o para o concurso PM SE?<\/h2>\n\n\n\n<p>As inscri\u00e7\u00f5es para o concurso PM SE foram reabertas exclusivamente no site do <a href=\"https:\/\/selecon.org.br\/\" target=\"_blank\" rel=\"noopener\">Instituto Selecon<\/a>, banca organizadora, e estar\u00e3o dispon\u00edveis <mark style=\"background-color:#8ed1fc\" class=\"has-inline-color\">at\u00e9 \u00e0s 23h59min do dia 6 de fevereiro de 2025.<\/mark><\/p>\n\n\n\n<p>Para se inscrever, o candidato dever\u00e1 acessar o site, selecionar o certame desejado e preencher o formul\u00e1rio de inscri\u00e7\u00e3o, informando corretamente seus dados pessoais.<\/p>\n\n\n\n<p>Ap\u00f3s esse processo, ser\u00e1 gerado um boleto banc\u00e1rio correspondente \u00e0 taxa de inscri\u00e7\u00e3o, que dever\u00e1 ser pago at\u00e9 a data de vencimento indicada.<\/p>\n\n\n\n<p>A taxa de inscri\u00e7\u00e3o \u00e9 no valor de R$ 120,00 para o cargo de Soldado e R$ 160,00 para os cargos de Oficial.<\/p>\n\n\n\n<h2 class=\"wp-block-heading\" id=\"concurso-pm-se-quais-os-requisitos-cargos-e-remunerao\">Concurso PM SE: Quais os requisitos, cargos e remunera\u00e7\u00e3o?<\/h2>\n\n\n\n<p>Os editais do concurso PM SE estabeleceu alguns crit\u00e9rios para participa\u00e7\u00e3o no concurso conforme a especialidade:<\/p>\n\n\n\n<ul class=\"wp-block-list\"><li>Soldados: n\u00edvel m\u00e9dio completo; idade: 18 a 35 anos no per\u00edodo da inscri\u00e7\u00e3o; altura m\u00ednima de 1,60m (homens) e 1,55m (mulheres).<\/li>\n\n\n\n<li>Oficiais: n\u00edvel superior; idade: 18 a 35 anos no per\u00edodo da inscri\u00e7\u00e3o; altura m\u00ednima de 1,60m (homens) e 1,55m (mulheres).<\/li>\n<\/ul><p><\/p>\n\n\n\n<p>\u00c9 importante destacar que, para o cargo de Combatente, o candidato deve possuir gradua\u00e7\u00e3o em Direito. J\u00e1 para o cargo de Oficial da Sa\u00fade, \u00e9 necess\u00e1rio comprovar forma\u00e7\u00e3o superior na respectiva especialidade.<\/p>\n\n\n\n<p>O documento tamb\u00e9m informa que ser\u00e3o disponibilizadas <mark style=\"background-color:#8ed1fc\" class=\"has-inline-color\">335 vagas<\/mark> para diferentes \u00e1reas, incluindo Soldado, Oficial Combatente e Oficiais da Sa\u00fade. Segundo o edital, as vagas est\u00e3o distribu\u00eddas da seguinte forma:<\/p>\n\n\n\n<ul class=\"wp-block-list\"><li><strong>300 vagas<\/strong>\u00a0para Soldados;<\/li>\n\n\n\n<li><strong>30 vagas<\/strong>\u00a0para Oficial Combatente; e<\/li>\n\n\n\n<li><strong>5 vagas<\/strong>\u00a0para Oficial da Sa\u00fade.<\/li>\n<\/ul><p>Durante o curso de forma\u00e7\u00e3o, os aprovados receber\u00e3o uma remunera\u00e7\u00e3o inicial correspondente a 50% do subs\u00eddio da classe. Ap\u00f3s a conclus\u00e3o e aprova\u00e7\u00e3o no curso, passar\u00e3o a receber a remunera\u00e7\u00e3o integral, conforme estabelecido na Lei Complementar n\u00ba 278, de 1\u00ba de dezembro de 2016.<\/p>\n\n\n\n<div class=\"nova-continue-reading\"><strong>Adquira j\u00e1:<\/strong> <a href=\"https:\/\/www.novaconcursos.com.br\/curso-online\/curso-pm-se-soldado\">Curso PM-SE Soldado<\/a><\/div>\n\n\n\n<h2 class=\"wp-block-heading\" id=\"quais-sero-as-etapas-do-concurso-da-pm-tocantins\">Quais ser\u00e3o as etapas das provas do concurso PM SE?<\/h2>\n\n\n\n<p>As provas objetiva e discursiva ser\u00e3o aplicadas <mark style=\"background-color:#8ed1fc\" class=\"has-inline-color\">em Aracaju-SE no dia 23 de fevereiro de 2025<\/mark>. Os candidatos ao cargo de <strong>Soldado<\/strong> realizar\u00e3o a avalia\u00e7\u00e3o no <strong>per\u00edodo matutino<\/strong>, enquanto os concorrentes aos cargos de <strong>Oficiais<\/strong> far\u00e3o a prova no<strong> per\u00edodo vespertino<\/strong>.<\/p>\n\n\n\n<p>O concurso PM SE, sob organiza\u00e7\u00e3o do Instituto Selecon, contar\u00e1 com a seguinte estrutura:<\/p>\n\n\n<div class=\"wp-block-image\">\n<figure class=\"aligncenter size-large\"><a href=\"https:\/\/www.novaconcursos.com.br\/portal\/wp-content\/uploads\/2025\/02\/Imagem-do-WhatsApp-de-2025-02-04-as-12.12.58_65307757.webp\"><img decoding=\"async\" width=\"1024\" height=\"451\" src=\"https:\/\/www.novaconcursos.com.br\/portal\/wp-content\/uploads\/2025\/02\/Imagem-do-WhatsApp-de-2025-02-04-as-12.12.58_65307757-1024x451.webp\" alt=\"Estrutura organizacional do concurso PM SE\" class=\"wp-image-271001\" loading=\"lazy\" title=\"\" srcset=\"https:\/\/www.novaconcursos.com.br\/portal\/wp-content\/uploads\/2025\/02\/Imagem-do-WhatsApp-de-2025-02-04-as-12.12.58_65307757-300x132.webp 300w, https:\/\/www.novaconcursos.com.br\/portal\/wp-content\/uploads\/2025\/02\/Imagem-do-WhatsApp-de-2025-02-04-as-12.12.58_65307757-480x212.webp 480w, https:\/\/www.novaconcursos.com.br\/portal\/wp-content\/uploads\/2025\/02\/Imagem-do-WhatsApp-de-2025-02-04-as-12.12.58_65307757-768x338.webp 768w, https:\/\/www.novaconcursos.com.br\/portal\/wp-content\/uploads\/2025\/02\/Imagem-do-WhatsApp-de-2025-02-04-as-12.12.58_65307757-1024x451.webp 1024w, https:\/\/www.novaconcursos.com.br\/portal\/wp-content\/uploads\/2025\/02\/Imagem-do-WhatsApp-de-2025-02-04-as-12.12.58_65307757.webp 1080w\" sizes=\"auto, (max-width: 480px) 100vw, (max-width: 768px) 100vw, (max-width: 1200px) 70vw, 768px\"><\/a><\/figure><\/div>\n\n\n<p>A <strong>prova objetiva<\/strong>, de car\u00e1ter eliminat\u00f3rio e classificat\u00f3rio, ser\u00e1 do tipo multipla escolha e abordar\u00e1 as seguintes disciplinas:<\/p>\n\n\n\n<p><strong>Soldado<\/strong><\/p>\n\n\n\n<ul class=\"wp-block-list\"><li>L\u00edngua Portuguesa;<\/li>\n\n\n\n<li>Matem\u00e1tica;<\/li>\n\n\n\n<li>Inform\u00e1tica B\u00e1sica;<\/li>\n\n\n\n<li>Atualidades;<\/li>\n\n\n\n<li>No\u00e7\u00f5es de Direito;<\/li>\n\n\n\n<li>Conhecimentos Gerais sobre o Segripe; e<\/li>\n\n\n\n<li>Legisla\u00e7\u00e3o PM SE.<\/li>\n<\/ul><p><strong>Oficial Combatente <\/strong><\/p>\n\n\n\n<ul class=\"wp-block-list\"><li>Direito Constitucional;<\/li>\n\n\n\n<li>Direito Penal Militar;<\/li>\n\n\n\n<li>Direito Penal;<\/li>\n\n\n\n<li>Direito Processual Penal Militar;<\/li>\n\n\n\n<li>Direito Processual Penal;<\/li>\n\n\n\n<li>Direito Administrativo;<\/li>\n\n\n\n<li>Legisla\u00e7\u00e3o Extravagante;<\/li>\n\n\n\n<li>Conhecimentos sobre o Sergipe; e<\/li>\n\n\n\n<li>Legisla\u00e7\u00e3o PM SE.<\/li>\n<\/ul><p><strong>Oficial Sa\u00fade \u2013 Medicina<\/strong><\/p>\n\n\n\n<ul class=\"wp-block-list\"><li>No\u00e7\u00f5es de Administra\u00e7\u00e3o P\u00fablica;<\/li>\n\n\n\n<li>No\u00e7\u00f5es B\u00e1sicas de Inform\u00e1tica;<\/li>\n\n\n\n<li>Interpreta\u00e7\u00e3o de Textos;<\/li>\n\n\n\n<li>Conhecimentos Gerais sobre o Sergipe;<\/li>\n\n\n\n<li>Legisla\u00e7\u00e3o PM SE; e<\/li>\n\n\n\n<li>Conhecimentos Espec\u00edficos em Medicina (conforme especialidade escolhida).<\/li>\n<\/ul><p><strong>Oficial Sa\u00fade \u2013 Odontologia<\/strong><\/p>\n\n\n\n<ul class=\"wp-block-list\"><li>No\u00e7\u00f5es de Administra\u00e7\u00e3o P\u00fablica;<\/li>\n\n\n\n<li>No\u00e7\u00f5es B\u00e1sicas de Inform\u00e1tica;<\/li>\n\n\n\n<li>Interpreta\u00e7\u00e3o de Textos;<\/li>\n\n\n\n<li>Conhecimentos Gerais sobre o Sergipe;<\/li>\n\n\n\n<li>Legisla\u00e7\u00e3o PM SE; e<\/li>\n\n\n\n<li>Conhecimebtos espec\u00edficos em Odontologia(conforme especialidade escolhida).<\/li>\n<\/ul><p><strong>Oficial Sa\u00fade \u2013 Medicina Veterin\u00e1ria<\/strong><\/p>\n\n\n\n<ul class=\"wp-block-list\"><li>No\u00e7\u00f5es de Administra\u00e7\u00e3o P\u00fablica;<\/li>\n\n\n\n<li>No\u00e7\u00f5es B\u00e1sicas de Inform\u00e1tica;<\/li>\n\n\n\n<li>Interpreta\u00e7\u00e3o de Textos;<\/li>\n\n\n\n<li>Conhecimentos gerais sobre o Sergipe;<\/li>\n\n\n\n<li>Legisla\u00e7\u00e3o PM SE;<\/li>\n\n\n\n<li>Conhecimebtos Espec\u00edficos em Medicina Veterin\u00e1ria(conforme especialidade escolhida).<\/li>\n<\/ul><p>A <strong>prova discursiva<\/strong> ter\u00e1 valor m\u00e1ximo de 60 pontos e os candidatos dever\u00e3o produzir uma reda\u00e7\u00e3o.<\/p>\n\n\n\n<p>Para o <strong>teste de aptid\u00e3o f\u00edsica<\/strong> (TAF) ser\u00e1 convocados aqueles candidatos que foram aprovados nas etapas anteriores e consistir\u00e1 na execu\u00e7\u00e3o de flex\u00e3o de bra\u00e7os, abdominal curl-up e corrida de fundo para o cargo de Oficial da Sa\u00fade; flex\u00e3o de bra\u00e7os, flex\u00e3o na barra fixa, abdominal curl-up, nata\u00e7\u00e3o e corrida de fundo para os cargos de Oficial Combatente e Soldado.<\/p>\n\n\n\n<p><\/p>\n\n\n\n<div class=\"nova-continue-reading\"> Confira os demais <a href=\"https:\/\/www.novaconcursos.com.br\/portal\/concursos-abertos\/to\/\">concursos abertos no Estado do Sergipe<\/a>!<\/div>\n\n\n\n<figure class=\"wp-block-embed is-type-video is-provider-youtube wp-block-embed-youtube wp-embed-aspect-16-9 wp-has-aspect-ratio\"><div class=\"wp-block-embed__wrapper\">\n<iframe loading=\"lazy\" title=\"EDITAIS NACIONAIS E REGIONAIS ABERTOS EM JANEIRO 2025 \ud83d\udd34\" width=\"500\" height=\"281\" src=\"https:\/\/www.youtube.com\/embed\/nEVT63-PsVo?feature=oembed\" frameborder=\"0\" allow=\"accelerometer; autoplay; clipboard-write; encrypted-media; gyroscope; picture-in-picture; web-share\" referrerpolicy=\"strict-origin-when-cross-origin\" allowfullscreen><\/iframe>\n<\/div><\/figure>","protected":false},"excerpt":{"rendered":"<p>O concurso PM SE teve as inscri\u00e7\u00f5es prorrogadas at\u00e9 o dia 6 de fevereiro. Edital prev\u00ea 335 vagas para os cargos de Soldado e Oficiais, com forma\u00e7\u00e3o de n\u00edveis m\u00e9dio e superior. Confira todos os detalhes do edital publicado!<\/p>\n","protected":false},"author":54695,"featured_media":270773,"comment_status":"closed","ping_status":"closed","sticky":false,"template":"","format":"standard","meta":{"_acf_changed":false,"footnotes":"","_wp_rev_ctl_limit":""},"categories":[228,44943,44941,44968],"tags":[11593,45027],"class_list":["post-270772","post","type-post","status-publish","format-standard","has-post-thumbnail","hentry","category-noticias","category-carreira-militar","category-carreira-policial","category-se","tag-concurso-pm-se-soldado","tag-concursos-abertos-se"],"acf":[],"_links":{"self":[{"href":"https:\/\/www.novaconcursos.com.br\/portal\/wp-json\/wp\/v2\/posts\/270772","targetHints":{"allow":["GET"]}}],"collection":[{"href":"https:\/\/www.novaconcursos.com.br\/portal\/wp-json\/wp\/v2\/posts"}],"about":[{"href":"https:\/\/www.novaconcursos.com.br\/portal\/wp-json\/wp\/v2\/types\/post"}],"author":[{"embeddable":true,"href":"https:\/\/www.novaconcursos.com.br\/portal\/wp-json\/wp\/v2\/users\/54695"}],"replies":[{"embeddable":true,"href":"https:\/\/www.novaconcursos.com.br\/portal\/wp-json\/wp\/v2\/comments?post=270772"}],"version-history":[{"count":10,"href":"https:\/\/www.novaconcursos.com.br\/portal\/wp-json\/wp\/v2\/posts\/270772\/revisions"}],"predecessor-version":[{"id":271062,"href":"https:\/\/www.novaconcursos.com.br\/portal\/wp-json\/wp\/v2\/posts\/270772\/revisions\/271062"}],"wp:featuredmedia":[{"embeddable":true,"href":"https:\/\/www.novaconcursos.com.br\/portal\/wp-json\/wp\/v2\/media\/270773"}],"wp:attachment":[{"href":"https:\/\/www.novaconcursos.com.br\/portal\/wp-json\/wp\/v2\/media?parent=270772"}],"wp:term":[{"taxonomy":"category","embeddable":true,"href":"https:\/\/www.novaconcursos.com.br\/portal\/wp-json\/wp\/v2\/categories?post=270772"},{"taxonomy":"post_tag","embeddable":true,"href":"https:\/\/www.novaconcursos.com.br\/portal\/wp-json\/wp\/v2\/tags?post=270772"}],"curies":[{"name":"wp","href":"https:\/\/api.w.org\/{rel}","templated":true}]}}