{"id":271015,"date":"2025-02-05T13:11:37","date_gmt":"2025-02-05T16:11:37","guid":{"rendered":"https:\/\/www.novaconcursos.com.br\/portal\/?p=271015"},"modified":"2025-02-05T13:19:04","modified_gmt":"2025-02-05T16:19:04","slug":"concurso-pm-ce-edital-previsto","status":"publish","type":"post","link":"https:\/\/www.novaconcursos.com.br\/portal\/noticias\/concurso-pm-ce-edital-previsto\/","title":{"rendered":"Concurso PM CE: Edital previsto para fevereiro. 1.000 vagas!"},"content":{"rendered":"<p>No dia 2 de janeiro de 2025, o governador do Cear\u00e1 anunciou a publica\u00e7\u00e3o do edital do\u00a0<a href=\"https:\/\/www.novaconcursos.com.br\/portal\/concursos\/concurso-pm-ce\/\">concurso PM CE<\/a>, visando o preenchimento de 1.000 vagas.<\/p>\n\n\n\n<p>Durante a cerim\u00f4nia de entrega de novas motocicletas para a Pol\u00edcia Militar do Cear\u00e1, o governador Elmano de Freitas tamb\u00e9m sinalizou a possibilidade de abertura de novas vagas por meio de concursos que devem ser divulgados em breve.<\/p>\n\n\n\n<p>De acordo com as informa\u00e7\u00f5es dispon\u00edveis, os editais para a Pol\u00edcia Militar, Corpo de Bombeiros e Pol\u00edcia Civil est\u00e3o previstos para para serem anunciados ainda em <strong>fevereiro,<\/strong> e o processo de contrata\u00e7\u00e3o da banca organizadora j\u00e1 est\u00e1 em andamento.<\/p>\n\n\n\n<p>Quer acompanhar todas as novidades sobre o concurso PM CE? Fique com a gente e n\u00e3o perca nenhuma atualiza\u00e7\u00e3o!<\/p>\n\n\n\n<p><\/p>\n\n\n\n<h2 class=\"wp-block-heading\" id=\"anncio-oficial-edital-iminente-para-o-concurso-pm-ce\">An\u00fancio oficial: edital iminente para o concurso PM CE!<\/h2>\n\n\n\n<p>O fortalecimento da seguran\u00e7a p\u00fablica continua sendo uma prioridade para o Governador do Cear\u00e1,\u00a0Elano de Freitas. <\/p>\n\n\n\n<p>O an\u00fancio foi feito no dia 2 de janeiro, durante um evento marcado para a entrega de 108 novas motocicletas \u00e0 Pol\u00edcia Militar do Cear\u00e1. Segundo informa\u00e7\u00f5es do portal do governo do Estado, a cerim\u00f4nia ocorreu em Fortaleza e contou com a presen\u00e7a do secret\u00e1rio da Seguran\u00e7a P\u00fablica e Defesa Social (SSPDS), Roberto S\u00e1, do comandante-geral da PM CE, coronel Kl\u00eanio Savyo, al\u00e9m de outras autoridades.<\/p>\n\n\n\n<blockquote class=\"wp-block-quote is-layout-flow wp-block-quote-is-layout-flow\">\n<p><em>\u201cCom essas, j\u00e1 s\u00e3o mais de 200 motos, chegando a 750 viaturas entregues para as For\u00e7as de Seguran\u00e7a do Cear\u00e1. O nosso planejamento \u00e9 chegar a 1.500. Isso combinado com os concursos para a Pol\u00edcia Militar e Pol\u00edcia Civil.\u00a0<\/em><strong>Nas pr\u00f3ximas semanas, os editais v\u00e3o ser lan\u00e7ados.<\/strong><em>\u00a0Vamos continuar nesse trabalho de intensifica\u00e7\u00e3o e fortalecimento para ter mais presen\u00e7a policial nas ruas, protegendo o cidad\u00e3o e dissuadindo o criminoso\u201d, ressaltou o governador.<\/em><\/p>\n<\/blockquote>\n\n\n\n<p>No final de dezembro, o governador j\u00e1 havia informado que os editais dos novos concursos para a \u00e1rea de Seguran\u00e7a seriam publicados at\u00e9 fevereiro de 2025.<\/p>\n\n\n\n<p>Assim que houver a publica\u00e7\u00e3o do edital, as inscri\u00e7\u00f5es poder\u00e3o ser feitas atrav\u00e9s da internet, na p\u00e1gina eletr\u00f4nica da banca organizadora.<\/p>\n\n\n\n<h2 class=\"wp-block-heading\" id=\"o-que-j-sabemos-sobre-o-concurso-pm-ce-2025\">O que j\u00e1 sabemos sobre o concurso PM CE 2025?<\/h2>\n\n\n\n<p>Se voc\u00ea sonha em ingressar na Pol\u00edcia Militar do Cear\u00e1 (PM CE), essa pode ser a sua grande oportunidade! O governador Elmano de Freitas anunciou a realiza\u00e7\u00e3o de um novo concurso para a corpora\u00e7\u00e3o ainda em 2025, com a oferta de <strong>1.000 vagas<\/strong> e sal\u00e1rios iniciais que podem chegar a <mark style=\"background-color:#8ed1fc\" class=\"has-inline-color\">R$ 8,5 mil.<\/mark><\/p>\n\n\n\n<p>Embora o edital ainda n\u00e3o tenha sido oficialmente publicado, o governador Elmano de Freitas indicou a possibilidade de abertura de 2.600 vagas para refor\u00e7ar a seguran\u00e7a p\u00fablica. A distribui\u00e7\u00e3o prevista inclui 1.000 vagas para a Pol\u00edcia Militar, 500 para o Corpo de Bombeiros, 500 para a Pol\u00edcia Civil e 600 para a Pol\u00edcia Penal do Estado do Cear\u00e1.<\/p>\n\n\n\n<p>Segundo dados divulgados pelo governo, as remunera\u00e7\u00f5es para os cargos das for\u00e7as de seguran\u00e7a do Cear\u00e1 ser\u00e3o as seguintes:<\/p>\n\n\n\n<h3 class=\"wp-block-heading\"><strong>Pol\u00edcia Militar e Corpo de Bombeiros <\/strong><\/h3>\n\n\n\n<ul class=\"wp-block-list\"><li><strong>Soldado<\/strong>: R$ 5.272,33 \u00e0 R$ 7.557,32<\/li>\n\n\n\n<li><strong>Oficial<\/strong>: R$ 7.594,57 \u00e0 R$ 23.661,36<\/li>\n<\/ul><h3 class=\"wp-block-heading\"><strong>Pol\u00edcia Civil <\/strong><\/h3>\n\n\n\n<ul class=\"wp-block-list\"><li><strong>Delegado<\/strong>: Inicial de R$ 20.019,18 \u00e0 R$ 31.247,87<\/li>\n\n\n\n<li><strong>Investigador<\/strong>: Inicial de R$ 6.080,76 \u00e0 R$ 12.308,82<\/li>\n<\/ul><h3 class=\"wp-block-heading\"><strong>Pol\u00edcia Penal <\/strong><\/h3>\n\n\n\n<ul class=\"wp-block-list\"><li><strong>Policial Penal<\/strong>: Inicial de R$ 3.080,13 | Final de R$ 7.787,40<\/li>\n<\/ul><p>Esses valores refletem a progress\u00e3o salarial ao longo da carreira em cada uma das corpora\u00e7\u00f5es, sem considerar os benef\u00edcios adicionais.<\/p>\n\n\n\n<p><\/p>\n\n\n\n<h2 class=\"wp-block-heading\" id=\"ltimo-concurso-pm-ce\">\u00daltimo concurso PM CE<\/h2>\n\n\n\n<p>O concurso mais recente da Pol\u00edcia Militar do Cear\u00e1 ocorreu em 2022, disponibilizando 1.000 oportunidades para o cargo de Soldado, sendo organizado em cinco fases:<\/p>\n\n\n<div class=\"wp-block-image\">\n<figure class=\"aligncenter size-large\"><a href=\"https:\/\/www.novaconcursos.com.br\/portal\/wp-content\/uploads\/2025\/02\/Imagem-do-WhatsApp-de-2025-02-05-as-09.54.16_0f3b2d85.webp\"><img decoding=\"async\" width=\"1024\" height=\"429\" src=\"https:\/\/www.novaconcursos.com.br\/portal\/wp-content\/uploads\/2025\/02\/Imagem-do-WhatsApp-de-2025-02-05-as-09.54.16_0f3b2d85-1024x429.webp\" alt=\"Etapas do \u00faltimo concurso PM CE\" class=\"wp-image-271065\" loading=\"lazy\" title=\"\" srcset=\"https:\/\/www.novaconcursos.com.br\/portal\/wp-content\/uploads\/2025\/02\/Imagem-do-WhatsApp-de-2025-02-05-as-09.54.16_0f3b2d85-300x126.webp 300w, https:\/\/www.novaconcursos.com.br\/portal\/wp-content\/uploads\/2025\/02\/Imagem-do-WhatsApp-de-2025-02-05-as-09.54.16_0f3b2d85-480x201.webp 480w, https:\/\/www.novaconcursos.com.br\/portal\/wp-content\/uploads\/2025\/02\/Imagem-do-WhatsApp-de-2025-02-05-as-09.54.16_0f3b2d85-768x321.webp 768w, https:\/\/www.novaconcursos.com.br\/portal\/wp-content\/uploads\/2025\/02\/Imagem-do-WhatsApp-de-2025-02-05-as-09.54.16_0f3b2d85-1024x429.webp 1024w, https:\/\/www.novaconcursos.com.br\/portal\/wp-content\/uploads\/2025\/02\/Imagem-do-WhatsApp-de-2025-02-05-as-09.54.16_0f3b2d85.webp 1080w\" sizes=\"auto, (max-width: 480px) 100vw, (max-width: 768px) 100vw, (max-width: 1200px) 70vw, 768px\"><\/a><\/figure><\/div>\n\n\n<p>Para concorrer \u00e0 vaga do concurso PM CE, o candidato precisou atender a alguns requisitos b\u00e1sicos, tais como:<\/p>\n\n\n\n<ul class=\"wp-block-list\"><li>Ensino m\u00e9dio completo;<\/li>\n\n\n\n<li>Idade m\u00ednima de 18 anos e m\u00e1xima de 30 anos (podendo haver altera\u00e7\u00f5es conforme o edital);<\/li>\n\n\n\n<li>Carteira Nacional de Habilita\u00e7\u00e3o (CNH), geralmente exigida na categoria \u201cB\u201d.<\/li>\n<\/ul><p>Confira <a href=\"https:\/\/concurso.idecan.org.br\/Concurso.aspx?ID=65\" target=\"_blank\" rel=\"noopener\">aqui<\/a> o conte\u00fado completo do \u00faltimo edital!<\/p>\n\n\n\n<p>A primeira fase do certame disp\u00f4s da seguinte organiza\u00e7\u00e3o:<\/p>\n\n\n\n<p><strong>Conhecimentos Gerais<\/strong><\/p>\n\n\n\n<ul class=\"wp-block-list\"><li>L\u00edngua Portuguesa \u2013 12 quest\u00f5es;<\/li>\n\n\n\n<li>Raciocinio L\u00f3gico \u2013 10 quest\u00f5es;<\/li>\n\n\n\n<li>Atualidades e Hist\u00f3ria do Cear\u00e1 \u2013 10 quest\u00f5es; e <\/li>\n\n\n\n<li>No\u00e7\u00f5es de Administra\u00e7\u00e3o P\u00fablica e \u00c9tica no servi\u00e7o P\u00fablico \u2013 8 quest\u00f5es.<\/li>\n<\/ul><p><strong>Conhecimentos Espec\u00edficos<\/strong><\/p>\n\n\n\n<ul class=\"wp-block-list\"><li>No\u00e7\u00f5es de Direito Constitucional \u2013 12 quest\u00f5es;<\/li>\n\n\n\n<li>No\u00e7\u00f5es de Direitos Humanos \u2013 10 quest\u00f5es;<\/li>\n\n\n\n<li>No\u00e7\u00f5es de Direito Penal Militar \/ Processo Penal Militar \u2013 12 quest\u00f5es;<\/li>\n\n\n\n<li>No\u00e7\u00f5es de Direito Penal \u2013 12 quest\u00f5es;<\/li>\n\n\n\n<li>No\u00e7\u00f5es de Criminologia \u2013 8 quest\u00f5es; e<\/li>\n\n\n\n<li>Seguran\u00e7a P\u00fablica \u2013 6 quest\u00f5es;<\/li>\n<\/ul><p>Foi considerado aprovado o candidato que, na 1\u00aa etapa, alcan\u00e7ou pelo menos 20 acertos em Conhecimentos B\u00e1sicos e 30 acertos em Conhecimentos Espec\u00edficos.<\/p>\n\n\n\n<p>No teste de aptid\u00e3o f\u00edsica (TAF) teve como objetivo avaliar a capacidade do candidato para suportar, f\u00edsica e organicamente, as exig\u00eancias relacionadas \u00e0 pr\u00e1tica de atividades f\u00edsicas e \u00e0s demandas espec\u00edficas da fun\u00e7\u00e3o de profissional de seguran\u00e7a p\u00fablica. Durante essa fase, os candidatos foram submetidos aos seguintes exerc\u00edcios: teste abdominal remador, teste de flex\u00e3o na barra fixa, corrida de 12 minutos e corrida de 50 metros.<\/p>\n\n\n\n<p><\/p>\n\n\n\n<div class=\"nova-continue-reading\"><strong>Confira os demais\u00a0<\/strong><a href=\"https:\/\/www.novaconcursos.com.br\/portal\/concursos-abertos\/to\/\">concursos abertos no Estado do Cear\u00e1<\/a><strong>!<\/strong><\/div>\n\n\n\n<figure class=\"wp-block-embed is-type-video is-provider-youtube wp-block-embed-youtube wp-embed-aspect-16-9 wp-has-aspect-ratio\"><div class=\"wp-block-embed__wrapper\">\n<iframe loading=\"lazy\" title=\"10 MELHORES CONCURSOS PREVISTOS PARA OS PR\u00d3XIMOS DIAS \ud83d\udd25\" width=\"500\" height=\"281\" src=\"https:\/\/www.youtube.com\/embed\/d_7sQ45BFek?feature=oembed\" frameborder=\"0\" allow=\"accelerometer; autoplay; clipboard-write; encrypted-media; gyroscope; picture-in-picture; web-share\" referrerpolicy=\"strict-origin-when-cross-origin\" allowfullscreen><\/iframe>\n<\/div><\/figure>","protected":false},"excerpt":{"rendered":"<p>Pol\u00edcia Militar do Estado do Cear\u00e1 anuncia a abertura de novo edital para preenchimento de 1.000 vagas, com remunera\u00e7\u00e3o inicial de 6 mil! <\/p>\n","protected":false},"author":54695,"featured_media":271050,"comment_status":"closed","ping_status":"closed","sticky":false,"template":"","format":"standard","meta":{"_acf_changed":false,"footnotes":"","_wp_rev_ctl_limit":""},"categories":[228,44959,44943,44941,44968],"tags":[36685,45020],"class_list":["post-271015","post","type-post","status-publish","format-standard","has-post-thumbnail","hentry","category-noticias","category-ce","category-carreira-militar","category-carreira-policial","category-se","tag-concurso-pm-ce-2","tag-concursos-abertos-ce"],"acf":[],"_links":{"self":[{"href":"https:\/\/www.novaconcursos.com.br\/portal\/wp-json\/wp\/v2\/posts\/271015","targetHints":{"allow":["GET"]}}],"collection":[{"href":"https:\/\/www.novaconcursos.com.br\/portal\/wp-json\/wp\/v2\/posts"}],"about":[{"href":"https:\/\/www.novaconcursos.com.br\/portal\/wp-json\/wp\/v2\/types\/post"}],"author":[{"embeddable":true,"href":"https:\/\/www.novaconcursos.com.br\/portal\/wp-json\/wp\/v2\/users\/54695"}],"replies":[{"embeddable":true,"href":"https:\/\/www.novaconcursos.com.br\/portal\/wp-json\/wp\/v2\/comments?post=271015"}],"version-history":[{"count":9,"href":"https:\/\/www.novaconcursos.com.br\/portal\/wp-json\/wp\/v2\/posts\/271015\/revisions"}],"predecessor-version":[{"id":271114,"href":"https:\/\/www.novaconcursos.com.br\/portal\/wp-json\/wp\/v2\/posts\/271015\/revisions\/271114"}],"wp:featuredmedia":[{"embeddable":true,"href":"https:\/\/www.novaconcursos.com.br\/portal\/wp-json\/wp\/v2\/media\/271050"}],"wp:attachment":[{"href":"https:\/\/www.novaconcursos.com.br\/portal\/wp-json\/wp\/v2\/media?parent=271015"}],"wp:term":[{"taxonomy":"category","embeddable":true,"href":"https:\/\/www.novaconcursos.com.br\/portal\/wp-json\/wp\/v2\/categories?post=271015"},{"taxonomy":"post_tag","embeddable":true,"href":"https:\/\/www.novaconcursos.com.br\/portal\/wp-json\/wp\/v2\/tags?post=271015"}],"curies":[{"name":"wp","href":"https:\/\/api.w.org\/{rel}","templated":true}]}}