{"id":271554,"date":"2025-02-12T08:36:05","date_gmt":"2025-02-12T11:36:05","guid":{"rendered":"https:\/\/www.novaconcursos.com.br\/portal\/?p=271554"},"modified":"2025-02-12T08:36:10","modified_gmt":"2025-02-12T11:36:10","slug":"concurso-cnu-segunda-lista-convocados","status":"publish","type":"post","link":"https:\/\/www.novaconcursos.com.br\/portal\/noticias\/concurso-cnu-segunda-lista-convocados\/","title":{"rendered":"Concurso CNU: Confira a 2\u00aa lista de convocados para o Curso de Forma\u00e7\u00e3o!"},"content":{"rendered":"<p>O <a href=\"https:\/\/www.novaconcursos.com.br\/portal\/concursos\/cnu\/\">concurso CNU<\/a> (Concurso Nacional Unificado) est\u00e1 com a <strong>2\u00ba lista de convocados para o Curso de Forma\u00e7\u00e3o dispon\u00edvel para consulta!<\/strong><\/p>\n\n\n\n<p>No dia 4 de fevereiro, das 2.305 pessoas chamadas, 170 ou declinaram da vaga ou n\u00e3o realizaram a confirma\u00e7\u00e3o. Portanto, nesta ter\u00e7a-feira, 11 de fevereiro, o MGI divulgou a segunda lista de convocados para o curso.<\/p>\n\n\n\n<p>Essas vagas s\u00e3o para cargos de n\u00edvel superior, dos blocos 1 a 7. Os convocados devem realizar a confirma\u00e7\u00e3o at\u00e9 quarta-feira, 12 de fevereiro.<\/p>\n\n\n\n<p>Continue comigo para entender como acessar a lista!<\/p>\n\n\n\n<h2 class=\"wp-block-heading\" id=\"como-acessar-a-lista-de-convocados\">Como acessar a lista de convocados<\/h2>\n\n\n\n<p>Os candidatos que participaram do concurso CNU podem acessar a lista a partir da <a href=\"https:\/\/www.gov.br\/gestao\/pt-br\/concursonacional\" target=\"_blank\" rel=\"noopener\">\u00c1rea do Candidato no site do CPNU.<\/a> <\/p>\n\n\n\n<p>Se voc\u00ea foi convocado, dever\u00e1 responder \u201cSIM\u201d \u00e0 convoca\u00e7\u00e3o e ter\u00e1 sua vaga garantida. J\u00e1 se voc\u00ea responde \u201cN\u00c3O\u201d, estar\u00e1 eliminado da vaga para a qual foi convocado, mas seguir\u00e1 concorrendo \u00e0s outras vagas que indicou no momento da inscri\u00e7\u00e3o.<\/p>\n\n\n\n<p>Se o candidato for convocado para o curso de forma\u00e7\u00e3o da terceira op\u00e7\u00e3o em 11 de fevereiro (por exemplo) e confirmar sua participa\u00e7\u00e3o, ele ainda estar\u00e1 competindo pelas vagas da primeira e segunda op\u00e7\u00f5es e poder\u00e1 ser chamado na lista do dia 18, caso haja alguma vaga dispon\u00edvel.<\/p>\n\n\n\n<p>A divulga\u00e7\u00e3o do resultado final do concurso CNU dos blocos de 1 a 7 est\u00e1 programada para ocorrer em <mark style=\"background-color:#8ed1fc\" class=\"has-inline-color\">28 de fevereiro de 2025.<\/mark><\/p>\n\n\n\n<p>Os candidatos que fizeram as provas do bloco 8, que s\u00e3o para cargos de n\u00edvel m\u00e9dio, tiveram a lista definitiva divulgada no <a href=\"https:\/\/www.novaconcursos.com.br\/portal\/noticias\/concurso-cnu-resultados\/\">dia 4.<\/a><\/p>\n\n\n\n<figure class=\"wp-block-image size-large\"><img decoding=\"async\" width=\"1024\" height=\"683\" src=\"https:\/\/www.novaconcursos.com.br\/portal\/wp-content\/uploads\/2025\/02\/freelancer-wrapped-up-work-1024x683.webp\" alt=\"Candidato conferindo a lista de aprovados no concurso CNU.\" class=\"wp-image-271568\" loading=\"lazy\" title=\"\" srcset=\"https:\/\/www.novaconcursos.com.br\/portal\/wp-content\/uploads\/2025\/02\/freelancer-wrapped-up-work-300x200.webp 300w, https:\/\/www.novaconcursos.com.br\/portal\/wp-content\/uploads\/2025\/02\/freelancer-wrapped-up-work-480x320.webp 480w, https:\/\/www.novaconcursos.com.br\/portal\/wp-content\/uploads\/2025\/02\/freelancer-wrapped-up-work-768x513.webp 768w, https:\/\/www.novaconcursos.com.br\/portal\/wp-content\/uploads\/2025\/02\/freelancer-wrapped-up-work-1024x683.webp 1024w, https:\/\/www.novaconcursos.com.br\/portal\/wp-content\/uploads\/2025\/02\/freelancer-wrapped-up-work-1536x1025.webp 1536w, https:\/\/www.novaconcursos.com.br\/portal\/wp-content\/uploads\/2025\/02\/freelancer-wrapped-up-work-2048x1367.webp 2048w\" sizes=\"auto, (max-width: 480px) 100vw, (max-width: 768px) 100vw, (max-width: 1200px) 70vw, 768px\"><figcaption class=\"wp-element-caption\"><em>Concurso CNU tem 2\u00aa lista de convocados divulgada!<\/em><\/figcaption><\/figure><h2 class=\"wp-block-heading\" id=\"como-conferir-as-notas-do-cnu\">Como conferir as notas do CNU<\/h2>\n\n\n\n<p>Os candidatos ter\u00e3o acesso \u00e0s suas notas na \u00c1rea do Candidato atrav\u00e9s do login com gov.br na p\u00e1gina oficial do concurso CNU. As informa\u00e7\u00f5es disponibilizadas ter\u00e3o:<\/p>\n\n\n\n<ul class=\"wp-block-list\"><li>Nota na Prova Objetiva;<\/li>\n\n\n\n<li>Nota na Prova Discursiva;<\/li>\n\n\n\n<li>Nota na Avalia\u00e7\u00e3o de T\u00edtulos;<\/li>\n\n\n\n<li>Resultado de Bancas (PCD, Heteroidentifica\u00e7\u00e3o, Ind\u00edgena);<\/li>\n\n\n\n<li>Nota Final Ponderada;<\/li>\n\n\n\n<li>Classifica\u00e7\u00e3o por categoria (ampla concorr\u00eancia e cotas);<\/li>\n\n\n\n<li>Status no cargo (aprovado, cadastro reserva ou eliminado).<\/li>\n<\/ul><p>Cada concorrente ser\u00e1 considerado aprovado apenas para uma posi\u00e7\u00e3o, de acordo com a sua escolha priorit\u00e1ria, contudo, poder\u00e1 estar em lista de espera para outras posi\u00e7\u00f5es.<\/p>\n\n\n\n<h2 class=\"wp-block-heading\" id=\"locais-dos-cursos-de-formao\">Locais dos Cursos de Forma\u00e7\u00e3o<\/h2>\n\n\n\n<p>Os convocados dos blocos 1 ao 7 que aderirem ao Curso de Forma\u00e7\u00e3o, ser\u00e3o treinados no Distrito Federal e no Rio de Janeiro, confira a distribui\u00e7\u00e3o abaixo:<\/p>\n\n\n\n<p><strong>Analista de Com\u00e9rcio Exterior (ACE)<\/strong><\/p>\n\n\n\n<ul class=\"wp-block-list\"><li>Cidade: Bras\u00edlia\/DF<\/li>\n\n\n\n<li>Institui\u00e7\u00e3o: MGI\/ENAP<\/li>\n\n\n\n<li>Dura\u00e7\u00e3o: 380 horas<\/li>\n\n\n\n<li>Modalidade: Presencial<\/li>\n<\/ul><p><strong>Analista em Tecnologia da Informa\u00e7\u00e3o (ATI)<\/strong><\/p>\n\n\n\n<ul class=\"wp-block-list\"><li>Cidade: Bras\u00edlia\/DF<\/li>\n\n\n\n<li>Institui\u00e7\u00e3o: MGI\/ENAP<\/li>\n\n\n\n<li>Dura\u00e7\u00e3o: 440 horas<\/li>\n\n\n\n<li>Modalidade: Presencial<\/li>\n<\/ul><p><strong>Analista T\u00e9cnico de Pol\u00edticas Sociais (ATPS)<\/strong><\/p>\n\n\n\n<ul class=\"wp-block-list\"><li>Cidade: Bras\u00edlia\/DF<\/li>\n\n\n\n<li>Institui\u00e7\u00e3o: MGI\/ENAP<\/li>\n\n\n\n<li>Dura\u00e7\u00e3o: 440 horas<\/li>\n\n\n\n<li>Modalidade: Presencial<\/li>\n<\/ul><p><strong>Analista de Infraestrutura (AIE)<\/strong><\/p>\n\n\n\n<ul class=\"wp-block-list\"><li>Cidade: Bras\u00edlia\/DF<\/li>\n\n\n\n<li>Institui\u00e7\u00e3o: MGI\/ENAP<\/li>\n\n\n\n<li>Dura\u00e7\u00e3o: 440 horas<\/li>\n\n\n\n<li>Modalidade: Presencial<\/li>\n<\/ul><p><strong>Analista de Infraestrutura (AIE)<\/strong><\/p>\n\n\n\n<ul class=\"wp-block-list\"><li>Cidade: Bras\u00edlia\/DF<\/li>\n\n\n\n<li>Institui\u00e7\u00e3o: MGI\/ENAP<\/li>\n\n\n\n<li>Dura\u00e7\u00e3o: 440 horas<\/li>\n\n\n\n<li>Modalidade: Presencial<\/li>\n<\/ul><p><strong>Especialista em Pol\u00edticas P\u00fablicas e Gest\u00e3o Governamental (EPPGG)<\/strong><\/p>\n\n\n\n<ul class=\"wp-block-list\"><li>Cidade: Bras\u00edlia\/DF<\/li>\n\n\n\n<li>Institui\u00e7\u00e3o: MGI\/ENAP<\/li>\n\n\n\n<li>Dura\u00e7\u00e3o: 580 horas<\/li>\n\n\n\n<li>Modalidade: Presencial<\/li>\n<\/ul><figure class=\"wp-block-image size-full is-resized\"><img decoding=\"async\" width=\"768\" height=\"384\" src=\"https:\/\/www.novaconcursos.com.br\/portal\/wp-content\/uploads\/2025\/02\/enap-agencia-brasil-1-768x384-2.webp\" alt=\"Enap, local de curso de forma\u00e7\u00e3o do concurso cnu.\" class=\"wp-image-271570\" style=\"width:840px;height:auto\" loading=\"lazy\" title=\"\" srcset=\"https:\/\/www.novaconcursos.com.br\/portal\/wp-content\/uploads\/2025\/02\/enap-agencia-brasil-1-768x384-2-300x150.webp 300w, https:\/\/www.novaconcursos.com.br\/portal\/wp-content\/uploads\/2025\/02\/enap-agencia-brasil-1-768x384-2-480x240.webp 480w, https:\/\/www.novaconcursos.com.br\/portal\/wp-content\/uploads\/2025\/02\/enap-agencia-brasil-1-768x384-2.webp 768w\" sizes=\"auto, (max-width: 480px) 100vw, (max-width: 768px) 100vw, (max-width: 1200px) 70vw, 768px\"><figcaption class=\"wp-element-caption\"><em>Divulga\u00e7\u00e3o\/Ag\u00eancia Brasil<\/em><\/figcaption><\/figure><p><strong>Auditor-Fiscal do Trabalho (AFT)<\/strong><\/p>\n\n\n\n<ul class=\"wp-block-list\"><li>Cidade: Bras\u00edlia\/DF<\/li>\n\n\n\n<li>Institui\u00e7\u00e3o: MTE\/Cebraspe<\/li>\n\n\n\n<li>Dura\u00e7\u00e3o: 208 horas<\/li>\n\n\n\n<li>Modalidade: H\u00edbrido<\/li>\n<\/ul><p><strong>Especialista em Regula\u00e7\u00e3o de Servi\u00e7os P\u00fablicos de Energia (ANEEL)<\/strong><\/p>\n\n\n\n<ul class=\"wp-block-list\"><li>Cidade: Bras\u00edlia\/DF<\/li>\n\n\n\n<li>Institui\u00e7\u00e3o: ANEEL\/Cebraspe<\/li>\n\n\n\n<li>Dura\u00e7\u00e3o: 140 horas<\/li>\n\n\n\n<li>Modalidade: Presencial<\/li>\n<\/ul><p><strong>Especialista em Regula\u00e7\u00e3o de Servi\u00e7os de Transportes Aquavi\u00e1rios (ANTAQ)<\/strong><\/p>\n\n\n\n<ul class=\"wp-block-list\"><li>Cidade: Bras\u00edlia\/DF<\/li>\n\n\n\n<li>Institui\u00e7\u00e3o: ANTAQ\/Cebraspe<\/li>\n\n\n\n<li>Dura\u00e7\u00e3o: 140 horas<\/li>\n\n\n\n<li>Modalidade: Presencial<\/li>\n<\/ul><p><strong>Especialista em Regula\u00e7\u00e3o de Sa\u00fade Suplementar (ANS)<\/strong><\/p>\n\n\n\n<ul class=\"wp-block-list\"><li>Cidade: Rio de Janeiro\/RJ<\/li>\n\n\n\n<li>Institui\u00e7\u00e3o: ANS\/Cebraspe<\/li>\n\n\n\n<li>Dura\u00e7\u00e3o: 140 horas<\/li>\n\n\n\n<li>Modalidade: Presencial<\/li>\n<\/ul><p>Os 6.640 aprovados no concurso CNU receber\u00e3o sal\u00e1rios iniciais que variam entre <strong>R$5.212,29<\/strong> e <strong>R$22.921,71<\/strong><\/p>\n\n\n\n<h2 class=\"wp-block-heading\" id=\"cnu-2025\">CNU 2025<\/h2>\n\n\n\n<p>O edital do concurso <a href=\"https:\/\/www.novaconcursos.com.br\/portal\/noticias\/concurso-cnu-nova-edicao\/\">CNU 2025<\/a> ser\u00e1 publicado at\u00e9 mar\u00e7o, com provas previstas para agosto. A ministra Esther Dweck anunciou o cronograma em entrevista ao programa \u201cBom Dia, Ministra\u201d no dia 5 de fevereiro. <\/p>\n\n\n\n<p>O concurso, considerado o \u201cEnem dos concursos\u201d, oferecer\u00e1 vagas de n\u00edvel superior para duas novas carreiras transversais e para a carreira administrativa. <\/p>\n\n\n\n<p>A lista final dos \u00f3rg\u00e3os participantes ser\u00e1 divulgada em fevereiro. <\/p>\n\n\n\n<p>Em novembro de 2024, o MGI pediu apoio dos \u00f3rg\u00e3os para elabora\u00e7\u00e3o do termo de refer\u00eancia, focado em estabelecer regras de seguran\u00e7a para a contrata\u00e7\u00e3o da banca, que deve ser anunciada em breve. A previs\u00e3o \u00e9 que as inscri\u00e7\u00f5es sejam abertas no primeiro semestre de 2025.<\/p>\n\n\n\n<div class=\"nova-continue-reading\">Leia tamb\u00e9m: <a href=\"https:\/\/www.novaconcursos.com.br\/portal\/concursos-abertos\/\">Concursos abertos no Brasil<\/a><\/div>\n\n\n\n<figure class=\"wp-block-embed is-type-video is-provider-youtube wp-block-embed-youtube wp-embed-aspect-16-9 wp-has-aspect-ratio\"><div class=\"wp-block-embed__wrapper\">\n<iframe loading=\"lazy\" title=\"CNU 2025 CONFIRMADO: MINISTRA DIVULGA DATAS DO EDITAL \ud83d\udd34\" width=\"500\" height=\"281\" src=\"https:\/\/www.youtube.com\/embed\/Fwq7UficZ0o?feature=oembed\" frameborder=\"0\" allow=\"accelerometer; autoplay; clipboard-write; encrypted-media; gyroscope; picture-in-picture; web-share\" referrerpolicy=\"strict-origin-when-cross-origin\" allowfullscreen><\/iframe>\n<\/div><\/figure>","protected":false},"excerpt":{"rendered":"<p>O concurso CNU divulgou nesta ter\u00e7a-feira, a 2\u00ba lista de convoca\u00e7\u00e3o e o prazo de inscri\u00e7\u00e3o para o Curso de Forma\u00e7\u00e3o vai at\u00e9 amanh\u00e3, 12 de fevereiro!<\/p>\n","protected":false},"author":54692,"featured_media":271556,"comment_status":"closed","ping_status":"closed","sticky":false,"template":"","format":"standard","meta":{"_acf_changed":false,"footnotes":"","_wp_rev_ctl_limit":""},"categories":[228,44978,44939],"tags":[44936,45103],"class_list":["post-271554","post","type-post","status-publish","format-standard","has-post-thumbnail","hentry","category-noticias","category-nacional","category-carreira-administrativa","tag-cnu","tag-concursos-abertos-nacionais-3"],"acf":[],"_links":{"self":[{"href":"https:\/\/www.novaconcursos.com.br\/portal\/wp-json\/wp\/v2\/posts\/271554","targetHints":{"allow":["GET"]}}],"collection":[{"href":"https:\/\/www.novaconcursos.com.br\/portal\/wp-json\/wp\/v2\/posts"}],"about":[{"href":"https:\/\/www.novaconcursos.com.br\/portal\/wp-json\/wp\/v2\/types\/post"}],"author":[{"embeddable":true,"href":"https:\/\/www.novaconcursos.com.br\/portal\/wp-json\/wp\/v2\/users\/54692"}],"replies":[{"embeddable":true,"href":"https:\/\/www.novaconcursos.com.br\/portal\/wp-json\/wp\/v2\/comments?post=271554"}],"version-history":[{"count":4,"href":"https:\/\/www.novaconcursos.com.br\/portal\/wp-json\/wp\/v2\/posts\/271554\/revisions"}],"predecessor-version":[{"id":271682,"href":"https:\/\/www.novaconcursos.com.br\/portal\/wp-json\/wp\/v2\/posts\/271554\/revisions\/271682"}],"wp:featuredmedia":[{"embeddable":true,"href":"https:\/\/www.novaconcursos.com.br\/portal\/wp-json\/wp\/v2\/media\/271556"}],"wp:attachment":[{"href":"https:\/\/www.novaconcursos.com.br\/portal\/wp-json\/wp\/v2\/media?parent=271554"}],"wp:term":[{"taxonomy":"category","embeddable":true,"href":"https:\/\/www.novaconcursos.com.br\/portal\/wp-json\/wp\/v2\/categories?post=271554"},{"taxonomy":"post_tag","embeddable":true,"href":"https:\/\/www.novaconcursos.com.br\/portal\/wp-json\/wp\/v2\/tags?post=271554"}],"curies":[{"name":"wp","href":"https:\/\/api.w.org\/{rel}","templated":true}]}}