{"id":272111,"date":"2025-02-17T09:47:02","date_gmt":"2025-02-17T12:47:02","guid":{"rendered":"https:\/\/www.novaconcursos.com.br\/portal\/?p=272111"},"modified":"2025-02-17T09:47:06","modified_gmt":"2025-02-17T12:47:06","slug":"concurso-previdencia-social-solicitado","status":"publish","type":"post","link":"https:\/\/www.novaconcursos.com.br\/portal\/noticias\/concurso-previdencia-social-solicitado\/","title":{"rendered":"Concurso Previd\u00eancia Social: Novo edital solicitado! \u00d3rg\u00e3o pode integrar CNU!"},"content":{"rendered":"<p><strong>Foi solicitado ao Governo Federal um novo <a href=\"https:\/\/www.novaconcursos.com.br\/portal\/concursos\/concurso-inss\/\">concurso Previd\u00eancia Social<\/a> <\/strong>para o preenchimento de cargos essenciais em sua estrutura. <\/p>\n\n\n\n<p>A sele\u00e7\u00e3o, que poder\u00e1 ser inclu\u00edda no Concurso Nacional Unificado (CNU) de 2025, visa suprir a crescente necessidade de pessoal no \u00f3rg\u00e3o, que enfrenta um d\u00e9ficit significativo de servidores. Entre os cargos solicitados, h\u00e1 oportunidades para candidatos de n\u00edveis m\u00e9dio e superior.<\/p>\n\n\n\n<p>A expectativa \u00e9 que a autoriza\u00e7\u00e3o do concurso ocorra antes da publica\u00e7\u00e3o do edital do CNU, prevista para mar\u00e7o, permitindo a inclus\u00e3o das vagas no concurso unificado. <\/p>\n\n\n\n<p>Com a \u00faltima sele\u00e7\u00e3o para a \u00e1rea administrativa realizada h\u00e1 mais de 15 anos, a abertura de um novo concurso Previd\u00eancia Social representa uma oportunidade valiosa para quem deseja ingressar no servi\u00e7o p\u00fablico.<\/p>\n\n\n\n<h2 class=\"wp-block-heading\" id=\"concurso-previdncia-social-novo-edital-solicitado-\">Concurso Previd\u00eancia Social: novo edital \u00e9 solicitado <\/h2>\n\n\n\n<p>Um novo concurso Previd\u00eancia Social foi solicitado ao Governo Federal e pode ser autorizado em breve. O \u00f3rg\u00e3o solicitou vagas para diversos cargos de n\u00edveis m\u00e9dio e superior de escolaridade e tem interesse em participar do Concurso Nacional Unificado (CNU) 2025.<\/p>\n\n\n\n<p>Nesta \u00faltima quinta-feira, 15, o <a href=\"https:\/\/www.gov.br\/previdencia\/pt-br\" target=\"_blank\" rel=\"noopener\">Minist\u00e9rio da Previd\u00eancia Social<\/a> (MPS) confirmou que os cargos solicitados s\u00e3o:<\/p>\n\n\n\n<ul class=\"wp-block-list\"><li>Administrador;<\/li>\n\n\n\n<li>Agente Administrativo;<\/li>\n\n\n\n<li>Arquivista;<\/li>\n\n\n\n<li>Contador;<\/li>\n\n\n\n<li>Economista;<\/li>\n\n\n\n<li>Estat\u00edstico;<\/li>\n\n\n\n<li>T\u00e9cnico em Contabilidade;<\/li>\n\n\n\n<li>T\u00e9cnico em Comunica\u00e7\u00e3o Social.<\/li>\n<\/ul><p>Os cargos exigem forma\u00e7\u00e3o de n\u00edvel m\u00e9dio ou superior, podendo, em alguns casos, requerer registro profissional no respectivo conselho. A jornada de trabalho ser\u00e1 de 40 horas semanais.<\/p>\n\n\n\n<p>O MPS n\u00e3o revelou o quantitativo de vagas solicitado, mas <mark style=\"background-color:#8ed1fc\" class=\"has-inline-color\">reafirmou o interesse em aderir ao CNU 2025<\/mark>, que ser\u00e1 organizado pelo Minist\u00e9rio da Gest\u00e3o e Inova\u00e7\u00e3o (MGI). <\/p>\n\n\n\n<p>A ministra Esther Dweck confirmou que o edital est\u00e1 previsto para mar\u00e7o, com provas em agosto. Para que as vagas da Previd\u00eancia Social sejam inclu\u00eddas, a autoriza\u00e7\u00e3o precisa ser publicada antes da divulga\u00e7\u00e3o do edital, ou seja, at\u00e9 mar\u00e7o.<\/p>\n\n\n\n<h2 class=\"wp-block-heading\" id=\"cargos-vagos-no-ministrio-da-previdncia-social\">Cargos vagos no Minist\u00e9rio da Previd\u00eancia Social<\/h2>\n\n\n\n<p>De acordo com dados de dezembro de 2024, existem 169 cargos vagos entre os postos solicitados:<\/p>\n\n\n\n<ul class=\"wp-block-list\"><li>Administrador: 21 cargos vagos;<\/li>\n\n\n\n<li>Agente Administrativo: 111 cargos vagos;<\/li>\n\n\n\n<li>Arquivista: 12 cargos vagos;<\/li>\n\n\n\n<li>Contador: 8 cargos vagos;<\/li>\n\n\n\n<li>Economista: 3 cargos vagos;<\/li>\n\n\n\n<li>Estat\u00edstico: 3 cargos vagos;<\/li>\n\n\n\n<li>T\u00e9cnico em Contabilidade: 10 cargos vagos;<\/li>\n\n\n\n<li>T\u00e9cnico em Comunica\u00e7\u00e3o Social: 1 cargo vago.<\/li>\n<\/ul><p>A defasagem de pessoal tem sido um desafio enfrentado pelo \u00f3rg\u00e3o, que busca refor\u00e7ar seu quadro de servidores para atender melhor \u00e0s demandas da popula\u00e7\u00e3o e modernizar sua estrutura administrativa.<\/p>\n\n\n\n<p>A expectativa agora \u00e9 que um novo concurso Previd\u00eancia Social seja autorizado e possa suprir a defasagem de servidores na Previd\u00eancia Social, garantindo maior efici\u00eancia no atendimento \u00e0 popula\u00e7\u00e3o e possibilitando o ingresso de novos profissionais qualificados no \u00f3rg\u00e3o.<\/p>\n\n\n\n<h2 class=\"wp-block-heading\" id=\"importncia-do-novo-concurso-previdncia-social\">Import\u00e2ncia do novo concurso Previd\u00eancia Social<\/h2>\n\n\n\n<p>A realiza\u00e7\u00e3o de um novo concurso Previd\u00eancia Social \u00e9 considerada essencial para suprir a crescente demanda por servidores, visto que a \u00faltima sele\u00e7\u00e3o ocorreu h\u00e1 mais de 15 anos. <\/p>\n\n\n\n<p>O d\u00e9ficit de pessoal tem impactado a efici\u00eancia na presta\u00e7\u00e3o de servi\u00e7os do \u00f3rg\u00e3o, especialmente em \u00e1reas administrativas e t\u00e9cnicas.<\/p>\n\n\n\n<p>O concurso Previd\u00eancia Social poder\u00e1 representar uma grande oportunidade para candidatos que desejam ingressar no servi\u00e7o p\u00fablico, garantindo estabilidade profissional e remunera\u00e7\u00e3o atrativa. <\/p>\n\n\n\n<p>Al\u00e9m disso, a participa\u00e7\u00e3o no CNU 2025 poder\u00e1 agilizar o processo de sele\u00e7\u00e3o e oferecer uma concorr\u00eancia mais ampla para os interessados.<\/p>\n\n\n\n<h2 class=\"wp-block-heading\" id=\"possveis-etapas-da-seleo\">Poss\u00edveis etapas da sele\u00e7\u00e3o<\/h2>\n\n\n\n<p>Embora ainda n\u00e3o haja detalhes sobre o formato do concurso Previd\u00eancia Social, a tend\u00eancia \u00e9 que a sele\u00e7\u00e3o siga padr\u00f5es semelhantes a concursos anteriores do Minist\u00e9rio da Previd\u00eancia Social e de outros \u00f3rg\u00e3os federais.<\/p>\n\n\n\n<p>As provas objetivas dever\u00e3o avaliar os conhecimentos gerais e espec\u00edficos dos candidatos, incluindo disciplinas como:<\/p>\n\n\n\n<ul class=\"wp-block-list\"><li>L\u00edngua Portuguesa;<\/li>\n\n\n\n<li>\u00c9tica no Servi\u00e7o P\u00fablico;<\/li>\n\n\n\n<li>No\u00e7\u00f5es de Administra\u00e7\u00e3o P\u00fablica;<\/li>\n\n\n\n<li>Inform\u00e1tica;<\/li>\n\n\n\n<li>Legisla\u00e7\u00e3o Previdenci\u00e1ria.<\/li>\n<\/ul><p>Para cargos de n\u00edvel superior, pode haver provas discursivas e avalia\u00e7\u00e3o de t\u00edtulos, enquanto cargos de n\u00edvel m\u00e9dio devem ser avaliados principalmente por meio de provas objetivas.<\/p>\n\n\n\n<figure class=\"wp-block-image size-large\"><a href=\"https:\/\/www.novaconcursos.com.br\/portal\/wp-content\/uploads\/2025\/02\/Ministerio-da-Previdencia-Social-solicita-novo-concurso-de-niveis-medio-e-superior.webp\"><img decoding=\"async\" width=\"1024\" height=\"536\" src=\"https:\/\/www.novaconcursos.com.br\/portal\/wp-content\/uploads\/2025\/02\/Ministerio-da-Previdencia-Social-solicita-novo-concurso-de-niveis-medio-e-superior-1024x536.webp\" alt=\"Fachada do pr\u00e9dio da Previd\u00eancia Social \/ Cocnurso Previd\u00eancia Social\" class=\"wp-image-272128\" loading=\"lazy\" title=\"\" srcset=\"https:\/\/www.novaconcursos.com.br\/portal\/wp-content\/uploads\/2025\/02\/Ministerio-da-Previdencia-Social-solicita-novo-concurso-de-niveis-medio-e-superior-300x157.webp 300w, https:\/\/www.novaconcursos.com.br\/portal\/wp-content\/uploads\/2025\/02\/Ministerio-da-Previdencia-Social-solicita-novo-concurso-de-niveis-medio-e-superior-480x251.webp 480w, https:\/\/www.novaconcursos.com.br\/portal\/wp-content\/uploads\/2025\/02\/Ministerio-da-Previdencia-Social-solicita-novo-concurso-de-niveis-medio-e-superior-768x402.webp 768w, https:\/\/www.novaconcursos.com.br\/portal\/wp-content\/uploads\/2025\/02\/Ministerio-da-Previdencia-Social-solicita-novo-concurso-de-niveis-medio-e-superior-1024x536.webp 1024w, https:\/\/www.novaconcursos.com.br\/portal\/wp-content\/uploads\/2025\/02\/Ministerio-da-Previdencia-Social-solicita-novo-concurso-de-niveis-medio-e-superior.webp 1200w\" sizes=\"auto, (max-width: 480px) 100vw, (max-width: 768px) 100vw, (max-width: 1200px) 70vw, 768px\"><\/a><figcaption class=\"wp-element-caption\"><em>Novo concurso <em>Previd\u00eancia Social<\/em><\/em> \u00e9 solicitado para <em>n\u00edveis m\u00e9dio e superior.<\/em><\/figcaption><\/figure><h2 class=\"wp-block-heading\" id=\"concurso-em-andamento-para-perito-mdico-federal\">Concurso em andamento para Perito M\u00e9dico Federal<\/h2>\n\n\n\n<p>O MPS j\u00e1 possui um concurso em andamento para o cargo de Perito M\u00e9dico Federal. Organizado pelo Cebraspe, o certame oferece 250 vagas imediatas e outras 250 em cadastro de reserva, com sal\u00e1rios iniciais de R$ 14,1 mil. <\/p>\n\n\n\n<p>As provas objetivas foram realizadas no neste domingo, 16 de fevereiro, em todas as 27 unidades federativas. O concurso registrou 22.039 candidatos inscritos, sendo o estado do Cear\u00e1 o mais concorrido, com 2.836 inscritos.<\/p>\n\n\n\n<div class=\"nova-continue-reading\"> Leia tamb\u00e9m: <a href=\"https:\/\/www.novaconcursos.com.br\/portal\/noticias\/concurso-inss-perito-inscritos\/\">Concurso INSS: distribui\u00e7\u00e3o dos inscritos entre as regi\u00f5es!<\/a> <\/div>\n\n\n\n<p>A prova objetiva foi composta por 120 quest\u00f5es do tipo Certo ou Errado, distribu\u00eddas entre conhecimentos gerais e espec\u00edficos.<\/p>\n\n\n\n<h2 class=\"wp-block-heading\" id=\"histrico-do-ltimo-concurso-previdncia-social\">Hist\u00f3rico do \u00faltimo concurso Previd\u00eancia Social<\/h2>\n\n\n\n<p>O \u00faltimo edital Previd\u00eancia Social para cargos administrativos do MPS foi realizado h\u00e1 mais de 15 anos, em 2009, sob a organiza\u00e7\u00e3o do Cebraspe (ent\u00e3o Cespe\/UnB). O certame ofertou 178 vagas, sendo 165 para n\u00edvel m\u00e9dio e 13 para n\u00edvel superior.<\/p>\n\n\n\n<p>Os cargos contemplados no \u00faltimo edital foram:<\/p>\n\n\n\n<p>N\u00edvel superior:<\/p>\n\n\n\n<ul class=\"wp-block-list\"><li>Administrador: 3 vagas;<\/li>\n\n\n\n<li>T\u00e9cnico em Comunica\u00e7\u00e3o Social\/Jornalismo: 8 vagas;<\/li>\n\n\n\n<li>T\u00e9cnico em Comunica\u00e7\u00e3o Social\/Publicidade e Propaganda: 1 vaga;<\/li>\n\n\n\n<li>T\u00e9cnico em Comunica\u00e7\u00e3o Social\/Rela\u00e7\u00f5es P\u00fablicas: 1 vaga.<\/li>\n<\/ul><p>N\u00edvel m\u00e9dio:<\/p>\n\n\n\n<ul class=\"wp-block-list\"><li>Agente Administrativo: 165 vagas.<\/li>\n<\/ul><p>O concurso Previd\u00eancia Social contou apenas com provas objetivas, compostas por 120 quest\u00f5es distribu\u00eddas entre conhecimentos b\u00e1sicos e espec\u00edficos.<\/p>\n\n\n\n<div class=\"nova-continue-reading\"> Leia tamb\u00e9m: <a href=\"https:\/\/www.novaconcursos.com.br\/portal\/concursos-abertos\/\">Concursos abertos a n\u00edvel nacional!<\/a> <\/div>\n\n\n\n<figure class=\"wp-block-embed is-type-video is-provider-youtube wp-block-embed-youtube wp-embed-aspect-16-9 wp-has-aspect-ratio\"><div class=\"wp-block-embed__wrapper\">\n<iframe loading=\"lazy\" title=\"COMO FUNCIONA O MUNDO DOS CONCURSOS E COMO VOC\u00ca PODE VENC\u00ca-LO | V\u00cdDEO 2\ud83c\udfc6\" width=\"500\" height=\"281\" src=\"https:\/\/www.youtube.com\/embed\/cFfbSSVmi2M?start=2&amp;feature=oembed\" frameborder=\"0\" allow=\"accelerometer; autoplay; clipboard-write; encrypted-media; gyroscope; picture-in-picture; web-share\" referrerpolicy=\"strict-origin-when-cross-origin\" allowfullscreen><\/iframe>\n<\/div><\/figure><p><strong>Fiquem ligados na nossa p\u00e1gina para as pr\u00f3ximas not\u00edcias sobre o concurso Previd\u00eancia Social!<\/strong><\/p>","protected":false},"excerpt":{"rendered":"<p>O concurso Previd\u00eancia Social pode ser autorizado e publicado ainda neste ano para carreiras de n\u00edveis m\u00e9dio e superior de escolaridade. Confira os demais detalhes a seguir.<\/p>\n","protected":false},"author":54694,"featured_media":272124,"comment_status":"closed","ping_status":"closed","sticky":false,"template":"","format":"standard","meta":{"_acf_changed":false,"footnotes":"","_wp_rev_ctl_limit":""},"categories":[228,44974,44978,44939],"tags":[45113,45031],"class_list":["post-272111","post","type-post","status-publish","format-standard","has-post-thumbnail","hentry","category-noticias","category-inss","category-nacional","category-carreira-administrativa","tag-concurso-previdencia-social","tag-concursos-abertos-nacionais"],"acf":[],"_links":{"self":[{"href":"https:\/\/www.novaconcursos.com.br\/portal\/wp-json\/wp\/v2\/posts\/272111","targetHints":{"allow":["GET"]}}],"collection":[{"href":"https:\/\/www.novaconcursos.com.br\/portal\/wp-json\/wp\/v2\/posts"}],"about":[{"href":"https:\/\/www.novaconcursos.com.br\/portal\/wp-json\/wp\/v2\/types\/post"}],"author":[{"embeddable":true,"href":"https:\/\/www.novaconcursos.com.br\/portal\/wp-json\/wp\/v2\/users\/54694"}],"replies":[{"embeddable":true,"href":"https:\/\/www.novaconcursos.com.br\/portal\/wp-json\/wp\/v2\/comments?post=272111"}],"version-history":[{"count":5,"href":"https:\/\/www.novaconcursos.com.br\/portal\/wp-json\/wp\/v2\/posts\/272111\/revisions"}],"predecessor-version":[{"id":272130,"href":"https:\/\/www.novaconcursos.com.br\/portal\/wp-json\/wp\/v2\/posts\/272111\/revisions\/272130"}],"wp:featuredmedia":[{"embeddable":true,"href":"https:\/\/www.novaconcursos.com.br\/portal\/wp-json\/wp\/v2\/media\/272124"}],"wp:attachment":[{"href":"https:\/\/www.novaconcursos.com.br\/portal\/wp-json\/wp\/v2\/media?parent=272111"}],"wp:term":[{"taxonomy":"category","embeddable":true,"href":"https:\/\/www.novaconcursos.com.br\/portal\/wp-json\/wp\/v2\/categories?post=272111"},{"taxonomy":"post_tag","embeddable":true,"href":"https:\/\/www.novaconcursos.com.br\/portal\/wp-json\/wp\/v2\/tags?post=272111"}],"curies":[{"name":"wp","href":"https:\/\/api.w.org\/{rel}","templated":true}]}}