{"id":272121,"date":"2025-02-17T13:52:17","date_gmt":"2025-02-17T16:52:17","guid":{"rendered":"https:\/\/www.novaconcursos.com.br\/portal\/?p=272121"},"modified":"2025-05-06T14:13:08","modified_gmt":"2025-05-06T17:13:08","slug":"concursos-pf-trtrj-destaques-2025","status":"publish","type":"post","link":"https:\/\/www.novaconcursos.com.br\/portal\/noticias\/concursos-pf-trtrj-destaques-2025\/","title":{"rendered":"Concursos PF e TRT RJ: Principais destaques da \u00faltima semana!"},"content":{"rendered":"<p>Atualiza\u00e7\u00f5es sobre os concursos PF e TRT RJ foram os destaques no decorrer da \u00faltima semana.<\/p>\n\n\n\n<p>O<strong>\u00a0concurso TRT RJ\u00a0<\/strong>(Tribunal Regional do Trabalho da 1\u00aa Regi\u00e3o) teve o edital publicado para o provimento de vagas de\u00a0n\u00edvel superior\u00a0para\u00a0<strong>T\u00e9cnico<\/strong>\u00a0e\u00a0<strong>Analista Judici\u00e1rio<\/strong>, em diversas especialidades. Iniciais de at\u00e9\u00a0<strong>R$ 17 mil<\/strong>!<\/p>\n\n\n\n<p>Outro destaque foi a oficializa\u00e7\u00e3o no Di\u00e1rio Oficial da Uni\u00e3o do <strong>concurso PF<\/strong> com oferta de <strong>1.000 vagas<\/strong> para cargos de agente, escriv\u00e3o, delegado, papiloscopista e perito criminal.\u00a0O edital dever\u00e1 ser publicado em breve!<\/p>\n\n\n\n<p>Quer acompanhar todas as atualiza\u00e7\u00f5es sobre os concursos PF e TRT RJ? Fique ligado e n\u00e3o perca nenhum detalhe!<\/p>\n\n\n\n<h2 class=\"wp-block-heading\" id=\"concursos-pf-edital-deve-ser-aberto-nas-prximas-semanas\">Concursos PF: edital deve ser aberto nas pr\u00f3ximas semanas<\/h2>\n\n\n\n<p>Na semana passada, foi divulgada a not\u00edcia da abertura de 2.000 oportunidades no concurso da <a href=\"https:\/\/www.gov.br\/pf\/pt-br\" target=\"_blank\" rel=\"noreferrer noopener\">Pol\u00edcia Federal<\/a>, o que gerou grande expectativa entre os candidatos. A autoriza\u00e7\u00e3o para o certame deve ser divulgada em breve!<\/p>\n\n\n\n<p>O Governo Federal anunciou a autoriza\u00e7\u00e3o de um novo concurso p\u00fablico para a Pol\u00edcia Federal, oferecendo um total de <strong>2.000 vagas<\/strong> para cargos na \u00e1rea policial. A distribui\u00e7\u00e3o das oportunidades ser\u00e1 realizada em duas etapas:<\/p>\n\n\n\n<ul class=\"wp-block-list\"><li><strong>2025<\/strong>: 1.000 vagas; e<\/li>\n\n\n\n<li><strong>2026<\/strong>: 1.000 vagas adicionais.<\/li>\n<\/ul><p>Os cargos contemplados incluem Delegado, Escriv\u00e3o, Agente, Perito e Papiloscopista.<\/p>\n\n\n\n<p>A remunera\u00e7\u00e3o para esses cargos varia conforme a fun\u00e7\u00e3o, com sal\u00e1rios iniciais que podem chegar a <strong>R$ 28.831,70<\/strong> em 2026.<\/p>\n\n\n\n<p>A publica\u00e7\u00e3o oficial do edital est\u00e1 prevista para fevereiro de 2025, conforme informa\u00e7\u00f5es da ministra da Gest\u00e3o e Inova\u00e7\u00e3o em Servi\u00e7os P\u00fablicos, Esther Dweck.<\/p>\n\n\n\n<p>O ministro da Justi\u00e7a, Ricardo Lewandowski, destacou a import\u00e2ncia desse refor\u00e7o no efetivo da PF para intensificar o combate ao crime organizado, fortalecer a seguran\u00e7a nas fronteiras e enfrentar crimes ambientais.<\/p>\n\n\n\n<p>Para os interessados em participar do certame, \u00e9 recomend\u00e1vel iniciar a prepara\u00e7\u00e3o o quanto antes, considerando o alto n\u00edvel de concorr\u00eancia e a abrang\u00eancia dos conte\u00fados exigidos para cada cargo.<\/p>\n\n\n\n<h2 class=\"wp-block-heading\" id=\"tudo-o-que-voc-precisa-saber-sobre-o-concurso-trt-rj\">Tudo o que voc\u00ea precisa saber sobre o concurso TRT RJ<\/h2>\n\n\n\n<p>Um novo edital acaba de ser divulgado para o TRT RJ para forma\u00e7\u00e3o de cadastro de reserva para <strong>T\u00e9cnico e Analista Judici\u00e1rio<\/strong>, em diversasa especialidades. O per\u00edodo de <mark style=\"background-color:#8ed1fc\" class=\"has-inline-color\"><strong>inscri\u00e7\u00f5es inicia hoje<\/strong>, <\/mark><strong><mark style=\"background-color:#8ed1fc\" class=\"has-inline-color\">segunda-feira (17)<\/mark>,<\/strong> com as provas agendadas para o m\u00eas de maio.<\/p>\n\n\n\n<p>Para ingressar, os candidatos devem atender a requisitos espec\u00edficos e b\u00e1sicos, de acordo com a vaga escolhida.<\/p>\n\n\n\n<div class=\"nova-continue-reading\"><strong>Confira <\/strong><a href=\"https:\/\/www.novaconcursos.com.br\/portal\/noticias\/concurso-trt-rj-requisito\/\">quem pode participar do concurso TRT RJ<\/a> <\/div>\n\n\n<div class=\"wp-block-image\">\n<figure class=\"aligncenter size-large\"><img decoding=\"async\" width=\"1024\" height=\"577\" src=\"https:\/\/www.novaconcursos.com.br\/portal\/wp-content\/uploads\/2025\/02\/715-1-1024x577.webp\" alt=\"Concursos PF e TRT RJ movimentaram o mundo dos concursos na \u00faltima semana.\" class=\"wp-image-272178\" loading=\"lazy\" title=\"\" srcset=\"https:\/\/www.novaconcursos.com.br\/portal\/wp-content\/uploads\/2025\/02\/715-1-300x169.webp 300w, https:\/\/www.novaconcursos.com.br\/portal\/wp-content\/uploads\/2025\/02\/715-1-480x270.webp 480w, https:\/\/www.novaconcursos.com.br\/portal\/wp-content\/uploads\/2025\/02\/715-1-768x433.webp 768w, https:\/\/www.novaconcursos.com.br\/portal\/wp-content\/uploads\/2025\/02\/715-1-1024x577.webp 1024w, https:\/\/www.novaconcursos.com.br\/portal\/wp-content\/uploads\/2025\/02\/715-1.webp 1280w\" sizes=\"auto, (max-width: 480px) 100vw, (max-width: 768px) 100vw, (max-width: 1200px) 70vw, 768px\"><figcaption class=\"wp-element-caption\">Est\u00e3o abertas as inscri\u00e7\u00f5es para o concurso TRT RJ no site da FGV.<\/figcaption><\/figure><\/div>\n\n\n<p>Os sal\u00e1rios iniciais dos candidatos aprovados ser\u00e3o os seguintes:<\/p>\n\n\n\n<ul class=\"wp-block-list\"><li>T\u00e9cnico Judici\u00e1rio: R$ 8.529,65;<\/li>\n\n\n\n<li>Analista Judici\u00e1rio: R$ 13.994,78; e<\/li>\n\n\n\n<li>Oficial de Justi\u00e7a Avaliador Federal: R$ 17.018,67.<\/li>\n<\/ul><p>O TRT RJ proporciona alguns benef\u00edcios, incluindo aux\u00edlio-refei\u00e7\u00e3o, assist\u00eancia m\u00e9dica e odontol\u00f3gica, al\u00e9m de b\u00f4nus por capacita\u00e7\u00e3o.<\/p>\n\n\n\n<p>Os candidatos ser\u00e3o submetidos a prova objetiva, prova discursiva e teste de aptid\u00e3o f\u00edsica (apenas para o cargo de Agente da Pol\u00edcia Judicial), conforme especificado no edital. Confira a <a href=\"https:\/\/www.novaconcursos.com.br\/portal\/wp-content\/uploads\/2025\/02\/Edital-TRT-RJ-1.pdf\" target=\"_blank\" rel=\"noreferrer noopener\">\u00edntegra do edital<\/a>!<\/p>\n\n\n\n<p>A corre\u00e7\u00e3o das provas discursivas para os concorrentes da ampla concorr\u00eancia ser\u00e1 realizada somente para os participantes aprovados e mais bem classificados na prova objetiva, com observ\u00e2ncia dos empates na \u00faltima coloca\u00e7\u00e3o, at\u00e9 o m\u00e1ximo de 1.380 aprovados.<\/p>\n\n\n\n<p>Apesar de disponibilizar apenas vagas para cadastro reserva, a alta quantidade de provas discursivas corrigidas sugere a possibilidade de convoca\u00e7\u00e3o de um <strong>grande n\u00famero de aprovados<\/strong> pelo \u00f3rg\u00e3o.<\/p>\n\n\n\n<p>Embora destinadas apenas ao cadastro de reserva, a grande quantidade de provas discursivas que ser\u00e3o corrigidas indica a chance de convoca\u00e7\u00e3o de um grande contingente de candidatos aprovados pelo \u00f3rg\u00e3o.<\/p>\n\n\n\n<div class=\"nova-continue-reading\"><strong>Leia tamb\u00e9m<\/strong> <a href=\"https:\/\/www.novaconcursos.com.br\/portal\/noticias\/concurso-trt-rj-1380-provas-serao-corrigidas\/\">Concurso TRT RJ: Ser\u00e3o mais de 1.300 provas discursivas corrigidas!<\/a><\/div>\n\n\n\n<h2 class=\"wp-block-heading\" id=\"ser-o-fim-dos-concursos-de-nvel-mdio\">Ser\u00e1 o fim dos concursos de n\u00edvel m\u00e9dio?<\/h2>\n\n\n\n<p>Desde 2023, o governo tem priorizado a realiza\u00e7\u00e3o de concursos federais para carreiras de n\u00edvel superior em detrimento das de n\u00edvel m\u00e9dio. No primeiro Concurso Nacional Unificado (CNU), por exemplo, das 6.640 vagas oferecidas, apenas 692 foram destinadas a candidatos de n\u00edvel m\u00e9dio.<\/p>\n\n\n\n<p>Apesar dessa tend\u00eancia, o secret\u00e1rio de Gest\u00e3o de Pessoas do MGI, Jos\u00e9 Celso, destacou que diversas \u00e1reas da administra\u00e7\u00e3o p\u00fablica ainda demandam profissionais de n\u00edvel m\u00e9dio, refor\u00e7ando a import\u00e2ncia dessas fun\u00e7\u00f5es no setor governamental.<\/p>\n\n\n\n<p>Assim, embora em menor n\u00famero, os concursos federais de n\u00edvel m\u00e9dio <strong>continuar\u00e3o sendo realizados e permanecem no planejamento do Governo Federal.<\/strong><\/p>\n\n\n\n<p>Veja alguns dos concursos que est\u00e3o previstos para iniciar em 2025:<\/p>\n\n\n\n<ul class=\"wp-block-list\"><li>Previd\u00eancia Social;<\/li>\n\n\n\n<li>Minist\u00e9rio da Defesa Nacional;<\/li>\n\n\n\n<li>Superior Tribunal Militar;<\/li>\n\n\n\n<li>Companhia Nacional de Abastecimento (Conab);<\/li>\n\n\n\n<li>Tribunal Regional Eleitoral do Tocantins;<\/li>\n\n\n\n<li>Pol\u00edcia Civil do Rio de Janeiro;<\/li>\n\n\n\n<li>Tribunal de Contas do Estado do Mato Grosso do Sul;<\/li>\n\n\n\n<li>Secretaria de Estado de Educa\u00e7\u00e3o de Minas Gerais;<\/li>\n\n\n\n<li>Brigada Militar do Rio Grande do Sul;<\/li>\n\n\n\n<li>Pol\u00edcia Civil do Piaui;<\/li>\n\n\n\n<li>Pol\u00edcia Civil de Santa Catarina;<\/li>\n\n\n\n<li>Detran do Rio de Janeiro;<\/li>\n\n\n\n<li>Banrisul;<\/li>\n\n\n\n<li>Bombeiros do Distrito Federal;<\/li>\n\n\n\n<li>Secretaria de Sa\u00fade P\u00fablica do Rio Grande do Norte;<\/li>\n\n\n\n<li>Alego; e<\/li>\n\n\n\n<li>Pol\u00edcia Penal do Esp\u00edrito Santo.<\/li>\n<\/ul><figure class=\"wp-block-embed aligncenter is-type-video is-provider-youtube wp-block-embed-youtube wp-embed-aspect-16-9 wp-has-aspect-ratio\"><div class=\"wp-block-embed__wrapper\">\n<iframe loading=\"lazy\" title=\"CONCURSO POL\u00cdCIA FEDERAL 2025 AUTORIZADO [VEJA DATA DO EDITAL] \ud83d\udd34\" width=\"500\" height=\"281\" src=\"https:\/\/www.youtube.com\/embed\/zLoGbO7zgiA?feature=oembed\" frameborder=\"0\" allow=\"accelerometer; autoplay; clipboard-write; encrypted-media; gyroscope; picture-in-picture; web-share\" referrerpolicy=\"strict-origin-when-cross-origin\" allowfullscreen><\/iframe>\n<\/div><\/figure>","protected":false},"excerpt":{"rendered":"<p>Os concursos PF e TRT RJ foram destaques no mundo dos concursos na \u00faltima semana. A PF anunciou a abertura de um novo certame com 2.000 vagas, enquanto o TRT-RJ divulgou seu edital, oferecendo sal\u00e1rios que podem chegar a R$ 17 mil.<br \/>\nN\u00e3o perca nenhuma atualiza\u00e7\u00e3o!<\/p>\n","protected":false},"author":54695,"featured_media":272173,"comment_status":"closed","ping_status":"closed","sticky":false,"template":"","format":"standard","meta":{"_acf_changed":false,"footnotes":"","_wp_rev_ctl_limit":""},"categories":[228,44941,44940],"tags":[280,19955,45031,45005],"class_list":["post-272121","post","type-post","status-publish","format-standard","has-post-thumbnail","hentry","category-noticias","category-carreira-policial","category-carreira-tribunais","tag-concurso-pf","tag-concurso-trt-rj","tag-concursos-abertos-nacionais","tag-concursos-abertos-rj"],"acf":[],"_links":{"self":[{"href":"https:\/\/www.novaconcursos.com.br\/portal\/wp-json\/wp\/v2\/posts\/272121","targetHints":{"allow":["GET"]}}],"collection":[{"href":"https:\/\/www.novaconcursos.com.br\/portal\/wp-json\/wp\/v2\/posts"}],"about":[{"href":"https:\/\/www.novaconcursos.com.br\/portal\/wp-json\/wp\/v2\/types\/post"}],"author":[{"embeddable":true,"href":"https:\/\/www.novaconcursos.com.br\/portal\/wp-json\/wp\/v2\/users\/54695"}],"replies":[{"embeddable":true,"href":"https:\/\/www.novaconcursos.com.br\/portal\/wp-json\/wp\/v2\/comments?post=272121"}],"version-history":[{"count":6,"href":"https:\/\/www.novaconcursos.com.br\/portal\/wp-json\/wp\/v2\/posts\/272121\/revisions"}],"predecessor-version":[{"id":281615,"href":"https:\/\/www.novaconcursos.com.br\/portal\/wp-json\/wp\/v2\/posts\/272121\/revisions\/281615"}],"wp:featuredmedia":[{"embeddable":true,"href":"https:\/\/www.novaconcursos.com.br\/portal\/wp-json\/wp\/v2\/media\/272173"}],"wp:attachment":[{"href":"https:\/\/www.novaconcursos.com.br\/portal\/wp-json\/wp\/v2\/media?parent=272121"}],"wp:term":[{"taxonomy":"category","embeddable":true,"href":"https:\/\/www.novaconcursos.com.br\/portal\/wp-json\/wp\/v2\/categories?post=272121"},{"taxonomy":"post_tag","embeddable":true,"href":"https:\/\/www.novaconcursos.com.br\/portal\/wp-json\/wp\/v2\/tags?post=272121"}],"curies":[{"name":"wp","href":"https:\/\/api.w.org\/{rel}","templated":true}]}}