{"id":272275,"date":"2025-02-18T12:46:35","date_gmt":"2025-02-18T15:46:35","guid":{"rendered":"https:\/\/www.novaconcursos.com.br\/portal\/?p=272275"},"modified":"2025-02-18T12:46:39","modified_gmt":"2025-02-18T15:46:39","slug":"concurso-fundacao-renascer-banca-contratada","status":"publish","type":"post","link":"https:\/\/www.novaconcursos.com.br\/portal\/noticias\/concurso-fundacao-renascer-banca-contratada\/","title":{"rendered":"Concurso Funda\u00e7\u00e3o Renascer: IDCAP \u00e9 a banca. Edital iminente!"},"content":{"rendered":"<p class=\"has-text-align-left wp-embed-aspect-16-9 wp-has-aspect-ratio\">O\u00a0concurso Funda\u00e7\u00e3o Renascer ter\u00e1 edital publicado em breve! Essa \u00e9 uma excelente oportunidade para quem busca uma carreira est\u00e1vel no setor p\u00fablico.<\/p>\n\n\n\n<p class=\"has-text-align-left wp-embed-aspect-16-9 wp-has-aspect-ratio\">O <strong>Instituto de Desenvolvimento e Capacita\u00e7\u00e3o (IDCAP)<\/strong> foi confirmado como banca organizadora do concurso. A contrata\u00e7\u00e3o foi oficializada no Di\u00e1rio Oficial do Estado, publicado no dia 18 de fevereiro.<\/p>\n\n\n\n<p class=\"has-text-align-left wp-embed-aspect-16-9 wp-has-aspect-ratio\">De acordo com o extrato do contrato, ser\u00e3o oferecidas <strong>32 vagas<\/strong> imediatas, al\u00e9m da forma\u00e7\u00e3o de cadastro de reserva, para os cargos de Orientador Social (nas \u00e1reas de Psicologia, Servi\u00e7o Social e Pedagogia) e Agente Socioeducativo. Com a assinatura do contrato, devemos aguardar a divulga\u00e7\u00e3o do edital.<\/p>\n\n\n\n<p>Quer ficar por dentro de todas as novidades sobre o concurso Funda\u00e7\u00e3o Renascer? Acompanhe as atualiza\u00e7\u00f5es e n\u00e3o perca nenhum detalhe!  <\/p>\n\n\n\n<p><\/p>\n\n\n\n<h2 class=\"wp-block-heading\" id=\"edital-do-concurso-fundao-renascer-sair-em-breve\">Edital do concurso Funda\u00e7\u00e3o Renascer sair\u00e1 em breve!<\/h2>\n\n\n\n<p>No dia 18 de fevereiro, foi publicado no Di\u00e1rio Oficial do Estado de Sergipe o extrato do contrato que confirma o <a href=\"https:\/\/www.idcap.org.br\/\" target=\"_blank\" rel=\"noreferrer noopener\">IDCAP<\/a> (Instituto de Desenvolvimento e Capacita\u00e7\u00e3o) como a organizadora do concurso Funda\u00e7\u00e3o Renascer. Essa formaliza\u00e7\u00e3o \u00e9 um passo importante para a publica\u00e7\u00e3o do edital, que deve ocorrer em breve.<\/p>\n\n\n\n<figure class=\"wp-block-image size-full\"><img decoding=\"async\" width=\"726\" height=\"727\" src=\"https:\/\/www.novaconcursos.com.br\/portal\/wp-content\/uploads\/2025\/02\/imagem.webp\" alt=\"Extrato do concurso Funda\u00e7\u00e3o Renascer.\" class=\"wp-image-272321\" loading=\"lazy\" title=\"\" srcset=\"https:\/\/www.novaconcursos.com.br\/portal\/wp-content\/uploads\/2025\/02\/imagem-150x150.webp 150w, https:\/\/www.novaconcursos.com.br\/portal\/wp-content\/uploads\/2025\/02\/imagem-300x300.webp 300w, https:\/\/www.novaconcursos.com.br\/portal\/wp-content\/uploads\/2025\/02\/imagem-480x481.webp 480w, https:\/\/www.novaconcursos.com.br\/portal\/wp-content\/uploads\/2025\/02\/imagem.webp 726w\" sizes=\"auto, (max-width: 480px) 100vw, (max-width: 768px) 100vw, (max-width: 1200px) 70vw, 768px\"><figcaption><\/figcaption><\/figure><p>A divulga\u00e7\u00e3o do edital \u00e9 aguardada com grande expectativa, pois trar\u00e1 informa\u00e7\u00f5es que orientar\u00e3o a prepara\u00e7\u00e3o dos candidatos.<\/p>\n\n\n\n<p>Em janeiro de 2025, por meio da Portaria n\u00ba 227\/2025, foram divulgados os membros da comiss\u00e3o respons\u00e1vel pela forma\u00e7\u00e3o da banca. Confira a composi\u00e7\u00e3o:<\/p>\n\n\n\n<ul class=\"wp-block-list\"><li>Belquior Santos Zambra;<\/li>\n\n\n\n<li>Gabrielle karoline Santana Torres;<\/li>\n\n\n\n<li>Daniel Rodrigues de Oliveira;<\/li>\n\n\n\n<li>Clichardson Santos Hip\u00f3lito; e<\/li>\n\n\n\n<li>Ricardo Ara\u00fajo Menezes. <\/li>\n<\/ul><p>Conforme estipulado no documento, o contrato permanecer\u00e1 em vigor por um per\u00edodo de 12 meses. Esse tempo \u00e9 necess\u00e1rio para que a banca organizadora possa planejar e executar todas as etapas do concurso de forma detalhada e eficiente.<\/p>\n\n\n\n<p>Com a formaliza\u00e7\u00e3o do contrato, a divulga\u00e7\u00e3o do edital do concurso Funda\u00e7\u00e3o Renascer pode acontecer <strong>a qualquer momento!<\/strong><\/p>\n\n\n\n<h2 class=\"wp-block-heading\" id=\"concurso-fundao-renascer-2019-tudo-o-que-voc-precisa-saber\">Concurso Funda\u00e7\u00e3o Renascer 2019: tudo o que voc\u00ea precisa saber!<\/h2>\n\n\n\n<p>O \u00faltimo processo seletivo da Funda\u00e7\u00e3o Renascer ocorreu em 2019, quando foram oferecidas <strong>147 vagas<\/strong> para os cargos com exig\u00eancia de forma\u00e7\u00e3o de <strong>n\u00edveis m\u00e9dio e superior<\/strong>. As vagas foram distribu\u00eddas da seguinte forma:<\/p>\n\n\n\n<ul class=\"wp-block-list\"><li><strong>Socioeducador<\/strong>\n<ul class=\"wp-block-list\"><li>Sexo masculino: 78 vagas para ampla concorr\u00eancia e 19 para pesssoas com defici\u00eancia; e<\/li>\n\n\n\n<li>Sexo feminino: 26 vagas para ampla concorr\u00eancia e 7 para pesssoas com defici\u00eancia.<\/li>\n<\/ul><\/li>\n<\/ul><p><\/p>\n\n\n\n<ul class=\"wp-block-list\"><li><strong>Orientador Social<\/strong>\n<ul class=\"wp-block-list\"><li>Psicologia: 10 vagas;<\/li>\n\n\n\n<li>Pedagogia: 4 vagas; e <\/li>\n\n\n\n<li>Servi\u00e7o Social: 3 vagas.<\/li>\n<\/ul><\/li>\n<\/ul><p><\/p>\n\n\n\n<p>Os candidatos foram submetidos ao processo de sele\u00e7\u00e3o em duas etapas:<\/p>\n\n\n\n<ul class=\"wp-block-list\"><li><strong>Avalia\u00e7\u00e3o de T\u00edtulos:<\/strong> de car\u00e1ter eliminat\u00f3rio e classificat\u00f3rio; e<\/li>\n<\/ul><ul class=\"wp-block-list\"><li><strong>Curso de Forma\u00e7\u00e3o:<\/strong> ap\u00f3s a per\u00edcia m\u00e9dica e a assinatura do contrato na SEAD, os aprovados foram convocados para um curso de capacita\u00e7\u00e3o com carga hor\u00e1ria de 20 horas presenciais.<\/li>\n<\/ul><p><\/p>\n\n\n\n<p>Confira a pontua\u00e7\u00e3o m\u00e1xima atribu\u00edda na Prova de T\u00edtulos no \u00faltimo concurso da Funda\u00e7\u00e3o Renascer:<\/p>\n\n\n<div class=\"wp-block-image\">\n<figure class=\"aligncenter size-large\"><img decoding=\"async\" width=\"932\" height=\"1024\" src=\"https:\/\/www.novaconcursos.com.br\/portal\/wp-content\/uploads\/2025\/02\/Imagem-do-WhatsApp-de-2025-02-18-as-10.23.29_4def5f80-932x1024.webp\" alt=\"Quadro da pontua\u00e7\u00e3o m\u00e1xima atribu\u00edda na Prova de T\u00edtulos no \u00faltimo concurso da Funda\u00e7\u00e3o Renascer.\" class=\"wp-image-272282\" loading=\"lazy\" title=\"\" srcset=\"https:\/\/www.novaconcursos.com.br\/portal\/wp-content\/uploads\/2025\/02\/Imagem-do-WhatsApp-de-2025-02-18-as-10.23.29_4def5f80-273x300.webp 273w, https:\/\/www.novaconcursos.com.br\/portal\/wp-content\/uploads\/2025\/02\/Imagem-do-WhatsApp-de-2025-02-18-as-10.23.29_4def5f80-480x527.webp 480w, https:\/\/www.novaconcursos.com.br\/portal\/wp-content\/uploads\/2025\/02\/Imagem-do-WhatsApp-de-2025-02-18-as-10.23.29_4def5f80-768x844.webp 768w, https:\/\/www.novaconcursos.com.br\/portal\/wp-content\/uploads\/2025\/02\/Imagem-do-WhatsApp-de-2025-02-18-as-10.23.29_4def5f80-932x1024.webp 932w, https:\/\/www.novaconcursos.com.br\/portal\/wp-content\/uploads\/2025\/02\/Imagem-do-WhatsApp-de-2025-02-18-as-10.23.29_4def5f80.webp 1011w\" sizes=\"auto, (max-width: 480px) 100vw, (max-width: 768px) 100vw, (max-width: 1200px) 70vw, 768px\"><\/figure><\/div>\n\n\n<p>As remunera\u00e7\u00f5es para os cargos oferecidos no \u00faltimo concurso da Funda\u00e7\u00e3o Renascer foram de <strong>R$ 2.197,60<\/strong> para o cargo de Socioeducador e <strong>R$ 2.690,85<\/strong> para o cargo de Orientador Social. Essas remunera\u00e7\u00f5es s\u00e3o competitivas para cargos p\u00fablicos, e a jornada de trabalho variava conforme o cargo:<\/p>\n\n\n\n<ul class=\"wp-block-list\"><li>Cargo de <strong>Orientador Social<\/strong>, a carga hor\u00e1ria foi de 30 horas semanais, o que oferece uma jornada mais flex\u00edvel para os candidatos aprovados.<\/li>\n<\/ul><ul class=\"wp-block-list\"><li>Cargo de <strong>Socioeducador<\/strong>, a carga hor\u00e1ria foi de 44 horas semanais, com escala 12\u00d736 (12 horas de trabalho seguidas de 36 horas de descanso).<\/li>\n<\/ul><p>Agora, com a formaliza\u00e7\u00e3o do contrato e a constitui\u00e7\u00e3o da comiss\u00e3o organizadora, os candidatos interessados devem se preparar para o lan\u00e7amento do edital, que poder\u00e1 ocorrer a qualquer momento. A divulga\u00e7\u00e3o do edital trar\u00e1 detalhes importantes sobre as inscri\u00e7\u00f5es, datas das provas e outras etapas do concurso.<\/p>\n\n\n\n<p>Se voc\u00ea deseja participar deste processo seletivo e conquistar uma das vagas, fique atento \u00e0s atualiza\u00e7\u00f5es oficiais e comece desde j\u00e1 sua prepara\u00e7\u00e3o, estudando os conte\u00fados exigidos e se familiarizando com o formato do concurso.<\/p>\n\n\n\n<div class=\"nova-continue-reading\"><strong>Confira os demais\u00a0<\/strong><a href=\"https:\/\/www.novaconcursos.com.br\/portal\/concursos-abertos\/se\/\">concursos abertos em Sergipe<\/a><\/div>\n\n\n\n<figure class=\"wp-block-embed aligncenter is-type-video is-provider-youtube wp-block-embed-youtube wp-embed-aspect-16-9 wp-has-aspect-ratio\"><div class=\"wp-block-embed__wrapper\">\n<iframe loading=\"lazy\" title=\"T\u00c9CNICAS DE ESTUDO PARA CONCURSO QUE REALMENTE FUNCIONAM \ud83c\udfaf\" width=\"500\" height=\"281\" src=\"https:\/\/www.youtube.com\/embed\/mg75joCLjzM?start=239&amp;feature=oembed\" frameborder=\"0\" allow=\"accelerometer; autoplay; clipboard-write; encrypted-media; gyroscope; picture-in-picture; web-share\" referrerpolicy=\"strict-origin-when-cross-origin\" allowfullscreen><\/iframe>\n<\/div><\/figure><p><\/p>","protected":false},"excerpt":{"rendered":"<p>O IDCAP foi definido como a banca respons\u00e1vel pela organiza\u00e7\u00e3o do concurso Funda\u00e7\u00e3o Renascer. Ser\u00e3o oferecidas 32 vagas para cargos de n\u00edveis m\u00e9dio e superior. Confira!<\/p>\n","protected":false},"author":54695,"featured_media":272295,"comment_status":"closed","ping_status":"closed","sticky":false,"template":"","format":"standard","meta":{"_acf_changed":false,"footnotes":"","_wp_rev_ctl_limit":""},"categories":[228,44944,44945,44968],"tags":[45117,45027],"class_list":["post-272275","post","type-post","status-publish","format-standard","has-post-thumbnail","hentry","category-noticias","category-carreira-educacao","category-carreira-saude","category-se","tag-concurso-fundacao-renascer","tag-concursos-abertos-se"],"acf":[],"_links":{"self":[{"href":"https:\/\/www.novaconcursos.com.br\/portal\/wp-json\/wp\/v2\/posts\/272275","targetHints":{"allow":["GET"]}}],"collection":[{"href":"https:\/\/www.novaconcursos.com.br\/portal\/wp-json\/wp\/v2\/posts"}],"about":[{"href":"https:\/\/www.novaconcursos.com.br\/portal\/wp-json\/wp\/v2\/types\/post"}],"author":[{"embeddable":true,"href":"https:\/\/www.novaconcursos.com.br\/portal\/wp-json\/wp\/v2\/users\/54695"}],"replies":[{"embeddable":true,"href":"https:\/\/www.novaconcursos.com.br\/portal\/wp-json\/wp\/v2\/comments?post=272275"}],"version-history":[{"count":8,"href":"https:\/\/www.novaconcursos.com.br\/portal\/wp-json\/wp\/v2\/posts\/272275\/revisions"}],"predecessor-version":[{"id":272327,"href":"https:\/\/www.novaconcursos.com.br\/portal\/wp-json\/wp\/v2\/posts\/272275\/revisions\/272327"}],"wp:featuredmedia":[{"embeddable":true,"href":"https:\/\/www.novaconcursos.com.br\/portal\/wp-json\/wp\/v2\/media\/272295"}],"wp:attachment":[{"href":"https:\/\/www.novaconcursos.com.br\/portal\/wp-json\/wp\/v2\/media?parent=272275"}],"wp:term":[{"taxonomy":"category","embeddable":true,"href":"https:\/\/www.novaconcursos.com.br\/portal\/wp-json\/wp\/v2\/categories?post=272275"},{"taxonomy":"post_tag","embeddable":true,"href":"https:\/\/www.novaconcursos.com.br\/portal\/wp-json\/wp\/v2\/tags?post=272275"}],"curies":[{"name":"wp","href":"https:\/\/api.w.org\/{rel}","templated":true}]}}