{"id":272500,"date":"2025-06-11T12:21:09","date_gmt":"2025-06-11T15:21:09","guid":{"rendered":"https:\/\/www.novaconcursos.com.br\/portal\/?p=272500"},"modified":"2025-06-11T12:21:13","modified_gmt":"2025-06-11T15:21:13","slug":"fundacao-renascer","status":"publish","type":"post","link":"https:\/\/www.novaconcursos.com.br\/portal\/concursos\/fundacao-renascer\/","title":{"rendered":"Concurso Funda\u00e7\u00e3o Renascer: Inscri\u00e7\u00f5es prorrogadas! 32 vagas!"},"content":{"rendered":"<p>Se voc\u00ea busca uma boa oportunidade no servi\u00e7o p\u00fablico, fique atento: as inscri\u00e7\u00f5es para o concurso Funda\u00e7\u00e3o Renascer foram prorrogadas! S\u00e3o <strong>32 vagas para n\u00edveis m\u00e9dio e superior,<\/strong> nos cargos de Agente Socioeducativo e Orientador Social. Os sal\u00e1rios podem chegar a <mark style=\"background-color:#8ed1fc\" class=\"has-inline-color\">R$ 3.308,76<\/mark>, al\u00e9m da estabilidade que s\u00f3 o servi\u00e7o p\u00fablico oferece.<\/p>\n\n\n\n    <div class=\"nova-resumo-edital\">\n        <h2 class=\"nova-resumo-edital-title\" id=\"resumo-edital\">Resumo Edital<\/h2>\n        <ul class=\"nova-resumo-edital-list nova-menu\"><li>\n                <img decoding=\"async\" width=\"24\" height=\"24\" loading=\"lazy\" src=\"https:\/\/www.novaconcursos.com.br\/portal\/wp-content\/themes\/nova-theme\/includes\/assets\/img\/person.svg\" aria-hidden=\"true\" alt=\"\u00edcone pessoa\" title=\"\"><span>\n                    <b>Vagas: <\/b> 32\n                <\/span>\n            <\/li>\n            <li>\n                <img decoding=\"async\" width=\"24\" height=\"24\" loading=\"lazy\" src=\"https:\/\/www.novaconcursos.com.br\/portal\/wp-content\/themes\/nova-theme\/includes\/assets\/img\/inscricoes.svg\" aria-hidden=\"true\" alt=\"\u00edcone pessoa\" title=\"\"><span>\n                    <b>Per\u00edodo de inscri\u00e7\u00f5es: <\/b> 06\/05\/2025 at\u00e9 15\/06\/2025\n                <\/span>\n            <\/li>\n            <li>\n                <img decoding=\"async\" width=\"24\" height=\"24\" loading=\"lazy\" src=\"https:\/\/www.novaconcursos.com.br\/portal\/wp-content\/themes\/nova-theme\/includes\/assets\/img\/taxa-inscricao.svg\" aria-hidden=\"true\" alt=\"\u00edcone pessoa\" title=\"\"><span>\n                    <b>Taxa de inscri\u00e7\u00e3o: <\/b> R$90,00 at\u00e9 R$120,00\n                <\/span>\n            <\/li>\n            <li>\n                <img decoding=\"async\" width=\"24\" height=\"24\" loading=\"lazy\" src=\"https:\/\/www.novaconcursos.com.br\/portal\/wp-content\/themes\/nova-theme\/includes\/assets\/img\/prova.svg\" aria-hidden=\"true\" alt=\"\u00edcone pessoa\" title=\"\"><span>\n                    <b>Prova: <\/b> 13\/07\/2025\n                <\/span>\n            <\/li>\n            <li>\n                <img decoding=\"async\" width=\"24\" height=\"24\" loading=\"lazy\" src=\"https:\/\/www.novaconcursos.com.br\/portal\/wp-content\/themes\/nova-theme\/includes\/assets\/img\/banca.svg\" aria-hidden=\"true\" alt=\"\u00edcone pessoa\" title=\"\"><span>\n                    <b>Banca: <\/b> Instituto INDEC\n                <\/span>\n            <\/li>\n        <\/ul><div class=\"nova-resumo-edital-baixar\">\n            <a href=\"https:\/\/www.novaconcursos.com.br\/portal\/wp-content\/uploads\/2025\/04\/edital-do-concurso-fundacao-renascer.pdf\" rel=\"noopener\">\n                Baixe aqui o edital\n            <\/a>\n        <\/div>\n    <\/div>\n\n\n\n<p>A sele\u00e7\u00e3o contar\u00e1 com provas objetivas e reda\u00e7\u00e3o, previstas para o dia <strong>13 de julho<\/strong>. Ou seja, h\u00e1 tempo suficiente para se preparar com foco! Quer saber mais sobre as etapas, inscri\u00e7\u00f5es e cargos do concurso Funda\u00e7\u00e3o Renascer? Continue a leitura!<\/p>\n\n\n\n<h2 class=\"wp-block-heading\" id=\"saiba-como-se-inscrever-no-concurso-fundao-renascer\">Saiba como se inscrever no concurso Funda\u00e7\u00e3o Renascer<\/h2>\n\n\n\n<p>As inscri\u00e7\u00f5es para o concurso Funda\u00e7\u00e3o Renascer foram prorrogadas! Os interessados poder\u00e3o se inscrever at\u00e9 o dia <strong>15 de junho de 2025<\/strong>, exclusivamente no site da banca organizadora <a href=\"https:\/\/www.idcap.org.br\/\" target=\"_blank\" rel=\"noopener\">IDCAP<\/a>. <\/p>\n\n\n\n<p>Para garantir a participa\u00e7\u00e3o, ser\u00e1 necess\u00e1rio o pagamento de uma taxa no valor de <strong>R$ 90,00 para cargos de n\u00edvel m\u00e9dio<\/strong> e <strong>R$ 120,00 para os de n\u00edvel superior<\/strong>.<\/p>\n\n\n\n<p>O pagamento do boleto banc\u00e1rio deve ser efetuado at\u00e9 a data limite de <strong>16 de junho. <\/strong><\/p>\n\n\n\n<p>Contudo, alguns candidatos puderam solicitar isen\u00e7\u00e3o da taxa de inscri\u00e7\u00e3o, desde que atendessem a requisitos espec\u00edficos. Entre os beneficiados est\u00e3o aqueles que:<\/p>\n\n\n\n<ul class=\"wp-block-list\"><li>Estiverem devidamente cadastrados no <strong>Cad\u00danico<\/strong>, de acordo com o Decreto Federal n\u00ba 11.016\/2022;<\/li>\n\n\n\n<li>Sejam <strong>doadores de medula \u00f3ssea<\/strong>, registrados em institui\u00e7\u00f5es reconhecidas pelo Minist\u00e9rio da Sa\u00fade;<\/li>\n\n\n\n<li>Comprovem ser <strong>doadores de sangue<\/strong>, conforme previsto na Lei Estadual n\u00ba 4.087\/1999;<\/li>\n\n\n\n<li>Sejam <strong>mulheres que doam leite materno regularmente<\/strong> em bancos de leite credenciados, conforme a Lei Estadual n\u00ba 9.115\/2022;<\/li>\n\n\n\n<li>Estejam <strong>desempregados<\/strong>, conforme os crit\u00e9rios da Lei Estadual n\u00ba 5.968\/2006.<\/li>\n<\/ul><p><\/p>\n\n\n\n<p>O per\u00edodo para solicitar a isen\u00e7\u00e3o da taxa foi curto: apenas nos dias <strong>23 e 24 de abril<\/strong>.<\/p>\n\n\n\n<h2 class=\"wp-block-heading\" id=\"cargos-vagas-e-salrios\">Cargos, vagas e sal\u00e1rios<\/h2>\n\n\n\n<p>Os cargos oferecidos neste certame s\u00e3o <strong>Agente Socioeducativo<\/strong>, de <mark style=\"background-color:#8ed1fc\" class=\"has-inline-color\">n\u00edvel m\u00e9dio<\/mark> e <strong>Orientador Social<\/strong>, nas \u00e1reas de Psicologia, Servi\u00e7o Social e Pedagogia, de <mark style=\"background-color:#8ed1fc\" class=\"has-inline-color\">n\u00edvel superior<\/mark>. Confira a distribui\u00e7\u00e3o das vagas:<\/p>\n\n\n\n<ul class=\"wp-block-list\"><li>Agente Socioeducativo: 25 vagas<\/li>\n\n\n\n<li>Orientador Social\n<ul class=\"wp-block-list\"><li>Psicologia: 3 vagas<\/li>\n\n\n\n<li>Pedagogia: 2 vagas<\/li>\n\n\n\n<li>Servi\u00e7o Social: 2 vagas<\/li>\n<\/ul><\/li>\n<\/ul><p><\/p>\n\n\n\n<p>As remunera\u00e7\u00f5es iniciais do concurso Funda\u00e7\u00e3o Renascer s\u00e3o de: <strong>R$2.582,83<\/strong> (Agente Socioeducativo) e <strong>R$ 3.308,76<\/strong> (Orientador Social). <\/p>\n\n\n\n<div class=\"nova-continue-reading\"> Leia tamb\u00e9m: <a href=\"https:\/\/www.novaconcursos.com.br\/portal\/se\/\" data-type=\"link\" data-id=\"https:\/\/www.novaconcursos.com.br\/portal\/se\/\">Todos os concursos abertos em Sergipe!<\/a><\/div>\n\n\n\n<h2 class=\"wp-block-heading\" id=\"requisitos\">Requisitos<\/h2>\n\n\n\n<p>Para tomar posse de um cargo, o aprovado no concurso Funda\u00e7\u00e3o Renascer SE dever\u00e1 atender os seguintes requisitos b\u00e1sicos:<\/p>\n\n\n\n<ul class=\"wp-block-list\"><li>Ser brasileiro<\/li>\n\n\n\n<li>Ter cumprido as obriga\u00e7\u00f5es militares (no caso de candidato do sexo masculino)<\/li>\n\n\n\n<li>Estar quite com as obriga\u00e7\u00f5es eleitorais<\/li>\n\n\n\n<li>Ter boa conduta social e n\u00e3o possuir antecedentes criminais<\/li>\n\n\n\n<li>Gozar de boa sa\u00fade f\u00edsica e mental<\/li>\n\n\n\n<li>Ter, no m\u00ednimo, 18 (dezoito) anos de idade na data da posse<\/li>\n\n\n\n<li>Satisfazer as demais condi\u00e7\u00f5es e exig\u00eancias previstas em leis, regulamentos e neste edital<\/li>\n<\/ul><h2 class=\"wp-block-heading\" id=\"o-que-faz-um-agente-socioeducativo\">O que faz um Agente Socioeducativo?<\/h2>\n\n\n\n<p>Segundo o edital do concurso Funda\u00e7\u00e3o Renascer, essas s\u00e3o as atividades previstas para o cargo:<\/p>\n\n\n\n<ul class=\"wp-block-list\"><li>Apresentar-se de forma condigna com a fun\u00e7\u00e3o de Agente Socioeducativo<\/li>\n\n\n\n<li>Aplicar a execu\u00e7\u00e3o das medidas socioeducativas determinadas pelo Poder Judici\u00e1rio, conforme a Lei n\u00ba 8.069\/1990 (Estatuto da Crian\u00e7a e do Adolescente) e a Lei n\u00ba 12.594\/2012 (SINASE)<\/li>\n\n\n\n<li>Atuar na promo\u00e7\u00e3o da assist\u00eancia ao infrator e ao egresso<\/li>\n\n\n\n<li>Aplicar a classifica\u00e7\u00e3o e a disciplina socioeducativa, conforme normas da Funda\u00e7\u00e3o Renascer<\/li>\n\n\n\n<li>Exercer atividades operacionais de seguran\u00e7a socioeducativa<\/li>\n\n\n\n<li>Desenvolver atividades administrativas e assess\u00f3rias ligadas \u00e0s suas fun\u00e7\u00f5es<\/li>\n\n\n\n<li>Atuar no andamento do sistema socioeducativo, tanto na sede da institui\u00e7\u00e3o quanto em outras unidades vinculadas<\/li>\n\n\n\n<li>Realizar inspe\u00e7\u00f5es e apreens\u00f5es de materiais il\u00edcitos ou que estejam sob investiga\u00e7\u00e3o no contexto das atividades socioeducativas<\/li>\n\n\n\n<li>Encaminhar materiais apreendidos \u00e0s autoridades competentes, quando necess\u00e1rio<\/li>\n\n\n\n<li>Promover a condu\u00e7\u00e3o externa de adolescentes em conflito com a lei, dentro ou fora do Estado<\/li>\n\n\n\n<li>Conduzir adolescentes entre unidades de medidas socioeducativas ou para \u00f3rg\u00e3os judiciais e administrativos<\/li>\n\n\n\n<li>Acompanhar adolescentes para atendimentos m\u00e9dicos ou outras situa\u00e7\u00f5es previstas em leis e regulamentos<\/li>\n\n\n\n<li>Zelar pela integridade f\u00edsica dos adolescentes, visitantes e profissionais que atuem no sistema socioeducativo ou em \u00e1reas relacionadas<\/li>\n<\/ul><h2 class=\"wp-block-heading\" id=\"o-que-faz-um-orientador-social\">O que faz um Orientador Social?<\/h2>\n\n\n\n<p>Confira as atribui\u00e7\u00f5es previstas para a fun\u00e7\u00e3o de Orientador Social do concurso Funda\u00e7\u00e3o Renascer:<\/p>\n\n\n\n<ul class=\"wp-block-list\"><li>Construir projeto de trabalho para o acompanhamento e orienta\u00e7\u00e3o das atividades di\u00e1rias dos adolescentes em seus diversos aspectos<\/li>\n\n\n\n<li>Participar das discuss\u00f5es de estudos de casos e da elabora\u00e7\u00e3o do Plano Individual de Atendimento (PIA)<\/li>\n\n\n\n<li>Emitir relat\u00f3rios de acompanhamento quando solicitado pelo Ju\u00edzo<\/li>\n\n\n\n<li>Acolher e avaliar o adolescente admitido na unidade, informando sobre seus direitos, deveres e rotina da institui\u00e7\u00e3o<\/li>\n\n\n\n<li>Orientar os adolescentes em situa\u00e7\u00f5es de desligamento, transfer\u00eancias entre unidades da Funda\u00e7\u00e3o Renascer, audi\u00eancias, atendimentos m\u00e9dicos, atividades sociais, entre outras<\/li>\n\n\n\n<li>Acompanhar e oferecer suporte \u00e0s atividades educacionais, em conjunto com a equipe de profissionais que atuam com os adolescentes<\/li>\n\n\n\n<li>Participar do planejamento das atividades desenvolvidas na unidade, colaborando com sua organiza\u00e7\u00e3o<\/li>\n\n\n\n<li>Participar de reuni\u00f5es multidisciplinares ou setoriais, visando favorecer o desenvolvimento dos adolescentes no processo socioeducativo<\/li>\n\n\n\n<li>Realizar atendimentos t\u00e9cnicos para escuta qualificada, individual ou em grupo<\/li>\n\n\n\n<li>Realizar o encaminhamento e o acompanhamento de adolescentes e suas fam\u00edlias<\/li>\n<\/ul><h2 class=\"wp-block-heading\" id=\"como-sero-as-provas-do-concurso-fundao-renascer\">Como ser\u00e3o as provas do concurso Funda\u00e7\u00e3o Renascer?<\/h2>\n\n\n\n<p>Os candidatos do concurso Funda\u00e7\u00e3o Renascer ser\u00e3o avaliados por meio das seguintes etapas de sele\u00e7\u00e3o: <\/p>\n\n\n\n<ul class=\"wp-block-list\"><li>Prova Objetiva e Reda\u00e7\u00e3o, para todos os cargos;<\/li>\n\n\n\n<li>Heteroidentifica\u00e7\u00e3o e Per\u00edcia m\u00e9dica (PcD);<\/li>\n\n\n\n<li>Exame Biof\u00edsico \u2013 Teste de Aptid\u00e3o F\u00edsica (TAF), para Agente Socioeducativo;<\/li>\n\n\n\n<li>Exame Psicot\u00e9cnico, para Agente Socioeducativo;<\/li>\n\n\n\n<li>Exame Biom\u00e9dicos e Toxicol\u00f3gico, para Agente Socioeducativo;<\/li>\n\n\n\n<li>Sindic\u00e2ncia da Vida Pregressa, para Agente Socioeducativo;<\/li>\n\n\n\n<li>Prova de T\u00edtulos, para todos os cargos;<\/li>\n\n\n\n<li>Curso de Forma\u00e7\u00e3o, para Agente Socioeducativo.<\/li>\n<\/ul><h3 class=\"wp-block-heading\">Prova Objetiva<\/h3>\n\n\n\n<p>A prova objetiva do concurso Funda\u00e7\u00e3o Renascer, de car\u00e1ter eliminat\u00f3rio e classificat\u00f3rio, ser\u00e1 aplicada na data prevista de <strong>13 de julho de 2025<\/strong>, em hor\u00e1rios e locais que ainda ser\u00e3o divulgados. <\/p>\n\n\n\n<p>A avalia\u00e7\u00e3o ser\u00e1 composta de 70 quest\u00f5es de m\u00faltipla escolha que ser\u00e3o versadas sobre as seguintes disciplinas:<\/p>\n\n\n\n<ul class=\"wp-block-list\"><li><strong>Agente Socioeducativo<\/strong>\n<ul class=\"wp-block-list\"><li>L\u00edngua Portuguesa: 10 quest\u00f5es<\/li>\n\n\n\n<li>No\u00e7\u00f5es de Inform\u00e1tica: 5 quest\u00f5es<\/li>\n\n\n\n<li>No\u00e7\u00f5es de Direito Constitucional e Direitos Humanos: 5 quest\u00f5es<\/li>\n\n\n\n<li>Administra\u00e7\u00e3o P\u00fablica: 5 quest\u00f5es<\/li>\n\n\n\n<li>No\u00e7\u00f5es de Direito Penal: 5 quest\u00f5es<\/li>\n\n\n\n<li>Hist\u00f3ria e Geografia do Estado de Sergipe: 10 quest\u00f5es<\/li>\n\n\n\n<li>Legisla\u00e7\u00f5es Espec\u00edficas: 30 quest\u00f5es <\/li>\n<\/ul><\/li>\n\n\n\n<li><strong>Orientador Social <\/strong>\n<ul class=\"wp-block-list\"><li>L\u00edngua Portuguesa: 10 quest\u00f5es<\/li>\n\n\n\n<li>No\u00e7\u00f5es de Inform\u00e1tica: 4 quest\u00f5es<\/li>\n\n\n\n<li>No\u00e7\u00f5es de Direito Constitucional e Direitos Humanos: 4 quest\u00f5es<\/li>\n\n\n\n<li>Administra\u00e7\u00e3o P\u00fablica: 4 quest\u00f5es<\/li>\n\n\n\n<li>Hist\u00f3ria e Geografia do Estado de Sergipe: 8 quest\u00f5es<\/li>\n\n\n\n<li>Legisla\u00e7\u00f5es Espec\u00edficas: 30 quest\u00f5es<\/li>\n\n\n\n<li>Conhecimentos na \u00e1rea de atua\u00e7\u00e3o: 10 quest\u00f5es<\/li>\n<\/ul><\/li>\n<\/ul><p><\/p>\n\n\n\n<p>Ser\u00e1 considerado classificado o candidato que, cumulativamente:<\/p>\n\n\n\n<ul class=\"wp-block-list\"><li>obter no m\u00ednimo 50% da pontua\u00e7\u00e3o total da prova objetiva;<\/li>\n\n\n\n<li>n\u00e3o tirar nota zero em nenhum dos dois grupos de conhecimento; e<\/li>\n\n\n\n<li>estiver classificado at\u00e9 a posi\u00e7\u00e3o indicada no edital, respeitando os empatados na \u00faltima coloca\u00e7\u00e3o.<\/li>\n<\/ul><h3 class=\"wp-block-heading\">Prova de Reda\u00e7\u00e3o<\/h3>\n\n\n\n<p>A prova de reda\u00e7\u00e3o do concurso Funda\u00e7\u00e3o Renascer ser\u00e1 aplicada no mesmo dia e hor\u00e1rio da prova objetiva. <\/p>\n\n\n\n<p>A avalia\u00e7\u00e3o consistir\u00e1 na elabora\u00e7\u00e3o de um texto dissertativo-argumentativo sobre tema relacionado ao cargo pretendido, definido pela Banca Examinadora. <\/p>\n\n\n\n<p>Essa etapa ser\u00e1 corrigida com base nos seguintes crit\u00e9rios: <\/p>\n\n\n\n<figure class=\"wp-block-image size-full\"><a href=\"https:\/\/www.novaconcursos.com.br\/portal\/wp-content\/uploads\/2025\/04\/pontos-discursiva-fundacao-renascer.webp\"><img decoding=\"async\" width=\"654\" height=\"421\" src=\"https:\/\/www.novaconcursos.com.br\/portal\/wp-content\/uploads\/2025\/04\/pontos-discursiva-fundacao-renascer.webp\" alt=\"Tabela de pontos da prova discursiva do concurso Funda\u00e7\u00e3o Renascer!\" class=\"wp-image-279552\" loading=\"lazy\" title=\"\" srcset=\"https:\/\/www.novaconcursos.com.br\/portal\/wp-content\/uploads\/2025\/04\/pontos-discursiva-fundacao-renascer-300x193.webp 300w, https:\/\/www.novaconcursos.com.br\/portal\/wp-content\/uploads\/2025\/04\/pontos-discursiva-fundacao-renascer-480x309.webp 480w, https:\/\/www.novaconcursos.com.br\/portal\/wp-content\/uploads\/2025\/04\/pontos-discursiva-fundacao-renascer.webp 654w\" sizes=\"auto, (max-width: 480px) 100vw, (max-width: 768px) 100vw, (max-width: 1200px) 70vw, 768px\"><\/a><figcaption class=\"wp-element-caption\"><em>Tabela de pontos da prova discursiva do concurso Funda\u00e7\u00e3o Renascer!<\/em><\/figcaption><\/figure><h3 class=\"wp-block-heading\">Teste de Aptid\u00e3o F\u00edsica<\/h3>\n\n\n\n<p>O Teste de Aptid\u00e3o F\u00edsica \u2013 TAF, de natureza eliminat\u00f3ria, ser\u00e1 exigido exclusivamente para o cargo de Agente Socioeducativo.<\/p>\n\n\n\n<p>A sequ\u00eancia de execu\u00e7\u00e3o dos exerc\u00edcios ser\u00e1 divulgada no momento da aplica\u00e7\u00e3o do exame, contemplando as seguintes atividades:<\/p>\n\n\n\n<ul class=\"wp-block-list\"><li>Prova de corrida;<\/li>\n\n\n\n<li>Exerc\u00edcio de flex\u00e3o e extens\u00e3o dos bra\u00e7os, com apoio de frente no solo;<\/li>\n\n\n\n<li>Abdominal no estilo remador; e<\/li>\n\n\n\n<li>Teste de for\u00e7a utilizando a barra fixa.<\/li>\n<\/ul><h3 class=\"wp-block-heading\">Prova de T\u00edtulos<\/h3>\n\n\n\n<p>Confira quais t\u00edtulos ser\u00e3o avaliados no concurso Funda\u00e7\u00e3o Renascer:<\/p>\n\n\n\n<p><strong>Cargo de Agente Socioeducativo<\/strong><\/p>\n\n\n\n<figure class=\"wp-block-image size-full\"><a href=\"https:\/\/www.novaconcursos.com.br\/portal\/wp-content\/uploads\/2025\/04\/titulos-fundacao-renascer.webp\"><img decoding=\"async\" width=\"577\" height=\"250\" src=\"https:\/\/www.novaconcursos.com.br\/portal\/wp-content\/uploads\/2025\/04\/titulos-fundacao-renascer.webp\" alt=\"Tabela de t\u00edtulos do concurso Funda\u00e7\u00e3o Renascer!\" class=\"wp-image-279578\" loading=\"lazy\" title=\"\" srcset=\"https:\/\/www.novaconcursos.com.br\/portal\/wp-content\/uploads\/2025\/04\/titulos-fundacao-renascer-300x130.webp 300w, https:\/\/www.novaconcursos.com.br\/portal\/wp-content\/uploads\/2025\/04\/titulos-fundacao-renascer-480x208.webp 480w, https:\/\/www.novaconcursos.com.br\/portal\/wp-content\/uploads\/2025\/04\/titulos-fundacao-renascer.webp 577w\" sizes=\"auto, (max-width: 480px) 100vw, (max-width: 768px) 100vw, (max-width: 1200px) 70vw, 768px\"><\/a><figcaption class=\"wp-element-caption\"><em>Tabela de t\u00edtulos do concurso Funda\u00e7\u00e3o Renascer!<\/em><\/figcaption><\/figure><p><strong>Cargo de Orientador Social<\/strong><\/p>\n\n\n\n<figure class=\"wp-block-image size-full\"><a href=\"https:\/\/www.novaconcursos.com.br\/portal\/wp-content\/uploads\/2025\/04\/titulos-fundacao-renascer-2.webp\"><img decoding=\"async\" width=\"565\" height=\"483\" src=\"https:\/\/www.novaconcursos.com.br\/portal\/wp-content\/uploads\/2025\/04\/titulos-fundacao-renascer-2.webp\" alt=\"Tabela de t\u00edtulos do concurso Funda\u00e7\u00e3o Renascer!\" class=\"wp-image-279579\" loading=\"lazy\" title=\"\" srcset=\"https:\/\/www.novaconcursos.com.br\/portal\/wp-content\/uploads\/2025\/04\/titulos-fundacao-renascer-2-300x256.webp 300w, https:\/\/www.novaconcursos.com.br\/portal\/wp-content\/uploads\/2025\/04\/titulos-fundacao-renascer-2-480x410.webp 480w, https:\/\/www.novaconcursos.com.br\/portal\/wp-content\/uploads\/2025\/04\/titulos-fundacao-renascer-2.webp 565w\" sizes=\"auto, (max-width: 480px) 100vw, (max-width: 768px) 100vw, (max-width: 1200px) 70vw, 768px\"><\/a><figcaption class=\"wp-element-caption\"><em>Tabela de t\u00edtulos do concurso Funda\u00e7\u00e3o Renascer!<\/em><\/figcaption><\/figure><h2 class=\"wp-block-heading\" id=\"o-que-estudar-para-o-concurso-fundao-renascer\">O que estudar para o concurso Funda\u00e7\u00e3o Renascer?<\/h2>\n\n\n\n<p>Confira o que estudar para o concurso Funda\u00e7\u00e3o Renascer, de acordo com o conte\u00fado program\u00e1tico do edital:<\/p>\n\n\n\n<h3 class=\"wp-block-heading\">L\u00edngua Portuguesa<\/h3>\n\n\n\n<ul class=\"wp-block-list\"><li>Compreens\u00e3o e interpreta\u00e7\u00e3o de texto<\/li>\n\n\n\n<li>Tipologia e g\u00eaneros textuais<\/li>\n\n\n\n<li>Figuras de linguagem<\/li>\n\n\n\n<li>Marcas de textualidade: coes\u00e3o, coer\u00eancia e intertextualidade<\/li>\n\n\n\n<li>Dom\u00ednio dos mecanismos de coes\u00e3o textual\n<ul class=\"wp-block-list\"><li>Emprego de elementos de referencia\u00e7\u00e3o, substitui\u00e7\u00e3o e repeti\u00e7\u00e3o, de conectores e de outros elementos de sequencia\u00e7\u00e3o textual<\/li>\n<\/ul><\/li>\n\n\n\n<li>Classes de Palavras:\n<ul class=\"wp-block-list\"><li>Adjetivo<\/li>\n\n\n\n<li>Adv\u00e9rbio<\/li>\n\n\n\n<li>Artigo<\/li>\n\n\n\n<li>Preposi\u00e7\u00e3o<\/li>\n\n\n\n<li>Conjun\u00e7\u00e3o<\/li>\n\n\n\n<li>Interjei\u00e7\u00e3o<\/li>\n\n\n\n<li>Numeral<\/li>\n\n\n\n<li>Pronomes<\/li>\n\n\n\n<li>Substantivos<\/li>\n\n\n\n<li>Verbos<\/li>\n<\/ul><\/li>\n\n\n\n<li>Ortografia (Novo Acordo Ortogr\u00e1fico da L\u00edngua Portuguesa):\n<ul class=\"wp-block-list\"><li>Acentua\u00e7\u00e3o gr\u00e1fica<\/li>\n\n\n\n<li>Sinais de pontua\u00e7\u00e3o<\/li>\n\n\n\n<li>Rela\u00e7\u00f5es de coordena\u00e7\u00e3o entre ora\u00e7\u00f5es e entre termos da ora\u00e7\u00e3o<\/li>\n<\/ul><\/li>\n\n\n\n<li>Reescrita de frases e par\u00e1grafos do texto:\n<ul class=\"wp-block-list\"><li>Significa\u00e7\u00e3o das palavras<\/li>\n\n\n\n<li>Substitui\u00e7\u00e3o de palavras ou de trechos de texto<\/li>\n\n\n\n<li>Reorganiza\u00e7\u00e3o da estrutura de ora\u00e7\u00f5es e de per\u00edodos do texto<\/li>\n\n\n\n<li>Reescrita de textos de diferentes g\u00eaneros e n\u00edveis de formalidade<\/li>\n<\/ul><\/li>\n\n\n\n<li>Sem\u00e2ntica:\n<ul class=\"wp-block-list\"><li>Sin\u00f4nimos<\/li>\n\n\n\n<li>Ant\u00f4nimos<\/li>\n\n\n\n<li>Hom\u00f4nimos<\/li>\n\n\n\n<li>Par\u00f4nimos<\/li>\n\n\n\n<li>Denota\u00e7\u00e3o e conota\u00e7\u00e3o<\/li>\n<\/ul><\/li>\n\n\n\n<li>Sintaxe:\n<ul class=\"wp-block-list\"><li>Rela\u00e7\u00f5es de subordina\u00e7\u00e3o entre ora\u00e7\u00f5es e entre termos da ora\u00e7\u00e3o<\/li>\n\n\n\n<li>Concord\u00e2ncia verbal e nominal<\/li>\n\n\n\n<li>Reg\u00eancia verbal e nominal<\/li>\n\n\n\n<li>Coloca\u00e7\u00e3o pronominal<\/li>\n<\/ul><\/li>\n<\/ul><h3 class=\"wp-block-heading\">No\u00e7\u00f5es de Inform\u00e1tica<\/h3>\n\n\n\n<ul class=\"wp-block-list\"><li>Internet:\n<ul class=\"wp-block-list\"><li>Navega\u00e7\u00e3o na Internet<\/li>\n\n\n\n<li>Conceitos de URL, links, sites, busca e impress\u00e3o de p\u00e1ginas<\/li>\n<\/ul><\/li>\n\n\n\n<li>Editor de texto (Microsoft Office \u2013 Word 2019):\n<ul class=\"wp-block-list\"><li>Formata\u00e7\u00e3o de fonte e par\u00e1grafo<\/li>\n\n\n\n<li>Bordas e sombreamento<\/li>\n\n\n\n<li>Marcadores<\/li>\n\n\n\n<li>Numera\u00e7\u00e3o e tabula\u00e7\u00e3o<\/li>\n\n\n\n<li>Cabe\u00e7alho, rodap\u00e9 e n\u00famero de p\u00e1ginas<\/li>\n\n\n\n<li>Manipula\u00e7\u00e3o de imagens e formas<\/li>\n\n\n\n<li>Configura\u00e7\u00e3o de p\u00e1gina<\/li>\n\n\n\n<li>Tabelas<\/li>\n<\/ul><\/li>\n\n\n\n<li>Planilha eletr\u00f4nica (Microsoft Office \u2013 Excel 2019):\n<ul class=\"wp-block-list\"><li>Formata\u00e7\u00e3o da planilha e de c\u00e9lulas<\/li>\n\n\n\n<li>Criar c\u00e1lculos utilizando as quatro opera\u00e7\u00f5es<\/li>\n\n\n\n<li>Formatar dados atrav\u00e9s da formata\u00e7\u00e3o condicional<\/li>\n<\/ul><\/li>\n\n\n\n<li>Aplicativos para seguran\u00e7a (antiv\u00edrus, firewall, anti-spyware, etc.)<\/li>\n\n\n\n<li>Correio eletr\u00f4nico (e-mail)<\/li>\n<\/ul><h3 class=\"wp-block-heading\">No\u00e7\u00f5es de Direito Constitucional e de Direitos Humanos<\/h3>\n\n\n\n<ul class=\"wp-block-list\"><li><strong>Direito Constitucional<\/strong><\/li>\n\n\n\n<li>Constitui\u00e7\u00e3o:\n<ul class=\"wp-block-list\"><li>Princ\u00edpios fundamentais<\/li>\n\n\n\n<li>Aplicabilidade e interpreta\u00e7\u00e3o das normas constitucionais<\/li>\n\n\n\n<li>Vig\u00eancia e efic\u00e1cia das normas constitucionais<\/li>\n<\/ul><\/li>\n\n\n\n<li>Direitos e garantias fundamentais:\n<ul class=\"wp-block-list\"><li>Direitos e deveres individuais e coletivos<\/li>\n\n\n\n<li>Direitos sociais<\/li>\n\n\n\n<li>Direito da nacionalidade<\/li>\n\n\n\n<li>Direitos pol\u00edticos<\/li>\n<\/ul><\/li>\n\n\n\n<li>Organiza\u00e7\u00e3o pol\u00edtico-administrativa:\n<ul class=\"wp-block-list\"><li>Compet\u00eancias da Uni\u00e3o, Estados e Munic\u00edpios<\/li>\n<\/ul><\/li>\n\n\n\n<li>Organiza\u00e7\u00e3o dos Poderes<\/li>\n\n\n\n<li>Fun\u00e7\u00f5es essenciais \u00e0 Justi\u00e7a:\n<ul class=\"wp-block-list\"><li>Minist\u00e9rio P\u00fablico<\/li>\n\n\n\n<li>Advocacia P\u00fablica<\/li>\n\n\n\n<li>Advocacia<\/li>\n\n\n\n<li>Defensoria P\u00fablica<\/li>\n<\/ul><\/li>\n\n\n\n<li>Defesa do Estado e das Institui\u00e7\u00f5es Democr\u00e1ticas:\n<ul class=\"wp-block-list\"><li>Estado de Defesa<\/li>\n\n\n\n<li>Estado de S\u00edtio<\/li>\n\n\n\n<li>Disposi\u00e7\u00f5es gerais<\/li>\n<\/ul><\/li>\n\n\n\n<li>Ordem Econ\u00f4mica e Financeira:\n<ul class=\"wp-block-list\"><li>Princ\u00edpios gerais da atividade econ\u00f4mica<\/li>\n<\/ul><\/li>\n\n\n\n<li>Disposi\u00e7\u00f5es constitucionais gerais<\/li>\n\n\n\n<li>Ordem Social:\n<ul class=\"wp-block-list\"><li>Disposi\u00e7\u00e3o geral<\/li>\n\n\n\n<li>Seguridade Social: Sa\u00fade<\/li>\n<\/ul><\/li>\n\n\n\n<li><strong>Direitos Humanos<\/strong><\/li>\n\n\n\n<li>Teoria geral dos Direitos Humanos:\n<ul class=\"wp-block-list\"><li>Conceitos<\/li>\n\n\n\n<li>Terminologia<\/li>\n\n\n\n<li>Estrutura normativa<\/li>\n\n\n\n<li>Fundamenta\u00e7\u00e3o<\/li>\n<\/ul><\/li>\n\n\n\n<li>Afirma\u00e7\u00e3o hist\u00f3rica dos Direitos Humanos<\/li>\n\n\n\n<li>Direitos Humanos e responsabilidade do Estado<\/li>\n\n\n\n<li>Direitos Humanos na Constitui\u00e7\u00e3o Federal<\/li>\n\n\n\n<li>Pol\u00edtica Nacional de Direitos Humanos<\/li>\n\n\n\n<li>Constitui\u00e7\u00e3o brasileira e tratados internacionais de direitos humanos<\/li>\n\n\n\n<li>Estatuto da Igualdade Racial e de Combate \u00e0 Intoler\u00e2ncia Religiosa (Lei Federal n\u00ba 12.288\/2010)<\/li>\n<\/ul><h3 class=\"wp-block-heading\">Administra\u00e7\u00e3o P\u00fablica<\/h3>\n\n\n\n<ul class=\"wp-block-list\"><li>Conceitos e princ\u00edpios b\u00e1sicos da Administra\u00e7\u00e3o P\u00fablica<\/li>\n\n\n\n<li>No\u00e7\u00f5es de Direito Administrativo:\n<ul class=\"wp-block-list\"><li>Organiza\u00e7\u00e3o Administrativa do Estado<\/li>\n\n\n\n<li>Poderes Administrativos:\n<ul class=\"wp-block-list\"><li>Vinculado<\/li>\n\n\n\n<li>Discricion\u00e1rio<\/li>\n\n\n\n<li>Hier\u00e1rquico<\/li>\n\n\n\n<li>Disciplina<\/li>\n\n\n\n<li>Regulamentar<\/li>\n\n\n\n<li>De Pol\u00edcia<\/li>\n\n\n\n<li>Uso e abuso de poder<\/li>\n<\/ul><\/li>\n\n\n\n<li>Atos Administrativos:\n<ul class=\"wp-block-list\"><li>Conceito, requisitos, atributos, classifica\u00e7\u00e3o e esp\u00e9cies<\/li>\n\n\n\n<li>Extin\u00e7\u00e3o do ato administrativo: cassa\u00e7\u00e3o, anula\u00e7\u00e3o, revoga\u00e7\u00e3o e convalida\u00e7\u00e3o<\/li>\n<\/ul><\/li>\n\n\n\n<li>Decad\u00eancia administrativa<\/li>\n<\/ul><\/li>\n\n\n\n<li>Legisla\u00e7\u00e3o Federal:\n<ul class=\"wp-block-list\"><li>Lei Federal n\u00ba 9.784\/1999 \u2013 Regula o processo administrativo no \u00e2mbito da Administra\u00e7\u00e3o P\u00fablica Federal<\/li>\n\n\n\n<li>Lei Federal n\u00ba 13.709\/2018 \u2013 Lei Geral de Prote\u00e7\u00e3o de Dados Pessoais (LGPD)<\/li>\n\n\n\n<li>Lei n\u00ba 12.527\/2011 \u2013 Lei de Acesso \u00e0 Informa\u00e7\u00e3o<\/li>\n<\/ul><\/li>\n<\/ul><h3 class=\"wp-block-heading\">Hist\u00f3ria e Geografia do estado de Sergipe<\/h3>\n\n\n\n<ul class=\"wp-block-list\"><li><strong>Hist\u00f3ria do estado de Sergipe<\/strong>\n<ul class=\"wp-block-list\"><li>Forma\u00e7\u00e3o administrativa<\/li>\n\n\n\n<li>Coloniza\u00e7\u00e3o<\/li>\n\n\n\n<li>Desenvolvimento econ\u00f4mico<\/li>\n\n\n\n<li>Transforma\u00e7\u00f5es pol\u00edticas e sociais<\/li>\n\n\n\n<li>Cultura<\/li>\n<\/ul><\/li>\n\n\n\n<li><strong>Geografia do estado de Sergipe<\/strong>\n<ul class=\"wp-block-list\"><li>Territ\u00f3rio e localiza\u00e7\u00e3o<\/li>\n\n\n\n<li>Lim\u00edtrofes<\/li>\n\n\n\n<li>Principais rios e relevos da regi\u00e3o<\/li>\n\n\n\n<li>Clima e vegeta\u00e7\u00e3o<\/li>\n<\/ul><\/li>\n<\/ul><h2 class=\"wp-block-heading\" id=\"materiais-preparatrios-para-o-concurso-fundao-renascer\">Materiais preparat\u00f3rios para o concurso Funda\u00e7\u00e3o Renascer<\/h2>\n\n\n\n<p>Para conquistar a aprova\u00e7\u00e3o no concurso Funda\u00e7\u00e3o Renascer, \u00e9 essencial contar com materiais de estudo eficazes e uma rotina disciplinada de prepara\u00e7\u00e3o.<\/p>\n\n\n\n<p>Na <a href=\"https:\/\/www.novaconcursos.com.br\/\" data-type=\"link\" data-id=\"https:\/\/www.novaconcursos.com.br\/\">Nova Concursos<\/a>, voc\u00ea encontra a melhor base para alcan\u00e7ar seus objetivos, com mais de <strong>70 mil aprovados<\/strong> em todo o Brasil! Nossa metodologia combina qualidade e conte\u00fado completo, projetado para tornar sua prepara\u00e7\u00e3o mais eficiente e direcionada.<\/p>\n\n\n\n<p>Saiba quais s\u00e3o os materiais que v\u00e3o impulsionar seus estudos e d\u00ea o pr\u00f3ximo passo rumo \u00e0 sua vaga no concurso Funda\u00e7\u00e3o Renascer!<\/p>\n\n\n\n<h3 class=\"wp-block-heading\">Apostila B\u00e1sico para Concursos<\/h3>\n\n\n\n<p>A <a href=\"https:\/\/www.novaconcursos.com.br\/apostila\/basico-concurso?srsltid=AfmBOopqN09QHdt4LNe7lk-bntbmmTY1WXhK5n0Zqc3hiEkLMvWuvbdb\" data-type=\"link\" data-id=\"https:\/\/www.novaconcursos.com.br\/apostila\/basico-concurso?srsltid=AfmBOopqN09QHdt4LNe7lk-bntbmmTY1WXhK5n0Zqc3hiEkLMvWuvbdb\">Apostila B\u00e1sico para Concursos<\/a> \u00e9 a base que voc\u00ea precisa para iniciar sua prepara\u00e7\u00e3o para qualquer concurso!<\/p>\n\n\n\n<p>Esse material aborda de maneira pr\u00e1tica e objetiva os conte\u00fados essenciais, reunindo quest\u00f5es recentes das principais bancas organizadoras do pa\u00eds.<\/p>\n\n\n\n<p>Ideal para quem est\u00e1 come\u00e7ando ou precisa organizar seus estudos, a apostila oferece uma prepara\u00e7\u00e3o direta e focada no que realmente importa, ajudando voc\u00ea a dar os primeiros passos rumo \u00e0 aprova\u00e7\u00e3o.<\/p>\n\n\n\n<p>Comece hoje mesmo a se preparar e esteja um passo mais perto da sua vaga!<\/p>\n\n\n\n<h3 class=\"wp-block-heading\">Curso Online Guia da Aprova\u00e7\u00e3o<\/h3>\n\n\n\n<p>O caminho at\u00e9 a aprova\u00e7\u00e3o em concursos p\u00fablicos \u00e9 desafiador, e uma das maiores dificuldades enfrentadas pelos concurseiros \u00e9 saber como planejar os estudos de maneira eficiente.<\/p>\n\n\n\n<p>Pensando nisso, desenvolvemos o Curso Guia da Aprova\u00e7\u00e3o, com o Prof. Guilherme Volts. No curso, voc\u00ea encontrar\u00e1 ferramentas essenciais para criar seu planejamento de estudos, estrat\u00e9gias para melhorar seu desempenho, t\u00e9cnicas de revis\u00e3o, exerc\u00edcios pr\u00e1ticos e avalia\u00e7\u00f5es. <\/p>\n\n\n\n<p>Garanta a orienta\u00e7\u00e3o que voc\u00ea precisa para transformar sua prepara\u00e7\u00e3o e conquistar sua t\u00e3o sonhada vaga em concursos p\u00fablicos!<\/p>\n\n\n\n<div class=\"nova-continue-reading\"> Adquira j\u00e1: <a href=\"https:\/\/www.novaconcursos.com.br\/curso-online\/guia-aprovacao\" data-type=\"link\" data-id=\"https:\/\/www.novaconcursos.com.br\/curso-online\/guia-aprovacao\">Curso Online Guia da Aprova\u00e7\u00e3o<\/a><\/div>\n\n\n\n<h3 class=\"wp-block-heading\">L\u00edngua Portuguesa para Concursos<\/h3>\n\n\n\n<p>O livro <a href=\"https:\/\/www.novaconcursos.com.br\/apostila\/lingua-portuguesa-concursos?utm_source=google&amp;utm_medium=cpc&amp;utm_campaign=google-gs-apostila-impressa-padrao&amp;gad_source=1&amp;gclid=Cj0KCQiA7se8BhCAARIsAKnF3rwak9OVKwCZPyHPgjqYqoBO8QxrKlI6fagFGeay1fWQnOGZcJBOKoQaApDlEALw_wcB\" data-type=\"link\" data-id=\"https:\/\/www.novaconcursos.com.br\/apostila\/lingua-portuguesa-concursos?utm_source=google&amp;utm_medium=cpc&amp;utm_campaign=google-gs-apostila-impressa-padrao&amp;gad_source=1&amp;gclid=Cj0KCQiA7se8BhCAARIsAKnF3rwak9OVKwCZPyHPgjqYqoBO8QxrKlI6fagFGeay1fWQnOGZcJBOKoQaApDlEALw_wcB\">L\u00edngua Portuguesa para Concursos<\/a> \u00e9 o parceiro ideal para sua prepara\u00e7\u00e3o rumo \u00e0 aprova\u00e7\u00e3o no concurso Funda\u00e7\u00e3o Renascer!<\/p>\n\n\n\n<p>Com um roteiro de estudos personalizado, o material direciona seu aprendizado de forma eficiente, permitindo que voc\u00ea se concentre nos temas mais relevantes e aumente suas chances de sucesso.<\/p>\n\n\n\n<p>O livro apresenta uma an\u00e1lise detalhada dos assuntos mais cobrados, al\u00e9m de in\u00fameras quest\u00f5es comentadas de provas anteriores, que ajudam voc\u00ea a dominar os t\u00f3picos na teoria e na pr\u00e1tica.<\/p>\n\n\n\n<p>Todo o conte\u00fado foi pensado para ser visualmente estimulante e organizado de forma clara, proporcionando uma experi\u00eancia de aprendizado confort\u00e1vel e envolvente.<\/p>\n\n\n\n<p>Adquira agora o material e fique mais perto da sua aprova\u00e7\u00e3o!<\/p>\n\n\n\n<h2 class=\"wp-block-heading\" id=\"quando-foi-o-ltimo-concurso-fundao-renascer\">Quando foi o \u00faltimo concurso Funda\u00e7\u00e3o Renascer?<\/h2>\n\n\n\n<p>O \u00faltimo concurso Funda\u00e7\u00e3o Renascer foi realizado em 2019 e ofertou 147 vagas de n\u00edvel m\u00e9dio e superior para os cargos de Socioeducador e Orientador Social.<\/p>\n\n\n\n<h3 class=\"wp-block-heading\">Etapas de sele\u00e7\u00e3o<\/h3>\n\n\n\n<p>Inicialmente, os candidatos tiveram seus t\u00edtulos avaliados<strong>.<\/strong> Confira os crit\u00e9rios de pontua\u00e7\u00e3o a seguir:<\/p>\n\n\n\n<figure class=\"wp-block-image size-full\"><a href=\"https:\/\/www.novaconcursos.com.br\/portal\/wp-content\/uploads\/2023\/05\/image-58.png\"><img decoding=\"async\" width=\"676\" height=\"708\" src=\"https:\/\/www.novaconcursos.com.br\/portal\/wp-content\/uploads\/2023\/05\/image-58.png\" alt=\"\" class=\"wp-image-193637\" loading=\"lazy\" title=\"\" srcset=\"https:\/\/www.novaconcursos.com.br\/portal\/wp-content\/uploads\/2023\/05\/image-58-286x300.png 286w, https:\/\/www.novaconcursos.com.br\/portal\/wp-content\/uploads\/2023\/05\/image-58.png 676w\" sizes=\"auto, (max-width: 480px) 100vw, (max-width: 768px) 100vw, (max-width: 1200px) 70vw, 768px\"><\/a><figcaption><\/figcaption><\/figure><p>Os aprovados passaram por um curso de forma\u00e7\u00e3o, com a aplica\u00e7\u00e3o de uma prova objetiva ap\u00f3s a conclus\u00e3o.<\/p>\n\n\n\n<p>Aqueles que n\u00e3o frequentaram no m\u00ednimo 75% das horas de atividade e n\u00e3o obtiveram nota final superior a 60% dos pontos poss\u00edveis, tiveram o contrato tempor\u00e1rio rescindido.<\/p>\n\n\n\n<h2 class=\"wp-block-heading\" id=\"o-que-a-fundao-renascer\">O que \u00e9 a Funda\u00e7\u00e3o Renascer?<\/h2>\n\n\n\n<p>A <a href=\"https:\/\/renascer.se.gov.br\/\" target=\"_blank\" data-type=\"link\" data-id=\"https:\/\/renascer.se.gov.br\/\" rel=\"noreferrer noopener\">Funda\u00e7\u00e3o Renascer<\/a> \u00e9 uma institui\u00e7\u00e3o p\u00fablica ligada \u00e0 Secretaria de Estado da Assist\u00eancia Social, Inclus\u00e3o e Cidadania (Seasic) de Sergipe. Ela tem como miss\u00e3o cuidar e apoiar crian\u00e7as e adolescentes que est\u00e3o em situa\u00e7\u00e3o de risco, seja social ou pessoal. <\/p>\n\n\n\n<p>A organiza\u00e7\u00e3o tem como objetivo principalgarantir a prote\u00e7\u00e3o e o bem-estar dos jovens sergipanos, oferecendo tanto medidas preventivas quanto a\u00e7\u00f5es socioeducativas.<\/p>\n\n\n\n<p>Al\u00e9m disso, a Funda\u00e7\u00e3o Renascer se destaca pela maneira humanizada em seus atendimentos em diferentes \u00e1reas, garantindo que ele chegue a quem realmente precisa, tendo um papel fundamental para a sociedade sergipana.<\/p>\n\n\n\n<figure class=\"wp-block-embed is-type-video is-provider-youtube wp-block-embed-youtube wp-embed-aspect-16-9 wp-has-aspect-ratio\"><div class=\"wp-block-embed__wrapper\">\n<iframe loading=\"lazy\" title=\"CONCURSOS 2025: COMO DEFINIR SEU DESTINO PROFISSIONAL SEM ARREPENDIMENTOS | V\u00cdDEO 3\" width=\"500\" height=\"281\" src=\"https:\/\/www.youtube.com\/embed\/-IJ7Z_0UxPA?feature=oembed\" frameborder=\"0\" allow=\"accelerometer; autoplay; clipboard-write; encrypted-media; gyroscope; picture-in-picture; web-share\" referrerpolicy=\"strict-origin-when-cross-origin\" allowfullscreen><\/iframe>\n<\/div><\/figure>","protected":false},"excerpt":{"rendered":"<p>As inscri\u00e7\u00f5es para o concurso Funda\u00e7\u00e3o Renascer foram prorrogadas! O certame oferta 32 vagas mais cadastro reserva para n\u00edveis m\u00e9dio e superior, com sal\u00e1rios de at\u00e9 R$ 3,3 mil. Saiba mais!<\/p>\n","protected":false},"author":54696,"featured_media":272518,"comment_status":"closed","ping_status":"closed","sticky":false,"template":"","format":"standard","meta":{"_acf_changed":false,"footnotes":"","_wp_rev_ctl_limit":""},"categories":[44999,44939,44968],"tags":[45117,45027],"class_list":["post-272500","post","type-post","status-publish","format-standard","has-post-thumbnail","hentry","category-concursos","category-carreira-administrativa","category-se","tag-concurso-fundacao-renascer","tag-concursos-abertos-se"],"acf":[],"_links":{"self":[{"href":"https:\/\/www.novaconcursos.com.br\/portal\/wp-json\/wp\/v2\/posts\/272500","targetHints":{"allow":["GET"]}}],"collection":[{"href":"https:\/\/www.novaconcursos.com.br\/portal\/wp-json\/wp\/v2\/posts"}],"about":[{"href":"https:\/\/www.novaconcursos.com.br\/portal\/wp-json\/wp\/v2\/types\/post"}],"author":[{"embeddable":true,"href":"https:\/\/www.novaconcursos.com.br\/portal\/wp-json\/wp\/v2\/users\/54696"}],"replies":[{"embeddable":true,"href":"https:\/\/www.novaconcursos.com.br\/portal\/wp-json\/wp\/v2\/comments?post=272500"}],"version-history":[{"count":7,"href":"https:\/\/www.novaconcursos.com.br\/portal\/wp-json\/wp\/v2\/posts\/272500\/revisions"}],"predecessor-version":[{"id":285384,"href":"https:\/\/www.novaconcursos.com.br\/portal\/wp-json\/wp\/v2\/posts\/272500\/revisions\/285384"}],"wp:featuredmedia":[{"embeddable":true,"href":"https:\/\/www.novaconcursos.com.br\/portal\/wp-json\/wp\/v2\/media\/272518"}],"wp:attachment":[{"href":"https:\/\/www.novaconcursos.com.br\/portal\/wp-json\/wp\/v2\/media?parent=272500"}],"wp:term":[{"taxonomy":"category","embeddable":true,"href":"https:\/\/www.novaconcursos.com.br\/portal\/wp-json\/wp\/v2\/categories?post=272500"},{"taxonomy":"post_tag","embeddable":true,"href":"https:\/\/www.novaconcursos.com.br\/portal\/wp-json\/wp\/v2\/tags?post=272500"}],"curies":[{"name":"wp","href":"https:\/\/api.w.org\/{rel}","templated":true}]}}