{"id":273046,"date":"2025-02-24T19:00:50","date_gmt":"2025-02-24T22:00:50","guid":{"rendered":"https:\/\/www.novaconcursos.com.br\/portal\/?p=273046"},"modified":"2025-03-31T10:38:01","modified_gmt":"2025-03-31T13:38:01","slug":"concurso-pf-prazo-publicacao","status":"publish","type":"post","link":"https:\/\/www.novaconcursos.com.br\/portal\/noticias\/concurso-pf-prazo-publicacao\/","title":{"rendered":"Concurso PF: governo refor\u00e7a o prazo para a publica\u00e7\u00e3o dos editais!"},"content":{"rendered":"<p><strong>Dois editais para o <a href=\"https:\/\/www.novaconcursos.com.br\/portal\/concursos\/concurso-policia-federal\/\">concurso PF<\/a> ser\u00e3o publicados para a \u00e1rea Policial e a \u00e1rea Administrativa<\/strong>. No entanto, a divulga\u00e7\u00e3o dos editais gerou d\u00favidas entre os candidatos, j\u00e1 que o governo indicou que ambas as publica\u00e7\u00f5es ocorreriam at\u00e9 agosto de 2025. Entenda!<\/p>\n\n\n\n<p>Al\u00e9m disso, foi confirmado que os certames ser\u00e3o organizados diretamente pela Pol\u00edcia Federal, sem participa\u00e7\u00e3o no Concurso Nacional Unificado (CNU). Com sal\u00e1rios atrativos e ampla concorr\u00eancia esperada, os candidatos devem se preparar desde j\u00e1 para as provas.<\/p>\n\n\n\n<p>Independentemente do prazo para a publica\u00e7\u00e3o dos editais, o mais importante \u00e9 estar preparado para as provas, pois a concorr\u00eancia promete ser acirrada. Com planejamento e dedica\u00e7\u00e3o, os candidatos podem aumentar suas chances de conquistar uma das vagas ofertadas.<\/p>\n\n\n\n<h2 class=\"wp-block-heading\" id=\"governo-federal-confirma-editais-do-concurso-pf\">Governo Federal confirma editais do concurso PF<\/h2>\n\n\n\n<p>O Governo Federal refor\u00e7ou nesta segunda-feira, 24 de fevereiro, a previs\u00e3o de publica\u00e7\u00e3o dos editais do concurso <a href=\"https:\/\/www.gov.br\/pf\/pt-br\" target=\"_blank\" rel=\"noopener\">Pol\u00edcia Federal<\/a> (PF), que ofertar\u00e1 um total de 1.192 vagas. Ser\u00e3o realizados dois certames: um para a \u00e1rea Policial, com 1.000 vagas, e outro para a \u00e1rea Administrativa, com 192 oportunidades.<\/p>\n\n\n\n<p>As <mark style=\"background-color:#8ed1fc\" class=\"has-inline-color\">portarias oficiais j\u00e1 foram publicadas e estabelecem um prazo de at\u00e9 seis meses<\/mark> para a divulga\u00e7\u00e3o dos editais. No entanto, uma diverg\u00eancia quanto ao prazo do certame da \u00e1rea Administrativa tem gerado questionamentos.<\/p>\n\n\n\n<p>Em postagem nas redes sociais, o Governo Federal indicou que ambos os editais ser\u00e3o divulgados at\u00e9 agosto de 2025:<\/p>\n\n\n\n<figure class=\"wp-block-image size-large\"><a href=\"https:\/\/www.novaconcursos.com.br\/portal\/wp-content\/uploads\/2025\/02\/Concurso-PF-gerais.webp\"><img decoding=\"async\" width=\"588\" height=\"1024\" src=\"https:\/\/www.novaconcursos.com.br\/portal\/wp-content\/uploads\/2025\/02\/Concurso-PF-gerais-588x1024.webp\" alt=\"Print do governo do Brasil sobre o concurso PF\" class=\"wp-image-273048\" loading=\"lazy\" title=\"\" srcset=\"https:\/\/www.novaconcursos.com.br\/portal\/wp-content\/uploads\/2025\/02\/Concurso-PF-gerais-172x300.webp 172w, https:\/\/www.novaconcursos.com.br\/portal\/wp-content\/uploads\/2025\/02\/Concurso-PF-gerais-480x835.webp 480w, https:\/\/www.novaconcursos.com.br\/portal\/wp-content\/uploads\/2025\/02\/Concurso-PF-gerais-588x1024.webp 588w, https:\/\/www.novaconcursos.com.br\/portal\/wp-content\/uploads\/2025\/02\/Concurso-PF-gerais.webp 720w\" sizes=\"auto, (max-width: 480px) 100vw, (max-width: 768px) 100vw, (max-width: 1200px) 70vw, 768px\"><\/a><figcaption class=\"wp-element-caption\"><em>Concurso PF ter\u00e1 dois editais publicados.<\/em><\/figcaption><\/figure><p><\/p>\n\n\n\n<figure class=\"wp-block-image size-large is-resized\"><a href=\"https:\/\/www.novaconcursos.com.br\/portal\/wp-content\/uploads\/2025\/02\/Concurso-PF-administrativo.webp\"><img decoding=\"async\" width=\"587\" height=\"1024\" src=\"https:\/\/www.novaconcursos.com.br\/portal\/wp-content\/uploads\/2025\/02\/Concurso-PF-administrativo-587x1024.webp\" alt=\"Print do governo do Brasil sobre o concurso PF.\" class=\"wp-image-273049\" style=\"width:587px;height:auto\" loading=\"lazy\" title=\"\" srcset=\"https:\/\/www.novaconcursos.com.br\/portal\/wp-content\/uploads\/2025\/02\/Concurso-PF-administrativo-172x300.webp 172w, https:\/\/www.novaconcursos.com.br\/portal\/wp-content\/uploads\/2025\/02\/Concurso-PF-administrativo-480x837.webp 480w, https:\/\/www.novaconcursos.com.br\/portal\/wp-content\/uploads\/2025\/02\/Concurso-PF-administrativo-587x1024.webp 587w, https:\/\/www.novaconcursos.com.br\/portal\/wp-content\/uploads\/2025\/02\/Concurso-PF-administrativo.webp 720w\" sizes=\"auto, (max-width: 480px) 100vw, (max-width: 768px) 100vw, (max-width: 1200px) 70vw, 768px\"><\/a><figcaption class=\"wp-element-caption\"><em>Concurso PF ofertar\u00e1 mais de duas mil vagas.<\/em><\/figcaption><\/figure><p>No entanto, a autoriza\u00e7\u00e3o oficial do concurso PF Administrativo foi publicada no dia 6 de dezembro de 2024, o que significa que <strong>o edital deve ser publicado at\u00e9 junho de 2025<\/strong> para manter sua validade. <\/p>\n\n\n\n<p>Caso n\u00e3o seja publicado dentro desse prazo, a autoriza\u00e7\u00e3o perder\u00e1 seus efeitos e o or\u00e7amento destinado ao certame ser\u00e1 cancelado.<\/p>\n\n\n\n<p>J\u00e1 o concurso da \u00e1rea Policial, autorizado oficialmente em fevereiro de 2025, tem prazo at\u00e9 agosto para a publica\u00e7\u00e3o do edital, seguindo os seis meses estipulados pela portaria correspondente. As 1.000 vagas ser\u00e3o distribu\u00eddas entre os cargos de Agente, Escriv\u00e3o, Delegado, Perito e Papiloscopista.<\/p>\n\n\n\n<div class=\"nova-continue-reading\"> Leia tamb\u00e9m: <a href=\"https:\/\/www.novaconcursos.com.br\/portal\/concursos-abertos\/\">Concursos abertos a n\u00edvel nacional!<\/a> <\/div>\n\n\n\n<h2 class=\"wp-block-heading\" id=\"concursos-sero-organizados-pela-prpria-pf\">Concursos ser\u00e3o organizados pela pr\u00f3pria PF<\/h2>\n\n\n\n<p>Os dois editais ser\u00e3o conduzidos diretamente pela Pol\u00edcia Federal, <strong>sem integra\u00e7\u00e3o ao Concurso Nacional Unificado<\/strong> (CNU). <\/p>\n\n\n\n<p>Apesar do convite do Governo Federal para que a sele\u00e7\u00e3o fizesse parte do CNU 2025, o Minist\u00e9rio da Justi\u00e7a e Seguran\u00e7a P\u00fablica confirmou que o certame ocorrer\u00e1 de forma independente, com banca organizadora contratada pela pr\u00f3pria institui\u00e7\u00e3o.<\/p>\n\n\n\n<p>O Minist\u00e9rio declarou:<\/p>\n\n\n\n<p><em>\u201cO Minist\u00e9rio da Justi\u00e7a e Seguran\u00e7a P\u00fablica (MJSP) informa que o concurso para provimento de cargos da Pol\u00edcia Federal ser\u00e1 realizado diretamente por banca contratada pela institui\u00e7\u00e3o, n\u00e3o integrando o CNU 2025.\u201d<\/em><\/p>\n\n\n\n<div class=\"nova-continue-reading\"> Leia tamb\u00e9m: <a href=\"https:\/\/www.novaconcursos.com.br\/portal\/noticias\/concurso-pf-excluido-cnu\/\">Ministra da Gest\u00e3o e Inova\u00e7\u00e3o an\u00fancio que a\u00a0Pol\u00edcia Federal\u00a0n\u00e3o far\u00e1 parte do CNU 2025!<\/a> <\/div>\n\n\n\n<h2 class=\"wp-block-heading\" id=\"provas-e-cronograma-previsto-do-concurso-pf\">Provas e cronograma previsto do concurso PF<\/h2>\n\n\n\n<p>Conforme a portaria, <strong>as provas dos concursos dever\u00e3o ser aplicadas em at\u00e9 dois meses ap\u00f3s a publica\u00e7\u00e3o dos editais<\/strong>. Dessa forma, caso o cronograma seja seguido corretamente, o certame administrativo dever\u00e1 ter provas at\u00e9 agosto, enquanto a sele\u00e7\u00e3o da \u00e1rea Policial poder\u00e1 ter aplica\u00e7\u00e3o de provas at\u00e9 outubro.<\/p>\n\n\n\n<p>A expectativa \u00e9 que os editais tragam informa\u00e7\u00f5es detalhadas sobre requisitos, conte\u00fado program\u00e1tico e etapas do certame, incluindo provas objetivas, discursivas, teste de aptid\u00e3o f\u00edsica (para a \u00e1rea Policial) e avalia\u00e7\u00e3o m\u00e9dica e psicol\u00f3gica.<\/p>\n\n\n\n<p>Os concursos da Pol\u00edcia Federal sempre atraem um grande n\u00famero de candidatos devido \u00e0s boas condi\u00e7\u00f5es salariais e estabilidade. A carreira policial oferece remunera\u00e7\u00f5es iniciais atrativas, que podem ultrapassar R$ 12 mil para alguns cargos, al\u00e9m de adicionais por periculosidade e gratifica\u00e7\u00f5es por tempo de servi\u00e7o.<\/p>\n\n\n\n<p>Para os cargos administrativos, a remunera\u00e7\u00e3o inicial \u00e9 mais modesta, mas ainda assim competitiva, girando em torno de R$ 5 mil, dependendo do cargo. Al\u00e9m disso, os servidores t\u00eam acesso a benef\u00edcios como aux\u00edlio-sa\u00fade, aux\u00edlio-alimenta\u00e7\u00e3o e possibilidade de progress\u00e3o na carreira.<\/p>\n\n\n\n<h3 class=\"wp-block-heading\">Prepare-se com os materiais da Nova Concursos e saia na frente!<\/h3>\n\n\n\n<p>Com a publica\u00e7\u00e3o dos editais do concurso da Pol\u00edcia Federal cada vez mais pr\u00f3xima, este \u00e9 o momento ideal para intensificar os estudos e garantir uma prepara\u00e7\u00e3o completa. Seja para a \u00e1rea Policial ou Administrativa, contar com materiais de qualidade faz toda a diferen\u00e7a.<\/p>\n\n\n\n<p>A Nova Concursos oferece cursos espec\u00edficos para o concurso da PF, com conte\u00fados atualizados, videoaulas, quest\u00f5es comentadas e simulados para te ajudar a conquistar sua vaga.<\/p>\n\n\n\n<p><strong>N\u00e3o perca tempo e comece a estudar agora mesmo!<\/strong><\/p>\n\n\n\n<h2 class=\"wp-block-heading\" id=\"como-se-preparar-para-o-concurso-pf\">Como se preparar para o concurso PF?<\/h2>\n\n\n\n<p>Com a proximidade da publica\u00e7\u00e3o dos editais, \u00e9 fundamental que os candidatos iniciem ou intensifiquem seus estudos. <\/p>\n\n\n\n<p>Para a \u00e1rea Policial, \u00e9 essencial focar em disciplinas como Direito Penal, Direito Processual Penal, Direito Constitucional, Direito Administrativo, Legisla\u00e7\u00e3o Especial e conhecimentos sobre investiga\u00e7\u00e3o criminal. Al\u00e9m disso, a prepara\u00e7\u00e3o f\u00edsica \u00e9 indispens\u00e1vel, pois o exame de aptid\u00e3o costuma ser eliminat\u00f3rio.<\/p>\n\n\n\n<p>Para a \u00e1rea Administrativa, os candidatos devem focar em conhecimentos gerais de Administra\u00e7\u00e3o P\u00fablica, Direito Administrativo, Inform\u00e1tica, Racioc\u00ednio L\u00f3gico e L\u00edngua Portuguesa, que s\u00e3o comumente exigidos em provas desse tipo.<\/p>\n\n\n\n<p><strong>Fiquem ligados na nossa p\u00e1gina para as pr\u00f3ximas not\u00edcias sobre o concurso PF!<\/strong><\/p>","protected":false},"excerpt":{"rendered":"<p>O concurso PF est\u00e1 cada vez mais pr\u00f3ximo de ser publicado com a oferta de 1.192 vagas para carreiras de n\u00edveis m\u00e9dio e superior de escolaridade! <\/p>\n","protected":false},"author":54694,"featured_media":273047,"comment_status":"closed","ping_status":"closed","sticky":false,"template":"","format":"standard","meta":{"_acf_changed":false,"footnotes":"","_wp_rev_ctl_limit":""},"categories":[228,44978,44941,44975],"tags":[280,45031],"class_list":["post-273046","post","type-post","status-publish","format-standard","has-post-thumbnail","hentry","category-noticias","category-nacional","category-carreira-policial","category-policia-federal","tag-concurso-pf","tag-concursos-abertos-nacionais"],"acf":[],"_links":{"self":[{"href":"https:\/\/www.novaconcursos.com.br\/portal\/wp-json\/wp\/v2\/posts\/273046","targetHints":{"allow":["GET"]}}],"collection":[{"href":"https:\/\/www.novaconcursos.com.br\/portal\/wp-json\/wp\/v2\/posts"}],"about":[{"href":"https:\/\/www.novaconcursos.com.br\/portal\/wp-json\/wp\/v2\/types\/post"}],"author":[{"embeddable":true,"href":"https:\/\/www.novaconcursos.com.br\/portal\/wp-json\/wp\/v2\/users\/54694"}],"replies":[{"embeddable":true,"href":"https:\/\/www.novaconcursos.com.br\/portal\/wp-json\/wp\/v2\/comments?post=273046"}],"version-history":[{"count":8,"href":"https:\/\/www.novaconcursos.com.br\/portal\/wp-json\/wp\/v2\/posts\/273046\/revisions"}],"predecessor-version":[{"id":277082,"href":"https:\/\/www.novaconcursos.com.br\/portal\/wp-json\/wp\/v2\/posts\/273046\/revisions\/277082"}],"wp:featuredmedia":[{"embeddable":true,"href":"https:\/\/www.novaconcursos.com.br\/portal\/wp-json\/wp\/v2\/media\/273047"}],"wp:attachment":[{"href":"https:\/\/www.novaconcursos.com.br\/portal\/wp-json\/wp\/v2\/media?parent=273046"}],"wp:term":[{"taxonomy":"category","embeddable":true,"href":"https:\/\/www.novaconcursos.com.br\/portal\/wp-json\/wp\/v2\/categories?post=273046"},{"taxonomy":"post_tag","embeddable":true,"href":"https:\/\/www.novaconcursos.com.br\/portal\/wp-json\/wp\/v2\/tags?post=273046"}],"curies":[{"name":"wp","href":"https:\/\/api.w.org\/{rel}","templated":true}]}}