{"id":273409,"date":"2025-02-26T19:29:11","date_gmt":"2025-02-26T22:29:11","guid":{"rendered":"https:\/\/www.novaconcursos.com.br\/portal\/?p=273409"},"modified":"2025-02-26T19:29:14","modified_gmt":"2025-02-26T22:29:14","slug":"concurso-prf-cfp-chamada","status":"publish","type":"post","link":"https:\/\/www.novaconcursos.com.br\/portal\/noticias\/concurso-prf-cfp-chamada\/","title":{"rendered":"Concurso PRF: diretor divulga quarta chamada para o CFP!"},"content":{"rendered":"<p>A Pol\u00edcia Rodovi\u00e1ria Federal segue refor\u00e7ando sua efic\u00e1cia e acaba de anunciar a quarta convoca\u00e7\u00e3o para o Curso de Forma\u00e7\u00e3o Profissional (CFP) do \u00faltimo <a href=\"https:\/\/www.novaconcursos.com.br\/portal\/concursos\/concurso-prf\/\">concurso PRF<\/a>. Os candidatos excedentes ter\u00e3o uma \u00faltima oportunidade de <strong>garantir sua matr\u00edcula e dar um passo decisivo rumo \u00e0 carreira de policial<\/strong>.<\/p>\n\n\n\n<p>Os convocados devem ficar atentos ao prazo para matr\u00edcula que \u00e9 curto e vai at\u00e9 esta quinta-feira, exclusivamente pelo site da banca organizadora. Ap\u00f3s essa etapa, os candidatos dever\u00e3o comparecer ao local indicado em mar\u00e7o, para iniciar o treinamento intensivo<\/p>\n\n\n\n<p>Al\u00e9m disso, a PRF j\u00e1 sinalizou seu interesse em aumentar o n\u00famero de convoca\u00e7\u00f5es e fortalecer ainda mais o eficaz, enquanto aguarda a aprova\u00e7\u00e3o da cria\u00e7\u00e3o de novas vagas pelo governo. Se interessa pelo concurso PRF e quer ficar por dentro de todas as novidades? Fique e confira todas as not\u00edcias!<\/p>\n\n\n\n<h2 class=\"wp-block-heading\" id=\"prf-divulga-quarta-chamada-para-o-cfp\">PRF divulga quarta chamada para o CFP<\/h2>\n\n\n\n<p>A <a href=\"https:\/\/www.gov.br\/prf\/pt-br\" target=\"_blank\" rel=\"noopener\">Pol\u00edcia Rodovi\u00e1ria Federal<\/a> publicou a quarta chamada para a matr\u00edcula dos candidatos excedentes no Curso de Forma\u00e7\u00e3o Profissional (CFP) do concurso PRF. O documento, assinado pelo diretor-geral da corpora\u00e7\u00e3o, Ant\u00f4nio Fernando Oliveira, foi divulgado no Di\u00e1rio Oficial da Uni\u00e3o nesta quarta-feira (26\/02).<\/p>\n\n\n\n<p><mark style=\"background-color:#8ed1fc\" class=\"has-inline-color\">Os convocados nesta etapa ter\u00e3o at\u00e9 \u00e0s 18h da pr\u00f3xima quinta-feira, dia 27 de fevereiro<\/mark>, para realizar a matr\u00edcula, exclusivamente pelo site do Cebraspe. Para efetivar o registro, \u00e9 necess\u00e1rio atualizar a Ficha de Informa\u00e7\u00f5es Pessoais (FIP) e encaminhar os documentos exigidos conforme descrito na convoca\u00e7\u00e3o.<\/p>\n\n\n\n<p>Ap\u00f3s a matr\u00edcula, os candidatos dever\u00e3o se apresentar pessoalmente no Campus I da Universidade Corporativa da Pol\u00edcia Rodovi\u00e1ria Federal (UniPRF), em Florian\u00f3polis (SC), no dia 14 de mar\u00e7o de 2025, levando o comprovante de matr\u00edcula impresso. O hor\u00e1rio exato da apresenta\u00e7\u00e3o ser\u00e1 informado posteriormente pela UniPRF.<\/p>\n\n\n\n<h2 class=\"wp-block-heading\" id=\"cfp-segue-at-junho-de-2025\">CFP segue at\u00e9 junho de 2025<\/h2>\n\n\n\n<p><em>A forma\u00e7\u00e3o dos candidatos convocados nesta chamada ocorrer\u00e1 entre os dias 14 de mar\u00e7o e 18 de junho de 2025<\/em>. Durante o CFP, os participantes ser\u00e3o submetidos a um intenso treinamento e, ao final, precisar\u00e3o ser aprovados em duas provas objetivas. <\/p>\n\n\n\n<p>O curso \u00e9 uma das etapas finais do concurso, essencial para a efetiva\u00e7\u00e3o dos aprovados no cargo de policial rodovi\u00e1rio federal.<\/p>\n\n\n\n<p>O CFP tem um curr\u00edculo abrangente que inclui disciplinas te\u00f3ricas e pr\u00e1ticas sobre legisla\u00e7\u00e3o de tr\u00e2nsito, abordagem de ve\u00edculos, uso progressivo da for\u00e7a, defesa pessoal, tiro policial, entre outros conte\u00fados essenciais para o exerc\u00edcio da fun\u00e7\u00e3o. <\/p>\n\n\n\n<p>Al\u00e9m disso, a forma\u00e7\u00e3o enfatiza a prepara\u00e7\u00e3o f\u00edsica e psicol\u00f3gica dos futuros agentes.<\/p>\n\n\n\n<p>O chamamento dessa quarta turma faz parte do plano de preenchimento de vagas excedentes autorizado pelo governo. Ao todo, 544 candidatos foram convocados para o curso. Aqueles que n\u00e3o realizarem a matr\u00edcula at\u00e9 o prazo estipulado ser\u00e3o eliminados do certame.<\/p>\n\n\n\n<figure class=\"wp-block-image size-large\"><img decoding=\"async\" width=\"1024\" height=\"536\" src=\"https:\/\/www.novaconcursos.com.br\/portal\/wp-content\/uploads\/2025\/02\/PRF-1-1024x536.webp\" alt=\"Carro da PRF estacionado na estrada, adesivado com a logo da Pol\u00edcia Rodovi\u00e1ria Federal \/ Concurso PRF\" class=\"wp-image-273412\" loading=\"lazy\" title=\"\" srcset=\"https:\/\/www.novaconcursos.com.br\/portal\/wp-content\/uploads\/2025\/02\/PRF-1-300x157.webp 300w, https:\/\/www.novaconcursos.com.br\/portal\/wp-content\/uploads\/2025\/02\/PRF-1-480x251.webp 480w, https:\/\/www.novaconcursos.com.br\/portal\/wp-content\/uploads\/2025\/02\/PRF-1-768x402.webp 768w, https:\/\/www.novaconcursos.com.br\/portal\/wp-content\/uploads\/2025\/02\/PRF-1-1024x536.webp 1024w, https:\/\/www.novaconcursos.com.br\/portal\/wp-content\/uploads\/2025\/02\/PRF-1.webp 1200w\" sizes=\"auto, (max-width: 480px) 100vw, (max-width: 768px) 100vw, (max-width: 1200px) 70vw, 768px\"><figcaption class=\"wp-element-caption\"><em>CFP ter\u00e1 in\u00edcio em mar\u00e7o.<\/em><\/figcaption><\/figure><div class=\"nova-continue-reading\"> Leia tamb\u00e9m:\u00a0<a href=\"https:\/\/www.novaconcursos.com.br\/portal\/concursos-abertos\/\">Concursos abertos no Brasil<\/a> <\/div>\n\n\n\n<h2 class=\"wp-block-heading\" id=\"ampliao-do-efetivo-na-prf\">Amplia\u00e7\u00e3o do efetivo na PRF<\/h2>\n\n\n\n<p>Mesmo com a chamada de excedentes, o diretor-geral da PRF, Ant\u00f4nio Fernando Oliveira, afirmou que busca ampliar ainda mais o efetivo da corpora\u00e7\u00e3o. Segundo ele, apesar do atual limite de 13.098 cargos, a corpora\u00e7\u00e3o tem como meta atingir 18 mil policiais rodovi\u00e1rios federais. <\/p>\n\n\n\n<div class=\"nova-continue-reading\"> Leia tamb\u00e9m: <a href=\"https:\/\/www.novaconcursos.com.br\/portal\/noticias\/concurso-prf-pedido-5000-vagas\/#concurso-prf-est-em-anlise\">Concurso PRF est\u00e1 em an\u00e1lise!<\/a> <\/div>\n\n\n\n<p>Para isso, \u00e9 fundamental um aumento do quadro funcional por meio da abertura de novas vagas.<\/p>\n\n\n\n<p><em>\u201cTemos, hoje, 12.450 policiais rodovi\u00e1rios federais e, com a posse dos 600 que ser\u00e3o formados este ano, chegaremos ao nosso limite de cargos dispon\u00edveis. H\u00e1 um grupo que tem lutado para que esse n\u00famero aumente e para que possamos convocar mais excedentes, pois a sociedade precisa desse refor\u00e7o\u201d<\/em>, destacou o diretor-geral.<\/p>\n\n\n\n<p>Atualmente, <strong>a cria\u00e7\u00e3o de 4.902 novas vagas est\u00e1 em an\u00e1lise<\/strong> pelo Minist\u00e9rio do Planejamento e Or\u00e7amento (MPO). Caso seja aprovada, a PRF poder\u00e1 tanto convocar mais candidatos aprovados no atual concurso quanto organizar um novo certame para refor\u00e7ar o efetivo. <\/p>\n\n\n\n<p>Essa amplia\u00e7\u00e3o \u00e9 considerada essencial para melhorar a seguran\u00e7a nas rodovias federais, que enfrentam desafios crescentes devido ao aumento da frota de ve\u00edculos e da criminalidade em algumas regi\u00f5es.<\/p>\n\n\n\n<p>A PRF tem destacado a import\u00e2ncia de um efetivo adequado para garantir uma atua\u00e7\u00e3o eficiente nas fiscaliza\u00e7\u00f5es e no combate a crimes como o tr\u00e1fico de drogas, roubo de cargas e crimes ambientais. <\/p>\n\n\n\n<p>A amplia\u00e7\u00e3o do n\u00famero de agentes permitiria intensificar as a\u00e7\u00f5es de seguran\u00e7a p\u00fablica e garantir um atendimento mais r\u00e1pido e eficiente \u00e0 popula\u00e7\u00e3o.<\/p>\n\n\n\n<p><strong>Vale lembrar que a validade do concurso PRF foi prorrogada at\u00e9 21 de dezembro de 2025<\/strong>, sem possibilidade de nova extens\u00e3o. Isso significa que, caso n\u00e3o haja convoca\u00e7\u00e3o adicional antes desse prazo, um novo concurso precisar\u00e1 ser realizado para suprir a defasagem de servidores.<\/p>\n\n\n\n<p>A expectativa \u00e9 que novas convoca\u00e7\u00f5es ocorram ainda em 2025, conforme a disponibilidade de vagas e a evolu\u00e7\u00e3o do processo de amplia\u00e7\u00e3o do efetivo. <\/p>\n\n\n\n<p><strong>Fiquem ligados na nossa p\u00e1gina para as pr\u00f3ximas not\u00edcias sobre o concurso PRF!<\/strong><\/p>","protected":false},"excerpt":{"rendered":"<p>O concurso PRF (Pol\u00edcia Rodovi\u00e1ria Federal) poder\u00e1 ter mais uma chamada para os excedentes aprovados no \u00faltimo certame.<\/p>\n","protected":false},"author":54694,"featured_media":273411,"comment_status":"closed","ping_status":"closed","sticky":false,"template":"","format":"standard","meta":{"_acf_changed":false,"footnotes":"","_wp_rev_ctl_limit":""},"categories":[228,44978,44939,44941,44976],"tags":[6524,45031],"class_list":["post-273409","post","type-post","status-publish","format-standard","has-post-thumbnail","hentry","category-noticias","category-nacional","category-carreira-administrativa","category-carreira-policial","category-prf","tag-concurso-prf","tag-concursos-abertos-nacionais"],"acf":[],"_links":{"self":[{"href":"https:\/\/www.novaconcursos.com.br\/portal\/wp-json\/wp\/v2\/posts\/273409","targetHints":{"allow":["GET"]}}],"collection":[{"href":"https:\/\/www.novaconcursos.com.br\/portal\/wp-json\/wp\/v2\/posts"}],"about":[{"href":"https:\/\/www.novaconcursos.com.br\/portal\/wp-json\/wp\/v2\/types\/post"}],"author":[{"embeddable":true,"href":"https:\/\/www.novaconcursos.com.br\/portal\/wp-json\/wp\/v2\/users\/54694"}],"replies":[{"embeddable":true,"href":"https:\/\/www.novaconcursos.com.br\/portal\/wp-json\/wp\/v2\/comments?post=273409"}],"version-history":[{"count":3,"href":"https:\/\/www.novaconcursos.com.br\/portal\/wp-json\/wp\/v2\/posts\/273409\/revisions"}],"predecessor-version":[{"id":273414,"href":"https:\/\/www.novaconcursos.com.br\/portal\/wp-json\/wp\/v2\/posts\/273409\/revisions\/273414"}],"wp:featuredmedia":[{"embeddable":true,"href":"https:\/\/www.novaconcursos.com.br\/portal\/wp-json\/wp\/v2\/media\/273411"}],"wp:attachment":[{"href":"https:\/\/www.novaconcursos.com.br\/portal\/wp-json\/wp\/v2\/media?parent=273409"}],"wp:term":[{"taxonomy":"category","embeddable":true,"href":"https:\/\/www.novaconcursos.com.br\/portal\/wp-json\/wp\/v2\/categories?post=273409"},{"taxonomy":"post_tag","embeddable":true,"href":"https:\/\/www.novaconcursos.com.br\/portal\/wp-json\/wp\/v2\/tags?post=273409"}],"curies":[{"name":"wp","href":"https:\/\/api.w.org\/{rel}","templated":true}]}}