{"id":27373,"date":"2015-10-14T09:39:56","date_gmt":"2015-10-14T12:39:56","guid":{"rendered":"http:\/\/www.novaconcursos.com.br\/portal\/?post_type=nc-public-tender&#038;p=27373"},"modified":"2024-12-16T11:03:56","modified_gmt":"2024-12-16T14:03:56","slug":"concurso-emserh-ma","status":"publish","type":"post","link":"https:\/\/www.novaconcursos.com.br\/portal\/concursos\/concurso-emserh-ma\/","title":{"rendered":"Concurso EMSERH &#8211; MA"},"content":{"rendered":"<h2 class=\"wp-block-heading\" id=\"o-que-estudar-para-a-prova-do-concurso-emserh\">O que estudar para a prova do concurso Emserh?<\/h2>\n\n\n\n<p>Conforme o \u00faltimo edital, os conte\u00fados b\u00e1sicos que ca\u00edram na prova da Emserh foram:<\/p>\n\n\n\n<p><em>L\u00edngua Portuguesa<\/em><\/p>\n\n\n\n<ul class=\"wp-block-list\"><li>Interpreta\u00e7\u00e3o de texto: informa\u00e7\u00f5es literais e infer\u00eancias poss\u00edveis; ponto de vista do autor; significa\u00e7\u00e3o contextual de palavras e express\u00f5es; rela\u00e7\u00f5es entre ideias e recursos de coes\u00e3o; figuras de estilo.<\/li>\n\n\n\n<li>Conhecimentos lingu\u00edsticos: ortografia: emprego das letras, divis\u00e3o sil\u00e1bica, acentua\u00e7\u00e3o gr\u00e1fica, encontros voc\u00e1licos e consonantais, d\u00edgrafos; classes de palavras: substantivos, adjetivos, artigos, numerais, pronomes, verbos, adv\u00e9rbios, preposi\u00e7\u00f5es, conjun\u00e7\u00f5es, interjei\u00e7\u00f5es: conceitua\u00e7\u00f5es, classifica\u00e7\u00f5es, flex\u00f5es, emprego, locu\u00e7\u00f5es. Sintaxe: estrutura da ora\u00e7\u00e3o, estrutura do per\u00edodo, concord\u00e2ncia (verbal e nominal); reg\u00eancia (verbal e nominal); crase, coloca\u00e7\u00e3o de pronomes; pontua\u00e7\u00e3o.<\/li>\n<\/ul><p><em>Racioc\u00ednio L\u00f3gico e Matem\u00e1tico<\/em><\/p>\n\n\n\n<ul class=\"wp-block-list\"><li>Resolu\u00e7\u00e3o de problemas envolvendo fra\u00e7\u00f5es, conjuntos, porcentagens, sequ\u00eancias (com n\u00fameros, com figuras, com palavras).<\/li>\n\n\n\n<li>Racioc\u00ednio l\u00f3gico-matem\u00e1tico: proposi\u00e7\u00f5es, conectivos, equival\u00eancia e implica\u00e7\u00e3o l\u00f3gica, argumentos v\u00e1lidos<\/li>\n<\/ul><p><em>Legisla\u00e7\u00e3o Aplicada \u00e0 EMSERH<\/em><\/p>\n\n\n\n<ul class=\"wp-block-list\"><li>Lei Estadual n\u00ba 9.732, de 19 de dezembro de 2012 e suas altera\u00e7\u00f5es.<\/li>\n\n\n\n<li>Decreto estadual n\u00ba 28.889, de 21 de fevereiro de 2013.<\/li>\n<\/ul><h2 class=\"wp-block-heading\" id=\"como-foi-o-ltimo-concurso-emserh\">Como foi o \u00faltimo concurso Emserh?<\/h2>\n\n\n\n<p>O \u00faltimo concurso realizado pelo Emserh aconteceu em 2017, sob organiza\u00e7\u00e3o do Instituto AOCP.<\/p>\n\n\n\n<p>O certame ofereceu 1.000 vagas para as \u00e1reas assistencial, m\u00e9dica e administrativa, distribu\u00eddas entre editais espec\u00edficos. Confira a distribui\u00e7\u00e3o das vagas:<\/p>\n\n\n\n<p><em>\u00c1rea assistencial (859)<\/em><\/p>\n\n\n\n<ul class=\"wp-block-list\"><li>Biom\u00e9dico: 15 vagas<\/li>\n\n\n\n<li>Bioqu\u00edmico:\u00a0 10 vagas<\/li>\n\n\n\n<li>Enfermeiro UTI Adulto: 40 vagas<\/li>\n\n\n\n<li>Enfermeiro UTI Pedi\u00e1trica-Obstetra-Neonatal: 30 vagas<\/li>\n\n\n\n<li>Farmac\u00eautico: 60 vagas<\/li>\n\n\n\n<li>Fisioterapeuta: 28 vagas<\/li>\n\n\n\n<li>Fisioterapeuta UTI Pedi\u00e1trica-Neonatal: 10 vagas<\/li>\n\n\n\n<li>Fonoaudi\u00f3logo: 15 vagas<\/li>\n\n\n\n<li>Nutricionista: 20 vagas<\/li>\n\n\n\n<li>Odont\u00f3logo: 15 vagas<\/li>\n\n\n\n<li>Psic\u00f3logo: 15 vagas<\/li>\n\n\n\n<li>Terapeuta Ocupacional: 15 vagas<\/li>\n\n\n\n<li>T\u00e9cnico de Enfermagem: 560 vagas<\/li>\n\n\n\n<li>T\u00e9cnico em sa\u00fade bucal: 26 vagas<\/li>\n<\/ul><p><em>\u00c1rea m\u00e9dica\u00a0(60)<\/em><\/p>\n\n\n\n<ul class=\"wp-block-list\"><li>Cardiologista: 8 vagas<\/li>\n\n\n\n<li>Cl\u00ednica m\u00e9dica: 9 vagas<\/li>\n\n\n\n<li>Endocrinologia: 13 vagas<\/li>\n\n\n\n<li>Ginecologia e obstetr\u00edcia:\u00a0 9 vagas<\/li>\n\n\n\n<li>Ortopedia: 7 vagas<\/li>\n\n\n\n<li>Pediatra: 10 vagas<\/li>\n\n\n\n<li>Psquiatra: 4 vagas<\/li>\n<\/ul><p><em>\u00c1rea administrativa\u00a0(81)<\/em><\/p>\n\n\n\n<ul class=\"wp-block-list\"><li>Advogado: 2 vagas<\/li>\n\n\n\n<li>Analista administrativo: 44 vagas<\/li>\n\n\n\n<li>Jornalista: 5 vagas<\/li>\n\n\n\n<li>Assistente administrativo: 30 vagas<\/li>\n<\/ul><p>Os candidatos foram lotados nos munic\u00edpios de S\u00e3o Lu\u00eds, Imperatriz, Caxias, Cod\u00f3, Itapecuru, Presidente Dutra e Santa In\u00eas.<\/p>\n\n\n\n<p>As remunera\u00e7\u00f5es dos cargos variaram entre R$1.000,00 e R$7.425,31.<\/p>\n\n\n\n<h3 class=\"wp-block-heading\">Requisitos<\/h3>\n\n\n\n<p>Para investidura nos cargos, os interessados tiveram que cumprir as seguintes exig\u00eancias gerais: <\/p>\n\n\n\n<ul class=\"wp-block-list\"><li>Ser brasileiro nato ou naturalizado ou cidad\u00e3o portugu\u00eas que tenha adquirido a igualdade de direitos e obriga\u00e7\u00f5es civis e gozo dos direitos pol\u00edticos (decreto n.\u00ba 70.436, de 18\/04\/72, Constitui\u00e7\u00e3o Federal, \u00a7 1\u00ba do Art. 12 de 05\/10\/1988 e Emenda Constitucional n\u00ba 19 de 04\/06\/98, Art. 3\u00ba);<\/li>\n\n\n\n<li>Ter, na data da contrata\u00e7\u00e3o, idade m\u00ednima de 18 anos completos;<\/li>\n\n\n\n<li>No caso do sexo masculino, estar quite com o Servi\u00e7o Militar;<\/li>\n\n\n\n<li>Estar quite com suas obriga\u00e7\u00f5es eleitorais e em gozo dos direitos pol\u00edticos;<\/li>\n\n\n\n<li>N\u00e3o ter sofrido, no exerc\u00edcio de fun\u00e7\u00e3o p\u00fablica, penalidade incompat\u00edvel com a contrata\u00e7\u00e3o em emprego p\u00fablico;<\/li>\n\n\n\n<li>N\u00e3o estar ocupando cargo ou emprego na administra\u00e7\u00e3o direta ou indireta da Uni\u00e3o, dos Estados, do Distrito Federal e dos Munic\u00edpios, nem ser empregado ou servidor de suas subsidi\u00e1rias e controladas, salvo os casos de acumula\u00e7\u00e3o expressas em lei;<\/li>\n\n\n\n<li>Cumprir as determina\u00e7\u00f5es deste edital, ter sido aprovado no presente Concurso P\u00fablico e ser considerado apto ap\u00f3s submeter-se aos exames m\u00e9dicos exigidos para a contrata\u00e7\u00e3o.<\/li>\n<\/ul><p>J\u00e1 os requisitos espec\u00edficos de cada \u00e1rea\/cargo foram relacionados ao n\u00edvel e \u00e1rea de forma\u00e7\u00e3o, bem como o registro no conselho e experi\u00eancia de trabalho em alguns casos.<\/p>\n\n\n\n<h3 class=\"wp-block-heading\">Etapas de sele\u00e7\u00e3o<\/h3>\n\n\n\n<p>O certame Emserh foi realizado por meio de duas etapas de sele\u00e7\u00e3o, sendo a prova objetiva e a avalia\u00e7\u00e3o de t\u00edtulos e de experi\u00eancia profissional. <\/p>\n\n\n\n<p>A <strong>prova objetiva<\/strong>, de car\u00e1ter eliminat\u00f3rio e classificat\u00f3rio, foi composta por 50 quest\u00f5es de m\u00faltipla escolha. <\/p>\n\n\n\n<p>As quest\u00f5es foram distribu\u00eddas entre as disciplinas de conhecimentos gerais, sendo L\u00edngua Portuguesa (10), Racioc\u00ednio L\u00f3gico e Matem\u00e1tico (05) e Legisla\u00e7\u00e3o Aplicada \u00e0 EMSERH (05), e as de conhecimentos espec\u00edficos, Legisla\u00e7\u00e3o Aplicada ao SUS (05) e Conhecimentos Espec\u00edficos (25).<\/p>\n\n\n\n<p>Em uma escala de 0 a 80 pontos, foi eliminado o candidato que obteve nota menor que 50% da pontua\u00e7\u00e3o total da prova, ou seja, 40 pontos. <\/p>\n\n\n\n<p>J\u00e1 a<strong> avalia\u00e7\u00e3o de t\u00edtulos<\/strong> foi realizada de forma parcial entre os cargos, visto que os candidatos aos cargos de n\u00edvel m\u00e9dio pontuaram apenas na experi\u00eancia profissional. <\/p>\n\n\n\n<p>Confira abaixo quais titula\u00e7\u00f5es foram consideradas:<\/p>\n\n\n\n<ul class=\"wp-block-list\"><li>Exerc\u00edcio da Profiss\u00e3o: 1 ponto p\/ ano (at\u00e9 10 pontos)<\/li>\n\n\n\n<li>Doutorado: 3 pontos<\/li>\n\n\n\n<li>Mestrado: 2,40 pontos<\/li>\n\n\n\n<li>Resid\u00eancia: 2 pontos<\/li>\n\n\n\n<li>Especializa\u00e7\u00e3o: 0,90 pontos cada (at\u00e9 1,80 pontos)<\/li>\n\n\n\n<li>Produ\u00e7\u00e3o Cient\u00edfica: 0,30 pontos cada (at\u00e9 0,60 pontos)<\/li>\n\n\n\n<li>Aperfei\u00e7oamento: 0,20 pontos <\/li>\n<\/ul>","protected":false},"excerpt":{"rendered":"<p>EMSERH abre concurso com 106 vagas para candidatos de ensino superior completo. Sal\u00e1rios s\u00e3o de R$ 9.780,00 at\u00e9 R$ 17.560,00.<\/p>\n","protected":false},"author":16,"featured_media":27382,"comment_status":"closed","ping_status":"closed","sticky":false,"template":"","format":"standard","meta":{"_acf_changed":false,"footnotes":"","_wp_rev_ctl_limit":""},"categories":[44999],"tags":[],"class_list":["post-27373","post","type-post","status-publish","format-standard","has-post-thumbnail","hentry","category-concursos"],"acf":[],"_links":{"self":[{"href":"https:\/\/www.novaconcursos.com.br\/portal\/wp-json\/wp\/v2\/posts\/27373","targetHints":{"allow":["GET"]}}],"collection":[{"href":"https:\/\/www.novaconcursos.com.br\/portal\/wp-json\/wp\/v2\/posts"}],"about":[{"href":"https:\/\/www.novaconcursos.com.br\/portal\/wp-json\/wp\/v2\/types\/post"}],"author":[{"embeddable":true,"href":"https:\/\/www.novaconcursos.com.br\/portal\/wp-json\/wp\/v2\/users\/16"}],"replies":[{"embeddable":true,"href":"https:\/\/www.novaconcursos.com.br\/portal\/wp-json\/wp\/v2\/comments?post=27373"}],"version-history":[{"count":2,"href":"https:\/\/www.novaconcursos.com.br\/portal\/wp-json\/wp\/v2\/posts\/27373\/revisions"}],"predecessor-version":[{"id":253271,"href":"https:\/\/www.novaconcursos.com.br\/portal\/wp-json\/wp\/v2\/posts\/27373\/revisions\/253271"}],"wp:featuredmedia":[{"embeddable":true,"href":"https:\/\/www.novaconcursos.com.br\/portal\/wp-json\/wp\/v2\/media\/27382"}],"wp:attachment":[{"href":"https:\/\/www.novaconcursos.com.br\/portal\/wp-json\/wp\/v2\/media?parent=27373"}],"wp:term":[{"taxonomy":"category","embeddable":true,"href":"https:\/\/www.novaconcursos.com.br\/portal\/wp-json\/wp\/v2\/categories?post=27373"},{"taxonomy":"post_tag","embeddable":true,"href":"https:\/\/www.novaconcursos.com.br\/portal\/wp-json\/wp\/v2\/tags?post=27373"}],"curies":[{"name":"wp","href":"https:\/\/api.w.org\/{rel}","templated":true}]}}