{"id":275674,"date":"2025-03-18T09:01:39","date_gmt":"2025-03-18T12:01:39","guid":{"rendered":"https:\/\/www.novaconcursos.com.br\/portal\/?p=275674"},"modified":"2025-12-29T11:17:37","modified_gmt":"2025-12-29T14:17:37","slug":"concurso-pf-administrativo-banca-definida","status":"publish","type":"post","link":"https:\/\/www.novaconcursos.com.br\/portal\/noticias\/concurso-pf-administrativo-banca-definida\/","title":{"rendered":"Concurso PF Administrativo tem banca definida! Edital \u00e9 iminente!"},"content":{"rendered":"<p>A espera acabou! O t\u00e3o aguardado <a href=\"https:\/\/www.novaconcursos.com.br\/portal\/concursos\/pf-administrativo\/\">concurso PF Administrativo<\/a> deu mais um passo rumo \u00e0 sua realiza\u00e7\u00e3o. <strong>Foi confirmado que o Cebraspe ser\u00e1 a banca respons\u00e1vel pela organiza\u00e7\u00e3o do certame<\/strong>. Se voc\u00ea sonha com uma vaga na Pol\u00edcia Federal, agora \u00e9 o momento de intensificar os estudos e se preparar para enfrentar uma prova criteriosa e seletiva.<\/p>\n\n\n\n<p>Com a banca definida e os tr\u00e2mites burocr\u00e1ticos praticamente conclu\u00eddos, o concurso PF Administrativo est\u00e1 cada vez mais pr\u00f3ximo de sua fase final de prepara\u00e7\u00e3o. As provas objetivas e discursivas ser\u00e3o aplicadas em todas as capitais do Brasil.<\/p>\n\n\n\n<p>O novo concurso da PF Administrativo ofertar\u00e1 vagas para cargos de n\u00edveis m\u00e9dio e superior, com sal\u00e1rios que podem chegar a <strong>R$ 6 mil<\/strong>. Al\u00e9m disso, a estimativa \u00e9 que a sele\u00e7\u00e3o atraia um alto n\u00famero de candidatos, a concorr\u00eancia promete ser alta, com uma previs\u00e3o de 300 mil inscritos.<\/p>\n\n\n\n<h2 class=\"wp-block-heading\" id=\"concurso-pf-administrativo-banca-definida\">Concurso PF administrativo: Banca definida<\/h2>\n\n\n\n<p>A <a href=\"https:\/\/www.gov.br\/pf\/pt-br\" target=\"_blank\" rel=\"noopener\">Pol\u00edcia Federal<\/a> confirmou nesta segunda-feira, 17 de mar\u00e7o de 2025, que o Centro Brasileiro de Pesquisa em Avalia\u00e7\u00e3o e Sele\u00e7\u00e3o e de Promo\u00e7\u00e3o de Eventos (Cebraspe) ser\u00e1 a banca organizadora do novo concurso para a \u00e1rea administrativa. <\/p>\n\n\n\n<p>Com a defini\u00e7\u00e3o da banca, <mark style=\"background-color:#8ed1fc\" class=\"has-inline-color\">a publica\u00e7\u00e3o do edital pode ocorrer a qualquer momento<\/mark>, aumentando as expectativas dos candidatos.<\/p>\n\n\n\n<p>Embora a portaria de autoriza\u00e7\u00e3o do concurso estabele\u00e7a um prazo de at\u00e9 <strong>seis meses<\/strong> para a publica\u00e7\u00e3o do edital (com vencimento em junho), a contrata\u00e7\u00e3o da banca pode acelerar esse processo. <\/p>\n\n\n\n<p>Caso o cronograma previsto pelo Cebraspe seja seguido, o edital poder\u00e1 ser publicado ainda em mar\u00e7o ou abril, antes do prazo m\u00e1ximo.<\/p>\n\n\n\n<p>A contrata\u00e7\u00e3o do Cebraspe foi confirmada por meio de dispensa de licita\u00e7\u00e3o publicada no Portal de Compras do Governo Federal. O contrato com a banca tem um valor estimado de R$ 15.980.562,17 e, segundo o planejamento da PF, ap\u00f3s a assinatura, o edital poder\u00e1 ser publicado em at\u00e9 18 dias \u00fateis.<\/p>\n\n\n\n<p>A realiza\u00e7\u00e3o do certame \u00e9 aguardada h\u00e1 anos, j\u00e1 que o \u00faltimo concurso administrativo da PF ocorreu h\u00e1 mais de uma d\u00e9cada. Com a car\u00eancia de servidores em diversas \u00e1reas, a expectativa \u00e9 de que esse concurso seja apenas o primeiro de novas sele\u00e7\u00f5es para fortalecer o quadro de apoio da Pol\u00edcia Federal.<\/p>\n\n\n\n<div class=\"nova-continue-reading\"> Leia tamb\u00e9m: <a href=\"https:\/\/www.novaconcursos.com.br\/portal\/concursos-abertos\/\">Concursos abertos a n\u00edvel nacional!<\/a> <\/div>\n\n\n\n<h2 class=\"wp-block-heading\" id=\"sobre-a-banca-organizadora-cebraspe\">Sobre a banca organizadora (Cebraspe)<\/h2>\n\n\n\n<div class=\"wp-block-group is-nowrap is-layout-flex wp-container-core-group-is-layout-ad2f72ca wp-block-group-is-layout-flex\">\n<p>O Cebraspe, conhecido por sua metodologia diferenciada de avalia\u00e7\u00e3o, utiliza o m\u00e9todo \u201cCerto ou Errado\u201d, em que respostas erradas anulam pontos de respostas corretas. A banca \u00e9 considerada exigente e tem caracter\u00edsticas espec\u00edficas que os candidatos devem levar em conta ao se preparar.<\/p>\n<\/div>\n\n\n\n<p>O Cebraspe tem ampla experi\u00eancia na organiza\u00e7\u00e3o de concursos de alto n\u00edvel e j\u00e1 realizou sele\u00e7\u00f5es para a Pol\u00edcia Federal em edi\u00e7\u00f5es anteriores. Dessa forma, espera-se que a prova siga o rigor e a complexidade caracter\u00edsticos da banca.<\/p>\n\n\n\n<p><strong>As provas objetivas ser\u00e3o aplicadas em todas as capitais do Brasil e ocorrer\u00e3o no mesmo dia<\/strong>, mas em turnos distintos para candidatos de n\u00edvel m\u00e9dio e superior.<\/p>\n\n\n\n<figure class=\"wp-block-image size-large\"><img decoding=\"async\" width=\"1024\" height=\"536\" src=\"https:\/\/www.novaconcursos.com.br\/portal\/wp-content\/uploads\/2025\/03\/cebraspe-2-1024x536.webp\" alt=\"Pr\u00e9dio do Cebraspe \/ Concurso PF Administrativo\" class=\"wp-image-275704\" loading=\"lazy\" title=\"\" srcset=\"https:\/\/www.novaconcursos.com.br\/portal\/wp-content\/uploads\/2025\/03\/cebraspe-2-300x157.webp 300w, https:\/\/www.novaconcursos.com.br\/portal\/wp-content\/uploads\/2025\/03\/cebraspe-2-480x251.webp 480w, https:\/\/www.novaconcursos.com.br\/portal\/wp-content\/uploads\/2025\/03\/cebraspe-2-768x402.webp 768w, https:\/\/www.novaconcursos.com.br\/portal\/wp-content\/uploads\/2025\/03\/cebraspe-2-1024x536.webp 1024w, https:\/\/www.novaconcursos.com.br\/portal\/wp-content\/uploads\/2025\/03\/cebraspe-2.webp 1200w\" sizes=\"auto, (max-width: 480px) 100vw, (max-width: 768px) 100vw, (max-width: 1200px) 70vw, 768px\"><figcaption class=\"wp-element-caption\"><em>Concurso PF Administrativo tem edital iminente.<\/em><\/figcaption><\/figure><h2 class=\"wp-block-heading\" id=\"detalhes-do-concurso-pf-administrativo\">Detalhes do concurso PF Administrativo<\/h2>\n\n\n\n<p>O concurso PF Administrativo oferecer\u00e1 um total de 192 vagas para cargos de n\u00edveis m\u00e9dio e superior, com sal\u00e1rios que podem chegar a R$ 6.296,69. As provas ser\u00e3o aplicadas em todas as capitais do pa\u00eds, e a previs\u00e3o \u00e9 de que o certame atraia cerca de 300 mil inscritos.<\/p>\n\n\n\n<p>A Pol\u00edcia Federal definiu os valores das taxas de inscri\u00e7\u00e3o para os candidatos, sendo o valor de R$ 90,00 para carreira de n\u00edvel m\u00e9dio e de R$ 110,00 para cargos de n\u00edvel superior de escolaridade.<\/p>\n\n\n\n<p>A escolha dos valores foi baseada em um levantamento comparativo com outros concursos federais realizados entre 2023 e 2024.<\/p>\n\n\n\n<p>Os candidatos do concurso PF Administrativo ser\u00e3o avaliados por meio de cinco etapas avaliativas:<\/p>\n\n\n\n<ul class=\"wp-block-list\"><li>Prova objetiva, de car\u00e1ter eliminat\u00f3rio e classificat\u00f3rio.<\/li>\n\n\n\n<li>Prova discursiva, de car\u00e1ter eliminat\u00f3rio e classificat\u00f3rio:\n<ul class=\"wp-block-list\"><li>Para cargos de n\u00edvel m\u00e9dio: reda\u00e7\u00e3o.<\/li>\n\n\n\n<li>Para cargos de n\u00edvel superior: texto dissertativo sobre conhecimento espec\u00edfico do cargo.<\/li>\n<\/ul><\/li>\n\n\n\n<li>Avalia\u00e7\u00e3o biopsicossocial \u2013 para candidatos que se declararem com defici\u00eancia.<\/li>\n\n\n\n<li>Avalia\u00e7\u00e3o de heteroidentifica\u00e7\u00e3o \u2013 para candidatos que se declararem negros.<\/li>\n\n\n\n<li>Investiga\u00e7\u00e3o social \u2013 para verificar a idoneidade e conduta do candidato.<\/li>\n<\/ul><p>As provas objetivas ser\u00e3o aplicadas em todas as capitais do Brasil e ocorrer\u00e3o no mesmo dia, mas em turnos distintos para candidatos de n\u00edvel m\u00e9dio e superior.<\/p>\n\n\n\n<p><strong>Fiquem ligados na nossa p\u00e1gina para as pr\u00f3ximas not\u00edcias sobre o concurso PF Administrativo!<\/strong><\/p>","protected":false},"excerpt":{"rendered":"<p>O concurso PF Administrativo est\u00e1 com o edital iminente com a oferta de 192 vagas para carreiras de n\u00edveis m\u00e9dio e superior de escolaridade.<\/p>\n","protected":false},"author":54694,"featured_media":275687,"comment_status":"closed","ping_status":"closed","sticky":false,"template":"","format":"standard","meta":{"_acf_changed":false,"footnotes":"","_wp_rev_ctl_limit":""},"categories":[228,44978,44941,44975],"tags":[37074,45031],"class_list":["post-275674","post","type-post","status-publish","format-standard","has-post-thumbnail","hentry","category-noticias","category-nacional","category-carreira-policial","category-policia-federal","tag-concurso-pf-administrativo","tag-concursos-abertos-nacionais"],"acf":[],"_links":{"self":[{"href":"https:\/\/www.novaconcursos.com.br\/portal\/wp-json\/wp\/v2\/posts\/275674","targetHints":{"allow":["GET"]}}],"collection":[{"href":"https:\/\/www.novaconcursos.com.br\/portal\/wp-json\/wp\/v2\/posts"}],"about":[{"href":"https:\/\/www.novaconcursos.com.br\/portal\/wp-json\/wp\/v2\/types\/post"}],"author":[{"embeddable":true,"href":"https:\/\/www.novaconcursos.com.br\/portal\/wp-json\/wp\/v2\/users\/54694"}],"replies":[{"embeddable":true,"href":"https:\/\/www.novaconcursos.com.br\/portal\/wp-json\/wp\/v2\/comments?post=275674"}],"version-history":[{"count":13,"href":"https:\/\/www.novaconcursos.com.br\/portal\/wp-json\/wp\/v2\/posts\/275674\/revisions"}],"predecessor-version":[{"id":301489,"href":"https:\/\/www.novaconcursos.com.br\/portal\/wp-json\/wp\/v2\/posts\/275674\/revisions\/301489"}],"wp:featuredmedia":[{"embeddable":true,"href":"https:\/\/www.novaconcursos.com.br\/portal\/wp-json\/wp\/v2\/media\/275687"}],"wp:attachment":[{"href":"https:\/\/www.novaconcursos.com.br\/portal\/wp-json\/wp\/v2\/media?parent=275674"}],"wp:term":[{"taxonomy":"category","embeddable":true,"href":"https:\/\/www.novaconcursos.com.br\/portal\/wp-json\/wp\/v2\/categories?post=275674"},{"taxonomy":"post_tag","embeddable":true,"href":"https:\/\/www.novaconcursos.com.br\/portal\/wp-json\/wp\/v2\/tags?post=275674"}],"curies":[{"name":"wp","href":"https:\/\/api.w.org\/{rel}","templated":true}]}}