{"id":276279,"date":"2025-03-24T12:58:12","date_gmt":"2025-03-24T15:58:12","guid":{"rendered":"https:\/\/www.novaconcursos.com.br\/portal\/?p=276279"},"modified":"2025-03-25T17:44:17","modified_gmt":"2025-03-25T20:44:17","slug":"gabarito-extraoficial-do-concurso-embrapa","status":"publish","type":"post","link":"https:\/\/www.novaconcursos.com.br\/portal\/noticias\/gabarito-extraoficial-do-concurso-embrapa\/","title":{"rendered":"Gabarito Extraoficial do concurso Embrapa"},"content":{"rendered":"<p>As provas do <a href=\"https:\/\/www.novaconcursos.com.br\/portal\/concursos\/concurso-embrapa\/\">concurso Embrapa<\/a>\u00a0(Empresa Brasileira de Pesquisa Agropecu\u00e1ria) foram aplicadas no \u00faltimo domingo, 23 de mar\u00e7o, em todas as capitais do pa\u00eds e em cidades onde h\u00e1 sede da Embrapa. <\/p>\n\n\n\n<p>As provas tiveram 3h30 de dura\u00e7\u00e3o e foram realizadas no turno da manh\u00e3 pelos candidatos inscritos nos cargos de T\u00e9cnico e Pesquisador, e no turno da tarde pelos candidatos inscritos nos cargos de Assistente e Analista.<\/p>\n\n\n\n<p>Com o objetivo de ajudar a reduzir a ansiedade enquanto aguarda o resultado oficial, nossos professores realizaram a corre\u00e7\u00e3o da prova do concurso Embrapa para o cargo de T\u00e9cnico \u00c1rea de Suprimento, Manuten\u00e7\u00e3o e Servi\u00e7os Sub\u00e1rea: Suporte \u00e0 Gest\u00e3o, disponibilizando o gabarito extraoficial. Confira, antecipadamente, seu desempenho e aproveite as dicas sobre poss\u00edveis recursos, caso haja necessidade.<\/p>\n\n\n\n<h2 class=\"wp-block-heading\" id=\"correo-e-gabarito-extraoficial-do-concurso-embrapa-tcnico-re\">Corre\u00e7\u00e3o e Gabarito Extraoficial do concurso Embrapa \u2013 T\u00e9cnico \u00c1rea de Suprimento, Manuten\u00e7\u00e3o e Servi\u00e7os Sub\u00e1rea: Suporte \u00e0 Gest\u00e3o<\/h2>\n\n\n\n<figure class=\"wp-block-embed is-type-video is-provider-youtube wp-block-embed-youtube wp-embed-aspect-16-9 wp-has-aspect-ratio\"><div class=\"wp-block-embed__wrapper\">\n<iframe loading=\"lazy\" title=\"CONCURSO EMBRAPA 2025: AN\u00c1LISE DA PROVA\" width=\"500\" height=\"281\" src=\"https:\/\/www.youtube.com\/embed\/GIbBX6xb8Fk?feature=oembed\" frameborder=\"0\" allow=\"accelerometer; autoplay; clipboard-write; encrypted-media; gyroscope; picture-in-picture; web-share\" referrerpolicy=\"strict-origin-when-cross-origin\" allowfullscreen><\/iframe>\n<\/div><\/figure><p><\/p>\n\n\n\n<p>Abaixo, voc\u00ea confere os gabaritos das quest\u00f5es da prova de T\u00e9cnico do concurso Embrapa corrigidas por nossos professores. Como h\u00e1 diferentes modelos de prova, identifique o tipo observando o enunciado inicial de cada quest\u00e3o.<\/p>\n\n\n\n<p><span style=\"text-decoration: underline;\">L\u00edngua Portuguesa<\/span><\/p>\n\n\n\n<p><strong>Quest\u00e3o 1:<\/strong> O voc\u00e1bulo \u201cSegundo\u201d, presente no\u2026<br>Resposta: CERTO<\/p>\n\n\n\n<p><strong>Quest\u00e3o 2:<\/strong> Nos dois primeiros par\u00e1grafos\u2026<br>Resposta: CERTO<\/p>\n\n\n\n<p><strong>Quest\u00e3o 3:<\/strong> O principal objetivo do texto\u2026<br>Resposta: CERTO<\/p>\n\n\n\n<p><strong>Quest\u00e3o 4:<\/strong> O voc\u00e1bulo \u201cousada\u201d\u2026<br>Resposta: ERRADO<\/p>\n\n\n\n<p><strong>Quest\u00e3o 5: <\/strong>Em rela\u00e7\u00e3o ao g\u00eanero textual\u2026<br>Resposta: ERRADO<\/p>\n\n\n\n<p><strong>Quest\u00e3o 6:<\/strong> No trecho \u201cesta pode ser\u201d\u2026<br>Resposta: CERTO<\/p>\n\n\n\n<p><strong>Quest\u00e3o 7: <\/strong>No pen\u00faltimo per\u00edodo do terceiro\u2026<br>Resposta: CERTO<\/p>\n\n\n\n<p><strong>Quest\u00e3o 8:<\/strong> A substitui\u00e7\u00e3o do voc\u00e1bulo\u2026<br>Resposta: CERTO<\/p>\n\n\n\n<p><strong>Quest\u00e3o 9:<\/strong> No segundo e no terceiro\u2026<br>Resposta: CERTO<\/p>\n\n\n\n<p><strong>Quest\u00e3o 10:<\/strong> No trecho \u201cA primeira foi de uma\u2026\u201d<br>Resposta: CERTO<\/p>\n\n\n\n<p><strong>Quest\u00e3o 11: <\/strong>No primeiro per\u00edodo do terceiro\u2026<br>Resposta: ERRADO<\/p>\n\n\n\n<p><strong>Quest\u00e3o 12:<\/strong> A substitui\u00e7\u00e3o do segmento\u2026<br>Resposta: CERTO<\/p>\n\n\n\n<p><strong>Quest\u00e3o 13:<\/strong> No primeiro par\u00e1grafo do texto\u2026<br>Resposta: CERTO<\/p>\n\n\n\n<p><strong>Quest\u00e3o 14: <\/strong>Sem preju\u00edzo dos sentidos\u2026<br>Resposta: ERRADO<\/p>\n\n\n\n<p><strong>Quest\u00e3o 15<\/strong>: \u00c9 facultativo o emprego\u2026<br>Resposta: ERRADO<\/p>\n\n\n\n<p><strong>Quest\u00e3o 16<\/strong>: Estaria mantida a corre\u00e7\u00e3o\u2026<br>Resposta: ERRADO<\/p>\n\n\n\n<p><strong>Quest\u00e3o 17: <\/strong>O trecho \u201cSegundo sua tese\u2026\u201d<br>Resposta: ERRADO<\/p>\n\n\n\n<p><strong>Quest\u00e3o 18:<\/strong> De acordo com a ortografia\u2026<br>Resposta: CERTO<\/p>\n\n\n\n<p><strong>Quest\u00e3o 19: <\/strong>A express\u00e3o \u201cem tese\u201d\u2026<br>Resposta: ERRADO<\/p>\n\n\n\n<p><strong>Quest\u00e3o 20<\/strong>: No trecho \u201cNa entrevista, ele afirma\u201d\u2026<br>Resposta: CERTO<\/p>\n\n\n\n<p><span style=\"text-decoration: underline;\">Matem\u00e1tica<\/span><\/p>\n\n\n\n<p><strong>Quest\u00e3o 21: <\/strong>Admitindo-se que a seguinte\u2026<br>Resposta: ERRADO<\/p>\n\n\n\n<p><strong>Quest\u00e3o 22:<\/strong> No ano de 2022, a produ\u00e7\u00e3o\u2026<br>Resposta: CERTO<\/p>\n\n\n\n<p><strong>Quest\u00e3o 23:<\/strong> Caso o agricultor decida\u2026<br>Resposta: CERTO<\/p>\n\n\n\n<p><strong>Quest\u00e3o 24:<\/strong> O \u00e2ngulo\u2026<br>Resposta: CERTO<\/p>\n\n\n\n<p><strong>Quest\u00e3o 25: <\/strong>A \u00e1rea circular total\u2026<br>Resposta: ERRADO<\/p>\n\n\n\n<p><span style=\"text-decoration: underline;\">Estatuto da Embrapa<\/span><\/p>\n\n\n\n<p>Com base no Estatuto da Embrapa, julgue os itens a seguir.<\/p>\n\n\n\n<p><strong>Quest\u00e3o 26: <\/strong>Entre as atividades compreendidas no objeto social da Embrapa est\u00e1 o apoio t\u00e9cnico e administrativo a \u00f3rg\u00e3os do Poder Executivo cujas atribui\u00e7\u00f5es contemplem a formula\u00e7\u00e3o, a orienta\u00e7\u00e3o e a coordena\u00e7\u00e3o da pol\u00edtica agr\u00edcola e das pol\u00edticas de ci\u00eancia e tecnologia no setor agropecu\u00e1rio.<br>C) CERTO<\/p>\n\n\n\n<p><strong>Quest\u00e3o 27: <\/strong>O Conselho de Administra\u00e7\u00e3o \u00e9 o \u00f3rg\u00e3o m\u00e1ximo da Embrapa, com poderes para deliberar sobre todos os neg\u00f3cios relativos ao seu objeto, inclu\u00eddas as altera\u00e7\u00f5es do capital social e do Estatuto Social da empresa.<br>C)ERRADO<\/p>\n\n\n\n<p><strong>Quest\u00e3o 28:<\/strong> Para al\u00e9m do disposto no Estatuto, os administradores da Embrapa est\u00e3o submetidos \u00e0s normas previstas na Lei das Sociedades por A\u00e7\u00f5es.<br>C) CERTO<\/p>\n\n\n\n<p><span style=\"text-decoration: underline;\">LGDP<\/span><\/p>\n\n\n\n<p><strong>Quest\u00e3o 29:<\/strong> Um dado pessoal sobre\u2026<br>Resposta: ERRADO<\/p>\n\n\n\n<p><strong>Quest\u00e3o 30:<\/strong> \u00c9 vedado \u00e0 Embrapa, em qualquer\u2026<br>Resposta: ERRADO<\/p>\n\n\n\n<p><strong>Plano Diretor<\/strong><\/p>\n\n\n\n<p>A respeito das oportunidades e dos desafios decorrentes das grandes transi\u00e7\u00f5es globais, julgue os itens seguintes, com base no Plano Diretor da Embrapa 2024-2030.<\/p>\n\n\n\n<p><strong>Quest\u00e3o 31<\/strong>: No que diz respeito \u00e0 transi\u00e7\u00e3o dos sistemas alimentares, o crescimento de nichos de consumo de algas e produtos cultivados em biorreatores e impressos em 3D gera novas oportunidades de pesquisa e de neg\u00f3cios.<br>C) CERTO<\/p>\n\n\n\n<p><strong>Quest\u00e3o 32<\/strong>: De acordo com as an\u00e1lises do Painel Intergovernamental sobre Mudan\u00e7as Clim\u00e1ticas, pa\u00edses de clima temperado s\u00e3o mais vulner\u00e1veis aos impactos da mudan\u00e7a do clima, enquanto os pa\u00edses tropicais poder\u00e3o incorporar novas \u00e1reas agr\u00edcolas.<br>E) ERRADO<\/p>\n\n\n\n<p><strong>Quest\u00e3o 33: <\/strong>Entre os seis biomas brasileiros, destaca-se o Pantanal, em raz\u00e3o da sua dimens\u00e3o e das oportunidades para o desenvolvimento da agricultura sustent\u00e1vel, dos servi\u00e7os ecossist\u00eamicos relacionados ao bioma e do potencial da sociobioeconomia.<br>E) ERRADO<\/p>\n\n\n\n<p><strong>Quest\u00e3o 34: <\/strong>Na agricultura, a organiza\u00e7\u00e3o de dados e informa\u00e7\u00f5es e a elabora\u00e7\u00e3o de m\u00e9tricas e modelos que considerem os aspectos ambientais, sociais e econ\u00f4micos ter\u00e3o import\u00e2ncia estrat\u00e9gica no desafio de manuten\u00e7\u00e3o e abertura de mercados para os produtos brasileiros.<br>C) CERTO<\/p>\n\n\n\n<p>Acerca das partes interessadas no \u00e2mbito da Embrapa e dos ecossistemas de inova\u00e7\u00e3o, julgue os itens subsequentes, com base no Plano Diretor da Embrapa 2024-2030.<\/p>\n\n\n\n<p><strong>Quest\u00e3o 35:<\/strong> Internamente, a rede de pessoas que operam nas unidades da Embrapa representa seu stakeholder priorit\u00e1rio, uma vez que seu conjunto de compet\u00eancias se traduz em vantagem comparativa nos ecossistemas de inova\u00e7\u00e3o nos quais a Empresa atua.<br>C) CERTO<\/p>\n\n\n\n<p><strong>Quest\u00e3o 36: <\/strong>As solu\u00e7\u00f5es disponibilizadas pela Embrapa devem atender \u00e0s demandas tecnol\u00f3gicas dos v\u00e1rios p\u00fablicos dos setores agropecu\u00e1rio, florestal, aqu\u00edcola e agroindustrial, a fim de que eles realizem as suas atividades produtivas.<br>C) CERTO<\/p>\n\n\n\n<p><strong>Quest\u00e3o 37:<\/strong> H\u00e1 tr\u00eas grandes tipos de ecossistemas de inova\u00e7\u00e3o que se desenvolveram no Brasil: os globais; os nacionais; e os submergentes.<br>E) ERRADO<\/p>\n\n\n\n<p><strong>Quest\u00e3o 38:<\/strong> Os objetivos estrat\u00e9gicos de gest\u00e3o da EMBRAPA s\u00e3o os relacionados ao fortalecimento e \u00e0 moderniza\u00e7\u00e3o institucional, \u00e0 transforma\u00e7\u00e3o digital e \u00e0s tecnologias emergentes e disruptivas.<br>E) ERRADO<\/p>\n\n\n\n<p><strong>Quest\u00e3o 39:<\/strong> A vis\u00e3o estrat\u00e9gica da Embrapa \u00e9 viabilizar solu\u00e7\u00f5es de pesquisa, desenvolvimento e inova\u00e7\u00e3o para a sustentabilidade da agricultura, em benef\u00edcio da sociedade brasileira.<br>E) ERRADO<\/p>\n\n\n\n<p><strong>Quest\u00e3o 40: <\/strong>O objetivo estrat\u00e9gico da Embrapa relativo \u00e0 produ\u00e7\u00e3o sustent\u00e1vel e \u00e0 competitividade engloba as a\u00e7\u00f5es de aumento de efici\u00eancia produtiva, de aplica\u00e7\u00e3o de novas tecnologias e de estabelecimento de m\u00e9tricas e indicadores de sustentabilidade<br>C) CERTO<\/p>\n\n\n\n<p><strong>Importante: <\/strong>No v\u00eddeo, os candidatos que realizaram a prova para o cargo de Assistente tamb\u00e9m poder\u00e3o conferir o gabarito extraoficial, elaborado por nossos professores.<\/p>\n\n\n\n<div class=\"nova-continue-reading\">Leia tamb\u00e9m: <a href=\"https:\/\/www.novaconcursos.com.br\/portal\/concursos-abertos\/\">Lista de concursos abertos no Brasil<\/a><\/div>\n\n\n\n<h2 class=\"wp-block-heading\" id=\"prximos-passos-do-concurso-embrapa\">Pr\u00f3ximos passos do concurso Embrapa<\/h2>\n\n\n\n<p>Os gabaritos oficiais preliminares do concurso Embrapa ser\u00e3o divulgados nesta ter\u00e7a-feira, 25 de mar\u00e7o. A consulta ser\u00e1 individual, por meio do site da banca organizadora, <a href=\"https:\/\/www.cebraspe.org.br\/concursos\/embrapa_24\" target=\"_blank\" rel=\"noreferrer noopener\">Cebraspe.<\/a><\/p>\n\n\n\n<p>Na mesma data, tamb\u00e9m ser\u00e1 publicado o padr\u00e3o preliminar de resposta para os cargos que tiveram prova discursiva.<\/p>\n\n\n\n<p>Candidatos que desejarem contestar quest\u00f5es da prova, gabaritos preliminares ou o padr\u00e3o de respostas da discursiva poder\u00e3o interpor recurso nos dias 26 e 27 de mar\u00e7o de 2025. Os recursos dever\u00e3o ser enviados pela p\u00e1gina da banca, devidamente fundamentados com argumentos consistentes.<\/p>\n\n\n\n<p>Caso alguma quest\u00e3o seja anulada ap\u00f3s a an\u00e1lise dos recursos, a pontua\u00e7\u00e3o correspondente ser\u00e1 atribu\u00edda a todos os candidatos, mesmo \u00e0queles que n\u00e3o tenham recorrido.<\/p>\n\n\n\n<p>O resultado final das provas objetivas do concurso Embrapa, o resultado provis\u00f3rio da prova discursiva e a convoca\u00e7\u00e3o para a prova pr\u00e1tica est\u00e3o previstos para o dia 22 de abril.<\/p>\n\n\n\n<div class=\"nova-continue-reading\">Leia tamb\u00e9m: <a href=\"https:\/\/www.novaconcursos.com.br\/portal\/noticias\/concurso-embrapa-2025-lotacao\/\">Qual a lota\u00e7\u00e3o dos aprovados no concurso Embrapa?<\/a><\/div>\n\n\n\n<p>O concurso <a href=\"https:\/\/www.embrapa.br\/\" target=\"_blank\" rel=\"noopener\">Embrapa<\/a> registrou quase 280 mil inscritos, que disputam 1.027 vagas. O n\u00famero oficial de ausentes ainda n\u00e3o foi divulgado.<\/p>\n\n\n\n<p><\/p>","protected":false},"excerpt":{"rendered":"<p>Ap\u00f3s as provas do concurso Embrapa, confira como foi o seu desempenho e as datas dos pr\u00f3ximos passos! <\/p>\n","protected":false},"author":54679,"featured_media":276321,"comment_status":"closed","ping_status":"closed","sticky":false,"template":"","format":"standard","meta":{"_acf_changed":false,"footnotes":"","_wp_rev_ctl_limit":""},"categories":[228,44978,44939,44994],"tags":[42019],"class_list":["post-276279","post","type-post","status-publish","format-standard","has-post-thumbnail","hentry","category-noticias","category-nacional","category-carreira-administrativa","category-carreira-ambiental","tag-concurso-embrapa"],"acf":[],"_links":{"self":[{"href":"https:\/\/www.novaconcursos.com.br\/portal\/wp-json\/wp\/v2\/posts\/276279","targetHints":{"allow":["GET"]}}],"collection":[{"href":"https:\/\/www.novaconcursos.com.br\/portal\/wp-json\/wp\/v2\/posts"}],"about":[{"href":"https:\/\/www.novaconcursos.com.br\/portal\/wp-json\/wp\/v2\/types\/post"}],"author":[{"embeddable":true,"href":"https:\/\/www.novaconcursos.com.br\/portal\/wp-json\/wp\/v2\/users\/54679"}],"replies":[{"embeddable":true,"href":"https:\/\/www.novaconcursos.com.br\/portal\/wp-json\/wp\/v2\/comments?post=276279"}],"version-history":[{"count":8,"href":"https:\/\/www.novaconcursos.com.br\/portal\/wp-json\/wp\/v2\/posts\/276279\/revisions"}],"predecessor-version":[{"id":276477,"href":"https:\/\/www.novaconcursos.com.br\/portal\/wp-json\/wp\/v2\/posts\/276279\/revisions\/276477"}],"wp:featuredmedia":[{"embeddable":true,"href":"https:\/\/www.novaconcursos.com.br\/portal\/wp-json\/wp\/v2\/media\/276321"}],"wp:attachment":[{"href":"https:\/\/www.novaconcursos.com.br\/portal\/wp-json\/wp\/v2\/media?parent=276279"}],"wp:term":[{"taxonomy":"category","embeddable":true,"href":"https:\/\/www.novaconcursos.com.br\/portal\/wp-json\/wp\/v2\/categories?post=276279"},{"taxonomy":"post_tag","embeddable":true,"href":"https:\/\/www.novaconcursos.com.br\/portal\/wp-json\/wp\/v2\/tags?post=276279"}],"curies":[{"name":"wp","href":"https:\/\/api.w.org\/{rel}","templated":true}]}}