{"id":276525,"date":"2025-03-26T09:22:26","date_gmt":"2025-03-26T12:22:26","guid":{"rendered":"https:\/\/www.novaconcursos.com.br\/portal\/?p=276525"},"modified":"2025-03-26T09:22:30","modified_gmt":"2025-03-26T12:22:30","slug":"cnu-dos-professores-706-municipios","status":"publish","type":"post","link":"https:\/\/www.novaconcursos.com.br\/portal\/noticias\/cnu-dos-professores-706-municipios\/","title":{"rendered":"CNU dos professores ter\u00e1 provas em 706 munic\u00edpios! Confira!"},"content":{"rendered":"<p>O <a href=\"https:\/\/www.novaconcursos.com.br\/portal\/concursos\/cnu-professores\/\">CNU dos Professores,<\/a> oficialmente chamado de Prova Nacional Docente (PND), <strong>ser\u00e1 aplicado em 706 munic\u00edpios brasileiros!<\/strong> A aplica\u00e7\u00e3o das provas est\u00e1 prevista para outubro de 2025 e ser\u00e1 voltada a candidatos formados em diversas licenciaturas. A proposta \u00e9 permitir que estados e munic\u00edpios usem o exame como parte de seus concursos para docentes da educa\u00e7\u00e3o b\u00e1sica.<\/p>\n\n\n\n<p>A ades\u00e3o das redes de ensino ao CNU dos Professores \u00e9 volunt\u00e1ria, e os entes federativos interessados t\u00eam at\u00e9 o dia <em>17 de abril de 2025<\/em> para confirmar sua participa\u00e7\u00e3o. O MEC e o Inep t\u00eam incentivado a participa\u00e7\u00e3o ampla dos estados e munic\u00edpios, inclusive com declara\u00e7\u00f5es recentes de que diversas redes j\u00e1 sinalizaram interesse em integrar o processo seletivo unificado.<\/p>\n\n\n\n<p>Com o objetivo de selecionar de forma mais eficiente e democr\u00e1tica, o CNU dos Professores funcionar\u00e1 como uma porta de entrada adicional para a carreira p\u00fablica docente. A seguir, veja como vai funcionar essa nova proposta, o que est\u00e1 previsto no cronograma e quais licenciaturas ser\u00e3o contempladas no exame. Continue lendo para saber todos os detalhes!<\/p>\n\n\n\n<h2 class=\"wp-block-heading\" id=\"cnu-dos-professores-em-706-cidades\">CNU dos professores em 706 cidades<\/h2>\n\n\n\n<p>O presidente do Inep, Manuel Palacios, confirmou que a Prova Nacional Docente ser\u00e1 aplicada em 706 munic\u00edpios, n\u00famero que amplia significativamente o alcance da sele\u00e7\u00e3o. Segundo ele, a inten\u00e7\u00e3o \u00e9 aproximar os candidatos das regi\u00f5es onde pretendem atuar, garantindo mais acesso ao processo.<\/p>\n\n\n\n<blockquote class=\"wp-block-quote is-layout-flow wp-block-quote-is-layout-flow\">\n<p><em>\u201cEstamos muito felizes e empenhados para realizar uma prova que ser\u00e1 um marco hist\u00f3rico. A PND agora \u00e9 um evento anual, programado para ocorrer simultaneamente com a avalia\u00e7\u00e3o dos cursos de licenciatura do pa\u00eds. Este ano, teremos 250 mil pessoas se formando em licenciaturas, e elas s\u00e3o potenciais candidatos a ocupar cargos e posi\u00e7\u00f5es nas secretarias de educa\u00e7\u00e3o\u201d<\/em>, declarou Palacios.<\/p>\n<\/blockquote>\n\n\n\n<p>A previs\u00e3o \u00e9 que cerca de <strong>250 mil formandos em licenciaturas<\/strong> participem do exame este ano.<\/p>\n\n\n\n<p>A log\u00edstica da aplica\u00e7\u00e3o ficar\u00e1 sob responsabilidade do Inep, que j\u00e1 organiza provas como o Enem e o Enade.<\/p>\n\n\n\n<h3 class=\"wp-block-heading\">Mun\u00edcipios t\u00eam at\u00e9 abril para aderir ao CNU dos Professores<\/h3>\n\n\n\n<p>Os entes federativos t\u00eam at\u00e9 o dia 17 de abril de 2025 para confirmar a ades\u00e3o \u00e0 Prova Nacional Docente. A ades\u00e3o \u00e9 opcional e as redes podem definir se utilizar\u00e3o o resultado da prova como classificat\u00f3rio, eliminat\u00f3rio ou apenas complementar a etapas pr\u00e1ticas dos concursos locais.<\/p>\n\n\n\n<p>A Seeduc RJ informou que n\u00e3o participar\u00e1 do CNU dos Professores em 2025 devido ao Regime de Recupera\u00e7\u00e3o Fiscal e limita\u00e7\u00f5es or\u00e7ament\u00e1rias. A secretaria seguir\u00e1 com contrata\u00e7\u00f5es tempor\u00e1rias. J\u00e1 a SME Rio ainda avalia a ades\u00e3o, enquanto a <mark style=\"background-color:rgba(0, 0, 0, 0)\" class=\"has-inline-color has-vivid-red-color\">SME S\u00e3o Paulo confirmou participa\u00e7\u00e3o<\/mark> e usar\u00e1 a PND como etapa inicial de sele\u00e7\u00e3o.<\/p>\n\n\n\n<p>A proposta tamb\u00e9m visa reduzir custos com concursos descentralizados e elevar o padr\u00e3o de qualidade nas sele\u00e7\u00f5es para docentes em todo o pa\u00eds.<\/p>\n\n\n\n<div class=\"nova-continue-reading\">Leia tamb\u00e9m: <a href=\"https:\/\/www.novaconcursos.com.br\/portal\/noticias\/cnu-dos-professores-orgaos-adesao\/\">\u00d3rg\u00e3os que j\u00e1 se manifestaram!<\/a><\/div>\n\n\n\n<h2 class=\"wp-block-heading\" id=\"como-funciona-o-cnu-dos-professores\">Como funciona o CNU dos Professores?<\/h2>\n\n\n\n<p>A Prova Nacional Docente \u00e9 uma iniciativa do MEC e do Inep e ser\u00e1 aplicada anualmente. Ela ser\u00e1 usada pelas redes de ensino para contratar professores, a depender do modelo de concurso adotado localmente. A prova n\u00e3o substitui a certifica\u00e7\u00e3o da licenciatura, mas atua como uma nova porta de entrada para a carreira p\u00fablica.<\/p>\n\n\n\n<p>Veja os principais pontos:<\/p>\n\n\n\n<ul class=\"wp-block-list\"><li>A inscri\u00e7\u00e3o ser\u00e1 volunt\u00e1ria.<\/li>\n\n\n\n<li>A ades\u00e3o das redes \u00e9 opcional.<\/li>\n\n\n\n<li>As redes definem como o resultado ser\u00e1 usado (classificat\u00f3rio, eliminat\u00f3rio ou etapa complementar).<\/li>\n\n\n\n<li>A prova seguir\u00e1 a matriz do Enade das Licenciaturas.<\/li>\n\n\n\n<li>Os resultados da prova ter\u00e3o validade de 3 anos.<\/li>\n<\/ul><h2 class=\"wp-block-heading\" id=\"cronograma-oficial-da-pnd-em-2025\">Cronograma oficial da PND em 2025<\/h2>\n\n\n\n<p>Confira as principais datas previstas no cronograma do <a href=\"https:\/\/www.gov.br\/gestao\/pt-br\/concursonacional\" target=\"_blank\" rel=\"noreferrer noopener\">CNU<\/a> dos Professores:<\/p>\n\n\n\n<figure class=\"wp-block-image size-full\"><img decoding=\"async\" width=\"545\" height=\"372\" src=\"https:\/\/www.novaconcursos.com.br\/portal\/wp-content\/uploads\/2025\/03\/Etapa.webp\" alt=\"cronograma do cnu dos professores.\" class=\"wp-image-276529\" loading=\"lazy\" title=\"\" srcset=\"https:\/\/www.novaconcursos.com.br\/portal\/wp-content\/uploads\/2025\/03\/Etapa-300x205.webp 300w, https:\/\/www.novaconcursos.com.br\/portal\/wp-content\/uploads\/2025\/03\/Etapa-480x328.webp 480w, https:\/\/www.novaconcursos.com.br\/portal\/wp-content\/uploads\/2025\/03\/Etapa.webp 545w\" sizes=\"auto, (max-width: 480px) 100vw, (max-width: 768px) 100vw, (max-width: 1200px) 70vw, 768px\"><figcaption><\/figcaption><\/figure><div class=\"nova-continue-reading\">Leia tamb\u00e9m: <a href=\"https:\/\/www.novaconcursos.com.br\/portal\/concursos-abertos\/\">Concursos abertos no Brasil<\/a><\/div>\n\n\n\n<h2 class=\"wp-block-heading\" id=\"licenciaturas-no-cnu-dos-professores\">Licenciaturas no CNU dos Professores<\/h2>\n\n\n\n<p>A Prova Nacional Docente ter\u00e1 vagas para mais de <strong>10 \u00e1reas de licenciatura<\/strong>, abrangendo disciplinas fundamentais da educa\u00e7\u00e3o b\u00e1sica. Confira a lista:<\/p>\n\n\n\n<ul class=\"wp-block-list\"><li>Artes Visuais<\/li>\n\n\n\n<li>Biologia<\/li>\n\n\n\n<li>Ci\u00eancias Sociais<\/li>\n\n\n\n<li>Computa\u00e7\u00e3o<\/li>\n\n\n\n<li>Educa\u00e7\u00e3o F\u00edsica<\/li>\n\n\n\n<li>Filosofia<\/li>\n\n\n\n<li>F\u00edsica<\/li>\n\n\n\n<li>Geografia<\/li>\n\n\n\n<li>Hist\u00f3ria<\/li>\n\n\n\n<li>Letras (Portugu\u00eas)<\/li>\n\n\n\n<li>Letras (Portugu\u00eas e Espanhol)<\/li>\n\n\n\n<li>Letras (Ingl\u00eas)<\/li>\n\n\n\n<li>Matem\u00e1tica<\/li>\n\n\n\n<li>Pedagogia<\/li>\n\n\n\n<li>Qu\u00edmica<\/li>\n<\/ul><p>Essa diversidade amplia as oportunidades para candidatos de todo o pa\u00eds que est\u00e3o se formando ou j\u00e1 s\u00e3o formados em cursos de licenciatura.<\/p>\n\n\n\n<figure class=\"wp-block-embed is-type-video is-provider-youtube wp-block-embed-youtube wp-embed-aspect-16-9 wp-has-aspect-ratio\"><div class=\"wp-block-embed__wrapper\">\n<iframe loading=\"lazy\" title=\"CNU PROFESSORES 2025: INFORMA\u00c7\u00d5ES PROVA NACIONAL DOCENTE \ud83d\udd25\" width=\"500\" height=\"281\" src=\"https:\/\/www.youtube.com\/embed\/tD-ugFBQB8c?feature=oembed\" frameborder=\"0\" allow=\"accelerometer; autoplay; clipboard-write; encrypted-media; gyroscope; picture-in-picture; web-share\" referrerpolicy=\"strict-origin-when-cross-origin\" allowfullscreen><\/iframe>\n<\/div><\/figure>","protected":false},"excerpt":{"rendered":"<p>Ap\u00f3s a ades\u00e3o dos munic\u00edpios para o CNU dos professores, a expectativa \u00e9 que as inscri\u00e7\u00f5es sejam abertas a partir de junho!<\/p>\n","protected":false},"author":54692,"featured_media":276526,"comment_status":"closed","ping_status":"closed","sticky":false,"template":"","format":"standard","meta":{"_acf_changed":false,"footnotes":"","_wp_rev_ctl_limit":""},"categories":[228,44978,44944],"tags":[45069,45031],"class_list":["post-276525","post","type-post","status-publish","format-standard","has-post-thumbnail","hentry","category-noticias","category-nacional","category-carreira-educacao","tag-cnu-dos-professores","tag-concursos-abertos-nacionais"],"acf":[],"_links":{"self":[{"href":"https:\/\/www.novaconcursos.com.br\/portal\/wp-json\/wp\/v2\/posts\/276525","targetHints":{"allow":["GET"]}}],"collection":[{"href":"https:\/\/www.novaconcursos.com.br\/portal\/wp-json\/wp\/v2\/posts"}],"about":[{"href":"https:\/\/www.novaconcursos.com.br\/portal\/wp-json\/wp\/v2\/types\/post"}],"author":[{"embeddable":true,"href":"https:\/\/www.novaconcursos.com.br\/portal\/wp-json\/wp\/v2\/users\/54692"}],"replies":[{"embeddable":true,"href":"https:\/\/www.novaconcursos.com.br\/portal\/wp-json\/wp\/v2\/comments?post=276525"}],"version-history":[{"count":3,"href":"https:\/\/www.novaconcursos.com.br\/portal\/wp-json\/wp\/v2\/posts\/276525\/revisions"}],"predecessor-version":[{"id":276532,"href":"https:\/\/www.novaconcursos.com.br\/portal\/wp-json\/wp\/v2\/posts\/276525\/revisions\/276532"}],"wp:featuredmedia":[{"embeddable":true,"href":"https:\/\/www.novaconcursos.com.br\/portal\/wp-json\/wp\/v2\/media\/276526"}],"wp:attachment":[{"href":"https:\/\/www.novaconcursos.com.br\/portal\/wp-json\/wp\/v2\/media?parent=276525"}],"wp:term":[{"taxonomy":"category","embeddable":true,"href":"https:\/\/www.novaconcursos.com.br\/portal\/wp-json\/wp\/v2\/categories?post=276525"},{"taxonomy":"post_tag","embeddable":true,"href":"https:\/\/www.novaconcursos.com.br\/portal\/wp-json\/wp\/v2\/tags?post=276525"}],"curies":[{"name":"wp","href":"https:\/\/api.w.org\/{rel}","templated":true}]}}