{"id":277169,"date":"2025-04-01T18:27:34","date_gmt":"2025-04-01T21:27:34","guid":{"rendered":"https:\/\/www.novaconcursos.com.br\/portal\/?p=277169"},"modified":"2025-04-01T18:30:13","modified_gmt":"2025-04-01T21:30:13","slug":"cnu-2025-novos-prazos","status":"publish","type":"post","link":"https:\/\/www.novaconcursos.com.br\/portal\/noticias\/cnu-2025-novos-prazos\/","title":{"rendered":"CNU 2025: Esther Dweck divulga novas datas para banca e provas!"},"content":{"rendered":"<p>O <strong><a href=\"https:\/\/www.novaconcursos.com.br\/portal\/concursos\/cnu\/\">CNU 2025<\/a> j\u00e1 est\u00e1 ganhando forma<\/strong>, e os concurseiros de todo o Brasil podem se preparar para novidades! A ministra da Gest\u00e3o e Inova\u00e7\u00e3o em Servi\u00e7os P\u00fablicos, Esther Dweck, revelou novos prazos para a escolha da banca organizadora e a aplica\u00e7\u00e3o das provas. <\/p>\n\n\n\n<p>Entre as mudan\u00e7as estudadas, est\u00e3o a aplica\u00e7\u00e3o do exame em dois dias, melhorias log\u00edsticas e a inclus\u00e3o de novas carreiras. Com at\u00e9 3.500 vagas previstas, essa ser\u00e1 uma nova oportunidade para quem sonha com a estabilidade do servi\u00e7o p\u00fablico federal. <\/p>\n\n\n\n<p>Se interessa pelo Concurso Nacional Unificado e n\u00e3o quer perder nenhuma novidade sobre a nova edi\u00e7\u00e3o? Continue com a gente e fique por dentro de todas as not\u00edcias sobre o novo edital e os prazos.<\/p>\n\n\n\n<h2 class=\"wp-block-heading\" id=\"cnu-2025-novos-prazos-para-banca-e-provas\">CNU 2025: Novos prazos para banca e provas<\/h2>\n\n\n\n<p>A segunda edi\u00e7\u00e3o do <a href=\"https:\/\/www.gov.br\/gestao\/pt-br\/concursonacional\" target=\"_blank\" rel=\"noopener\">Concurso Nacional Unificado<\/a> j\u00e1 tem novas previs\u00f5es para sua realiza\u00e7\u00e3o. Em entrevista, a ministra da Gest\u00e3o e Inova\u00e7\u00e3o em Servi\u00e7os P\u00fablicos, Esther Dweck, anunciou que o Termo de Refer\u00eancia para a <mark style=\"background-color:#8ed1fc\" class=\"has-inline-color\">escolha da banca organizadora ser\u00e1 divulgado na primeira quinzena de abril, e as provas devem ocorrer entre setembro e outubro de 2025<\/mark>.<\/p>\n\n\n\n<p>O Termo de Refer\u00eancia (TR) ser\u00e1 publicado em abril e servir\u00e1 como um guia para a escolha da banca organizadora, trazendo detalhes como \u00f3rg\u00e3os participantes, n\u00famero de vagas e etapas do concurso. <\/p>\n\n\n\n<p>A Funda\u00e7\u00e3o Cesgranrio, que organizou a primeira edi\u00e7\u00e3o do CNU, poder\u00e1 concorrer novamente, mas enfrentar\u00e1 disputa com outras bancas interessadas.<\/p>\n\n\n\n<p>A ministra explicou que a escolha da banca e a elabora\u00e7\u00e3o do novo edital foram atrasadas devido \u00e0 demora na aprova\u00e7\u00e3o do Or\u00e7amento de 2025, votado apenas em mar\u00e7o. Segundo Dweck, o governo precisou aguardar a san\u00e7\u00e3o da Lei Or\u00e7ament\u00e1ria para definir com precis\u00e3o os recursos dispon\u00edveis para o concurso.<\/p>\n\n\n\n<h2 class=\"wp-block-heading\" id=\"prximos-passos\">Pr\u00f3ximos passos<\/h2>\n\n\n\n<p>Com a homologa\u00e7\u00e3o dos resultados da primeira edi\u00e7\u00e3o d<strong>o CNU em mar\u00e7o deste ano, os aprovados come\u00e7ar\u00e3o a ser convocados entre abril e maio<\/strong>. Enquanto isso, o governo finaliza os detalhes da edi\u00e7\u00e3o de 2025, que ser\u00e1 anunciada oficialmente em abril.<\/p>\n\n\n\n<p>As inscri\u00e7\u00f5es devem ocorrer no primeiro semestre de 2025, e o edital poder\u00e1 ser publicado em um \u00fanico documento abrangendo todos os blocos tem\u00e1ticos.<\/p>\n\n\n\n<div class=\"nova-continue-reading\"> Leia tamb\u00e9m: <a href=\"https:\/\/www.novaconcursos.com.br\/portal\/noticias\/cnu-2025-validacao-casa-civil\/\">Novo CNU 2025 aguarda valida\u00e7\u00e3o pol\u00edtica da Casa Civil<\/a> <\/div>\n\n\n\n<h2 class=\"wp-block-heading\" id=\"provas-devem-ocorrer-no-segundo-semestre\">Provas devem ocorrer no segundo semestre<\/h2>\n\n\n\n<p>Inicialmente previstas para agosto, as provas do CNU 2025 foram adiadas e agora devem ser aplicadas entre setembro e outubro. A mudan\u00e7a no calend\u00e1rio foi necess\u00e1ria para garantir a estrutura necess\u00e1ria \u00e0 realiza\u00e7\u00e3o do exame.<\/p>\n\n\n\n<p>Al\u00e9m disso, o Minist\u00e9rio da Gest\u00e3o e Inova\u00e7\u00e3o avalia a possibilidade de dividir a aplica\u00e7\u00e3o em dois dias, semelhante ao Exame Nacional do Ensino M\u00e9dio (Enem). Isso porque, na edi\u00e7\u00e3o anterior, a log\u00edstica foi um dos desafios mais complexos. <\/p>\n\n\n\n<p>Em estados como o Acre, por exemplo, a necessidade de iniciar as provas simultaneamente em todo o Brasil fez com que alguns candidatos precisassem chegar aos locais de prova \u00e0s 5h da manh\u00e3.<\/p>\n\n\n\n<h3 class=\"wp-block-heading\">Taxas e locais de prova devem ser mantidos<\/h3>\n\n\n\n<p>O governo federal pretende manter as taxas de inscri\u00e7\u00e3o no mesmo valor da edi\u00e7\u00e3o anterior:<\/p>\n\n\n\n<ul class=\"wp-block-list\"><li>R$ 60,00 para cargos de n\u00edvel m\u00e9dio<\/li>\n\n\n\n<li>R$ 90,00 para cargos de n\u00edvel superior<\/li>\n<\/ul><p>A distribui\u00e7\u00e3o das provas pelo pa\u00eds tamb\u00e9m deve seguir o modelo de 2024, com aplica\u00e7\u00e3o em <strong>228 munic\u00edpios<\/strong>. A divis\u00e3o das vagas por blocos tem\u00e1ticos tamb\u00e9m ser\u00e1 mantida, podendo passar por pequenos ajustes.<\/p>\n\n\n\n<h2 class=\"wp-block-heading\" id=\"mudanas-e-novas-oportunidades\">Mudan\u00e7as e novas oportunidades<\/h2>\n\n\n\n<p>Embora a estrutura geral do CNU seja preservada, algumas novidades est\u00e3o em estudo. Al\u00e9m da possibilidade de provas em dois dias, o <em>governo prev\u00ea a aplica\u00e7\u00e3o de uma prova extraordin\u00e1ria<\/em> caso um n\u00famero significativo de candidatos seja afetado por condi\u00e7\u00f5es adversas, como ocorreu em 2024 devido \u00e0s chuvas no Rio Grande do Sul. <\/p>\n\n\n\n<p>Se 0,50% dos inscritos forem prejudicados, ser\u00e1 aplicada uma nova prova para esse grupo.<\/p>\n\n\n\n<p>Outra mudan\u00e7a confirmada \u00e9 que as carreiras oferecidas na edi\u00e7\u00e3o de 2025 ser\u00e3o diferentes das do primeiro concurso unificado. A nova sele\u00e7\u00e3o ter\u00e1 um n\u00famero menor de vagas e de \u00f3rg\u00e3os participantes, mas continuar\u00e1 sendo realizada de forma centralizada.<\/p>\n\n\n\n<p>A oferta estimada \u00e9 entre 3 mil e 3.500 vagas, n\u00famero inferior \u00e0s 6.640 vagas ofertadas na edi\u00e7\u00e3o anterior. Segundo o secret\u00e1rio de Gest\u00e3o de Pessoas do MGI, Jos\u00e9 Celso Cardoso J\u00fanior, a quantidade de vagas ser\u00e1 definida com base nas demandas dos \u00f3rg\u00e3os p\u00fablicos e na capacidade or\u00e7ament\u00e1ria do governo.<\/p>\n\n\n\n<h2 class=\"wp-block-heading\" id=\"rgos-confirmados-no-cnu-2025\">\u00d3rg\u00e3os confirmados no CNU 2025<\/h2>\n\n\n\n<p>Alguns \u00f3rg\u00e3os j\u00e1 manifestaram interesse em participar da nova edi\u00e7\u00e3o do concurso, entre eles:<\/p>\n\n\n\n<ul class=\"wp-block-list\"><li>Funda\u00e7\u00e3o Biblioteca Nacional: 14 vagas<\/li>\n\n\n\n<li>Funda\u00e7\u00e3o Joaquim Nabuco (Fundaj): 20 vagas<\/li>\n\n\n\n<li>Minist\u00e9rio da Integra\u00e7\u00e3o e do Desenvolvimento Regional (MIDR): 10 vagas<\/li>\n\n\n\n<li>Instituto Brasileiro de Museus (Ibram): 28 vagas<\/li>\n\n\n\n<li>Minist\u00e9rio da Fazenda: 30 vagas<\/li>\n\n\n\n<li>Funda\u00e7\u00e3o Cultural Palmares: 10 vagas<\/li>\n<\/ul><p>Outros \u00f3rg\u00e3os ainda est\u00e3o em fase de defini\u00e7\u00e3o e devem confirmar sua participa\u00e7\u00e3o nos pr\u00f3ximos meses. O Minist\u00e9rio da Sa\u00fade, por exemplo, avalia a possibilidade de integrar o concurso, tendo autoriza\u00e7\u00e3o para preencher 319 vagas efetivas.<\/p>\n\n\n\n<p>Por outro lado, a Pol\u00edcia Federal, que recebeu autoriza\u00e7\u00e3o para realizar um novo concurso, optou por n\u00e3o participar do CNU 2025, organizando sua sele\u00e7\u00e3o de forma independente.<\/p>\n\n\n\n<div class=\"nova-continue-reading\"> Leia tamb\u00e9m:\u00a0<a href=\"https:\/\/www.novaconcursos.com.br\/portal\/concursos-abertos\/\">Concursos abertos a n\u00edvel nacional<\/a> <\/div>\n\n\n\n<h2 class=\"wp-block-heading\" id=\"novas-carreiras-e-remunerao\">Novas carreiras e remunera\u00e7\u00e3o<\/h2>\n\n\n\n<p>O CNU 2025 trar\u00e1 novas carreiras criadas pela Medida Provis\u00f3ria 1.286\/2024. Entre elas, est\u00e3o o cargo de Analista T\u00e9cnico de Desenvolvimento Socioecon\u00f4mico (ATDS) e Analista T\u00e9cnico de Justi\u00e7a e Defesa (ATJD).<\/p>\n\n\n\n<p>Ambos os cargos exigem n\u00edvel superior e ter\u00e3o sal\u00e1rio inicial de R$ 9.711,00, podendo chegar a R$ 21.070,00 no topo da carreira.<\/p>\n\n\n\n<p>O Concurso Nacional Unificado segue como uma das principais iniciativas do governo para modernizar e democratizar o acesso ao servi\u00e7o p\u00fablico federal, promovendo uma sele\u00e7\u00e3o mais eficiente e acess\u00edvel para candidatos de todo o pa\u00eds.<\/p>\n\n\n\n<p><strong>Fiquem ligados na nossa p\u00e1gina para as pr\u00f3ximas not\u00edcias sobre o CNU 2025!<\/strong><\/p>","protected":false},"excerpt":{"rendered":"<p>O CNU 2025 (Concurso Nacional Unificado) deve ofertar mais de tr\u00eas mil vagas e deve ser anunciado em abril.<\/p>\n","protected":false},"author":54694,"featured_media":277316,"comment_status":"closed","ping_status":"closed","sticky":false,"template":"","format":"standard","meta":{"_acf_changed":false,"footnotes":"","_wp_rev_ctl_limit":""},"categories":[228,44978,44939],"tags":[44924,45031],"class_list":["post-277169","post","type-post","status-publish","format-standard","has-post-thumbnail","hentry","category-noticias","category-nacional","category-carreira-administrativa","tag-concurso-cnu","tag-concursos-abertos-nacionais"],"acf":[],"_links":{"self":[{"href":"https:\/\/www.novaconcursos.com.br\/portal\/wp-json\/wp\/v2\/posts\/277169","targetHints":{"allow":["GET"]}}],"collection":[{"href":"https:\/\/www.novaconcursos.com.br\/portal\/wp-json\/wp\/v2\/posts"}],"about":[{"href":"https:\/\/www.novaconcursos.com.br\/portal\/wp-json\/wp\/v2\/types\/post"}],"author":[{"embeddable":true,"href":"https:\/\/www.novaconcursos.com.br\/portal\/wp-json\/wp\/v2\/users\/54694"}],"replies":[{"embeddable":true,"href":"https:\/\/www.novaconcursos.com.br\/portal\/wp-json\/wp\/v2\/comments?post=277169"}],"version-history":[{"count":6,"href":"https:\/\/www.novaconcursos.com.br\/portal\/wp-json\/wp\/v2\/posts\/277169\/revisions"}],"predecessor-version":[{"id":277187,"href":"https:\/\/www.novaconcursos.com.br\/portal\/wp-json\/wp\/v2\/posts\/277169\/revisions\/277187"}],"wp:featuredmedia":[{"embeddable":true,"href":"https:\/\/www.novaconcursos.com.br\/portal\/wp-json\/wp\/v2\/media\/277316"}],"wp:attachment":[{"href":"https:\/\/www.novaconcursos.com.br\/portal\/wp-json\/wp\/v2\/media?parent=277169"}],"wp:term":[{"taxonomy":"category","embeddable":true,"href":"https:\/\/www.novaconcursos.com.br\/portal\/wp-json\/wp\/v2\/categories?post=277169"},{"taxonomy":"post_tag","embeddable":true,"href":"https:\/\/www.novaconcursos.com.br\/portal\/wp-json\/wp\/v2\/tags?post=277169"}],"curies":[{"name":"wp","href":"https:\/\/api.w.org\/{rel}","templated":true}]}}