{"id":278027,"date":"2025-04-07T11:28:43","date_gmt":"2025-04-07T14:28:43","guid":{"rendered":"https:\/\/www.novaconcursos.com.br\/portal\/?p=278027"},"modified":"2025-04-07T11:28:47","modified_gmt":"2025-04-07T14:28:47","slug":"concurso-mp-rj-inscritos","status":"publish","type":"post","link":"https:\/\/www.novaconcursos.com.br\/portal\/noticias\/concurso-mp-rj-inscritos\/","title":{"rendered":"Concurso MP RJ tem quase 60 mil candidatos inscritos! Confira!"},"content":{"rendered":"<p>O <strong><a href=\"https:\/\/www.novaconcursos.com.br\/portal\/concursos\/concurso-mp-rj\/\">concurso MP RJ<\/a><\/strong> atraiu um n\u00famero expressivo de candidatos: <mark style=\"background-color:#8ed1fc\" class=\"has-inline-color\">59.268 inscritos<\/mark> para disputar as <strong>87 vagas imediatas<\/strong> ofertadas nos cargos de T\u00e9cnico e Analista do Minist\u00e9rio P\u00fablico. Os dados foram divulgados pela Funda\u00e7\u00e3o Getulio Vargas (FGV), banca organizadora da sele\u00e7\u00e3o. O alto n\u00famero de inscri\u00e7\u00f5es demonstra o grande interesse pela estabilidade e sal\u00e1rios atrativos oferecidos pelo \u00f3rg\u00e3o.<\/p>\n\n\n\n<p>As oportunidades s\u00e3o voltadas para candidatos com n\u00edveis <strong>m\u00e9dio e superior<\/strong>, em diversas \u00e1reas administrativas e processuais. A concorr\u00eancia mais acirrada \u00e9 para o cargo de <strong>T\u00e9cnico Administrativo<\/strong>, com mais de 750 candidatos por vaga. Tamb\u00e9m se destacam os cargos de Analista Processual e Analista Administrativo, com centenas de inscritos por vaga.<\/p>\n\n\n\n<p>As provas objetivas e discursivas est\u00e3o previstas para o m\u00eas de <strong>maio<\/strong>, e acontecer\u00e3o em v\u00e1rias cidades do estado do Rio de Janeiro. O concurso tem validade inicial de dois anos, podendo ser prorrogado por igual per\u00edodo, o que amplia as chances de convoca\u00e7\u00e3o ao longo do tempo.<\/p>\n\n\n\n<h2 class=\"wp-block-heading\" id=\"concorrncia-por-cargo-veja-os-nmeros\">Concorr\u00eancia por cargo: veja os n\u00fameros<\/h2>\n\n\n\n<p>Abaixo, a divis\u00e3o completa de candidatos por cargo e a respectiva rela\u00e7\u00e3o de candidatos por vaga:<\/p>\n\n\n\n<ul class=\"wp-block-list\"><li><strong>T\u00e9cnico do MP \u2013 \u00c1rea Administrativa<\/strong>: 40.662 inscritos para 54 vagas (753 por vaga)<\/li>\n\n\n\n<li><strong>T\u00e9cnico do MP \u2013 Notifica\u00e7\u00e3o e Atos Intimat\u00f3rios<\/strong>: 1.122 inscritos para 1 vaga<\/li>\n\n\n\n<li><strong>Analista do MP \u2013 \u00c1rea Administrativa<\/strong>: 6.212 inscritos para 10 vagas (621 por vaga)<\/li>\n\n\n\n<li><strong>Analista do MP \u2013 Tecnologia da Informa\u00e7\u00e3o (TI)<\/strong>: 1.481 inscritos para 8 vagas (185 por vaga)<\/li>\n\n\n\n<li><strong>Analista do MP \u2013 \u00c1rea Processual<\/strong>: 9.789 inscritos para 14 vagas (699 por vaga)<\/li>\n<\/ul><figure class=\"wp-block-image size-large is-resized\"><a href=\"https:\/\/www.novaconcursos.com.br\/portal\/wp-content\/uploads\/2025\/04\/grafico-mp-rj.webp\"><img decoding=\"async\" width=\"1024\" height=\"761\" src=\"https:\/\/www.novaconcursos.com.br\/portal\/wp-content\/uploads\/2025\/04\/grafico-mp-rj-1024x761.webp\" alt=\"N\u00famero de inscritos do concurso MP RJ!\" class=\"wp-image-278030\" style=\"width:477px;height:auto\" loading=\"lazy\" title=\"\" srcset=\"https:\/\/www.novaconcursos.com.br\/portal\/wp-content\/uploads\/2025\/04\/grafico-mp-rj-300x223.webp 300w, https:\/\/www.novaconcursos.com.br\/portal\/wp-content\/uploads\/2025\/04\/grafico-mp-rj-480x357.webp 480w, https:\/\/www.novaconcursos.com.br\/portal\/wp-content\/uploads\/2025\/04\/grafico-mp-rj-768x570.webp 768w, https:\/\/www.novaconcursos.com.br\/portal\/wp-content\/uploads\/2025\/04\/grafico-mp-rj-1024x761.webp 1024w, https:\/\/www.novaconcursos.com.br\/portal\/wp-content\/uploads\/2025\/04\/grafico-mp-rj-1536x1141.webp 1536w, https:\/\/www.novaconcursos.com.br\/portal\/wp-content\/uploads\/2025\/04\/grafico-mp-rj.webp 1804w\" sizes=\"auto, (max-width: 480px) 100vw, (max-width: 768px) 100vw, (max-width: 1200px) 70vw, 768px\"><\/a><figcaption class=\"wp-element-caption\"><em>N\u00famero de inscritos do concurso MP RJ!<\/em><\/figcaption><\/figure><p>Esses dados mostram uma disputa intensa, principalmente nas \u00e1reas de maior interesse como Administra\u00e7\u00e3o e Processo. Para quem est\u00e1 na disputa, \u00e9 importante manter o foco nos estudos, com aten\u00e7\u00e3o especial ao conte\u00fado cobrado pela banca <a href=\"https:\/\/portal.fgv.br\/\" target=\"_blank\" rel=\"noopener\">FGV.<\/a><\/p>\n\n\n\n<h2 class=\"wp-block-heading\" id=\"salrios-e-benefcios-atrativos-do-concurso-mp-rj-\">Sal\u00e1rios e benef\u00edcios atrativos do concurso MP RJ <\/h2>\n\n\n\n<p>A remunera\u00e7\u00e3o inicial para o cargo de <strong>T\u00e9cnico<\/strong> \u00e9 de <strong>R$ 5.853,42<\/strong>, enquanto para <strong>Analista<\/strong> \u00e9 de <strong>R$ 9.534,57<\/strong>. Al\u00e9m dos sal\u00e1rios, os servidores do MP RJ t\u00eam direito a benef\u00edcios como <strong>aux\u00edlio-sa\u00fade, aux\u00edlio-alimenta\u00e7\u00e3o, aux\u00edlio-transporte e aux\u00edlio-educa\u00e7\u00e3o<\/strong>, o que aumenta ainda mais a atratividade do certame.<\/p>\n\n\n\n<p>Com todas essas vantagens, o concurso MP RJ se consolida como uma das principais oportunidades do estado em 2025. Mesmo com a concorr\u00eancia alta, quem se prepara com anteced\u00eancia e estrat\u00e9gia tem boas chances de sucesso.<\/p>\n\n\n\n<h2 class=\"wp-block-heading\" id=\"concurso-mp-rj-detalhes-sobre-as-provas\">Concurso MP RJ: detalhes sobre as provas<\/h2>\n\n\n\n<p>De acordo com as diretrizes do edital, os participantes do concurso MP RJ passar\u00e3o por duas fases principais:<\/p>\n\n\n\n<ul class=\"wp-block-list\"><li><strong>Prova Objetiva<\/strong>, com fun\u00e7\u00e3o eliminat\u00f3ria e classificat\u00f3ria;<\/li>\n\n\n\n<li><strong>Prova Discursiva<\/strong>, tamb\u00e9m com car\u00e1ter eliminat\u00f3rio e classificat\u00f3rio.<\/li>\n<\/ul><p><\/p>\n\n\n\n<p>As duas avalia\u00e7\u00f5es do concurso MP RJ ocorrer\u00e3o no turno da tarde, das 13h30 \u00e0s 18h30, conforme o hor\u00e1rio oficial de Bras\u00edlia\/DF. A aplica\u00e7\u00e3o est\u00e1 prevista para o dia <strong>11 de maio de 2025<\/strong>, para os cargos de T\u00e9cnico, e <strong>18 de maio de 2025<\/strong>, para os cargos de Analista.<\/p>\n\n\n\n<p>A prova objetiva ser\u00e1 composta por <strong>80 quest\u00f5es de m\u00faltipla escolha<\/strong>, cada uma com cinco alternativas, sendo apenas uma considerada correta. Cada item valer\u00e1 1 ponto.<\/p>\n\n\n\n<h3 class=\"wp-block-heading\">Cargos de N\u00edvel M\u00e9dio<\/h3>\n\n\n\n<p><strong>T\u00e9cnico do Minist\u00e9rio P\u00fablico \u2013 \u00c1rea Administrativa<\/strong><\/p>\n\n\n\n<ul class=\"wp-block-list\"><li>Conhecimentos Gerais\n<ul class=\"wp-block-list\"><li>L\u00edngua Portuguesa: 30 quest\u00f5es<\/li>\n\n\n\n<li>Racioc\u00ednio L\u00f3gico-Matem\u00e1tico: 10 quest\u00f5es<\/li>\n<\/ul><\/li>\n\n\n\n<li>Conhecimentos Espec\u00edficos\n<ul class=\"wp-block-list\"><li>Estrutura e funcionamento do Minist\u00e9rio P\u00fablico: 10 quest\u00f5es<\/li>\n\n\n\n<li>Inform\u00e1tica B\u00e1sica: 10 quest\u00f5es<\/li>\n\n\n\n<li>No\u00e7\u00f5es de Direito Administrativo e Constitucional: 20 quest\u00f5es<\/li>\n<\/ul><\/li>\n<\/ul><p><strong>T\u00e9cnico do Minist\u00e9rio P\u00fablico \u2013 \u00c1rea de Notifica\u00e7\u00e3o e Atos Intimat\u00f3rios<\/strong><\/p>\n\n\n\n<ul class=\"wp-block-list\"><li>Conhecimentos Gerais\n<ul class=\"wp-block-list\"><li>L\u00edngua Portuguesa: 30 quest\u00f5es<\/li>\n\n\n\n<li>Racioc\u00ednio L\u00f3gico-Matem\u00e1tico: 10 quest\u00f5es<\/li>\n<\/ul><\/li>\n\n\n\n<li>Conhecimentos Espec\u00edficos\n<ul class=\"wp-block-list\"><li>Estrutura do Minist\u00e9rio P\u00fablico: 10 quest\u00f5es<\/li>\n\n\n\n<li>Direito Administrativo e Constitucional: 10 quest\u00f5es<\/li>\n\n\n\n<li>Direito Processual: 10 quest\u00f5es<\/li>\n\n\n\n<li>Inform\u00e1tica: 10 quest\u00f5es<\/li>\n<\/ul><\/li>\n<\/ul><h3 class=\"wp-block-heading\">Cargos de N\u00edvel Superior<\/h3>\n\n\n\n<p><strong>Analista do Minist\u00e9rio P\u00fablico \u2013 \u00c1rea Administrativa<\/strong><\/p>\n\n\n\n<ul class=\"wp-block-list\"><li>Conhecimentos Gerais\n<ul class=\"wp-block-list\"><li>L\u00edngua Portuguesa: 30 quest\u00f5es<\/li>\n\n\n\n<li>Racioc\u00ednio L\u00f3gico-Matem\u00e1tico: 10 quest\u00f5es<\/li>\n<\/ul><\/li>\n\n\n\n<li>Conhecimentos Espec\u00edficos\n<ul class=\"wp-block-list\"><li>Organiza\u00e7\u00e3o do Minist\u00e9rio P\u00fablico: 10 quest\u00f5es<\/li>\n\n\n\n<li>Inform\u00e1tica: 10 quest\u00f5es<\/li>\n\n\n\n<li>Direito Administrativo e Constitucional: 10 quest\u00f5es<\/li>\n\n\n\n<li>Administra\u00e7\u00e3o e Contabilidade P\u00fablica: 10 quest\u00f5es<\/li>\n<\/ul><\/li>\n<\/ul><p><strong>Analista do Minist\u00e9rio P\u00fablico \u2013 \u00c1rea Administrativa (Especialidade em TI)<\/strong><\/p>\n\n\n\n<ul class=\"wp-block-list\"><li>Conhecimentos Gerais\n<ul class=\"wp-block-list\"><li>L\u00edngua Portuguesa: 30 quest\u00f5es<\/li>\n\n\n\n<li>Racioc\u00ednio L\u00f3gico-Matem\u00e1tico: 10 quest\u00f5es<\/li>\n<\/ul><\/li>\n\n\n\n<li>Conhecimentos Espec\u00edficos\n<ul class=\"wp-block-list\"><li>Estrutura do Minist\u00e9rio P\u00fablico: 5 quest\u00f5es<\/li>\n\n\n\n<li>Gest\u00e3o de Projetos, Processos e Governan\u00e7a em TI: 5 quest\u00f5es<\/li>\n\n\n\n<li>Sistemas de Informa\u00e7\u00e3o: 10 quest\u00f5es<\/li>\n\n\n\n<li>Ci\u00eancia de Dados: 5 quest\u00f5es<\/li>\n\n\n\n<li>Seguran\u00e7a da Informa\u00e7\u00e3o: 5 quest\u00f5es<\/li>\n\n\n\n<li>Banco de Dados: 10 quest\u00f5es<\/li>\n<\/ul><\/li>\n<\/ul><p><strong>Analista do Minist\u00e9rio P\u00fablico \u2013 \u00c1rea Processual<\/strong><\/p>\n\n\n\n<ul class=\"wp-block-list\"><li>Conhecimentos Gerais\n<ul class=\"wp-block-list\"><li>L\u00edngua Portuguesa: 30 quest\u00f5es<\/li>\n\n\n\n<li>Racioc\u00ednio L\u00f3gico-Matem\u00e1tico: 5 quest\u00f5es<\/li>\n\n\n\n<li>Inform\u00e1tica: 5 quest\u00f5es<\/li>\n<\/ul><\/li>\n\n\n\n<li>Conhecimentos Espec\u00edficos\n<ul class=\"wp-block-list\"><li>Estrutura e atribui\u00e7\u00f5es do Minist\u00e9rio P\u00fablico: 5 quest\u00f5es<\/li>\n\n\n\n<li>Direito da Inf\u00e2ncia, Juventude e Tutela Coletiva: 5 quest\u00f5es<\/li>\n\n\n\n<li>Direito Administrativo e Constitucional: 10 quest\u00f5es<\/li>\n\n\n\n<li>Direito Civil e Processual Civil: 10 quest\u00f5es<\/li>\n\n\n\n<li>Direito Penal e Processual Penal: 10 quest\u00f5es<\/li>\n<\/ul><\/li>\n<\/ul><h3 class=\"wp-block-heading\">Prova Discursiva<\/h3>\n\n\n\n<p>A fase discursiva do concurso MP RJ ser\u00e1 aplicada a todos os candidatos, consistindo na elabora\u00e7\u00e3o de um <strong>texto dissertativo<\/strong> com <strong>extens\u00e3o entre 20 e 30 linhas<\/strong>. O valor total da prova ser\u00e1 de <strong>20 pontos<\/strong>.<\/p>\n\n\n\n<figure class=\"wp-block-embed is-type-video is-provider-youtube wp-block-embed-youtube wp-embed-aspect-16-9 wp-has-aspect-ratio\"><div class=\"wp-block-embed__wrapper\">\n<iframe loading=\"lazy\" title=\"COMO ESTUDAR PARA O CONCURSO MP RJ 2025 - PLANO COMPLETO\" width=\"500\" height=\"281\" src=\"https:\/\/www.youtube.com\/embed\/vwS-9LsR5cQ?feature=oembed\" frameborder=\"0\" allow=\"accelerometer; autoplay; clipboard-write; encrypted-media; gyroscope; picture-in-picture; web-share\" referrerpolicy=\"strict-origin-when-cross-origin\" allowfullscreen><\/iframe>\n<\/div><\/figure><p><strong>Fiquem ligados na nossa p\u00e1gina para as pr\u00f3ximas not\u00edcias sobre concursos!<\/strong><\/p>","protected":false},"excerpt":{"rendered":"<p>Segundo informa\u00e7\u00f5es divulgadas pela Funda\u00e7\u00e3o Getulio Vargas nesta sexta-feira (4), um total de 59.268 pessoas se inscreveu para disputar uma das 87 oportunidades dispon\u00edveis nos cargos de T\u00e9cnico e Analista Ministerial, abrangendo diversas \u00e1reas de atua\u00e7\u00e3o.<\/p>\n","protected":false},"author":54696,"featured_media":278028,"comment_status":"closed","ping_status":"closed","sticky":false,"template":"","format":"standard","meta":{"_acf_changed":false,"footnotes":"","_wp_rev_ctl_limit":""},"categories":[228,44939,44946,44996,44965],"tags":[16432,45005],"class_list":["post-278027","post","type-post","status-publish","format-standard","has-post-thumbnail","hentry","category-noticias","category-carreira-administrativa","category-carreira-juridica","category-carreira-legislativa","category-rj","tag-concurso-mp-rj","tag-concursos-abertos-rj"],"acf":[],"_links":{"self":[{"href":"https:\/\/www.novaconcursos.com.br\/portal\/wp-json\/wp\/v2\/posts\/278027","targetHints":{"allow":["GET"]}}],"collection":[{"href":"https:\/\/www.novaconcursos.com.br\/portal\/wp-json\/wp\/v2\/posts"}],"about":[{"href":"https:\/\/www.novaconcursos.com.br\/portal\/wp-json\/wp\/v2\/types\/post"}],"author":[{"embeddable":true,"href":"https:\/\/www.novaconcursos.com.br\/portal\/wp-json\/wp\/v2\/users\/54696"}],"replies":[{"embeddable":true,"href":"https:\/\/www.novaconcursos.com.br\/portal\/wp-json\/wp\/v2\/comments?post=278027"}],"version-history":[{"count":2,"href":"https:\/\/www.novaconcursos.com.br\/portal\/wp-json\/wp\/v2\/posts\/278027\/revisions"}],"predecessor-version":[{"id":278031,"href":"https:\/\/www.novaconcursos.com.br\/portal\/wp-json\/wp\/v2\/posts\/278027\/revisions\/278031"}],"wp:featuredmedia":[{"embeddable":true,"href":"https:\/\/www.novaconcursos.com.br\/portal\/wp-json\/wp\/v2\/media\/278028"}],"wp:attachment":[{"href":"https:\/\/www.novaconcursos.com.br\/portal\/wp-json\/wp\/v2\/media?parent=278027"}],"wp:term":[{"taxonomy":"category","embeddable":true,"href":"https:\/\/www.novaconcursos.com.br\/portal\/wp-json\/wp\/v2\/categories?post=278027"},{"taxonomy":"post_tag","embeddable":true,"href":"https:\/\/www.novaconcursos.com.br\/portal\/wp-json\/wp\/v2\/tags?post=278027"}],"curies":[{"name":"wp","href":"https:\/\/api.w.org\/{rel}","templated":true}]}}