{"id":278454,"date":"2025-04-09T03:14:45","date_gmt":"2025-04-09T06:14:45","guid":{"rendered":"https:\/\/www.novaconcursos.com.br\/portal\/?p=278454"},"modified":"2025-04-09T03:17:52","modified_gmt":"2025-04-09T06:17:52","slug":"concurso-pf-administrativo-inscricoes","status":"publish","type":"post","link":"https:\/\/www.novaconcursos.com.br\/portal\/noticias\/concurso-pf-administrativo-inscricoes\/","title":{"rendered":"Quando abrem as inscri\u00e7\u00f5es para o concurso PF Administrativo?"},"content":{"rendered":"<p>O aguardado <a href=\"https:\/\/www.novaconcursos.com.br\/portal\/concursos\/pf-administrativo\/\">concurso PF Administrativo<\/a> segue em ritmo acelerado nos bastidores da Pol\u00edcia Federal (PF). Apesar de o edital ainda n\u00e3o ter sido publicado, novos avan\u00e7os foram confirmados oficialmente. Um deles \u00e9 a <strong>defini\u00e7\u00e3o das taxas de inscri\u00e7\u00e3o, que j\u00e1 est\u00e3o pr\u00e9-estabelecidas no estudo t\u00e9cnico da corpora\u00e7\u00e3o<\/strong>.<\/p>\n\n\n\n<p>Al\u00e9m disso, a escolha da banca organizadora tamb\u00e9m foi finalizada, e o edital agora est\u00e1 em fase final de ajustes. Para quem pretende concorrer a uma das vagas, este \u00e9 o momento ideal para intensificar os estudos e acompanhar cada novo passo. <\/p>\n\n\n\n<p>Se interessa pelo certame e quer ficar por dentro de todas as not\u00edcias sobre a sele\u00e7\u00e3o? Fique com a gente e confira a seguir, confira todos os detalhes j\u00e1 conhecidos sobre o concurso da \u00e1rea administrativa da PF.<\/p>\n\n\n\n<h2 class=\"wp-block-heading\" id=\"taxa-de-inscrio-do-concurso-pf-administrativo-j-est-definida\">Taxa de inscri\u00e7\u00e3o do concurso PF Administrativo j\u00e1 est\u00e1 definida<\/h2>\n\n\n\n<p>Segundo informa\u00e7\u00f5es da pr\u00f3pria Pol\u00edcia Federal, o estudo t\u00e9cnico preliminar j\u00e1 definiu os valores das taxas de inscri\u00e7\u00e3o do concurso PF Administrativo. O documento considerou os custos atualizados de concursos p\u00fablicos realizados entre 2023 e 2024, especialmente em \u00f3rg\u00e3os federais com cargos similares.<\/p>\n\n\n\n<p>Veja os valores definidos:<\/p>\n\n\n\n<ul class=\"wp-block-list\"><li>R$ 90,00 para o cargo de Agente Administrativo, que exige n\u00edvel m\u00e9dio completo;<\/li>\n\n\n\n<li>R$ 110,00 para os cargos de n\u00edvel superior, que devem abranger carreiras da \u00e1rea administrativa, cont\u00e1bil, psicologia, sa\u00fade, entre outras.<\/li>\n<\/ul><p><mark style=\"background-color:#8ed1fc\" class=\"has-inline-color\">A defini\u00e7\u00e3o dessas taxas foi baseada em uma an\u00e1lise de mercado recente.<\/mark> O \u00faltimo concurso da \u00e1rea administrativa da Pol\u00edcia Federal, realizado em 2013, n\u00e3o foi utilizado como refer\u00eancia, j\u00e1 que se passaram mais de 11 anos e houve altera\u00e7\u00f5es nos custos operacionais ao longo desse per\u00edodo.<\/p>\n\n\n\n<p>Al\u00e9m disso, o estudo tamb\u00e9m prev\u00ea possibilidade de isen\u00e7\u00e3o da taxa, respeitando os crit\u00e9rios adotados em outros concursos federais. Ter\u00e3o direito \u00e0 isen\u00e7\u00e3o:<\/p>\n\n\n\n<ul class=\"wp-block-list\"><li>Candidatos inscritos no Cadastro \u00danico para Programas Sociais do Governo Federal (Cad\u00danico);<\/li>\n\n\n\n<li>Pessoas que comprovem ser doadores de medula \u00f3ssea, conforme legisla\u00e7\u00e3o vigente.<\/li>\n<\/ul><h2 class=\"wp-block-heading\" id=\"onde-fazer-a-inscrio-do-concurso-pf-administrativo\">Onde fazer a inscri\u00e7\u00e3o do concurso PF administrativo?<\/h2>\n\n\n\n<p>Com a escolha da banca organizadora definida, j\u00e1 sabemos onde fazer a inscri\u00e7\u00e3o do concurso PF \u00e1rea administrativa: ser\u00e1 por meio do site oficial do <a href=\"https:\/\/www.cebraspe.org.br\/concursos\/\" target=\"_blank\" rel=\"noopener\">Cebraspe<\/a> (Centro Brasileiro de Pesquisa em Avalia\u00e7\u00e3o e Sele\u00e7\u00e3o e de Promo\u00e7\u00e3o de Eventos).<\/p>\n\n\n\n<p>As inscri\u00e7\u00f5es estar\u00e3o dispon\u00edveis assim que o edital for publicado. O contrato com a banca organizadora j\u00e1 pode ser assinado a qualquer momento, o que acelera ainda mais o cronograma. <\/p>\n\n\n\n<p>A expectativa \u00e9 que o edital seja lan\u00e7ado nas pr\u00f3ximas semanas, iniciando o prazo oficial para os interessados garantirem sua participa\u00e7\u00e3o.<\/p>\n\n\n\n<div class=\"nova-continue-reading\"> Leia tamb\u00e9m:\u00a0<a href=\"https:\/\/www.novaconcursos.com.br\/portal\/noticias\/concurso-pf-administrativo-cebraspe-o-que-esperar\/\">O que esperar da banca Cebraspe?<\/a> <\/div>\n\n\n\n<h3 class=\"wp-block-heading\">Requisitos b\u00e1sicos para se increver no certame<\/h3>\n\n\n\n<p>Al\u00e9m dos requisitos espec\u00edficos por fun\u00e7\u00e3o, todos os candidatos dever\u00e3o atender aos seguintes requisitos b\u00e1sicos, conforme o \u00faltimo concurso Pol\u00edcia Federal Administrativo:<\/p>\n\n\n\n<figure class=\"wp-block-image size-large\"><img decoding=\"async\" width=\"576\" height=\"1024\" src=\"https:\/\/www.novaconcursos.com.br\/portal\/wp-content\/uploads\/2025\/04\/Requisitos-PF-Administrativo-576x1024.webp\" alt=\"\" class=\"wp-image-278462\" loading=\"lazy\" title=\"\" srcset=\"https:\/\/www.novaconcursos.com.br\/portal\/wp-content\/uploads\/2025\/04\/Requisitos-PF-Administrativo-169x300.webp 169w, https:\/\/www.novaconcursos.com.br\/portal\/wp-content\/uploads\/2025\/04\/Requisitos-PF-Administrativo-480x853.webp 480w, https:\/\/www.novaconcursos.com.br\/portal\/wp-content\/uploads\/2025\/04\/Requisitos-PF-Administrativo-576x1024.webp 576w, https:\/\/www.novaconcursos.com.br\/portal\/wp-content\/uploads\/2025\/04\/Requisitos-PF-Administrativo-768x1365.webp 768w, https:\/\/www.novaconcursos.com.br\/portal\/wp-content\/uploads\/2025\/04\/Requisitos-PF-Administrativo-864x1536.webp 864w, https:\/\/www.novaconcursos.com.br\/portal\/wp-content\/uploads\/2025\/04\/Requisitos-PF-Administrativo.webp 1080w\" sizes=\"auto, (max-width: 480px) 100vw, (max-width: 768px) 100vw, (max-width: 1200px) 70vw, 768px\"><figcaption class=\"wp-element-caption\"><em>Concurso PF Administrativo ter\u00e1 edital publicado em breve.<\/em><\/figcaption><\/figure><h2 class=\"wp-block-heading\" id=\"vagas-cargos-e-salrios-do-novo-concurso-pf-administrativo\">Vagas, cargos e sal\u00e1rios do novo concurso PF Administrativo<\/h2>\n\n\n\n<p>O <strong>novo concurso PF Administrativo est\u00e1 oficialmente autorizado e ir\u00e1 ofertar 192 vagas imediatas<\/strong>. As oportunidades ser\u00e3o distribu\u00eddas entre:<\/p>\n\n\n\n<ul class=\"wp-block-list\"><li>Agente Administrativo (n\u00edvel m\u00e9dio);<\/li>\n\n\n\n<li>Diversos cargos de n\u00edvel superior, com maior concentra\u00e7\u00e3o nas \u00e1reas administrativas e de sa\u00fade.<\/li>\n<\/ul><p>Os sal\u00e1rios iniciais s\u00e3o bastante atrativos:<\/p>\n\n\n\n<ul class=\"wp-block-list\"><li>R$ 5.173,28 para cargos de n\u00edvel m\u00e9dio;<\/li>\n\n\n\n<li>R$ 8.547,40 para cargos de n\u00edvel superior.<\/li>\n<\/ul><p>Esses valores podem ser acrescidos de benef\u00edcios como aux\u00edlio-alimenta\u00e7\u00e3o, aux\u00edlio-sa\u00fade, gratifica\u00e7\u00f5es espec\u00edficas da carreira e outros adicionais previstos para servidores p\u00fablicos federais.<\/p>\n\n\n\n<h2 class=\"wp-block-heading\" id=\"quando-sai-o-edital-do-concurso-pf-administrativo\">Quando sai o edital do concurso PF Administrativo?<\/h2>\n\n\n\n<p><mark style=\"background-color:#8ed1fc\" class=\"has-inline-color\">A data de publica\u00e7\u00e3o do edital ainda n\u00e3o foi oficialmente divulgada<\/mark>, mas fontes ligadas \u00e0 organiza\u00e7\u00e3o do certame indicam que ele pode sair a qualquer momento. Com a defini\u00e7\u00e3o da banca e as taxas de inscri\u00e7\u00e3o j\u00e1 estipuladas, o pr\u00f3ximo passo \u00e9 a formaliza\u00e7\u00e3o do contrato e o lan\u00e7amento do edital.<\/p>\n\n\n\n<p>A partir da publica\u00e7\u00e3o, o documento trar\u00e1:<\/p>\n\n\n\n<ul class=\"wp-block-list\"><li>Cronograma completo (inscri\u00e7\u00e3o, provas, recursos);<\/li>\n\n\n\n<li>Conte\u00fado program\u00e1tico;<\/li>\n\n\n\n<li>Requisitos espec\u00edficos de cada cargo;<\/li>\n\n\n\n<li>Regras para isen\u00e7\u00e3o de taxa;<\/li>\n\n\n\n<li>Etapas do processo seletivo.<\/li>\n<\/ul><div class=\"nova-continue-reading\"> Leia tamb\u00e9m:\u00a0<a href=\"https:\/\/www.novaconcursos.com.br\/portal\/concursos-abertos\/\">Concursos abertos a n\u00edvel nacional!<\/a> <\/div>\n\n\n\n<h2 class=\"wp-block-heading\" id=\"como-foi-o-ltimo-concurso-pf-administrativo\">Como foi o \u00faltimo concurso PF Administrativo?<\/h2>\n\n\n\n<p>Embora tenha ocorrido h\u00e1 mais de uma d\u00e9cada, o \u00faltimo concurso da \u00e1rea administrativa da PF \u00e9 um indicativo da alta demanda por essas vagas. Na \u00e9poca, foram registradas 324.497 inscri\u00e7\u00f5es.<\/p>\n\n\n\n<p>Veja alguns destaques daquele certame:<\/p>\n\n\n\n<ul class=\"wp-block-list\"><li>O Distrito Federal liderou o n\u00famero de inscri\u00e7\u00f5es para o cargo de Agente Administrativo, com 66.446 candidatos;<\/li>\n\n\n\n<li>J\u00e1 o estado com menor n\u00famero de inscritos foi a Para\u00edba, com 2.930 candidatos;<\/li>\n\n\n\n<li>No n\u00edvel superior, o cargo com maior concorr\u00eancia foi o de Administrador, com 1.877 inscritos.<\/li>\n<\/ul><p>Esses n\u00fameros demonstram o forte interesse dos concurseiros pela estabilidade, estrutura e remunera\u00e7\u00e3o oferecidas pela Pol\u00edcia Federal mesmo para cargos administrativos, que n\u00e3o exigem atua\u00e7\u00e3o policial.<\/p>\n\n\n\n<p>Se voc\u00ea sonha em conquistar uma vaga na Pol\u00edcia Federal, o concurso da \u00e1rea administrativa pode ser a oportunidade ideal. Com n\u00edvel m\u00e9dio ou superior, \u00e9 poss\u00edvel disputar cargos est\u00e1veis, com \u00f3timos sal\u00e1rios e boas condi\u00e7\u00f5es de trabalho.<\/p>\n\n\n\n<p>Agora que voc\u00ea j\u00e1 sabe qual \u00e9 a taxa de inscri\u00e7\u00e3o do concurso PF Administrativo e onde fazer a inscri\u00e7\u00e3o do concurso PF \u00e1rea administrativa, n\u00e3o perca tempo: acompanhe as pr\u00f3ximas atualiza\u00e7\u00f5es, organize seus estudos e fique pronto para garantir sua vaga.<\/p>\n\n\n\n<figure class=\"wp-block-embed is-type-video is-provider-youtube wp-block-embed-youtube wp-embed-aspect-16-9 wp-has-aspect-ratio\"><div class=\"wp-block-embed__wrapper\">\n<iframe loading=\"lazy\" title=\"CONCURSO PF ADMINISTRATIVO 2025: GOVERNO FEDERAL DIVULGA NOVO EDITAL \ud83d\udd25\" width=\"500\" height=\"281\" src=\"https:\/\/www.youtube.com\/embed\/ZsO-CyRC6iU?feature=oembed\" frameborder=\"0\" allow=\"accelerometer; autoplay; clipboard-write; encrypted-media; gyroscope; picture-in-picture; web-share\" referrerpolicy=\"strict-origin-when-cross-origin\" allowfullscreen><\/iframe>\n<\/div><\/figure><p><strong>Fiquem ligados na nossa p\u00e1gina para as pr\u00f3ximas not\u00edcias sobre o concurso PF Administrativo!<\/strong><\/p>","protected":false},"excerpt":{"rendered":"<p>O concurso PF Administrativo ter\u00e1 192 vagas e as inscri\u00e7\u00f5es ser\u00e3o feitas no site do Cebraspe, com isen\u00e7\u00e3o para quem se enquadrar nos crit\u00e9rios.<\/p>\n","protected":false},"author":54694,"featured_media":278455,"comment_status":"closed","ping_status":"closed","sticky":false,"template":"","format":"standard","meta":{"_acf_changed":false,"footnotes":"","_wp_rev_ctl_limit":""},"categories":[228,44978,44941,44975],"tags":[37074,45031],"class_list":["post-278454","post","type-post","status-publish","format-standard","has-post-thumbnail","hentry","category-noticias","category-nacional","category-carreira-policial","category-policia-federal","tag-concurso-pf-administrativo","tag-concursos-abertos-nacionais"],"acf":[],"_links":{"self":[{"href":"https:\/\/www.novaconcursos.com.br\/portal\/wp-json\/wp\/v2\/posts\/278454","targetHints":{"allow":["GET"]}}],"collection":[{"href":"https:\/\/www.novaconcursos.com.br\/portal\/wp-json\/wp\/v2\/posts"}],"about":[{"href":"https:\/\/www.novaconcursos.com.br\/portal\/wp-json\/wp\/v2\/types\/post"}],"author":[{"embeddable":true,"href":"https:\/\/www.novaconcursos.com.br\/portal\/wp-json\/wp\/v2\/users\/54694"}],"replies":[{"embeddable":true,"href":"https:\/\/www.novaconcursos.com.br\/portal\/wp-json\/wp\/v2\/comments?post=278454"}],"version-history":[{"count":10,"href":"https:\/\/www.novaconcursos.com.br\/portal\/wp-json\/wp\/v2\/posts\/278454\/revisions"}],"predecessor-version":[{"id":278467,"href":"https:\/\/www.novaconcursos.com.br\/portal\/wp-json\/wp\/v2\/posts\/278454\/revisions\/278467"}],"wp:featuredmedia":[{"embeddable":true,"href":"https:\/\/www.novaconcursos.com.br\/portal\/wp-json\/wp\/v2\/media\/278455"}],"wp:attachment":[{"href":"https:\/\/www.novaconcursos.com.br\/portal\/wp-json\/wp\/v2\/media?parent=278454"}],"wp:term":[{"taxonomy":"category","embeddable":true,"href":"https:\/\/www.novaconcursos.com.br\/portal\/wp-json\/wp\/v2\/categories?post=278454"},{"taxonomy":"post_tag","embeddable":true,"href":"https:\/\/www.novaconcursos.com.br\/portal\/wp-json\/wp\/v2\/tags?post=278454"}],"curies":[{"name":"wp","href":"https:\/\/api.w.org\/{rel}","templated":true}]}}