{"id":278754,"date":"2025-04-10T11:31:25","date_gmt":"2025-04-10T14:31:25","guid":{"rendered":"https:\/\/www.novaconcursos.com.br\/portal\/?p=278754"},"modified":"2025-04-10T11:33:31","modified_gmt":"2025-04-10T14:33:31","slug":"concurso-pf-2-mil-vagas","status":"publish","type":"post","link":"https:\/\/www.novaconcursos.com.br\/portal\/noticias\/concurso-pf-2-mil-vagas\/","title":{"rendered":"Concurso PF: ministro confirma 2.000 vagas e deseja dobrar o efetivo!"},"content":{"rendered":"<p>O novo <a href=\"https:\/\/www.novaconcursos.com.br\/portal\/concursos\/concurso-policia-federal\/\">concurso PF<\/a> foi confirmado pelo ministro da Justi\u00e7a, Ricardo Lewandowski. Ser\u00e3o <mark style=\"background-color:#8ed1fc\" class=\"has-inline-color\">2.000 vagas<\/mark>, sendo 1.000 com nomea\u00e7\u00e3o prevista ainda em 2025 e outras 1.000 em 2026. O edital j\u00e1 est\u00e1 autorizado e deve ser publicado at\u00e9 agosto.<\/p>\n\n\n\n<p>O ministro tamb\u00e9m afirmou que deseja dobrar o efetivo da PF. Segundo ele, a medida \u00e9 essencial para refor\u00e7ar o combate ao crime organizado, melhorar a seguran\u00e7a nas fronteiras e ampliar a atua\u00e7\u00e3o ambiental da corpora\u00e7\u00e3o.<\/p>\n\n\n\n<p>Os cargos s\u00e3o de n\u00edvel superior e oferecem sal\u00e1rios iniciais a partir de <strong>R$ 15 mil.<\/strong> A sele\u00e7\u00e3o ser\u00e1 uma das mais importantes do ano, com oportunidades em diversos cargos da \u00e1rea policial.<\/p>\n\n\n\n<h2 class=\"wp-block-heading\" id=\"ministro-confirma-2000-vagas-no-concurso-pf\">Ministro confirma 2.000 vagas no concurso PF<\/h2>\n\n\n\n<p>O ministro da Justi\u00e7a e Seguran\u00e7a P\u00fablica, Ricardo Lewandowski, anunciou oficialmente a realiza\u00e7\u00e3o de um novo concurso <a href=\"https:\/\/www.gov.br\/pf\/pt-br\" target=\"_blank\" rel=\"noopener\">PF,<\/a> com o objetivo de preencher 2.000 vagas na \u00e1rea policial. Desse total, 1.000 vagas ser\u00e3o providas ainda em 2025, enquanto as outras 1.000 est\u00e3o previstas para 2026. <\/p>\n\n\n\n<p>As vagas ser\u00e3o distribu\u00eddas entre os seguintes cargos:<\/p>\n\n\n\n<ul class=\"wp-block-list\"><li><em>Agente de Pol\u00edcia<\/em>: 630 vagas<\/li>\n\n\n\n<li><em>Escriv\u00e3o de Pol\u00edcia<\/em>: 160 vagas<\/li>\n\n\n\n<li><em>Delegado de Pol\u00edcia<\/em>: 120 vagas<\/li>\n\n\n\n<li><em>Papiloscopista Policial Federal<\/em>: 21 vagas<\/li>\n\n\n\n<li><em>Perito Criminal Federal<\/em>: 69 vagas<\/li>\n<\/ul><p><\/p>\n\n\n\n<p>Todos os cargos exigem n\u00edvel superior completo e Carteira Nacional de Habilita\u00e7\u00e3o (CNH) v\u00e1lida na categoria \u2018B\u2019 ou superior. Para o cargo de delegado, \u00e9 necess\u00e1rio bacharelado em Direito, enquanto para perito criminal, a gradua\u00e7\u00e3o deve ser em \u00e1reas espec\u00edficas que ser\u00e3o detalhadas no edital. <\/p>\n\n\n\n<p>Durante audi\u00eancia p\u00fablica na Comiss\u00e3o de Seguran\u00e7a P\u00fablica, realizada em 9 de abril de 2025, o ministro Lewandowski destacou a necessidade de ampliar significativamente o efetivo da Pol\u00edcia Federal. Ele expressou o desejo de dobrar o n\u00famero de agentes para fortalecer o combate ao crime organizado e melhorar a seguran\u00e7a nas fronteiras e no meio ambiente. <\/p>\n\n\n\n<blockquote class=\"wp-block-quote is-layout-flow wp-block-quote-is-layout-flow\">\n<p><em>\u201cN\u00f3s estamos enxugando gelo, conseguimos a duras penas que a Pol\u00edcia Federal pudesse ter mil homens em concursos p\u00fablicos nas suas diversas categorias este ano e mais mil homens no ano que vem. Mas precisamos dobrar o efetivo, de todas as pol\u00edcias federais que aqui est\u00e3o representadas\u201d,<\/em> afirmou o ministro.<\/p>\n\n\n\n<div class=\"nova-continue-reading\">Saiba mais: <a href=\"https:\/\/www.novaconcursos.com.br\/portal\/concursos-abertos\/\">concursos abertos em 2025!<\/a><\/div>\n\n\n\n<h2 class=\"wp-block-heading\" id=\"pec-da-segurana-pblica-reforo-estrutural-para-a-polcia-feder\">PEC da Seguran\u00e7a P\u00fablica: refor\u00e7o estrutural para a Pol\u00edcia Federal<\/h2>\n\n\n\n<p>Durante a audi\u00eancia p\u00fablica em que anunciou o novo concurso PF, o ministro Ricardo Lewandowski tamb\u00e9m destacou a import\u00e2ncia da <strong>PEC da Seguran\u00e7a P\u00fablica<\/strong>. A proposta de emenda \u00e0 Constitui\u00e7\u00e3o tem como objetivo fortalecer a atua\u00e7\u00e3o das pol\u00edcias federais, garantindo mais estrutura, autonomia e efetivo para enfrentar os desafios da criminalidade no pa\u00eds.<\/p>\n\n\n\n<p>Lewandowski defendeu que a aprova\u00e7\u00e3o da PEC ser\u00e1 fundamental para viabilizar mudan\u00e7as estruturais no sistema de seguran\u00e7a p\u00fablica, incluindo a expans\u00e3o permanente do quadro de servidores da Pol\u00edcia Federal. A proposta est\u00e1 em debate no Congresso Nacional e deve impactar diretamente futuros concursos e o funcionamento das corpora\u00e7\u00f5es ligadas ao Minist\u00e9rio da Justi\u00e7a.<\/p>\n\n\n\n<h2 class=\"wp-block-heading\" id=\"prazos-para-publicao-do-edital-e-nomeaes\">Prazos para publica\u00e7\u00e3o do edital e nomea\u00e7\u00f5es<\/h2>\n\n\n\n<p>A portaria de autoriza\u00e7\u00e3o do concurso estabelece que o edital deve ser publicado em at\u00e9 seis meses, ou seja, <mark style=\"background-color:#8ed1fc\" class=\"has-inline-color\">at\u00e9 agosto de 2025.<\/mark> Contudo, a Pol\u00edcia Federal est\u00e1 trabalhando para que a divulga\u00e7\u00e3o ocorra o mais breve poss\u00edvel. <\/p>\n\n\n\n<p>As provas est\u00e3o previstas para serem aplicadas at\u00e9 dois meses ap\u00f3s a publica\u00e7\u00e3o do edital, possivelmente at\u00e9 outubro de 2025. As nomea\u00e7\u00f5es dos aprovados nas 1.000 vagas iniciais est\u00e3o planejadas para dezembro de 2025. <\/p>\n\n\n\n<h3 class=\"wp-block-heading\">Or\u00e7amento e previs\u00e3o de provimentos<\/h3>\n\n\n\n<p>O Minist\u00e9rio da Gest\u00e3o e Inova\u00e7\u00e3o (MGI) confirmou que h\u00e1 previs\u00e3o or\u00e7ament\u00e1ria para as nomea\u00e7\u00f5es dos aprovados no concurso da Pol\u00edcia Federal ainda em 2025. A estimativa de impacto financeiro j\u00e1 foi inclu\u00edda na Lei Or\u00e7ament\u00e1ria Anual (LOA) de 2025, garantindo os recursos necess\u00e1rios para as contrata\u00e7\u00f5es. <\/p>\n\n\n\n<h2 class=\"wp-block-heading\" id=\"requisitos-e-remunerao-dos-cargos\">Requisitos e remunera\u00e7\u00e3o dos cargos<\/h2>\n\n\n\n<p>Al\u00e9m da exig\u00eancia de n\u00edvel superior e CNH, os cargos do concurso PF oferecem remunera\u00e7\u00f5es atrativas:<\/p>\n\n\n\n<ul class=\"wp-block-list\"><li><em>Agente, Escriv\u00e3o e Papiloscopista<\/em>:\n<ul class=\"wp-block-list\"><li>R$15.164,81 em 2025<\/li>\n\n\n\n<li>R$15.710,10 em 2026<\/li>\n<\/ul><\/li>\n\n\n\n<li><em>Delegado e Perito<\/em>:\n<ul class=\"wp-block-list\"><li>R$27.800 em 2025<\/li>\n\n\n\n<li>R$28.831,70 em 2026<\/li>\n<\/ul><\/li>\n<\/ul><\/blockquote>\n\n\n\n<p><\/p>\n\n\n\n<p>Confira abaixo a tabela de evolu\u00e7\u00e3o salarial: <\/p>\n\n\n\n<figure class=\"wp-block-image size-large\"><a href=\"https:\/\/www.novaconcursos.com.br\/portal\/wp-content\/uploads\/2025\/04\/evolucao-pf.webp\"><img decoding=\"async\" width=\"1024\" height=\"611\" src=\"https:\/\/www.novaconcursos.com.br\/portal\/wp-content\/uploads\/2025\/04\/evolucao-pf-1024x611.webp\" alt=\"Tabela de evolu\u00e7\u00e3o salarial do concurso PF!\" class=\"wp-image-278795\" loading=\"lazy\" title=\"\" srcset=\"https:\/\/www.novaconcursos.com.br\/portal\/wp-content\/uploads\/2025\/04\/evolucao-pf-300x179.webp 300w, https:\/\/www.novaconcursos.com.br\/portal\/wp-content\/uploads\/2025\/04\/evolucao-pf-480x286.webp 480w, https:\/\/www.novaconcursos.com.br\/portal\/wp-content\/uploads\/2025\/04\/evolucao-pf-768x458.webp 768w, https:\/\/www.novaconcursos.com.br\/portal\/wp-content\/uploads\/2025\/04\/evolucao-pf-1024x611.webp 1024w, https:\/\/www.novaconcursos.com.br\/portal\/wp-content\/uploads\/2025\/04\/evolucao-pf-1536x916.webp 1536w, https:\/\/www.novaconcursos.com.br\/portal\/wp-content\/uploads\/2025\/04\/evolucao-pf.webp 1979w\" sizes=\"auto, (max-width: 480px) 100vw, (max-width: 768px) 100vw, (max-width: 1200px) 70vw, 768px\"><\/a><figcaption class=\"wp-element-caption\"><em>Tabela de evolu\u00e7\u00e3o salarial do concurso PF!<\/em><\/figcaption><\/figure><blockquote class=\"wp-block-quote is-layout-flow wp-block-quote-is-layout-flow\">\n<p>Os servidores tamb\u00e9m ter\u00e3o direito a benef\u00edcios, como o aux\u00edlio-alimenta\u00e7\u00e3o de <strong>R$1.000,<\/strong> pago a todos os servidores do Executivo Federal. <\/p>\n\n\n\n<figure class=\"wp-block-embed is-type-video is-provider-youtube wp-block-embed-youtube wp-embed-aspect-16-9 wp-has-aspect-ratio\"><div class=\"wp-block-embed__wrapper\">\n<iframe loading=\"lazy\" title=\"CONCURSO POL\u00cdCIA FEDERAL 2025 COMO COME\u00c7AR A ESTUDAR HOJE \u231b\" width=\"500\" height=\"281\" src=\"https:\/\/www.youtube.com\/embed\/_9XSchJR0o0?feature=oembed\" frameborder=\"0\" allow=\"accelerometer; autoplay; clipboard-write; encrypted-media; gyroscope; picture-in-picture; web-share\" referrerpolicy=\"strict-origin-when-cross-origin\" allowfullscreen><\/iframe>\n<\/div><\/figure><\/blockquote>\n\n\n\n<p><strong>Fiquem ligados na nossa p\u00e1gina para as pr\u00f3ximas not\u00edcias sobre o concurso PF!<\/strong><\/p>","protected":false},"excerpt":{"rendered":"<p>Ministro Lewandowski confirma 2 mil vagas no concurso PF e revela meta de ampliar o efetivo da corpora\u00e7\u00e3o. Confira!<\/p>\n","protected":false},"author":54696,"featured_media":278755,"comment_status":"closed","ping_status":"closed","sticky":false,"template":"","format":"standard","meta":{"_acf_changed":false,"footnotes":"","_wp_rev_ctl_limit":""},"categories":[228,44978,44941],"tags":[280,45031],"class_list":["post-278754","post","type-post","status-publish","format-standard","has-post-thumbnail","hentry","category-noticias","category-nacional","category-carreira-policial","tag-concurso-pf","tag-concursos-abertos-nacionais"],"acf":[],"_links":{"self":[{"href":"https:\/\/www.novaconcursos.com.br\/portal\/wp-json\/wp\/v2\/posts\/278754","targetHints":{"allow":["GET"]}}],"collection":[{"href":"https:\/\/www.novaconcursos.com.br\/portal\/wp-json\/wp\/v2\/posts"}],"about":[{"href":"https:\/\/www.novaconcursos.com.br\/portal\/wp-json\/wp\/v2\/types\/post"}],"author":[{"embeddable":true,"href":"https:\/\/www.novaconcursos.com.br\/portal\/wp-json\/wp\/v2\/users\/54696"}],"replies":[{"embeddable":true,"href":"https:\/\/www.novaconcursos.com.br\/portal\/wp-json\/wp\/v2\/comments?post=278754"}],"version-history":[{"count":4,"href":"https:\/\/www.novaconcursos.com.br\/portal\/wp-json\/wp\/v2\/posts\/278754\/revisions"}],"predecessor-version":[{"id":278797,"href":"https:\/\/www.novaconcursos.com.br\/portal\/wp-json\/wp\/v2\/posts\/278754\/revisions\/278797"}],"wp:featuredmedia":[{"embeddable":true,"href":"https:\/\/www.novaconcursos.com.br\/portal\/wp-json\/wp\/v2\/media\/278755"}],"wp:attachment":[{"href":"https:\/\/www.novaconcursos.com.br\/portal\/wp-json\/wp\/v2\/media?parent=278754"}],"wp:term":[{"taxonomy":"category","embeddable":true,"href":"https:\/\/www.novaconcursos.com.br\/portal\/wp-json\/wp\/v2\/categories?post=278754"},{"taxonomy":"post_tag","embeddable":true,"href":"https:\/\/www.novaconcursos.com.br\/portal\/wp-json\/wp\/v2\/tags?post=278754"}],"curies":[{"name":"wp","href":"https:\/\/api.w.org\/{rel}","templated":true}]}}