{"id":279502,"date":"2025-04-15T19:49:43","date_gmt":"2025-04-15T22:49:43","guid":{"rendered":"https:\/\/www.novaconcursos.com.br\/portal\/?p=279502"},"modified":"2026-01-08T09:22:47","modified_gmt":"2026-01-08T12:22:47","slug":"concurso-pm-pr-oficial-detalhes-confirmados","status":"publish","type":"post","link":"https:\/\/www.novaconcursos.com.br\/portal\/noticias\/concurso-pm-pr-oficial-detalhes-confirmados\/","title":{"rendered":"Concurso PM PR Oficial confirma requisitos, etapas e vagas!"},"content":{"rendered":"<p>O <strong><a href=\"https:\/\/www.novaconcursos.com.br\/portal\/concursos\/concurso-pm-pr-cadetes\/\">concurso PM PR Oficial<\/a> tem vagas ampliadas, banca definida e detalhes revelados<\/strong>: nova sele\u00e7\u00e3o atrai holofotes e deve ser uma das mais concorridas do pa\u00eds. Para quem sonha em vestir a farda e conquistar uma carreira de respeito, o momento de come\u00e7ar a prepara\u00e7\u00e3o \u00e9 agora.<\/p>\n\n\n\n<p>A banca organizadora do concurso PM PR Oficial j\u00e1 foi escolhida, o Instituto AOCP, e ficar\u00e1 respons\u00e1vel por todo o processo, desde a abertura das inscri\u00e7\u00f5es at\u00e9 a aplica\u00e7\u00e3o das provas e divulga\u00e7\u00e3o dos resultados.<\/p>\n\n\n\n<p>Destinado a bachar\u00e9is em Direito com at\u00e9 30 anos de idade, o concurso PM PR Oficial representa uma excelente oportunidade para quem busca estabilidade, boa remunera\u00e7\u00e3o e carreira de prest\u00edgio na \u00e1rea da seguran\u00e7a p\u00fablica.<\/p>\n\n\n\n<h2 class=\"wp-block-heading\" id=\"concurso-pm-pr-oficial-ampliao-de-vagas\">Concurso PM PR Oficial: amplia\u00e7\u00e3o de vagas<\/h2>\n\n\n\n<p>A <a href=\"https:\/\/www.pmpr.pr.gov.br\/\" target=\"_blank\" rel=\"noopener\">Pol\u00edcia Militar do Paran\u00e1<\/a> divulgou novos detalhes sobre o aguardado concurso para o cargo de oficial, tamb\u00e9m conhecido como cadete. <\/p>\n\n\n\n<p>A publica\u00e7\u00e3o feita recentemente nas redes sociais da corpora\u00e7\u00e3o trouxe atualiza\u00e7\u00f5es importantes sobre o quantitativo de vagas, requisitos exigidos dos candidatos, etapas de sele\u00e7\u00e3o e conte\u00fados program\u00e1ticos das provas.<\/p>\n\n\n\n<p><strong>Vagas aumentam para 90, com cotas para candidatos negros!<\/strong><\/p>\n\n\n\n<p>Embora a autoriza\u00e7\u00e3o oficial do concurso previsse originalmente 50 vagas para o cargo de oficial da Pol\u00edcia Militar, a corpora\u00e7\u00e3o confirmou que a oferta ser\u00e1 ampliada para 90 oportunidades. <\/p>\n\n\n\n<p>Desse total, 10% ser\u00e3o reservadas para candidatos negros, seguindo o que determina a legisla\u00e7\u00e3o estadual e federal no que diz respeito \u00e0s a\u00e7\u00f5es afirmativas em concursos p\u00fablicos.<\/p>\n\n\n\n<p>Essa amplia\u00e7\u00e3o representa um refor\u00e7o significativo no efetivo da corpora\u00e7\u00e3o, especialmente diante da crescente demanda por seguran\u00e7a p\u00fablica no estado.<\/p>\n\n\n\n<h3 class=\"wp-block-heading\">Remunera\u00e7\u00e3o e carreira: o que esperar?<\/h3>\n\n\n\n<p>Embora a Pol\u00edcia Militar do Paran\u00e1 ainda n\u00e3o tenha divulgado os valores atualizados da remunera\u00e7\u00e3o, concursos anteriores apontam que o cadete, durante o curso de forma\u00e7\u00e3o, recebe uma bolsa-aux\u00edlio. <\/p>\n\n\n\n<p>Ap\u00f3s a conclus\u00e3o do curso, o profissional \u00e9 nomeado como Aspirante-a-Oficial, passando posteriormente \u00e0 patente de 2\u00ba Tenente, com remunera\u00e7\u00e3o compat\u00edvel com cargos de n\u00edvel superior na \u00e1rea da Seguran\u00e7a P\u00fablica.<\/p>\n\n\n\n<p>Al\u00e9m do sal\u00e1rio, a carreira de oficial da PM PR oferece estabilidade empregat\u00edcia, plano de carreira, possibilidade de progress\u00e3o e benef\u00edcios como aux\u00edlio fardamento e assist\u00eancia m\u00e9dica.<\/p>\n\n\n\n<h2 class=\"wp-block-heading\" id=\"requisitos-para-participar-do-concurso-pm-pr-oficial\">Requisitos para participar do concurso PM PR Oficial<\/h2>\n\n\n\n<p>Para concorrer ao cargo de cadete da PM PR, o candidato dever\u00e1 atender a dois requisitos principais:<\/p>\n\n\n\n<ul class=\"wp-block-list\"><li>Forma\u00e7\u00e3o: possuir diploma de bacharel em Direito, devidamente reconhecido pelo Minist\u00e9rio da Educa\u00e7\u00e3o (MEC);<\/li>\n\n\n\n<li>Idade: ter, no m\u00e1ximo, 30 anos de idade at\u00e9 o primeiro dia do per\u00edodo de inscri\u00e7\u00f5es. Essa \u00e9 uma exig\u00eancia tradicional nos concursos da PM PR para a carreira de oficial.<\/li>\n<\/ul><p>Al\u00e9m disso, outros requisitos previstos em editais anteriores, como estar em dia com as obriga\u00e7\u00f5es militares e eleitorais e possuir aptid\u00e3o f\u00edsica e mental para o exerc\u00edcio do cargo, tamb\u00e9m devem ser mantidos no novo edital.<\/p>\n\n\n\n<h2 class=\"wp-block-heading\" id=\"etapas-do-concurso-pm-pr-oficial-seis-fases-at-a-aprovao-fin\">Etapas do concurso PM PR Oficial: seis fases at\u00e9 a aprova\u00e7\u00e3o final<\/h2>\n\n\n\n<p>A Pol\u00edcia Militar tamb\u00e9m confirmou que o concurso PM PR Oficial ser\u00e1 composto por seis etapas distintas, distribu\u00eddas entre avalia\u00e7\u00f5es de conhecimento, capacidade f\u00edsica e an\u00e1lise de conduta e aptid\u00e3o psicol\u00f3gica. S\u00e3o elas:<\/p>\n\n\n\n<ul class=\"wp-block-list\"><li>Prova objetiva e discursiva, de car\u00e1ter eliminat\u00f3rio e classificat\u00f3rio;<\/li>\n\n\n\n<li>Prova de t\u00edtulos, de car\u00e1ter classificat\u00f3rio;<\/li>\n\n\n\n<li>Exame de capacidade f\u00edsica (TAF), de car\u00e1ter eliminat\u00f3rio;<\/li>\n\n\n\n<li>Exame de sanidade f\u00edsica, de car\u00e1ter eliminat\u00f3rio;<\/li>\n\n\n\n<li>Avalia\u00e7\u00e3o psicol\u00f3gica, de car\u00e1ter eliminat\u00f3rio;<\/li>\n\n\n\n<li>Investiga\u00e7\u00e3o social, de car\u00e1ter eliminat\u00f3rio.<\/li>\n<\/ul><p>Essas etapas seguem o padr\u00e3o de concursos anteriores da corpora\u00e7\u00e3o e visam garantir que apenas candidatos com o perfil adequado avancem at\u00e9 a forma\u00e7\u00e3o.<\/p>\n\n\n\n<figure class=\"wp-block-image size-large\"><img decoding=\"async\" width=\"683\" height=\"1024\" src=\"https:\/\/www.novaconcursos.com.br\/portal\/wp-content\/uploads\/2025\/04\/Concurso-PM-PR-Oficial-683x1024.webp\" alt=\"\" class=\"wp-image-279508\" loading=\"lazy\" title=\"\" srcset=\"https:\/\/www.novaconcursos.com.br\/portal\/wp-content\/uploads\/2025\/04\/Concurso-PM-PR-Oficial-200x300.webp 200w, https:\/\/www.novaconcursos.com.br\/portal\/wp-content\/uploads\/2025\/04\/Concurso-PM-PR-Oficial-480x720.webp 480w, https:\/\/www.novaconcursos.com.br\/portal\/wp-content\/uploads\/2025\/04\/Concurso-PM-PR-Oficial-683x1024.webp 683w, https:\/\/www.novaconcursos.com.br\/portal\/wp-content\/uploads\/2025\/04\/Concurso-PM-PR-Oficial-768x1152.webp 768w, https:\/\/www.novaconcursos.com.br\/portal\/wp-content\/uploads\/2025\/04\/Concurso-PM-PR-Oficial.webp 1024w\" sizes=\"auto, (max-width: 480px) 100vw, (max-width: 768px) 100vw, (max-width: 1200px) 70vw, 768px\"><figcaption class=\"wp-element-caption\"><em>Edital do concurso PM PR Oficial deve ser publicado em breve.<\/em><\/figcaption><\/figure><h2 class=\"wp-block-heading\" id=\"contedo-programtico-das-provas\">Conte\u00fado program\u00e1tico das provas<\/h2>\n\n\n\n<p>A prova objetiva cobrar\u00e1 conte\u00fados de Conhecimentos Gerais e Conhecimentos Espec\u00edficos. A parte espec\u00edfica ter\u00e1 como foco a forma\u00e7\u00e3o jur\u00eddica do candidato, essencial para o desempenho das atribui\u00e7\u00f5es de oficial. As disciplinas previstas s\u00e3o:<\/p>\n\n\n\n<ul class=\"wp-block-list\"><li>Direito Constitucional;<\/li>\n\n\n\n<li>Direito Administrativo;<\/li>\n\n\n\n<li>Direito Penal;<\/li>\n\n\n\n<li>Direito Processual Penal;<\/li>\n\n\n\n<li>Direito Penal Militar;<\/li>\n\n\n\n<li>Direito Processual Penal Militar.<\/li>\n<\/ul><p>Espera-se que a prova objetiva inclua quest\u00f5es de m\u00faltipla escolha e que a prova discursiva exija do candidato a elabora\u00e7\u00e3o de uma reda\u00e7\u00e3o ou pe\u00e7a jur\u00eddica com base em temas da atualidade ou do Direito.<\/p>\n\n\n\n<p>A pontua\u00e7\u00e3o obtida nessa etapa ser\u00e1 determinante para a classifica\u00e7\u00e3o e avan\u00e7o dos candidatos no certame.<\/p>\n\n\n\n<div class=\"nova-continue-reading\"> Leia tamb\u00e9m:\u00a0<a href=\"https:\/\/www.novaconcursos.com.br\/portal\/pr\/\">Concursos abertos no estado do Paran\u00e1!<\/a> <\/div>\n\n\n\n<h2 class=\"wp-block-heading\" id=\"banca-organizadora-j-est-definida\">Banca organizadora j\u00e1 est\u00e1 definida<\/h2>\n\n\n\n<p>A corpora\u00e7\u00e3o confirmou que o <a href=\"https:\/\/www.institutoaocp.org.br\/\" target=\"_blank\" rel=\"noopener\">Instituto AOCP<\/a> ser\u00e1 o respons\u00e1vel pela organiza\u00e7\u00e3o do concurso PM PR Oficial. Cabe \u00e0 banca receber as inscri\u00e7\u00f5es, elaborar e aplicar as provas, al\u00e9m de divulgar os resultados parciais e finais de cada fase. <\/p>\n\n\n\n<p>A escolha do Instituto AOCP mant\u00e9m a tradi\u00e7\u00e3o da corpora\u00e7\u00e3o, que j\u00e1 utilizou a banca em sele\u00e7\u00f5es anteriores.<\/p>\n\n\n\n<p>Com a defini\u00e7\u00e3o da organizadora, o pr\u00f3ximo passo ser\u00e1 a publica\u00e7\u00e3o do edital completo, que dever\u00e1 trazer o cronograma oficial com as datas de inscri\u00e7\u00e3o, provas e demais fases.<\/p>\n\n\n\n<p><strong>Fiquem ligados na nossa p\u00e1gina para as pr\u00f3ximas not\u00edcias sobre o concurso PM PR Oficial!<\/strong><\/p>","protected":false},"excerpt":{"rendered":"<p>O concurso PM PR Oficial j\u00e1 conta com a banca organizada definida, o Instituto AOCP, e edital pode ser publicado em breve.<\/p>\n","protected":false},"author":54694,"featured_media":279507,"comment_status":"closed","ping_status":"closed","sticky":false,"template":"","format":"standard","meta":{"_acf_changed":false,"footnotes":"","_wp_rev_ctl_limit":""},"categories":[228,44941,44952],"tags":[5825,45023],"class_list":["post-279502","post","type-post","status-publish","format-standard","has-post-thumbnail","hentry","category-noticias","category-carreira-policial","category-pr","tag-concurso-pm-pr","tag-concursos-abertos-pr"],"acf":[],"_links":{"self":[{"href":"https:\/\/www.novaconcursos.com.br\/portal\/wp-json\/wp\/v2\/posts\/279502","targetHints":{"allow":["GET"]}}],"collection":[{"href":"https:\/\/www.novaconcursos.com.br\/portal\/wp-json\/wp\/v2\/posts"}],"about":[{"href":"https:\/\/www.novaconcursos.com.br\/portal\/wp-json\/wp\/v2\/types\/post"}],"author":[{"embeddable":true,"href":"https:\/\/www.novaconcursos.com.br\/portal\/wp-json\/wp\/v2\/users\/54694"}],"replies":[{"embeddable":true,"href":"https:\/\/www.novaconcursos.com.br\/portal\/wp-json\/wp\/v2\/comments?post=279502"}],"version-history":[{"count":8,"href":"https:\/\/www.novaconcursos.com.br\/portal\/wp-json\/wp\/v2\/posts\/279502\/revisions"}],"predecessor-version":[{"id":302240,"href":"https:\/\/www.novaconcursos.com.br\/portal\/wp-json\/wp\/v2\/posts\/279502\/revisions\/302240"}],"wp:featuredmedia":[{"embeddable":true,"href":"https:\/\/www.novaconcursos.com.br\/portal\/wp-json\/wp\/v2\/media\/279507"}],"wp:attachment":[{"href":"https:\/\/www.novaconcursos.com.br\/portal\/wp-json\/wp\/v2\/media?parent=279502"}],"wp:term":[{"taxonomy":"category","embeddable":true,"href":"https:\/\/www.novaconcursos.com.br\/portal\/wp-json\/wp\/v2\/categories?post=279502"},{"taxonomy":"post_tag","embeddable":true,"href":"https:\/\/www.novaconcursos.com.br\/portal\/wp-json\/wp\/v2\/tags?post=279502"}],"curies":[{"name":"wp","href":"https:\/\/api.w.org\/{rel}","templated":true}]}}