{"id":279932,"date":"2025-04-21T10:53:44","date_gmt":"2025-04-21T13:53:44","guid":{"rendered":"https:\/\/www.novaconcursos.com.br\/portal\/?p=279932"},"modified":"2025-04-21T10:53:48","modified_gmt":"2025-04-21T13:53:48","slug":"see-sp-adesao-pnd","status":"publish","type":"post","link":"https:\/\/www.novaconcursos.com.br\/portal\/noticias\/see-sp-adesao-pnd\/","title":{"rendered":"SEE SP confirma ades\u00e3o a PND para pr\u00f3ximos editais!"},"content":{"rendered":"<p>Em um movimento que pode transformar a forma de ingresso de professores na rede estadual, <strong>a <a href=\"https:\/\/www.novaconcursos.com.br\/portal\/concursos\/cnu-professores\/\">SEE SP<\/a> confirmou sua ades\u00e3o \u00e0 Prova Nacional Docente<\/strong> (PND), iniciativa do Minist\u00e9rio da Educa\u00e7\u00e3o que promete padronizar e qualificar os processos seletivos em todo o pa\u00eds. <\/p>\n\n\n\n<p>A proposta do PND \u00e9 permitir que a avalia\u00e7\u00e3o seja utilizada como etapa \u00fanica ou complementar em concursos e processos seletivos para a admiss\u00e3o de docentes e deve ser realizada anualmente, podendo contar com fases complementares.<\/p>\n\n\n\n<p>A ades\u00e3o paulista sinaliza n\u00e3o apenas a confian\u00e7a no modelo proposto pelo governo federal, mas tamb\u00e9m o preparo para lan\u00e7ar novos editais j\u00e1 alinhados com a metodologia nacional. Os \u00f3rg\u00e3os tem at\u00e9 junho para confirmarem a participa\u00e7\u00e3o!<\/p>\n\n\n\n<h2 class=\"wp-block-heading\" id=\"see-sp-confirma-adeso-ao-cnu-dos-professores\">SEE SP confirma ades\u00e3o ao CNU dos professores<\/h2>\n\n\n\n<p>A <a href=\"https:\/\/www.educacao.sp.gov.br\/\" target=\"_blank\" rel=\"noopener\">Secretaria de Educa\u00e7\u00e3o do Estado de S\u00e3o Paulo<\/a> confirmou oficialmente sua ades\u00e3o \u00e0 Prova Nacional Docente , exame promovido pelo Minist\u00e9rio da Educa\u00e7\u00e3o (MEC) e pelo Instituto Nacional de Estudos e Pesquisas Educacionais An\u00edsio Teixeira (Inep). <\/p>\n\n\n\n<p>A decis\u00e3o posiciona o estado entre os primeiros a confirmar participa\u00e7\u00e3o na iniciativa, que visa padronizar e qualificar o processo de sele\u00e7\u00e3o de professores da educa\u00e7\u00e3o b\u00e1sica em todo o pa\u00eds.<\/p>\n\n\n\n<p>Com a ades\u00e3o, os pr\u00f3ximos editais da SEE SP poder\u00e3o utilizar a nota obtida na PND como etapa \u00fanica ou complementar no processo seletivo para contrata\u00e7\u00e3o de docentes. <\/p>\n\n\n\n<p>Essa mudan\u00e7a representa um marco na forma como o estado realizar\u00e1 concursos p\u00fablicos para o magist\u00e9rio e est\u00e1 alinhada com os esfor\u00e7os do MEC para modernizar e tornar mais eficaz o recrutamento de profissionais da educa\u00e7\u00e3o.<\/p>\n\n\n\n<h3 class=\"wp-block-heading\">Prazo para ades\u00e3o se encerra em junho!<\/h3>\n\n\n\n<p>A ades\u00e3o \u00e0 Prova Nacional Docente ainda est\u00e1 aberta para estados, munic\u00edpios e o Distrito Federal at\u00e9 o <strong>dia 15 de junho<\/strong>, por meio do Sistema Integrado de Monitoramento, Execu\u00e7\u00e3o e Controle do Minist\u00e9rio da Educa\u00e7\u00e3o (Simec). <\/p>\n\n\n\n<p>At\u00e9 o momento, al\u00e9m da SEE SP, outras quatro redes confirmaram oficialmente a participa\u00e7\u00e3o:<\/p>\n\n\n\n<ul class=\"wp-block-list\"><li>Secretaria Municipal de Educa\u00e7\u00e3o de S\u00e3o Paulo (SME SP)<\/li>\n\n\n\n<li>Secretaria de Estado da Educa\u00e7\u00e3o do Amap\u00e1 (SEED AP)<\/li>\n\n\n\n<li>Secretaria de Educa\u00e7\u00e3o da Bahia (SEC BA)<\/li>\n\n\n\n<li>Secretaria da Educa\u00e7\u00e3o do Estado de Tocantins (Seduc TO)<\/li>\n<\/ul><figure class=\"wp-block-image size-large\"><img decoding=\"async\" width=\"1024\" height=\"683\" src=\"https:\/\/www.novaconcursos.com.br\/portal\/wp-content\/uploads\/2025\/04\/pnd-see-sp-1024x683.webp\" alt=\"\" class=\"wp-image-279939\" loading=\"lazy\" title=\"\" srcset=\"https:\/\/www.novaconcursos.com.br\/portal\/wp-content\/uploads\/2025\/04\/pnd-see-sp-300x200.webp 300w, https:\/\/www.novaconcursos.com.br\/portal\/wp-content\/uploads\/2025\/04\/pnd-see-sp-480x320.webp 480w, https:\/\/www.novaconcursos.com.br\/portal\/wp-content\/uploads\/2025\/04\/pnd-see-sp-768x512.webp 768w, https:\/\/www.novaconcursos.com.br\/portal\/wp-content\/uploads\/2025\/04\/pnd-see-sp-1024x683.webp 1024w, https:\/\/www.novaconcursos.com.br\/portal\/wp-content\/uploads\/2025\/04\/pnd-see-sp-1536x1024.webp 1536w, https:\/\/www.novaconcursos.com.br\/portal\/wp-content\/uploads\/2025\/04\/pnd-see-sp.webp 1800w\" sizes=\"auto, (max-width: 480px) 100vw, (max-width: 768px) 100vw, (max-width: 1200px) 70vw, 768px\"><figcaption class=\"wp-element-caption\"><em>CNU dos professores ter\u00e1 ades\u00e3o dos \u00f3rg\u00e3os at\u00e9 junho.<\/em><\/figcaption><\/figure><h2 class=\"wp-block-heading\" id=\"ltimo-concurso-da-see-sp-teve-mais-de-289-mil-inscritos\">\u00daltimo concurso da SEE SP teve mais de 289 mil inscritos<\/h2>\n\n\n\n<p>A confirma\u00e7\u00e3o da ades\u00e3o ocorre ap\u00f3s um dos maiores concursos p\u00fablicos da hist\u00f3ria recente da Educa\u00e7\u00e3o paulista. Em 2023, a SEE SP realizou sele\u00e7\u00e3o com 15 mil vagas para professores de n\u00edveis fundamental e m\u00e9dio, atraindo mais de 289 mil candidatos.<\/p>\n\n\n\n<p>As vagas foram distribu\u00eddas da seguinte forma:<\/p>\n\n\n\n<ul class=\"wp-block-list\"><li>4.258 vagas para jornada completa de trabalho docente (25 horas semanais);<\/li>\n\n\n\n<li>10.742 vagas para jornada ampliada (40 horas semanais).<\/li>\n<\/ul><p>Com a nova ades\u00e3o \u00e0 PND, espera-se que o pr\u00f3ximo edital mantenha um volume expressivo de oportunidades, mas agora com um formato de avalia\u00e7\u00e3o nacional.<\/p>\n\n\n\n<h2 class=\"wp-block-heading\" id=\"o-que-a-prova-nacional-docente\">O que \u00e9 a Prova Nacional Docente?<\/h2>\n\n\n\n<p>A PND \u00e9 um exame anual e padronizado, que tem como objetivo fornecer um crit\u00e9rio nacional de avalia\u00e7\u00e3o para a sele\u00e7\u00e3o de professores da educa\u00e7\u00e3o b\u00e1sica. O teste \u00e9 elaborado pelo Inep e coordenado pelo MEC, sendo voltado a estados, munic\u00edpios e o Distrito Federal que desejam utiliz\u00e1-lo em seus processos seletivos.<\/p>\n\n\n\n<p>As redes podem adotar a nota da PND de duas formas:<\/p>\n\n\n\n<ul class=\"wp-block-list\"><li>Como etapa \u00fanica de sele\u00e7\u00e3o;<\/li>\n\n\n\n<li>Como etapa complementar, integrada a outras fases, como provas de t\u00edtulos ou an\u00e1lise de experi\u00eancia profissional.<\/li>\n<\/ul><div class=\"nova-continue-reading\"> Leia tamb\u00e9m: <a href=\"https:\/\/www.novaconcursos.com.br\/portal\/noticias\/cnu-professores-guia\/#como-funciona-a-adeso-pnd-pelo-cnu-professores\">Como funciona a ades\u00e3o \u00e0 PND pelo CNU professores?<\/a> <\/div>\n\n\n\n<h2 class=\"wp-block-heading\" id=\"estados-e-municpios-que-j-se-posicionaram\">Estados e munic\u00edpios que j\u00e1 se posicionaram<\/h2>\n\n\n\n<p>Apesar do avan\u00e7o da iniciativa, alguns estados ainda n\u00e3o aderiram ou declararam impossibilidade de participa\u00e7\u00e3o neste momento. Confira o panorama:<\/p>\n\n\n\n<p><span style=\"text-decoration: underline;\">Estados que confirmaram ades\u00e3o<\/span>:<\/p>\n\n\n\n<ul class=\"wp-block-list\"><li>S\u00e3o Paulo (SEE SP e SME SP)<\/li>\n\n\n\n<li>Amap\u00e1 (SEED AP)<\/li>\n\n\n\n<li>Bahia (SEC BA)<\/li>\n\n\n\n<li>Tocantins (Seduc TO)<\/li>\n<\/ul><p><span style=\"text-decoration: underline;\">Estados que n\u00e3o ir\u00e3o aderir<\/span>:<\/p>\n\n\n\n<ul class=\"wp-block-list\"><li>Rio de Janeiro (Seeduc RJ): impossibilidade devido ao Regime de Recupera\u00e7\u00e3o Fiscal.<\/li>\n\n\n\n<li>Paran\u00e1 (SEED PR): concurso vigente e sele\u00e7\u00e3o em vigor.<\/li>\n\n\n\n<li>Acre (SEE AC): informou que n\u00e3o participar\u00e1.<\/li>\n\n\n\n<li>Esp\u00edrito Santo (SEDU ES): est\u00e1 com edital em andamento, com homologa\u00e7\u00e3o prevista para julho de 2025.<\/li>\n<\/ul><p><span style=\"text-decoration: underline;\">Estados que ainda estudam a ades\u00e3o<\/span>:<\/p>\n\n\n\n<ul class=\"wp-block-list\"><li>Minas Gerais (SEE MG)<\/li>\n\n\n\n<li>Roraima (Seed RR)<\/li>\n\n\n\n<li>Maranh\u00e3o (Seduc MA)<\/li>\n\n\n\n<li>Sergipe (SEDUC SE)<\/li>\n\n\n\n<li>Santa Catarina (SED SC)<\/li>\n\n\n\n<li>Rond\u00f4nia (SEDUC RO)<\/li>\n\n\n\n<li>Rio Grande do Sul (SEDUC RS)<\/li>\n\n\n\n<li>Piau\u00ed (SEDUC PI)<\/li>\n\n\n\n<li>Par\u00e1 (SEDUC PA)<\/li>\n\n\n\n<li>Distrito Federal (SEDF)<\/li>\n\n\n\n<li>Amazonas (Seduc AM)<\/li>\n\n\n\n<li>Alagoas (SEDUC AL)<\/li>\n<\/ul><p><span style=\"text-decoration: underline;\">Capitais que ainda n\u00e3o se manifestaram<\/span>:<\/p>\n\n\n\n<p>Munic\u00edpios como Rio Branco, Manaus, Bel\u00e9m, Macei\u00f3, Salvador, Belo Horizonte, Rio de Janeiro, Goi\u00e2nia, Curitiba e Porto Alegre est\u00e3o entre os que ainda n\u00e3o informaram se pretendem aderir \u00e0 iniciativa.<\/p>\n\n\n\n<div class=\"nova-continue-reading\"> Confira: <a href=\"https:\/\/www.novaconcursos.com.br\/portal\/concursos-abertos\/\">Concursos abertos em 2025!<\/a> <\/div>\n\n\n\n<h2 class=\"wp-block-heading\" id=\"qual-a-fora-do-pnd\">Qual a for\u00e7a do PND?<\/h2>\n\n\n\n<p>A ades\u00e3o da SEE SP refor\u00e7a o peso que a PND poder\u00e1 ter nos concursos p\u00fablicos de professores a partir de 2025. Com a padroniza\u00e7\u00e3o e a centraliza\u00e7\u00e3o da aplica\u00e7\u00e3o da prova pelo Inep, espera-se maior transpar\u00eancia, qualidade na avalia\u00e7\u00e3o dos candidatos e agilidade nos processos seletivos.<\/p>\n\n\n\n<p>A movimenta\u00e7\u00e3o tamb\u00e9m indica que os pr\u00f3ximos concursos da Educa\u00e7\u00e3o paulista poder\u00e3o ocorrer j\u00e1 com a nova metodologia, ainda mais considerando o hist\u00f3rico de grandes sele\u00e7\u00f5es no estado e a necessidade cont\u00ednua de reposi\u00e7\u00e3o de profissionais no quadro da rede estadual.<\/p>\n\n\n\n<p>O MEC e o Inep devem divulgar em breve o cronograma oficial da PND 2025, incluindo datas de inscri\u00e7\u00e3o, estrutura da prova e crit\u00e9rios de avalia\u00e7\u00e3o.<\/p>\n\n\n\n<p><strong>Fiquem ligados na nossa p\u00e1gina para as pr\u00f3ximas not\u00edcias sobre concursos!<\/strong><\/p>","protected":false},"excerpt":{"rendered":"<p>S\u00e3o Paulo confirma ades\u00e3o \u00e0 PND. O Estado deve usar a PND nos pr\u00f3ximos editais da rede estadual de ensino.<\/p>\n","protected":false},"author":54694,"featured_media":279935,"comment_status":"closed","ping_status":"closed","sticky":false,"template":"","format":"standard","meta":{"_acf_changed":false,"footnotes":"","_wp_rev_ctl_limit":""},"categories":[228,44944,44949],"tags":[45069,45026],"class_list":["post-279932","post","type-post","status-publish","format-standard","has-post-thumbnail","hentry","category-noticias","category-carreira-educacao","category-sp","tag-cnu-dos-professores","tag-concursos-abertos-sp-2"],"acf":[],"_links":{"self":[{"href":"https:\/\/www.novaconcursos.com.br\/portal\/wp-json\/wp\/v2\/posts\/279932","targetHints":{"allow":["GET"]}}],"collection":[{"href":"https:\/\/www.novaconcursos.com.br\/portal\/wp-json\/wp\/v2\/posts"}],"about":[{"href":"https:\/\/www.novaconcursos.com.br\/portal\/wp-json\/wp\/v2\/types\/post"}],"author":[{"embeddable":true,"href":"https:\/\/www.novaconcursos.com.br\/portal\/wp-json\/wp\/v2\/users\/54694"}],"replies":[{"embeddable":true,"href":"https:\/\/www.novaconcursos.com.br\/portal\/wp-json\/wp\/v2\/comments?post=279932"}],"version-history":[{"count":4,"href":"https:\/\/www.novaconcursos.com.br\/portal\/wp-json\/wp\/v2\/posts\/279932\/revisions"}],"predecessor-version":[{"id":279940,"href":"https:\/\/www.novaconcursos.com.br\/portal\/wp-json\/wp\/v2\/posts\/279932\/revisions\/279940"}],"wp:featuredmedia":[{"embeddable":true,"href":"https:\/\/www.novaconcursos.com.br\/portal\/wp-json\/wp\/v2\/media\/279935"}],"wp:attachment":[{"href":"https:\/\/www.novaconcursos.com.br\/portal\/wp-json\/wp\/v2\/media?parent=279932"}],"wp:term":[{"taxonomy":"category","embeddable":true,"href":"https:\/\/www.novaconcursos.com.br\/portal\/wp-json\/wp\/v2\/categories?post=279932"},{"taxonomy":"post_tag","embeddable":true,"href":"https:\/\/www.novaconcursos.com.br\/portal\/wp-json\/wp\/v2\/tags?post=279932"}],"curies":[{"name":"wp","href":"https:\/\/api.w.org\/{rel}","templated":true}]}}