{"id":28018,"date":"2015-10-26T17:16:02","date_gmt":"2015-10-26T19:16:02","guid":{"rendered":"http:\/\/www.novaconcursos.com.br\/portal\/?p=28018"},"modified":"2015-10-26T17:16:02","modified_gmt":"2015-10-26T19:16:02","slug":"prefeitura-de-dias-davila-ba-abre-concurso-para-professores-e-nutricionistas-2015-10","status":"publish","type":"post","link":"https:\/\/www.novaconcursos.com.br\/portal\/noticias\/prefeitura-de-dias-davila-ba-abre-concurso-para-professores-e-nutricionistas-2015-10\/","title":{"rendered":"Prefeitura de Dias d&#8217;\u00c1vila &#8211; BA abre concurso para Professores e Nutricionistas"},"content":{"rendered":"<p><a href=\"https:\/\/www.novaconcursos.com.br\/portal\/wp-content\/uploads\/2015\/10\/pref-dias-davila-logao.jpg\"><img decoding=\"async\" class=\" size-medium wp-image-28016 alignleft\" src=\"https:\/\/www.novaconcursos.com.br\/portal\/wp-content\/uploads\/2015\/10\/pref-dias-davila-logao-300x98.jpg\" alt=\"pref dias davila logao\" width=\"300\" height=\"98\" loading=\"lazy\" title=\"\" srcset=\"https:\/\/www.novaconcursos.com.br\/portal\/wp-content\/uploads\/2015\/10\/pref-dias-davila-logao-300x98.jpg 300w, https:\/\/www.novaconcursos.com.br\/portal\/wp-content\/uploads\/2015\/10\/pref-dias-davila-logao.jpg 433w\" sizes=\"auto, (max-width: 480px) 100vw, (max-width: 768px) 100vw, (max-width: 1200px) 70vw, 768px\"><\/a>Os habitantes do Munic\u00edpio de <strong>Dias d\u2019\u00c1vila<\/strong>, na Bahia, est\u00e3o com uma nova oportunidade de concurso. A Prefeitura abriu <strong>136 vagas<\/strong> para profissionais de n\u00edvel superior completo para os cargos de <strong>Professor<\/strong> e <strong>Nutricionista<\/strong>, com sal\u00e1rios que v\u00e3o de\u00a0<strong>R$ 2.074,43 a R$ 2.963,50<\/strong>.<\/p>\n<p><strong>Vagas<\/strong><\/p>\n<p>Os aprovados podem fazer\u00a0jornadas de trabalho que variam de 20h a 40h semanais.<\/p>\n<p>As oportunidades s\u00e3o para: Professor de Educa\u00e7\u00e3o Infantil; Professor de Educa\u00e7\u00e3o Infantil; Professor de Series Iniciais do Ensino Fundamental; Professor de Series Iniciais do Ensino Fundamental; Professor nas \u00e1reas de Arte; M\u00fasica; Dan\u00e7a; Ci\u00eancias; Educa\u00e7\u00e3o F\u00edsica \u2013 Ed. Infantil; Filosofia; Geografia; Hist\u00f3ria; Ingl\u00eas; L\u00edngua Portuguesa; Matem\u00e1tica; Sociologia; e Libras; Nutricionista.<\/p>\n<p><strong>Inscri\u00e7\u00f5es<\/strong><\/p>\n<p>Os interessados em participar t\u00eam\u00a0<strong>at\u00e9 o dia 3 de novembro de 2015<\/strong>\u00a0para se inscrever no<a href=\"http:\/\/srconcursosepesquisas.com.br\/v2\/concurso\/47\/CONCURSO-PUBLICO-MUNICIPAL-DE-DIAS-D'AVILA\/edital\/001\/2015\" target=\"_blank\" rel=\"noopener noreferrer\"><em> site<\/em> da organizadora SR Concursos e Pesquisas<\/a>. \u00c9 poss\u00edvel tamb\u00e9m se inscrever pessoalmente no Infocentro, localizado na Avenida Raul Seixas, n\u00ba 418, Centro. O hor\u00e1rio de atendimento \u00e9 das 8h \u00e0s 17h. A taxa de inscri\u00e7\u00e3o \u00e9 R$ 70,00.<\/p>\n<p><strong>Prova<\/strong><\/p>\n<p>O processo seletivo \u00e9 composto por prova objetiva prevista para acontecer no dia <strong>6 de dezembro de 2015<\/strong>, al\u00e9m de prova de t\u00edtulos e teste de sanidade f\u00edsica e mental.<\/p>\n<p>Para saber mais informa\u00e7\u00f5es e baixar o edital, <a href=\"https:\/\/www.novaconcursos.com.br\/portal\/concursos\/concurso-prefeitura-de-dias-davila-ba\/\" target=\"_blank\" rel=\"noopener noreferrer\">veja a p\u00e1gina do <strong>Concurso Prefeitura de Dias d\u2019\u00c1vila.<\/strong><\/a><\/p>","protected":false},"excerpt":{"rendered":"<p>Os habitantes do Munic\u00edpio de Dias d\u2019\u00c1vila, na Bahia, est\u00e3o com uma nova oportunidade de concurso. A Prefeitura abriu 136 vagas para profissionais de n\u00edvel superior completo para os cargos de Professor e Nutricionista, com sal\u00e1rios que v\u00e3o de\u00a0R$ 2.074,43 a R$ 2.963,50. Vagas Os aprovados podem fazer\u00a0jornadas de trabalho que variam de 20h a [&hellip;]<\/p>\n","protected":false},"author":16,"featured_media":28015,"comment_status":"closed","ping_status":"closed","sticky":false,"template":"","format":"standard","meta":{"_acf_changed":false,"footnotes":"","_wp_rev_ctl_limit":""},"categories":[228],"tags":[15209,15208],"class_list":["post-28018","post","type-post","status-publish","format-standard","has-post-thumbnail","hentry","category-noticias","tag-analise-de-edital-concurso-prefeitura-de-dias-davila","tag-concurso-prefeitura-de-dias-davila"],"acf":[],"_links":{"self":[{"href":"https:\/\/www.novaconcursos.com.br\/portal\/wp-json\/wp\/v2\/posts\/28018","targetHints":{"allow":["GET"]}}],"collection":[{"href":"https:\/\/www.novaconcursos.com.br\/portal\/wp-json\/wp\/v2\/posts"}],"about":[{"href":"https:\/\/www.novaconcursos.com.br\/portal\/wp-json\/wp\/v2\/types\/post"}],"author":[{"embeddable":true,"href":"https:\/\/www.novaconcursos.com.br\/portal\/wp-json\/wp\/v2\/users\/16"}],"replies":[{"embeddable":true,"href":"https:\/\/www.novaconcursos.com.br\/portal\/wp-json\/wp\/v2\/comments?post=28018"}],"version-history":[{"count":2,"href":"https:\/\/www.novaconcursos.com.br\/portal\/wp-json\/wp\/v2\/posts\/28018\/revisions"}],"predecessor-version":[{"id":28021,"href":"https:\/\/www.novaconcursos.com.br\/portal\/wp-json\/wp\/v2\/posts\/28018\/revisions\/28021"}],"wp:featuredmedia":[{"embeddable":true,"href":"https:\/\/www.novaconcursos.com.br\/portal\/wp-json\/wp\/v2\/media\/28015"}],"wp:attachment":[{"href":"https:\/\/www.novaconcursos.com.br\/portal\/wp-json\/wp\/v2\/media?parent=28018"}],"wp:term":[{"taxonomy":"category","embeddable":true,"href":"https:\/\/www.novaconcursos.com.br\/portal\/wp-json\/wp\/v2\/categories?post=28018"},{"taxonomy":"post_tag","embeddable":true,"href":"https:\/\/www.novaconcursos.com.br\/portal\/wp-json\/wp\/v2\/tags?post=28018"}],"curies":[{"name":"wp","href":"https:\/\/api.w.org\/{rel}","templated":true}]}}