{"id":28101,"date":"2022-03-10T08:48:27","date_gmt":"2022-03-10T11:48:27","guid":{"rendered":"http:\/\/www.novaconcursos.com.br\/portal\/?post_type=nc-public-tender&#038;p=28101"},"modified":"2024-12-16T09:54:02","modified_gmt":"2024-12-16T12:54:02","slug":"concurso-prefeitura-de-goiania-go","status":"publish","type":"post","link":"https:\/\/www.novaconcursos.com.br\/portal\/concursos\/concurso-prefeitura-de-goiania-go\/","title":{"rendered":"Concurso Pref. de Goi\u00e2nia GO: Edital publicado. Sal\u00e1rio de at\u00e9 R$ 3,4 mil!"},"content":{"rendered":"<p>Boas not\u00edcias, concurseiros! Foi publicado o edital do novo <strong>concurso Prefeitura de Goi\u00e2nia GO<\/strong> com a oferta de <strong>1.376 oportunidades<\/strong> entre cargos de n\u00edveis fundamental, m\u00e9dio e superior.<\/p>\n<p>Al\u00e9m disso, as inscri\u00e7\u00f5es ocorrer\u00e3o durante <strong>o m\u00eas de abril<\/strong>. Se voc\u00ea se interessa pela sele\u00e7\u00e3o, confira<strong> todos os detalhes<\/strong> do edital a seguir!<\/p>\n<ul><li><a class=\"_ps2id\" href=\"#inscri%C3%A7%C3%B5es-concurso\" data-ps2id-offset=\"\">Inscri\u00e7\u00f5es<\/a>\n<ul><li><a class=\"_ps2id\" href=\"#isen%C3%A7%C3%A3o-taxa\" data-ps2id-offset=\"\">Isen\u00e7\u00e3o de taxa<\/a><\/li>\n<\/ul><\/li>\n<li><a class=\"_ps2id\" href=\"#vagas-cargos\" data-ps2id-offset=\"\">Vagas, cargos e remunera\u00e7\u00f5es<\/a><\/li>\n<li><a class=\"_ps2id\" href=\"#requisitos-b%C3%A1sicos\" data-ps2id-offset=\"\">Requisitos<\/a><\/li>\n<li><a class=\"_ps2id\" href=\"#provas-concurso\" data-ps2id-offset=\"\">Provas<\/a>\n<ul><li><a class=\"_ps2id\" href=\"#prova-objetiva\" data-ps2id-offset=\"\">Prova Objetiva<\/a><\/li>\n<li><a class=\"_ps2id\" href=\"#capacidade-f%C3%ADsica\" data-ps2id-offset=\"\">Prova de Capacidade F\u00edsica<\/a><\/li>\n<li><a class=\"_ps2id\" href=\"#an%C3%A1lise-t%C3%ADtulos\" data-ps2id-offset=\"\">An\u00e1lise de T\u00edtulos<\/a><\/li>\n<\/ul><\/li>\n<\/ul><p>\u00a0<\/p>\n<h2 id=\"ps2id-idinscriesconcurso-targetconcurso-pref-de-goinia-go-in\">[ps2id id=\u2019inscri\u00e7\u00f5es-concurso\u2019 target=\u201d\/]Concurso Pref. de Goi\u00e2nia GO: inscri\u00e7\u00f5es<\/h2>\n<p>Primeiramente, \u00e9 essencial que os concurseiros interessados no concurso Pref. de Goi\u00e2nia GO saibam que poder\u00e3o realizar sua <strong>inscri\u00e7\u00e3o<\/strong> entre os dias <strong>08 e 29 de abril,<\/strong> por meio do site do Centro de Sele\u00e7\u00e3o da <a href=\"https:\/\/centrodeselecao.ufg.br\/2020\/concurso-goiania\/\" target=\"_blank\" rel=\"noopener noreferrer\">UFG<\/a> (Universidade Federal de Goi\u00e1s).<\/p>\n<p>Al\u00e9m disso, para efetivar a participa\u00e7\u00e3o \u00e9 necess\u00e1rio que os candidatos da sele\u00e7\u00e3o efetuem o pagamento da <strong>taxa de inscri\u00e7\u00e3o<\/strong>, cujo valor varia conforme o n\u00edvel de escolaridade, sendo:<\/p>\n<ul><li><strong>N\u00edvel Fundamental Incompleto<\/strong> \u2013 R$ 60,00<\/li>\n<li><strong>N\u00edvel M\u00e9dio<\/strong> \u2013 R$ 80,00<\/li>\n<li><strong>N\u00edvel Superior<\/strong> \u2013 R$ 120,00<\/li>\n<\/ul><p>\u00a0<\/p>\n<p>Estude para o concurso dos seus sonhos com a <a href=\"https:\/\/aprovacao.novaconcursos.com.br\/assinatura\" target=\"_blank\" rel=\"noopener noreferrer\">Assinatura Completa da Nova.<\/a> Tenha acesso a <strong>Cursos, Plataforma de Quest\u00f5es, Eventos Exclusivos<\/strong> para Assinantes e Muito Mais!<\/p>\n<h3>[ps2id id=\u2019isen\u00e7\u00e3o-taxa\u2019 target=\u201d\/]Isen\u00e7\u00e3o de taxa<\/h3>\n<p>\u00c9 igualmente essencial destacar que entre os dias <strong>08 e 12 de abril<\/strong> poder\u00e3o solicitar a <strong>isen\u00e7\u00e3o de taxa<\/strong> aqueles que se encaixem nos seguintes perfis:<\/p>\n<ul><li>candidatos que forem membro de fam\u00edlia de baixa renda e inscrito no Cadastro \u00danico para Programas Sociais do Governo Federal, de que trata o Decreto Federal n\u00ba 6.135, de 26 de junho de 2007;<\/li>\n<li>doadores de sangue, conforme determina a Lei Municipal n\u00ba 8.717, de 26 de novembro de 2008 e altera\u00e7\u00f5es posteriores;<\/li>\n<li>doadores de medula \u00f3ssea, em conformidade com a Lei Municipal n\u00ba 9.611, de 2 de julho de 2015.<\/li>\n<\/ul><p>\u00a0<\/p>\n<h2 id=\"ps2id-idvagascargos-targetvagas-cargos-e-remuneraes\">[ps2id id=\u2019vagas-cargos\u2019 target=\u201d\/]Vagas, cargos e remunera\u00e7\u00f5es<\/h2>\n<p>Em suma, o novo concurso da Prefeitura de Goi\u00e2nia, no estado de <a href=\"https:\/\/www.novaconcursos.com.br\/portal\/concursos-abertos\/go\/\">Goi\u00e1s,<\/a> oferta<strong> 1.376 oportunidades<\/strong> entre cargos de n\u00edveis fundamental incompleto, m\u00e9dio e superior. Sendo assim, confira quais <strong>carreiras<\/strong> s\u00e3o contempladas pelo edital:<\/p>\n<p><strong>N\u00edvel Fundamental Incompleto<\/strong><\/p>\n<ul><li>Agente de Apoio Educacional<\/li>\n<\/ul><p>\u00a0<\/p>\n<p><strong>N\u00edvel M\u00e9dio<\/strong><\/p>\n<ul><li>Agente Comunit\u00e1rio de Sa\u00fade<\/li>\n<li>Agente de Combate \u00e0s Endemias<\/li>\n<li>Assistente Administrativo Educacional<\/li>\n<li>Auxiliar de Atividades Educativas<\/li>\n<li>Auxiliar em Sa\u00fade<\/li>\n<li>Educador Social<\/li>\n<li>T\u00e9cnico em Sa\u00fade<\/li>\n<\/ul><p>\u00a0<\/p>\n<p><strong>N\u00edvel Superior<\/strong><\/p>\n<ul><li>Analista em Assuntos Sociais<\/li>\n<li>Analista em Comunica\u00e7\u00e3o Social<\/li>\n<li>Analista em Cultura e Desportos<\/li>\n<li>Analista em Obras e Urbanismo<\/li>\n<li>Especialista em Sa\u00fade<\/li>\n<li>M\u00e9dico<\/li>\n<li>Profissional de Educa\u00e7\u00e3o II<\/li>\n<\/ul><p>\u00a0<\/p>\n<p>Al\u00e9m disso, os aprovados no concurso p\u00fablico contar\u00e3o com <strong>remunera\u00e7\u00f5es<\/strong> que variam entre <strong>R$ 1.212,00 e R$ 3.452,93<\/strong>, a depender do cargo escolhido. As jornadas de trabalho tamb\u00e9m variam, sendo de<strong> 20, 24, 30 ou 40 horas<\/strong> semanais.<\/p>\n<h2 id=\"ps2id-idrequisitosbsicos-targetquais-so-os-requisitos-bsicos\">[ps2id id=\u2019requisitos-b\u00e1sicos\u2019 target=\u201d\/]Quais s\u00e3o os requisitos b\u00e1sicos?<\/h2>\n<p>Tamb\u00e9m \u00e9 de suma import\u00e2ncia que os candidatos do concurso Pref. de Goi\u00e2nia GO saibam que para a posse nos cargos ofertados dever\u00e3o cumprir com os seguintes <strong>requisitos b\u00e1sicos:<\/strong><\/p>\n<ul><li>comparecer no prazo fixado no Edital de Convoca\u00e7\u00e3o e apresentar as Certid\u00f5es para nomea\u00e7\u00e3o nos termos do artigo 20-A da Lei Org\u00e2nica do Munic\u00edpio, assim como todos os documentos exigidos;<\/li>\n<li>comprovar, na data da posse, que possui os requisitos exigidos para o cargo, inclusive o comprovante de escolaridade;<\/li>\n<li>tiver, no m\u00ednimo, a idade de 18 (dezoito) anos na data da posse;<\/li>\n<li>for brasileiro nato, naturalizado ou cidad\u00e3o portugu\u00eas, que tenha adquirido igualdade de direitos e obriga\u00e7\u00f5es civis e gozo de direitos pol\u00edticos, conforme Decreto Federal n\u00ba 70.436, de 18 de abril de 1972 e a Constitui\u00e7\u00e3o Federal \u00a7 1\u00ba, do art. 12, comprovado por documento oficial, fornecido pelo Minist\u00e9rio da Justi\u00e7a. Nesta hip\u00f3tese, n\u00e3o ser\u00e3o aceitos quaisquer protocolos de requerimento;<\/li>\n<li>estiver quite com as obriga\u00e7\u00f5es eleitorais, para ambos os sexos e com as obriga\u00e7\u00f5es militares, para os candidatos do sexo masculino;<\/li>\n<li>for considerado APTO em inspe\u00e7\u00e3o de sa\u00fade f\u00edsica e mental, atrav\u00e9s dos exames pr\u00e9-admissionais, conforme exig\u00eancia do art. 19, Par\u00e1grafo \u00danico, da Lei Complementar n\u00ba 011\/92 \u2013 Estatuto dos Servidores P\u00fablicos do Munic\u00edpio de Goi\u00e2nia;<\/li>\n<li>declarar, por escrito, se for titular de cargo ou fun\u00e7\u00e3o p\u00fablica conforme exig\u00eancia do art. 37, incisos XVI e XVII, da Constitui\u00e7\u00e3o Federal;<\/li>\n<li>n\u00e3o ter sido demitido do Servi\u00e7o P\u00fablico nos \u00faltimos 5 (cinco) anos, conforme art. 162, da Lei Complementar n\u00ba 011\/92 \u2013 Estatuto dos Servidores P\u00fablicos do Munic\u00edpio de Goi\u00e2nia;<\/li>\n<li>n\u00e3o ter sofrido san\u00e7\u00e3o impeditiva do exerc\u00edcio de cargo\/emprego p\u00fablico;<\/li>\n<li>n\u00e3o ter sido condenado em processo criminal, por senten\u00e7a transitada em julgado, pela pr\u00e1tica de crimes contra a Administra\u00e7\u00e3o P\u00fablica, capitulados no t\u00edtulo XI da Parte Especial no C\u00f3digo Penal Brasileiro, na Lei Federal n\u00ba 7.492, de 16 de junho de 1985, e na Lei Federal n\u00ba 8.429, de 2 de junho de 1992;<\/li>\n<li>preencher os demais requisitos legais para ocupa\u00e7\u00e3o do cargo a que concorreu, no cumprimento \u00e0s disposi\u00e7\u00f5es do Edital.<\/li>\n<\/ul><p>\u00a0<\/p>\n<h2 id=\"ps2id-idprovasconcurso-targetconcurso-pref-de-goinia-go-prov\">[ps2id id=\u2019provas-concurso\u2019 target=\u201d\/]Concurso Pref. de Goi\u00e2nia GO: provas<\/h2>\n<p>Por fim, \u00e9 essencial que os inscritos no <a href=\"https:\/\/www.novaconcursos.com.br\/portal\/concursos-previstos\/go\/\">concurso<\/a> Pref. de Goi\u00e2nia GO saibam que ser\u00e3o avaliados por distintas <strong>etapas avaliativas<\/strong>, a depender da carreira escolhida. Sendo assim, confira:<\/p>\n<p><a href=\"https:\/\/www.novaconcursos.com.br\/portal\/wp-content\/uploads\/2020\/02\/concurso-pref-de-goi%C3%A2nia-etapas.png\"><img decoding=\"async\" class=\"alignnone wp-image-157234 size-full\" src=\"https:\/\/www.novaconcursos.com.br\/portal\/wp-content\/uploads\/2020\/02\/concurso-pref-de-goi%C3%A2nia-etapas.png\" alt=\"\" width=\"651\" height=\"388\" loading=\"lazy\" title=\"\" srcset=\"https:\/\/www.novaconcursos.com.br\/portal\/wp-content\/uploads\/2020\/02\/concurso-pref-de-goi\u00e2nia-etapas-300x179.png 300w, https:\/\/www.novaconcursos.com.br\/portal\/wp-content\/uploads\/2020\/02\/concurso-pref-de-goi\u00e2nia-etapas.png 651w\" sizes=\"auto, (max-width: 480px) 100vw, (max-width: 768px) 100vw, (max-width: 1200px) 70vw, 768px\"><\/a><\/p>\n<p>\u00a0<\/p>\n<h3>[ps2id id=\u2019prova-objetiva\u2019 target=\u201d\/]Prova Objetiva<\/h3>\n<p>Portanto, a Prova Objetiva \u00e9 a etapa <strong>comum entre todos os cargos<\/strong>. Entretanto, as disciplinas a serem cobradas nessa avalia\u00e7\u00e3o tamb\u00e9m variam conforme a <strong>especialidade<\/strong> escolhida.<\/p>\n<p>Sendo assim, conhe\u00e7a <strong>todos os conte\u00fados<\/strong> que estar\u00e3o presentes nas avalia\u00e7\u00f5es da sele\u00e7\u00e3o:<\/p>\n<ul><li>L\u00edngua Portuguesa<\/li>\n<li>Matem\u00e1tica<\/li>\n<li>Atualidades e Hist\u00f3ria, Geografia e Conhecimentos Gerais de Goi\u00e2nia e do Estado de Goi\u00e1s<\/li>\n<li>Conhecimentos Gerais em Sa\u00fade P\u00fablica<\/li>\n<li>No\u00e7\u00f5es de Inform\u00e1tica<\/li>\n<li>Conhecimentos sobre Educa\u00e7\u00e3o<\/li>\n<li>Conhecimentos Espec\u00edficas<\/li>\n<\/ul><p>\u00a0<\/p>\n<p>Al\u00e9m disso, a Prova Objetiva ser\u00e1 aplicada em <strong>5 dias diferentes<\/strong>, seguindo os cronogramas de A a E que podem ser consultados no site da banca. Nesse sentido, confira a <strong>divis\u00e3o<\/strong> das carreiras por data:<\/p>\n<p><strong>Cronograma A: 15 de maio de 2022<\/strong><\/p>\n<ul><li>Agente Comunit\u00e1rio de Sa\u00fade<\/li>\n<li>Agente de Combate \u00e0s Endemias<\/li>\n<\/ul><p>\u00a0<\/p>\n<p><strong>Cronograma B: 25 de maio de 2022<\/strong><\/p>\n<ul><li>Agente de Apoio Educacional<\/li>\n<\/ul><p>\u00a0<\/p>\n<p><strong>Cronograma C: 5 de junho de 2022<\/strong><\/p>\n<ul><li>Analista em Assuntos Sociais<\/li>\n<li>Analista em Comunica\u00e7\u00e3o Social<\/li>\n<li>Analista em Cultura e Desportos<\/li>\n<li>Analista em Obras e Urbanismo<\/li>\n<li>Profissional de Educa\u00e7\u00e3o II<\/li>\n<\/ul><p>\u00a0<\/p>\n<p><strong>Cronograma D: 12 de junho de 2022<\/strong><\/p>\n<ul><li>Assistente Administrativo Educacional<\/li>\n<li>Auxiliar de Atividades Educativas<\/li>\n<li>Auxiliar em Sa\u00fade<\/li>\n<li>Educador Social<\/li>\n<li>T\u00e9cnico em Sa\u00fade<\/li>\n<\/ul><p>\u00a0<\/p>\n<p><strong>Cronograma E: 26 de junho de 2022<\/strong><\/p>\n<ul><li>Especialista em Sa\u00fade<\/li>\n<li>M\u00e9dico<\/li>\n<\/ul><p>\u00a0<\/p>\n<h3>[ps2id id=\u2019capacidade-f\u00edsica\u2019 target=\u201d\/]Prova de Capacidade F\u00edsica<\/h3>\n<p>Ademais, tamb\u00e9m \u00e9 essencial mencionar que para a etapa de Prova de Capacidade F\u00edsica, a ser realizada por cargos de <strong>n\u00edveis fundamental e m\u00e9dio,<\/strong> os inscritos passar\u00e3o pelos <strong>exerc\u00edcios<\/strong> a seguir:<\/p>\n<ul><li>1\u00ba Teste: Flex\u00e3o de Bra\u00e7os \u2013 10 repeti\u00e7\u00f5es;<\/li>\n<li>2\u00ba Teste: Abdominal Remador \u2013 20 repeti\u00e7\u00f5es para homens e 10 para mulheres;<\/li>\n<li>3\u00ba Teste: Corrida \u2013 2.000m para homens e 1.600m para mulheres.<\/li>\n<\/ul><p>\u00a0<\/p>\n<h3>[ps2id id=\u2019an\u00e1lise-t\u00edtulos\u2019 target=\u201d\/]An\u00e1lise de T\u00edtulos<\/h3>\n<p>Finalmente, \u00e9 importante frisar que para a etapa de An\u00e1lise de T\u00edtulos, a ser realizada apenas pelos candidatos ao cargo de <strong>Profissional de Educa\u00e7\u00e3o II<\/strong>, ser\u00e3o aceitos os seguintes <strong>documentos:<\/strong><\/p>\n<ul><li>Grau de Especialista em \u00e1rea de concentra\u00e7\u00e3o espec\u00edfica \u00e0 do cargo que concorre, obtido em institui\u00e7\u00e3o devidamente credenciada, na forma da legisla\u00e7\u00e3o em vigor, com carga hor\u00e1ria m\u00ednima de 360 horas.<\/li>\n<li>Grau de Mestre, em \u00e1rea de concentra\u00e7\u00e3o espec\u00edfica \u00e0 do cargo que concorre, obtido em institui\u00e7\u00e3o devidamente credenciada, na forma da legisla\u00e7\u00e3o em vigor. Observa\u00e7\u00e3o: N\u00e3o acumulativo com o item 1.<\/li>\n<li>Grau de Doutor, em \u00e1rea de concentra\u00e7\u00e3o espec\u00edfica \u00e0 do cargo que concorre, obtido em institui\u00e7\u00e3o devidamente credenciada, na forma da legisla\u00e7\u00e3o em vigor. Observa\u00e7\u00e3o: N\u00e3o acumulativo com os itens 1 e 2.<\/li>\n<\/ul>","protected":false},"excerpt":{"rendered":"<p>Boas not\u00edcias, concurseiros! Foi publicado o edital do novo concurso Prefeitura de Goi\u00e2nia GO com a oferta de 1.376 oportunidades entre cargos de n\u00edveis fundamental, m\u00e9dio e superior.<br \/>\nAl\u00e9m disso, as inscri\u00e7\u00f5es ocorrer\u00e3o durante o m\u00eas de abril. Se voc\u00ea se interessa pela sele\u00e7\u00e3o, confira todos os detalhes do edital a seguir!<\/p>\n","protected":false},"author":16,"featured_media":157235,"comment_status":"closed","ping_status":"closed","sticky":false,"template":"","format":"standard","meta":{"_acf_changed":false,"footnotes":"","_wp_rev_ctl_limit":""},"categories":[44999],"tags":[],"class_list":["post-28101","post","type-post","status-publish","format-standard","has-post-thumbnail","hentry","category-concursos"],"acf":[],"_links":{"self":[{"href":"https:\/\/www.novaconcursos.com.br\/portal\/wp-json\/wp\/v2\/posts\/28101","targetHints":{"allow":["GET"]}}],"collection":[{"href":"https:\/\/www.novaconcursos.com.br\/portal\/wp-json\/wp\/v2\/posts"}],"about":[{"href":"https:\/\/www.novaconcursos.com.br\/portal\/wp-json\/wp\/v2\/types\/post"}],"author":[{"embeddable":true,"href":"https:\/\/www.novaconcursos.com.br\/portal\/wp-json\/wp\/v2\/users\/16"}],"replies":[{"embeddable":true,"href":"https:\/\/www.novaconcursos.com.br\/portal\/wp-json\/wp\/v2\/comments?post=28101"}],"version-history":[{"count":6,"href":"https:\/\/www.novaconcursos.com.br\/portal\/wp-json\/wp\/v2\/posts\/28101\/revisions"}],"predecessor-version":[{"id":157236,"href":"https:\/\/www.novaconcursos.com.br\/portal\/wp-json\/wp\/v2\/posts\/28101\/revisions\/157236"}],"wp:featuredmedia":[{"embeddable":true,"href":"https:\/\/www.novaconcursos.com.br\/portal\/wp-json\/wp\/v2\/media\/157235"}],"wp:attachment":[{"href":"https:\/\/www.novaconcursos.com.br\/portal\/wp-json\/wp\/v2\/media?parent=28101"}],"wp:term":[{"taxonomy":"category","embeddable":true,"href":"https:\/\/www.novaconcursos.com.br\/portal\/wp-json\/wp\/v2\/categories?post=28101"},{"taxonomy":"post_tag","embeddable":true,"href":"https:\/\/www.novaconcursos.com.br\/portal\/wp-json\/wp\/v2\/tags?post=28101"}],"curies":[{"name":"wp","href":"https:\/\/api.w.org\/{rel}","templated":true}]}}