{"id":282813,"date":"2025-05-15T14:49:25","date_gmt":"2025-05-15T17:49:25","guid":{"rendered":"https:\/\/www.novaconcursos.com.br\/portal\/?p=282813"},"modified":"2025-05-15T14:56:17","modified_gmt":"2025-05-15T17:56:17","slug":"prefeitura-de-ipero-sp","status":"publish","type":"post","link":"https:\/\/www.novaconcursos.com.br\/portal\/concursos\/prefeitura-de-ipero-sp\/","title":{"rendered":"Concurso Prefeitura de Iper\u00f3: Editais somam 65 vagas!"},"content":{"rendered":"<p><strong>Aten\u00e7\u00e3o, concurseiros!<\/strong> O concurso Prefeitura de Iper\u00f3, munic\u00edpio do estado de S\u00e3o Paulo, publicou seis editais que, juntos, ofertam <strong>65 vagas imediatas<\/strong> para cargos que exigem n\u00edveis fundamental, m\u00e9dio e superior.<\/p>\n\n\n\n<p>As vagas contemplam uma variedade de fun\u00e7\u00f5es, incluindo Auxiliar de Apoio Escolar, Docentes de v\u00e1rias \u00e1reas, Coordenador na \u00e1rea pedag\u00f3gica, Agente de Sa\u00fade Comunit\u00e1rio, Agente de Controle de Endemias, entre outros cargos.<\/p>\n\n\n\n<p>As oportunidades chamam aten\u00e7\u00e3o pelas <strong>remunera\u00e7\u00f5es atrativas<\/strong>, que variam de <strong>R$ 1.778,34 a R$ 5.661,16<\/strong>. Tem interesse no certame? Ent\u00e3o continue comigo e confira todos os detalhes da sele\u00e7\u00e3o!<\/p>\n\n\n\n<h2 class=\"wp-block-heading\" id=\"principais-datas-do-concurso-prefeitura-de-iper\">Principais datas do concurso Prefeitura de Iper\u00f3<\/h2>\n\n\n\n<ul class=\"wp-block-list\"><li><strong>Inscri\u00e7\u00f5es: <\/strong>12\/05\/2025 a 06\/06\/2025<\/li>\n\n\n\n<li><strong>Isen\u00e7\u00e3o das taxas: <\/strong>14\/05\/2025<\/li>\n\n\n\n<li><strong>Pagamento das taxas: <\/strong>09\/06\/2025<\/li>\n\n\n\n<li><strong>Data da prova: <\/strong>A definir<\/li>\n<\/ul><p><\/p>\n\n\n\n<p>\u00c9 poss\u00edvel que algumas datas sejam modificadas, considerando que o edital pode ser retificado.<\/p>\n\n\n\n<h2 class=\"wp-block-heading\" id=\"saiba-como-se-inscrever-no-concurso-prefeitura-de-iper\">Saiba como se inscrever no concurso Prefeitura de Iper\u00f3<\/h2>\n\n\n\n<p>As inscri\u00e7\u00f5es para o concurso Prefeitura de Iper\u00f3 j\u00e1 est\u00e3o abertas! Os interessados poder\u00e3o se inscrever at\u00e9 o dia <strong>6 de junho de 2025, <\/strong>atrav\u00e9s do site da banca organizadora respons\u00e1vel pelo certame, o <a href=\"https:\/\/institutoaplicativa.selecao.net.br\/informacoes\/20\/\" target=\"_blank\" rel=\"noopener\">Instituto Aplicativa.<\/a> <\/p>\n\n\n\n<p>Como de costume, as taxas de inscri\u00e7\u00e3o variam de acordo com o n\u00edvel de escolaridade do cargo pretendido. Confira: <\/p>\n\n\n\n<ul class=\"wp-block-list\"><li><strong>R$25,00<\/strong>\u00a0para cargos de ensino fundamental<\/li>\n\n\n\n<li><strong>R$49,00<\/strong>\u00a0para cargos de ensino m\u00e9dio<\/li>\n\n\n\n<li><strong>R$59,00<\/strong>\u00a0para cargos de ensino superior<\/li>\n<\/ul><p><\/p>\n\n\n\n<p>Candidatos desempregados e residentes em Iper\u00f3 ou que fossem doadores de sangue ou medula \u00f3ssea puderam solicitar isen\u00e7\u00e3o da taxa at\u00e9 o dia 14 de maio.<\/p>\n\n\n\n<h2 class=\"wp-block-heading\" id=\"cargos-vagas-e-salrios\">Cargos, vagas e sal\u00e1rios<\/h2>\n\n\n\n<p>O concurso Prefeitura de Iper\u00f3 est\u00e1 ofertando, por meio de seis editais, <strong>65 vagas imediatas<\/strong> para cargos de todos os n\u00edveis de escolaridade. Confira: <\/p>\n\n\n\n<h3 class=\"wp-block-heading\">Edital n\u00ba 01\/2025\u00a0<\/h3>\n\n\n\n<ul class=\"wp-block-list\"><li>Coordenador Pedag\u00f3gico (4)\n<ul class=\"wp-block-list\"><li>R$ 5.661,16<\/li>\n<\/ul><\/li>\n\n\n\n<li>Professor Titular de Ensino Fundamental I (Cr)\n<ul class=\"wp-block-list\"><li>R$ 3.705,00<\/li>\n<\/ul><\/li>\n\n\n\n<li>Professor Titular de Ensino Fundamental II Ci\u00eancias (2)\n<ul class=\"wp-block-list\"><li>R$ 24,70 hora\/aula<\/li>\n<\/ul><\/li>\n\n\n\n<li>Professor Titular de Ensino Fundamental II \u2013 Educa\u00e7\u00e3o F\u00edsica (2)\n<ul class=\"wp-block-list\"><li>R$ 24,70 hora\/aula<\/li>\n<\/ul><\/li>\n\n\n\n<li>Professor Titular de Ensino Fundamental II Portugu\u00eas (Cr)\n<ul class=\"wp-block-list\"><li>R$ 24,70 hora\/aula<\/li>\n<\/ul><\/li>\n<\/ul><h3 class=\"wp-block-heading\">Edital n\u00ba 02\/2025<\/h3>\n\n\n\n<ul class=\"wp-block-list\"><li>Agente Comunit\u00e1rio de Sa\u00fade (5)\n<ul class=\"wp-block-list\"><li>R$ 3.036,00<\/li>\n<\/ul><\/li>\n<\/ul><h3 class=\"wp-block-heading\">Edital n\u00ba 03\/2025<\/h3>\n\n\n\n<ul class=\"wp-block-list\"><li>Agente de Combate a Endemias (3)\n<ul class=\"wp-block-list\"><li>R$ 3.036,00<\/li>\n<\/ul><\/li>\n<\/ul><h3 class=\"wp-block-heading\">Edital n\u00ba 04\/2025<\/h3>\n\n\n\n<ul class=\"wp-block-list\"><li>Agente de Limpeza Escolar (8)\n<ul class=\"wp-block-list\"><li>R$ 1.778,34<\/li>\n<\/ul><\/li>\n\n\n\n<li>Operador de M\u00e1quinas (2)\n<ul class=\"wp-block-list\"><li>R$ 2.305,49<\/li>\n<\/ul><\/li>\n\n\n\n<li>Vigia de Patrim\u00f4nio (2)\n<ul class=\"wp-block-list\"><li>R$ 1.778,34<\/li>\n<\/ul><\/li>\n\n\n\n<li>Agente de Tr\u00e2nsito (2)\n<ul class=\"wp-block-list\"><li>R$ 2.305,49<\/li>\n<\/ul><\/li>\n\n\n\n<li>Auxiliar Administrativo (4)\n<ul class=\"wp-block-list\"><li>R$ 1.964,75<\/li>\n<\/ul><\/li>\n\n\n\n<li>Auxiliar de Atendimento Escolar (7)\n<ul class=\"wp-block-list\"><li>R$ 1.778,34<\/li>\n<\/ul><\/li>\n\n\n\n<li>Recepcionista (2)\n<ul class=\"wp-block-list\"><li>R$ 1.964,75<\/li>\n<\/ul><\/li>\n\n\n\n<li>Secret\u00e1rio de Escola (2)\n<ul class=\"wp-block-list\"><li>R$ 2.219,1<\/li>\n<\/ul><\/li>\n\n\n\n<li>Psicopedagogo de Educa\u00e7\u00e3o Especial (2)\n<ul class=\"wp-block-list\"><li>R$ 5.083,16<\/li>\n<\/ul><\/li>\n\n\n\n<li>Terapeuta Ocupacional em Educa\u00e7\u00e3o Especial (1)\n<ul class=\"wp-block-list\"><li>R$ 5.083,16<\/li>\n<\/ul><\/li>\n<\/ul><h3 class=\"wp-block-heading\">Edital n\u00ba 05\/2025<\/h3>\n\n\n\n<ul class=\"wp-block-list\"><li>Fiscal de Vigil\u00e2ncia Sanit\u00e1ria (1)\n<ul class=\"wp-block-list\"><li>R$ 2.038,41<\/li>\n<\/ul><\/li>\n\n\n\n<li>Tratador de Animais (4)\n<ul class=\"wp-block-list\"><li>R$ 2.219,11<\/li>\n<\/ul><\/li>\n\n\n\n<li>Fisioterapeuta (1)\n<ul class=\"wp-block-list\"><li>R$ 3.389,79<\/li>\n<\/ul><\/li>\n\n\n\n<li>Fonoaudi\u00f3logo (1)\n<ul class=\"wp-block-list\"><li>R$ 3.389,79<\/li>\n<\/ul><\/li>\n\n\n\n<li>M\u00e9dico Cl\u00ednico Geral (3)\n<ul class=\"wp-block-list\"><li>R$ 152,27 por hora<\/li>\n<\/ul><\/li>\n\n\n\n<li>M\u00e9dico Ginecologista (2)\n<ul class=\"wp-block-list\"><li>R$ 152,27 por hora<\/li>\n<\/ul><\/li>\n\n\n\n<li>M\u00e9dico Pediatra I (2)\n<ul class=\"wp-block-list\"><li>R$ 152,27 por hora<\/li>\n<\/ul><\/li>\n\n\n\n<li>M\u00e9dico Psiquiatra (1)\n<ul class=\"wp-block-list\"><li>R$ 152,27 por hora<\/li>\n<\/ul><\/li>\n\n\n\n<li>M\u00e9dico Veterin\u00e1rio (1)\n<ul class=\"wp-block-list\"><li>R$ 3.589,79<\/li>\n<\/ul><\/li>\n\n\n\n<li>Terapeuta Ocupacional I (1)\n<ul class=\"wp-block-list\"><li>R$ 3.589,79<\/li>\n<\/ul><\/li>\n<\/ul><h3 class=\"wp-block-heading\">Processo seletivo<\/h3>\n\n\n\n<ul class=\"wp-block-list\"><li>Profissional de Apoio Escolar (Cr)\n<ul class=\"wp-block-list\"><li>R$ 1.778,34<\/li>\n<\/ul><\/li>\n\n\n\n<li>Professor de Ensino Fundamental I (Cr)\n<ul class=\"wp-block-list\"><li>R$ 24,70 hora\/aula<\/li>\n<\/ul><\/li>\n\n\n\n<li>Professor de Ensino Fundamental II Arte (Cr)\n<ul class=\"wp-block-list\"><li>R$ 24,70 hora\/aula<\/li>\n<\/ul><\/li>\n\n\n\n<li>Professor de Ensino Fundamental II Ci\u00eancias (Cr)\n<ul class=\"wp-block-list\"><li>R$ 24,70 hora\/aula<\/li>\n<\/ul><\/li>\n\n\n\n<li>Professor de Ensino Fundamental II Educa\u00e7\u00e3o F\u00edsica (Bacharel) (Cr)\n<ul class=\"wp-block-list\"><li>R$ 24,70 hora\/aula<\/li>\n<\/ul><\/li>\n\n\n\n<li>Professor de Ensino Fundamental II Educa\u00e7\u00e3o F\u00edsica (Licenciatura) (Cr)\n<ul class=\"wp-block-list\"><li>R$ 24,70 hora\/aula<\/li>\n<\/ul><\/li>\n\n\n\n<li>Professor de Ensino Fundamental II Geografia (Cr)\n<ul class=\"wp-block-list\"><li>R$ 24,70 hora\/aula<\/li>\n<\/ul><\/li>\n\n\n\n<li>Professor de Ensino Fundamental II Hist\u00f3ria (Cr)\n<ul class=\"wp-block-list\"><li>R$ 24,70 hora\/aula<\/li>\n<\/ul><\/li>\n\n\n\n<li>Professor de Ensino Fundamental II Ingl\u00eas (Cr)\n<ul class=\"wp-block-list\"><li>R$ 24,70 hora\/aula<\/li>\n<\/ul><\/li>\n\n\n\n<li>Professor de Ensino Fundamental II Matem\u00e1tica (Cr)\n<ul class=\"wp-block-list\"><li>R$ 24,70 hora\/aula<\/li>\n<\/ul><\/li>\n\n\n\n<li>Professor de Ensino Fundamental II Portugu\u00eas (Cr)\n<ul class=\"wp-block-list\"><li>R$ 24,70 hora\/aula<\/li>\n<\/ul><\/li>\n<\/ul><p><\/p>\n\n\n\n<p>Os candidatos aprovados no concurso Prefeitura de Iper\u00f3 tamb\u00e9m ter\u00e3o direito a um vale-alimenta\u00e7\u00e3o no valor de\u00a0<strong>R$ 688,00<\/strong>, al\u00e9m da remunera\u00e7\u00e3o mensal.<\/p>\n\n\n\n<h2 class=\"wp-block-heading\" id=\"requisitos-do-concurso-prefeitura-de-iper\">Requisitos do concurso Prefeitura de Iper\u00f3<\/h2>\n\n\n\n<p>Para participar do concurso Prefeitura de Iper\u00f3, os candidatos devem se atentar aos seguintes requisitos: <\/p>\n\n\n\n<ul class=\"wp-block-list\"><li>Ter nacionalidade brasileira ou portuguesa, conforme o Estatuto da Igualdade entre brasileiros e portugueses, nos termos do \u00a71\u00ba do artigo 12 da Constitui\u00e7\u00e3o Federal e do Decreto Federal n\u00ba 70.436\/72<\/li>\n\n\n\n<li>Ter, na data da contrata\u00e7\u00e3o, idade m\u00ednima de 18 anos completos<\/li>\n\n\n\n<li>No caso do sexo masculino, estar em dia com as obriga\u00e7\u00f5es do Servi\u00e7o Militar, conforme o Decreto n\u00ba 57.654\/66, alterado pelo Decreto n\u00ba 93.670\/86<\/li>\n\n\n\n<li>Ser eleitor e estar quite com a Justi\u00e7a Eleitoral<\/li>\n\n\n\n<li>Apresentar, no momento da contrata\u00e7\u00e3o, a documenta\u00e7\u00e3o que comprove os requisitos m\u00ednimos exigidos para o cargo, conforme indicado na Tabela I do Cap\u00edtulo 1 e item 12.5 do Cap\u00edtulo 12 do edital<\/li>\n\n\n\n<li>Ter aptid\u00e3o f\u00edsica e mental e n\u00e3o possuir defici\u00eancia incompat\u00edvel com a fun\u00e7\u00e3o, comprovada em inspe\u00e7\u00e3o realizada pela Divis\u00e3o de Sa\u00fade Ocupacional da Administra\u00e7\u00e3o P\u00fablica, conforme Leis e Decretos vigentes<\/li>\n\n\n\n<li>N\u00e3o ter sido punido, em decis\u00e3o administrativa definitiva, por ato lesivo ao patrim\u00f4nio p\u00fablico, nem condenado criminalmente por crimes contra a administra\u00e7\u00e3o p\u00fablica, conforme o C\u00f3digo Penal, Lei n\u00ba 7.492\/86 e Lei n\u00ba 8.429\/92<\/li>\n\n\n\n<li>N\u00e3o ter condena\u00e7\u00e3o definitiva por crime doloso ou contra a administra\u00e7\u00e3o, nem por crimes previstos no Estatuto da Crian\u00e7a e do Adolescente (Lei n\u00ba 8.069\/90), Estatuto do Idoso (Lei n\u00ba 10.741\/03), Lei Maria da Penha (Lei n\u00ba 11.340\/06) e Estatuto da Pessoa com Defici\u00eancia (Lei n\u00ba 13.146\/15)<\/li>\n\n\n\n<li>N\u00e3o estar, no momento da contrata\u00e7\u00e3o, impedido de assumir nova fun\u00e7\u00e3o p\u00fablica, devendo apresentar declara\u00e7\u00e3o sobre o exerc\u00edcio de cargo ou recebimento de aposentadoria ou pens\u00e3o<\/li>\n\n\n\n<li>N\u00e3o possuir antecedentes criminais em qualquer inst\u00e2ncia<\/li>\n\n\n\n<li>N\u00e3o ter atingido a idade para aposentadoria compuls\u00f3ria<\/li>\n\n\n\n<li>N\u00e3o receber proventos de aposentadoria ou remunera\u00e7\u00e3o de fun\u00e7\u00e3o p\u00fablica, salvo nos casos de acumula\u00e7\u00e3o permitida pela Constitui\u00e7\u00e3o Federal<\/li>\n<\/ul><h2 class=\"wp-block-heading\" id=\"como-sero-as-provas-do-concurso-prefeitura-de-iper\">Como ser\u00e3o as provas do concurso Prefeitura de Iper\u00f3?<\/h2>\n\n\n\n<p>O concurso Prefeitura de Iper\u00f3 avaliar\u00e1 seus candidatos por meio das seguintes etapas de sele\u00e7\u00e3o: <\/p>\n\n\n\n<ul class=\"wp-block-list\"><li><strong>Prova objetiva<\/strong>\u00a0(todos)<\/li>\n\n\n\n<li><strong>Prova de t\u00edtulos<\/strong>\u00a0(cargos do edital 01\/2025)<\/li>\n\n\n\n<li><strong>Prova pr\u00e1tica<\/strong>\u00a0(Operador de M\u00e1quinas)<\/li>\n\n\n\n<li><strong>Curso de forma\u00e7\u00e3o<\/strong>\u00a0(Agente Comunit\u00e1rio de Sa\u00fade e Agente de Combate a Endemias)<\/li>\n\n\n\n<li><strong>Teste de Aptid\u00e3o F\u00edsica<\/strong>\u00a0(Agente de Combate a Endemias, Vigia de Patrim\u00f4nio e Agente de Tr\u00e2nsito)<\/li>\n<\/ul><p><\/p>\n\n\n\n<p>As provas acontecer\u00e3o na cidade de Iper\u00f3, em datas e hor\u00e1rios que ainda ser\u00e3o divulgados no site da banca organizadora.<\/p>\n\n\n\n<div class=\"nova-continue-reading\">Veja tamb\u00e9m: <a href=\"https:\/\/www.novaconcursos.com.br\/portal\/sp\/\">concursos abertos no estado de S\u00e3o Paulo<\/a><\/div>\n\n\n\n<h3 class=\"wp-block-heading\">Prova Objetiva<\/h3>\n\n\n\n<p>A prova objetiva, de car\u00e1ter eliminat\u00f3rio e classificat\u00f3rio, ser\u00e1 composta de quest\u00f5es de m\u00faltipla escolha que ser\u00e3o versadas sobre as seguintes disciplinas: <\/p>\n\n\n\n<ul class=\"wp-block-list\"><li><strong>Edital 01\/2025<\/strong> <strong>\u2013 processo seletivo<\/strong>\n<ul class=\"wp-block-list\"><li>Profissional de Apoio Escolar\n<ul class=\"wp-block-list\"><li>L\u00edngua Portuguesa: 5 quest\u00f5es <\/li>\n\n\n\n<li>Matem\u00e1tica: 5 quest\u00f5es <\/li>\n\n\n\n<li>Conhecimentos Espec\u00edficos: 20 quest\u00f5es <\/li>\n<\/ul><\/li>\n\n\n\n<li>Professor de Ensino Fundamental I e II \n<ul class=\"wp-block-list\"><li>L\u00edngua Portuguesa: 10 quest\u00f5es<\/li>\n\n\n\n<li>Matem\u00e1tica: 5 quest\u00f5es<\/li>\n\n\n\n<li>Conhecimentos Espec\u00edficos: 25 quest\u00f5es <\/li>\n<\/ul><\/li>\n<\/ul><\/li>\n<\/ul><ul class=\"wp-block-list\"><li><strong>Edital 01\/2025<\/strong>\n<ul class=\"wp-block-list\"><li>L\u00edngua Portuguesa: 10 quest\u00f5es<\/li>\n\n\n\n<li>Matem\u00e1tica: 5 quest\u00f5es<\/li>\n\n\n\n<li>Conhecimentos Espec\u00edficos: 25 quest\u00f5es <\/li>\n<\/ul><\/li>\n<\/ul><ul class=\"wp-block-list\"><li><strong>Edital 02\/2025<\/strong>\n<ul class=\"wp-block-list\"><li>L\u00edngua Portuguesa: 5 quest\u00f5es <\/li>\n\n\n\n<li>Matem\u00e1tica: 5 quest\u00f5es <\/li>\n\n\n\n<li>Conhecimentos Espec\u00edficos: 20 quest\u00f5es<\/li>\n<\/ul><\/li>\n<\/ul><ul class=\"wp-block-list\"><li><strong>Edital 03\/2025<\/strong>\n<ul class=\"wp-block-list\"><li>L\u00edngua Portuguesa: 5 quest\u00f5es <\/li>\n\n\n\n<li>Matem\u00e1tica: 5 quest\u00f5es <\/li>\n\n\n\n<li>Conhecimentos Espec\u00edficos: 20 quest\u00f5es<\/li>\n<\/ul><\/li>\n<\/ul><ul class=\"wp-block-list\"><li><strong>Edital 04\/2025<\/strong>\n<ul class=\"wp-block-list\"><li>Fundamental \n<ul class=\"wp-block-list\"><li>L\u00edngua Portuguesa: 5 quest\u00f5es <\/li>\n\n\n\n<li>Matem\u00e1tica: 5 quest\u00f5es <\/li>\n\n\n\n<li>Conhecimentos Espec\u00edficos: 15 quest\u00f5es<\/li>\n<\/ul><\/li>\n\n\n\n<li>M\u00e9dio  \n<ul class=\"wp-block-list\"><li>L\u00edngua Portuguesa: 5 quest\u00f5es <\/li>\n\n\n\n<li>Matem\u00e1tica: 5 quest\u00f5es <\/li>\n\n\n\n<li>Conhecimentos Espec\u00edficos: 20 quest\u00f5es<\/li>\n<\/ul><\/li>\n\n\n\n<li>Superior \n<ul class=\"wp-block-list\"><li>L\u00edngua Portuguesa: 15 quest\u00f5es<\/li>\n\n\n\n<li>Matem\u00e1tica: 5 quest\u00f5es<\/li>\n\n\n\n<li>Conhecimentos Espec\u00edficos: 20 quest\u00f5es <\/li>\n<\/ul><\/li>\n<\/ul><\/li>\n<\/ul><ul class=\"wp-block-list\"><li><strong>Edital 05\/2025<\/strong>\n<ul class=\"wp-block-list\"><li>M\u00e9dio \n<ul class=\"wp-block-list\"><li>L\u00edngua Portuguesa: 5 quest\u00f5es <\/li>\n\n\n\n<li>Matem\u00e1tica: 5 quest\u00f5es <\/li>\n\n\n\n<li>Conhecimentos Espec\u00edficos: 20 quest\u00f5es<\/li>\n<\/ul><\/li>\n\n\n\n<li>Superior\n<ul class=\"wp-block-list\"><li>L\u00edngua Portuguesa: 10 quest\u00f5es<\/li>\n\n\n\n<li>Matem\u00e1tica: 5 quest\u00f5es<\/li>\n\n\n\n<li>Conhecimentos Espec\u00edficos: 25 quest\u00f5es<\/li>\n<\/ul><\/li>\n<\/ul><\/li>\n<\/ul><h3 class=\"wp-block-heading\">Prova de T\u00edtulos<\/h3>\n\n\n\n<p>Confira quais t\u00edtulos ser\u00e3o avaliados no concurso Prefeitura de Iper\u00f3: <\/p>\n\n\n\n<figure class=\"wp-block-image size-full\"><a href=\"https:\/\/www.novaconcursos.com.br\/portal\/wp-content\/uploads\/2025\/05\/titulos-ipero.webp\"><img decoding=\"async\" width=\"718\" height=\"171\" src=\"https:\/\/www.novaconcursos.com.br\/portal\/wp-content\/uploads\/2025\/05\/titulos-ipero.webp\" alt=\"Tabela de t\u00edtulos do concurso Prefeitura de Iper\u00f3!\" class=\"wp-image-282817\" loading=\"lazy\" title=\"\" srcset=\"https:\/\/www.novaconcursos.com.br\/portal\/wp-content\/uploads\/2025\/05\/titulos-ipero-300x71.webp 300w, https:\/\/www.novaconcursos.com.br\/portal\/wp-content\/uploads\/2025\/05\/titulos-ipero-480x114.webp 480w, https:\/\/www.novaconcursos.com.br\/portal\/wp-content\/uploads\/2025\/05\/titulos-ipero.webp 718w\" sizes=\"auto, (max-width: 480px) 100vw, (max-width: 768px) 100vw, (max-width: 1200px) 70vw, 768px\"><\/a><figcaption><\/figcaption><\/figure><figure class=\"wp-block-image size-full\"><a href=\"https:\/\/www.novaconcursos.com.br\/portal\/wp-content\/uploads\/2025\/05\/titulos-ipero-1.webp\"><img decoding=\"async\" width=\"711\" height=\"80\" src=\"https:\/\/www.novaconcursos.com.br\/portal\/wp-content\/uploads\/2025\/05\/titulos-ipero-1.webp\" alt=\"Tabela de t\u00edtulos do concurso Prefeitura de Iper\u00f3!\" class=\"wp-image-282818\" loading=\"lazy\" title=\"\" srcset=\"https:\/\/www.novaconcursos.com.br\/portal\/wp-content\/uploads\/2025\/05\/titulos-ipero-1-300x34.webp 300w, https:\/\/www.novaconcursos.com.br\/portal\/wp-content\/uploads\/2025\/05\/titulos-ipero-1-480x54.webp 480w, https:\/\/www.novaconcursos.com.br\/portal\/wp-content\/uploads\/2025\/05\/titulos-ipero-1.webp 711w\" sizes=\"auto, (max-width: 480px) 100vw, (max-width: 768px) 100vw, (max-width: 1200px) 70vw, 768px\"><\/a><figcaption class=\"wp-element-caption\"><em>Tabela de t\u00edtulos do concurso Prefeitura de Iper\u00f3!<\/em><\/figcaption><\/figure><h3 class=\"wp-block-heading\">Prova Pr\u00e1tica<\/h3>\n\n\n\n<p>A prova pr\u00e1tica do concurso Prefeitura de Iper\u00f3 busca aferir a capacidade de adequa\u00e7\u00e3o funcional e situacional do candidato \u00e0s exig\u00eancias e ao desempenho eficiente das atividades.<\/p>\n\n\n\n<p>Os crit\u00e9rios de avalia\u00e7\u00e3o da prova pr\u00e1tica s\u00e3o:<\/p>\n\n\n\n<ul class=\"wp-block-list\"><li>Percorrer o trajeto, inicialmente definido, observando a legisla\u00e7\u00e3o de tr\u00e2nsito, a seguran\u00e7a pr\u00f3pria, dos acompanhantes e de terceiros, condu\u00e7\u00e3o defensiva e tamb\u00e9m a que melhor conserve o ve\u00edculo.<\/li>\n\n\n\n<li>Num espa\u00e7o determinado realizar manobras a serem definidas.<\/li>\n\n\n\n<li>Vistoria de um ve\u00edculo: o n\u00edvel do \u00f3leo, \u00e1gua, bateria, combust\u00edvel, painel de comando, pneus e demais itens.<\/li>\n<\/ul><h3 class=\"wp-block-heading\">Teste de Aptid\u00e3o F\u00edsica<\/h3>\n\n\n\n<p>O teste de aptid\u00e3o f\u00edsica avaliar\u00e1 seus candidatos por meio das seguintes atividades: <\/p>\n\n\n\n<ul class=\"wp-block-list\"><li>Avalia\u00e7\u00e3o de Flex\u00e3o de Bra\u00e7o (masculino)\/Apoio de Frente (feminino) em 1 minuto;<\/li>\n\n\n\n<li>Avalia\u00e7\u00e3o de Abdominal em 1 minuto;<\/li>\n\n\n\n<li>Avalia\u00e7\u00e3o de Corrida de 12 minutos.<\/li>\n<\/ul><h2 class=\"wp-block-heading\" id=\"o-que-cai-na-prova-do-concurso-prefeitura-de-iper\">O que cai na prova do concurso Prefeitura de Iper\u00f3?<\/h2>\n\n\n\n<p>Confira quais s\u00e3o os conte\u00fados b\u00e1sicos que versam a prova do concurso Prefeitura de Iper\u00f3: <\/p>\n\n\n\n<h3 class=\"wp-block-heading\">L\u00edngua Portuguesa<\/h3>\n\n\n\n<ul class=\"wp-block-list\"><li>Interpreta\u00e7\u00e3o de texto<\/li>\n\n\n\n<li>Significa\u00e7\u00e3o das palavras: sin\u00f4nimos, ant\u00f4nimos, sentido pr\u00f3prio e figurado das palavras<\/li>\n\n\n\n<li>Ortografia oficial<\/li>\n\n\n\n<li>Pontua\u00e7\u00e3o<\/li>\n\n\n\n<li>Acentua\u00e7\u00e3o<\/li>\n\n\n\n<li>Emprego das classes de palavras: substantivo, adjetivo, numeral, pronome, verbo, adv\u00e9rbio, preposi\u00e7\u00e3o, conjun\u00e7\u00e3o (classifica\u00e7\u00e3o e sentido que imprime \u00e0s rela\u00e7\u00f5es entre as ora\u00e7\u00f5es)<\/li>\n\n\n\n<li>Concord\u00e2ncia verbal e nominal<\/li>\n\n\n\n<li>Reg\u00eancia verbal e nominal<\/li>\n\n\n\n<li>Crase<\/li>\n\n\n\n<li>Coloca\u00e7\u00e3o pronominal<\/li>\n<\/ul><h3 class=\"wp-block-heading\">Matem\u00e1tica<\/h3>\n\n\n\n<ul class=\"wp-block-list\"><li>N\u00fameros inteiros e racionais: opera\u00e7\u00f5es e propriedades<\/li>\n\n\n\n<li>Grandezas proporcionais<\/li>\n\n\n\n<li>Regra de tr\u00eas simples e composta<\/li>\n\n\n\n<li>Porcentagem<\/li>\n\n\n\n<li>Juros simples e compostos<\/li>\n\n\n\n<li>Unidades de medida<\/li>\n\n\n\n<li>Equa\u00e7\u00e3o do 1\u00ba grau<\/li>\n\n\n\n<li>Resolu\u00e7\u00e3o de situa\u00e7\u00f5es-problema<\/li>\n\n\n\n<li>Conceitos b\u00e1sicos de geometria: c\u00e1lculo de \u00e1rea e c\u00e1lculo de volume<\/li>\n\n\n\n<li>Tabelas e gr\u00e1ficos<\/li>\n\n\n\n<li>Racioc\u00ednio l\u00f3gico<\/li>\n<\/ul><h2 class=\"wp-block-heading\" id=\"materiais-preparatrios-para-o-concurso-prefeitura-de-iper\">Materiais preparat\u00f3rios para o concurso Prefeitura de Iper\u00f3<\/h2>\n\n\n\n<p>Se voc\u00ea est\u00e1 de olho em uma vaga no concurso Prefeitura de Iper\u00f3, este \u00e9 o momento de come\u00e7ar a sua prepara\u00e7\u00e3o com o material certo. <a href=\"https:\/\/www.novaconcursos.com.br\/concurso\/prefeitura-municipal-de-ipero-sao-paulo\/cursos-online\">Nossos cursos<\/a> est\u00e3o totalmente atualizados de acordo com o edital publicado em maio de 2025 e seguem fielmente a estrutura do conte\u00fado program\u00e1tico.<\/p>\n\n\n\n<p>As aulas s\u00e3o organizadas por disciplina e assuntos, na mesma ordem do edital, o que facilita a sua rotina de estudos e garante um aproveitamento mais eficiente.<\/p>\n\n\n\n<p><strong>Por que escolher este curso?<\/strong><\/p>\n\n\n\n<ul class=\"wp-block-list\"><li>Professores altamente qualificados, com vasta experi\u00eancia na prepara\u00e7\u00e3o para concursos p\u00fablicos;<\/li>\n\n\n\n<li>Trilha de aulas organizada conforme o edital, promovendo foco e produtividade;<\/li>\n\n\n\n<li>Curso 100% online: estude quando e onde quiser, pelo computador, tablet ou celular;<\/li>\n\n\n\n<li>Acesso ilimitado durante 365 dias: reveja as aulas quantas vezes precisar;<\/li>\n\n\n\n<li>Videoaulas com alt\u00edssimo padr\u00e3o de grava\u00e7\u00e3o e conte\u00fado claro;<\/li>\n\n\n\n<li>Possibilidade de acelerar as aulas, otimizando seu tempo de estudo;<\/li>\n\n\n\n<li>Mais de 10 anos de tradi\u00e7\u00e3o ajudando candidatos a conquistar a t\u00e3o sonhada vaga no servi\u00e7o p\u00fablico.<\/li>\n<\/ul><p><\/p>\n\n\n\n<p>Invista no seu futuro com quem entende de aprova\u00e7\u00e3o. Comece hoje mesmo a sua jornada rumo \u00e0 Prefeitura de Iper\u00f3!<\/p>","protected":false},"excerpt":{"rendered":"<p>O concurso Prefeitura de Iper\u00f3 est\u00e1 ofertando 65 vagas imediatas para cargos de n\u00edveis fundamental, m\u00e9dio e superior! Confira. <\/p>\n","protected":false},"author":54696,"featured_media":282814,"comment_status":"closed","ping_status":"closed","sticky":false,"template":"","format":"standard","meta":{"_acf_changed":false,"footnotes":"","_wp_rev_ctl_limit":""},"categories":[44999,228,44949],"tags":[45399,45026],"class_list":["post-282813","post","type-post","status-publish","format-standard","has-post-thumbnail","hentry","category-concursos","category-noticias","category-sp","tag-concurso-prefeitura-de-ipero","tag-concursos-abertos-sp-2"],"acf":[],"_links":{"self":[{"href":"https:\/\/www.novaconcursos.com.br\/portal\/wp-json\/wp\/v2\/posts\/282813","targetHints":{"allow":["GET"]}}],"collection":[{"href":"https:\/\/www.novaconcursos.com.br\/portal\/wp-json\/wp\/v2\/posts"}],"about":[{"href":"https:\/\/www.novaconcursos.com.br\/portal\/wp-json\/wp\/v2\/types\/post"}],"author":[{"embeddable":true,"href":"https:\/\/www.novaconcursos.com.br\/portal\/wp-json\/wp\/v2\/users\/54696"}],"replies":[{"embeddable":true,"href":"https:\/\/www.novaconcursos.com.br\/portal\/wp-json\/wp\/v2\/comments?post=282813"}],"version-history":[{"count":4,"href":"https:\/\/www.novaconcursos.com.br\/portal\/wp-json\/wp\/v2\/posts\/282813\/revisions"}],"predecessor-version":[{"id":282821,"href":"https:\/\/www.novaconcursos.com.br\/portal\/wp-json\/wp\/v2\/posts\/282813\/revisions\/282821"}],"wp:featuredmedia":[{"embeddable":true,"href":"https:\/\/www.novaconcursos.com.br\/portal\/wp-json\/wp\/v2\/media\/282814"}],"wp:attachment":[{"href":"https:\/\/www.novaconcursos.com.br\/portal\/wp-json\/wp\/v2\/media?parent=282813"}],"wp:term":[{"taxonomy":"category","embeddable":true,"href":"https:\/\/www.novaconcursos.com.br\/portal\/wp-json\/wp\/v2\/categories?post=282813"},{"taxonomy":"post_tag","embeddable":true,"href":"https:\/\/www.novaconcursos.com.br\/portal\/wp-json\/wp\/v2\/tags?post=282813"}],"curies":[{"name":"wp","href":"https:\/\/api.w.org\/{rel}","templated":true}]}}