{"id":283200,"date":"2025-05-19T19:55:03","date_gmt":"2025-05-19T22:55:03","guid":{"rendered":"https:\/\/www.novaconcursos.com.br\/portal\/?p=283200"},"modified":"2025-05-19T19:55:06","modified_gmt":"2025-05-19T22:55:06","slug":"concurso-secult-pb-amanha","status":"publish","type":"post","link":"https:\/\/www.novaconcursos.com.br\/portal\/uncategorized\/concurso-secult-pb-amanha\/","title":{"rendered":"Concurso Secult PB: Edital ser\u00e1 publicado ter\u00e7a, 20\/05!"},"content":{"rendered":"<p>Voc\u00ea sonha com estabilidade no servi\u00e7o p\u00fablico e \u00e9 apaixonado por cultura, arte ou patrim\u00f4nio hist\u00f3rico? Ent\u00e3o pode comemorar: vem a\u00ed o primeiro <a href=\"https:\/\/www.novaconcursos.com.br\/portal\/concursos\/secult-pb\/\">concurso Secult PB<\/a>! O <strong>edital ser\u00e1 publicado nesta ter\u00e7a-feira<\/strong>, 20 de maio de 2025, com 33 vagas para cargos de n\u00edvel superior e sal\u00e1rio inicial de R$ 3.5 mil.<\/p>\n\n\n\n<p>Com isso, o governo estadual d\u00e1 in\u00edcio a um novo cap\u00edtulo para a cultura paraibana, valorizando profissionais que atuam nas \u00e1reas de artes visuais, teatro, m\u00fasica, audiovisual, literatura, museologia, arqueologia, antropologia, e muito mais.<\/p>\n\n\n\n<p>Organizado pelo IDECAN, o concurso \u00e9 aguardado h\u00e1 meses e agora promete movimentar concurseiros de todo o pa\u00eds que buscam uma carreira s\u00f3lida no setor p\u00fablico, com foco em cultura e patrim\u00f4nio. Se voc\u00ea atua ou tem forma\u00e7\u00e3o em \u00e1reas como produ\u00e7\u00e3o cultural, hist\u00f3ria, restaura\u00e7\u00e3o, arquivologia ou biblioteconomia, essa pode ser a sua grande chance de transformar paix\u00e3o em profiss\u00e3o. <\/p>\n\n\n\n<h2 class=\"wp-block-heading\" id=\"concurso-secult-pb-edital-ser-publicado-nesta-terafeira\">Concurso Secult PB: Edital ser\u00e1 publicado nesta ter\u00e7a-feira<\/h2>\n\n\n\n<p>O t\u00e3o aguardado concurso da <a href=\"https:\/\/paraiba.pb.gov.br\/diretas\/secretaria-da-cultura\" target=\"_blank\" rel=\"noopener\">Secretaria de Estado da Cultura da Para\u00edba<\/a> (Secult PB) finalmente ser\u00e1 lan\u00e7ado. O governador Jo\u00e3o Azev\u00eado anunciou, durante sua participa\u00e7\u00e3o no programa \u201cConversa com o Governador\u201d, transmitido pela R\u00e1dio Tabajara FM nesta segunda-feira, 19 de maio de 2025, que o edital ser\u00e1 publicado oficialmente nesta ter\u00e7a-feira, 20, no Di\u00e1rio Oficial do Estado (DOE-PB). <\/p>\n\n\n\n<p>A informa\u00e7\u00e3o encerra uma longa espera por parte de candidatos e profissionais da \u00e1rea cultural paraibana.<\/p>\n\n\n\n<p><em>\u201cEstamos autorizando para que amanh\u00e3 j\u00e1 esteja no Di\u00e1rio Oficial um novo concurso p\u00fablico, desta vez voltado para a Secretaria de Cultura do Estado. Esta secretaria precisa ter no seu quadro um conjunto de profissionais para lidar com esta expans\u00e3o muito grande que estamos fazendo na cultura\u201d<\/em>, afirmou o governador durante o programa.<\/p>\n\n\n\n<h3 class=\"wp-block-heading\">Primeiro concurso da hist\u00f3ria da Secult PB<\/h3>\n\n\n\n<p>Este ser\u00e1 o primeiro concurso realizado pela Secretaria de Cultura desde a cria\u00e7\u00e3o de sua estrutura administrativa pr\u00f3pria. A iniciativa faz parte de um movimento mais amplo do Governo da Para\u00edba para fortalecer a cultura como vetor estrat\u00e9gico de desenvolvimento humano, hist\u00f3rico e econ\u00f4mico.<\/p>\n\n\n\n<p>A estrutura administrativa da secretaria foi regulamentada pela <strong>Lei n\u00ba 12.755\/2023<\/strong>, que instituiu a cria\u00e7\u00e3o de 71 cargos efetivos, distribu\u00eddos entre os Grupos Ocupacionais Administrativo Cultural \u2013 Instrumental e Art\u00edstico-Cultural \u2013 Final\u00edstico. <\/p>\n\n\n\n<p>Desses cargos, 33 ser\u00e3o contemplados neste primeiro edital, enquanto os demais devem ser preenchidos gradualmente, conforme a necessidade e a disponibilidade or\u00e7ament\u00e1ria.<\/p>\n\n\n\n<figure class=\"wp-block-image size-full\"><img decoding=\"async\" width=\"1024\" height=\"1024\" src=\"https:\/\/www.novaconcursos.com.br\/portal\/wp-content\/uploads\/2025\/05\/secult-pb.webp\" alt=\"\" class=\"wp-image-283205\" loading=\"lazy\" title=\"\" srcset=\"https:\/\/www.novaconcursos.com.br\/portal\/wp-content\/uploads\/2025\/05\/secult-pb-150x150.webp 150w, https:\/\/www.novaconcursos.com.br\/portal\/wp-content\/uploads\/2025\/05\/secult-pb-300x300.webp 300w, https:\/\/www.novaconcursos.com.br\/portal\/wp-content\/uploads\/2025\/05\/secult-pb-480x480.webp 480w, https:\/\/www.novaconcursos.com.br\/portal\/wp-content\/uploads\/2025\/05\/secult-pb-768x768.webp 768w, https:\/\/www.novaconcursos.com.br\/portal\/wp-content\/uploads\/2025\/05\/secult-pb.webp 1024w\" sizes=\"auto, (max-width: 480px) 100vw, (max-width: 768px) 100vw, (max-width: 1200px) 70vw, 768px\"><figcaption class=\"wp-element-caption\"><em>Concurso Secult PB ter\u00e1 edital publicado em breve.<\/em><\/figcaption><\/figure><h2 class=\"wp-block-heading\" id=\"concurso-secult-pb-ofertar-vagas-para-nvel-superior\">Concurso Secult PB ofertar\u00e1 vagas para n\u00edvel superior<\/h2>\n\n\n\n<p>O edital do concurso Secult PB trar\u00e1 33 vagas para cargos de n\u00edvel superior, abrangendo diferentes \u00e1reas do conhecimento ligadas \u00e0 gest\u00e3o e \u00e0 preserva\u00e7\u00e3o da cultura. <\/p>\n\n\n\n<p>O concurso Secult PB ser\u00e1 organizado pelo Instituto de Desenvolvimento Educacional, Cultural e Assistencial Nacional (Idecan), que j\u00e1 conduz outros certames no estado, como os da Secretaria de Educa\u00e7\u00e3o (SEE PB), Pol\u00edcia Penal e Fundac PB.<\/p>\n\n\n\n<p>Confira abaixo a distribui\u00e7\u00e3o oficial das vagas:<\/p>\n\n\n\n<ul class=\"wp-block-list\"><li>Analista em Gest\u00e3o Cultural\n<ul class=\"wp-block-list\"><li>Geral: 2 vagas<\/li>\n\n\n\n<li>Teatro: 1 vaga<\/li>\n\n\n\n<li>Dan\u00e7a: 1 vaga<\/li>\n\n\n\n<li>Circo: 1 vaga<\/li>\n\n\n\n<li>Artes Visuais: 1 vaga<\/li>\n\n\n\n<li>Audiovisual: 1 vaga<\/li>\n\n\n\n<li>M\u00fasica: 1 vaga<\/li>\n\n\n\n<li>Literatura: 1 vaga<\/li>\n\n\n\n<li>Produtor Cultural: 1 vaga<\/li>\n<\/ul><\/li>\n\n\n\n<li>Antrop\u00f3logo: 2 vagas<\/li>\n\n\n\n<li>Arque\u00f3logo: 3 vagas<\/li>\n\n\n\n<li>Muse\u00f3logo: 5 vagas<\/li>\n\n\n\n<li>Paleont\u00f3logo: 3 vagas<\/li>\n\n\n\n<li>Restaurador: 4 vagas<\/li>\n\n\n\n<li>Arquivista: 3 vagas<\/li>\n\n\n\n<li>Analista Bibliotec\u00e1rio: 2 vagas<\/li>\n\n\n\n<li>Historiador: 1 vaga<\/li>\n<\/ul><p>Os aprovados ter\u00e3o remunera\u00e7\u00e3o inicial de R$ 3.500,00, al\u00e9m dos benef\u00edcios previstos para os servidores p\u00fablicos estaduais. A jornada de trabalho, segundo informa\u00e7\u00f5es preliminares, ser\u00e1 de 40 horas semanais.<\/p>\n\n\n\n<h2 class=\"wp-block-heading\" id=\"concurso-secult-pb-j-tem-taxa-definida\">Concurso Secult PB j\u00e1 tem taxa definida<\/h2>\n\n\n\n<p><strong>A taxa de inscri\u00e7\u00e3o para o concurso da Secult PB ser\u00e1 de R$ 120,00<\/strong>, um valor considerado acess\u00edvel em compara\u00e7\u00e3o com outros concursos de n\u00edvel superior. <\/p>\n\n\n\n<p>A abertura do per\u00edodo de inscri\u00e7\u00f5es, bem como os prazos para pagamento da taxa, solicita\u00e7\u00e3o de isen\u00e7\u00e3o e envio de documenta\u00e7\u00e3o comprobat\u00f3ria, ser\u00e3o divulgados com a publica\u00e7\u00e3o oficial do edital Secult PB.<\/p>\n\n\n\n<p>Ainda n\u00e3o foi informado se o Idecan disponibilizar\u00e1 atendimento especial a candidatos com defici\u00eancia, lactantes, pessoas trans e outros grupos em situa\u00e7\u00e3o de vulnerabilidade, mas a expectativa \u00e9 de que todas as regras de acessibilidade e inclus\u00e3o estejam previstas no documento oficial.<\/p>\n\n\n\n<div class=\"nova-continue-reading\"> Leia tamb\u00e9m: <a href=\"https:\/\/www.novaconcursos.com.br\/portal\/pb\/\">Concursos abertos no estado da Para\u00edba<\/a> <\/div>\n\n\n\n<h2 class=\"wp-block-heading\" id=\"prximos-passos-para-os-candidatos-do-concurso-secult-pb\">Pr\u00f3ximos passos para os candidatos do concurso Secult PB<\/h2>\n\n\n\n<p>Com o edital confirmado para esta ter\u00e7a-feira (20 de maio), os candidatos devem ficar atentos aos seguintes pontos:<\/p>\n\n\n\n<ul class=\"wp-block-list\"><li>Abertura e encerramento das inscri\u00e7\u00f5es<\/li>\n\n\n\n<li>Datas e locais das provas objetivas<\/li>\n\n\n\n<li>Crit\u00e9rios de avalia\u00e7\u00e3o e classifica\u00e7\u00e3o<\/li>\n\n\n\n<li>Etapas adicionais (prova discursiva, t\u00edtulos, se houver)<\/li>\n\n\n\n<li>Requisitos espec\u00edficos para cada cargo (forma\u00e7\u00e3o acad\u00eamica, registro em conselhos, experi\u00eancia, etc.)<\/li>\n<\/ul><p>Al\u00e9m disso, \u00e9 recomend\u00e1vel que os interessados iniciem ou intensifiquem sua prepara\u00e7\u00e3o o quanto antes. O conte\u00fado program\u00e1tico, bem como a bibliografia sugerida, ser\u00e3o disponibilizados no edital do concurso Secult PB e no site do Idecan, onde tamb\u00e9m dever\u00e3o ser feitas as inscri\u00e7\u00f5es.<\/p>\n\n\n\n<p><strong>Fiquem ligados na nosssa p\u00e1gina para as pr\u00f3ximas not\u00edcias sobre o concurso Secult PB!<\/strong><\/p>","protected":false},"excerpt":{"rendered":"<p>O edital do concurso Secult PB ser\u00e1 publicado em 20 de maio, com 33 vagas para n\u00edvel superior e sal\u00e1rio de R$ 3.5 mil!<\/p>\n","protected":false},"author":54694,"featured_media":283202,"comment_status":"closed","ping_status":"closed","sticky":false,"template":"","format":"standard","meta":{"_acf_changed":false,"footnotes":"","_wp_rev_ctl_limit":""},"categories":[1,228,44939,44956],"tags":[45097,45035],"class_list":["post-283200","post","type-post","status-publish","format-standard","has-post-thumbnail","hentry","category-uncategorized","category-noticias","category-carreira-administrativa","category-pb","tag-concurso-secult-pb","tag-concursos-abertos-pb"],"acf":[],"_links":{"self":[{"href":"https:\/\/www.novaconcursos.com.br\/portal\/wp-json\/wp\/v2\/posts\/283200","targetHints":{"allow":["GET"]}}],"collection":[{"href":"https:\/\/www.novaconcursos.com.br\/portal\/wp-json\/wp\/v2\/posts"}],"about":[{"href":"https:\/\/www.novaconcursos.com.br\/portal\/wp-json\/wp\/v2\/types\/post"}],"author":[{"embeddable":true,"href":"https:\/\/www.novaconcursos.com.br\/portal\/wp-json\/wp\/v2\/users\/54694"}],"replies":[{"embeddable":true,"href":"https:\/\/www.novaconcursos.com.br\/portal\/wp-json\/wp\/v2\/comments?post=283200"}],"version-history":[{"count":7,"href":"https:\/\/www.novaconcursos.com.br\/portal\/wp-json\/wp\/v2\/posts\/283200\/revisions"}],"predecessor-version":[{"id":283209,"href":"https:\/\/www.novaconcursos.com.br\/portal\/wp-json\/wp\/v2\/posts\/283200\/revisions\/283209"}],"wp:featuredmedia":[{"embeddable":true,"href":"https:\/\/www.novaconcursos.com.br\/portal\/wp-json\/wp\/v2\/media\/283202"}],"wp:attachment":[{"href":"https:\/\/www.novaconcursos.com.br\/portal\/wp-json\/wp\/v2\/media?parent=283200"}],"wp:term":[{"taxonomy":"category","embeddable":true,"href":"https:\/\/www.novaconcursos.com.br\/portal\/wp-json\/wp\/v2\/categories?post=283200"},{"taxonomy":"post_tag","embeddable":true,"href":"https:\/\/www.novaconcursos.com.br\/portal\/wp-json\/wp\/v2\/tags?post=283200"}],"curies":[{"name":"wp","href":"https:\/\/api.w.org\/{rel}","templated":true}]}}