{"id":283838,"date":"2025-05-23T14:02:32","date_gmt":"2025-05-23T17:02:32","guid":{"rendered":"https:\/\/www.novaconcursos.com.br\/portal\/?p=283838"},"modified":"2025-05-23T14:02:37","modified_gmt":"2025-05-23T17:02:37","slug":"concurso-uff-conteudo-provas","status":"publish","type":"post","link":"https:\/\/www.novaconcursos.com.br\/portal\/noticias\/concurso-uff-conteudo-provas\/","title":{"rendered":"Concurso UFF: Publicado o conte\u00fado program\u00e1tico das provas!"},"content":{"rendered":"<p>Se voc\u00ea est\u00e1 de olho em uma oportunidade est\u00e1vel e com \u00f3timos sal\u00e1rios no servi\u00e7o p\u00fablico federal, prepare-se: <strong>acaba de ser liberado o conte\u00fado program\u00e1tico completo para o aguardado <a href=\"https:\/\/www.novaconcursos.com.br\/portal\/concursos\/concurso-uff\/\">concurso UFF<\/a><\/strong> para t\u00e9cnico-administrativos em educa\u00e7\u00e3o!<\/p>\n\n\n\n<p>O concurso UFF 2025 oferece 105 vagas imediatas para diferentes cargos, tanto de n\u00edvel m\u00e9dio\/t\u00e9cnico quanto de n\u00edvel superior, com lota\u00e7\u00e3o em diversos munic\u00edpios fluminenses. E mais: os sal\u00e1rios s\u00e3o bastante atrativos, podendo ultrapassar os R$ 5 mil, j\u00e1 contando com os benef\u00edcios que os servidores p\u00fablicos federais recebem.<\/p>\n\n\n\n<p>Outro detalhe importante \u00e9 que o cronograma do concurso UFF j\u00e1 est\u00e1 definido: as provas objetivas acontecer\u00e3o entre agosto e setembro deste ano, o que exige dos candidatos uma prepara\u00e7\u00e3o intensa e estrat\u00e9gica desde agora.<\/p>\n\n\n\n<h2 class=\"wp-block-heading\" id=\"concurso-uff-divulga-contedo-das-provas-\">Concurso UFF divulga conte\u00fado das provas <\/h2>\n\n\n\n<p>A Universidade Federal Fluminense (UFF) deu mais um passo importante na realiza\u00e7\u00e3o de seu concurso p\u00fablico para t\u00e9cnico-administrativos. <mark style=\"background-color:#8ed1fc\" class=\"has-inline-color\">A banca organizadora publicou nesta semana o conte\u00fado program\u00e1tico completo das provas<\/mark> para todos os cargos ofertados, contemplando os n\u00edveis m\u00e9dio\/t\u00e9cnico e superior.<\/p>\n\n\n\n<p>O concurso da UFF, que havia tido seu edital publicado na quarta-feira, dia 21, ainda n\u00e3o disponibilizava, at\u00e9 ent\u00e3o, o conte\u00fado das provas. Agora, os candidatos j\u00e1 podem acessar e iniciar sua prepara\u00e7\u00e3o com base no programa oficial divulgado. <\/p>\n\n\n\n<h3 class=\"wp-block-heading\">Como acessar o conte\u00fado program\u00e1tico?<\/h3>\n\n\n\n<p>Os candidatos podem acessar o conte\u00fado completo das provas nos links disponibilizados pela banca organizadora, a pr\u00f3pria <a href=\"https:\/\/portal.coseac.uff.br\/project\/concursouff2025\/\" target=\"_blank\" rel=\"noopener\">universidade<\/a>. A divulga\u00e7\u00e3o foi feita de forma segmentada, separando os conte\u00fados exigidos para cargos de n\u00edvel m\u00e9dio\/t\u00e9cnico e para cargos de n\u00edvel superior, facilitando a consulta e a organiza\u00e7\u00e3o dos estudos.<\/p>\n\n\n\n<p>Confira o conte\u00fado tamb\u00e9m pelos seguintes links:<\/p>\n\n\n\n<ul class=\"wp-block-list\"><li><a href=\"https:\/\/portal.coseac.uff.br\/wp-content\/uploads\/2025\/05\/UFF-Edital_96_2025-Conteudo-programatico-NIVEL-Medio.pdf\" target=\"_blank\" rel=\"noreferrer noopener\">Conte\u00fado das provas para n\u00edvel m\u00e9dio<\/a>; e<\/li>\n\n\n\n<li><a href=\"https:\/\/portal.coseac.uff.br\/wp-content\/uploads\/2025\/05\/UFF-Edital_96_2025-Conteudo-programatico-NIVEL-SUPERIOR.pdf\" target=\"_blank\" rel=\"noreferrer noopener\">Conte\u00fado das provas para n\u00edvel superior<\/a>.<\/li>\n<\/ul><p>Especialistas recomendam que os candidatos comecem imediatamente a se preparar, dada a proximidade das provas, que ocorrer\u00e3o j\u00e1 no final de agosto e in\u00edcio de setembro. O estudo com base no conte\u00fado oficial \u00e9 fundamental para um bom desempenho.<\/p>\n\n\n\n<figure class=\"wp-block-image size-large\"><img decoding=\"async\" width=\"1024\" height=\"359\" src=\"https:\/\/www.novaconcursos.com.br\/portal\/wp-content\/uploads\/2025\/05\/Conteudo-programatico-Concurso-UFF-1024x359.webp\" alt=\"\" class=\"wp-image-283848\" loading=\"lazy\" title=\"\" srcset=\"https:\/\/www.novaconcursos.com.br\/portal\/wp-content\/uploads\/2025\/05\/Conteudo-programatico-Concurso-UFF-300x105.webp 300w, https:\/\/www.novaconcursos.com.br\/portal\/wp-content\/uploads\/2025\/05\/Conteudo-programatico-Concurso-UFF-480x168.webp 480w, https:\/\/www.novaconcursos.com.br\/portal\/wp-content\/uploads\/2025\/05\/Conteudo-programatico-Concurso-UFF-768x269.webp 768w, https:\/\/www.novaconcursos.com.br\/portal\/wp-content\/uploads\/2025\/05\/Conteudo-programatico-Concurso-UFF-1024x359.webp 1024w, https:\/\/www.novaconcursos.com.br\/portal\/wp-content\/uploads\/2025\/05\/Conteudo-programatico-Concurso-UFF.webp 1275w\" sizes=\"auto, (max-width: 480px) 100vw, (max-width: 768px) 100vw, (max-width: 1200px) 70vw, 768px\"><figcaption class=\"wp-element-caption\"><em>Candidatos do concurso UFF j\u00e1 podem conferir o conte\u00fado program\u00e1tico.<\/em><\/figcaption><\/figure><h2 class=\"wp-block-heading\" id=\"estrutura-das-provas-objetivas-e-redao\">Estrutura das provas: objetivas e reda\u00e7\u00e3o<\/h2>\n\n\n\n<p>O concurso UFF contar\u00e1 com provas objetivas para todos os cargos, al\u00e9m de prova de reda\u00e7\u00e3o para algumas fun\u00e7\u00f5es espec\u00edficas.<\/p>\n\n\n\n<p>Para os cargos de Arquivista, Auditor, Bibliotec\u00e1rio, Produtor Cultural, Psic\u00f3logo e Assistente em Administra\u00e7\u00e3o, a estrutura da prova objetiva ser\u00e1 composta por 55 quest\u00f5es, divididas da seguinte forma:<\/p>\n\n\n\n<ul class=\"wp-block-list\"><li>L\u00edngua Portuguesa: 10 quest\u00f5es<\/li>\n\n\n\n<li>No\u00e7\u00f5es B\u00e1sicas de Administra\u00e7\u00e3o P\u00fablica: 10 quest\u00f5es<\/li>\n\n\n\n<li>Conhecimentos Espec\u00edficos: 35 quest\u00f5es<\/li>\n<\/ul><p>Al\u00e9m disso, os candidatos dessas carreiras ter\u00e3o que realizar uma reda\u00e7\u00e3o. A aprova\u00e7\u00e3o depender\u00e1 da obten\u00e7\u00e3o das seguintes pontua\u00e7\u00f5es m\u00ednimas:<\/p>\n\n\n\n<ul class=\"wp-block-list\"><li>L\u00edngua Portuguesa: m\u00ednimo de 6 pontos<\/li>\n\n\n\n<li>No\u00e7\u00f5es de Administra\u00e7\u00e3o P\u00fablica: m\u00ednimo de 6 pontos<\/li>\n\n\n\n<li>Conhecimentos Espec\u00edficos: m\u00ednimo de 36 pontos<\/li>\n\n\n\n<li>Reda\u00e7\u00e3o: m\u00ednimo de 50 pontos<\/li>\n<\/ul><p>J\u00e1 para os demais cargos ofertados no concurso UFF, a prova objetiva ser\u00e1 composta por 65 quest\u00f5es, distribu\u00eddas da seguinte forma:<\/p>\n\n\n\n<ul class=\"wp-block-list\"><li>L\u00edngua Portuguesa: 20 quest\u00f5es<\/li>\n\n\n\n<li>No\u00e7\u00f5es B\u00e1sicas de Administra\u00e7\u00e3o P\u00fablica: 10 quest\u00f5es<\/li>\n\n\n\n<li>Conhecimentos Espec\u00edficos: 35 quest\u00f5es<\/li>\n<\/ul><p>Nesse caso, a aprova\u00e7\u00e3o depender\u00e1 das seguintes pontua\u00e7\u00f5es m\u00ednimas:<\/p>\n\n\n\n<ul class=\"wp-block-list\"><li>L\u00edngua Portuguesa: m\u00ednimo de 8 pontos<\/li>\n\n\n\n<li>No\u00e7\u00f5es de Administra\u00e7\u00e3o P\u00fablica: m\u00ednimo de 4 pontos<\/li>\n\n\n\n<li>Conhecimentos Espec\u00edficos: m\u00ednimo de 36 pontos<\/li>\n<\/ul><p>N\u00e3o haver\u00e1, para esses cargos, prova de reda\u00e7\u00e3o.<\/p>\n\n\n\n<h3 class=\"wp-block-heading\">Datas definidas para as provas: agosto e setembro<\/h3>\n\n\n\n<p>Outro ponto j\u00e1 confirmado pela UFF s\u00e3o as datas das provas, que ocorrer\u00e3o em dois finais de semana distintos, conforme o n\u00edvel do cargo:<\/p>\n\n\n\n<ul class=\"wp-block-list\"><li>31 de agosto de 2025: para os cargos de n\u00edvel m\u00e9dio\/t\u00e9cnico;<\/li>\n\n\n\n<li>14 de setembro de 2025: para os cargos de n\u00edvel superior.<\/li>\n<\/ul><p>As provas ser\u00e3o aplicadas exclusivamente no Estado do Rio de Janeiro, abrangendo as seguintes cidades: Angra dos Reis, Campos dos Goytacazes, Niter\u00f3i, Rio das Ostras, Rio de Janeiro, Santo Ant\u00f4nio de P\u00e1dua, S\u00e3o Gon\u00e7alo e Volta Redonda. Os exames ter\u00e3o in\u00edcio \u00e0s 9h e dura\u00e7\u00e3o de quatro horas e trinta minutos.<\/p>\n\n\n\n<div class=\"nova-continue-reading\"> Confira: <a href=\"https:\/\/www.novaconcursos.com.br\/portal\/rj\/\">Concursos abertos no estado do Rio de Janeiro<\/a> <\/div>\n\n\n\n<h2 class=\"wp-block-heading\" id=\"prximos-passos-para-os-candidatos-do-concurso-uff\">Pr\u00f3ximos passos para os candidatos do concurso UFF<\/h2>\n\n\n\n<p>Agora, com o conte\u00fado program\u00e1tico em m\u00e3os, os candidatos devem intensificar os estudos, organizando cronogramas que contemplem todas as disciplinas exigidas, especialmente os Conhecimentos Espec\u00edficos, que concentram a maior parte das quest\u00f5es.<\/p>\n\n\n\n<p>Tamb\u00e9m \u00e9 importante acompanhar os comunicados oficiais da UFF e da banca organizadora, a fim de se manter atualizado sobre eventuais mudan\u00e7as ou esclarecimentos adicionais relativos ao concurso.<\/p>\n\n\n\n<p>Para quem deseja conquistar uma das 105 vagas imediatas, o momento \u00e9 de foco e prepara\u00e7\u00e3o estrat\u00e9gica, tendo em vista a concorr\u00eancia e o n\u00edvel de exig\u00eancia das provas.<\/p>\n\n\n\n<p><strong>Fiquem ligados na nossa p\u00e1gina para as pr\u00f3ximas not\u00edcias sobre o concurso UFF!<\/strong><\/p>","protected":false},"excerpt":{"rendered":"<p>Foi divulgado o conte\u00fado das provas do concurso UFF com 105 vagas para t\u00e9cnico-administrativos. Provas acontecem em agosto e setembro, com sal\u00e1rios de at\u00e9 R$ 5. mil.<\/p>\n","protected":false},"author":54694,"featured_media":283847,"comment_status":"closed","ping_status":"closed","sticky":false,"template":"","format":"standard","meta":{"_acf_changed":false,"footnotes":"","_wp_rev_ctl_limit":""},"categories":[228,44939,44965],"tags":[12972,45005],"class_list":["post-283838","post","type-post","status-publish","format-standard","has-post-thumbnail","hentry","category-noticias","category-carreira-administrativa","category-rj","tag-concurso-uff","tag-concursos-abertos-rj"],"acf":[],"_links":{"self":[{"href":"https:\/\/www.novaconcursos.com.br\/portal\/wp-json\/wp\/v2\/posts\/283838","targetHints":{"allow":["GET"]}}],"collection":[{"href":"https:\/\/www.novaconcursos.com.br\/portal\/wp-json\/wp\/v2\/posts"}],"about":[{"href":"https:\/\/www.novaconcursos.com.br\/portal\/wp-json\/wp\/v2\/types\/post"}],"author":[{"embeddable":true,"href":"https:\/\/www.novaconcursos.com.br\/portal\/wp-json\/wp\/v2\/users\/54694"}],"replies":[{"embeddable":true,"href":"https:\/\/www.novaconcursos.com.br\/portal\/wp-json\/wp\/v2\/comments?post=283838"}],"version-history":[{"count":7,"href":"https:\/\/www.novaconcursos.com.br\/portal\/wp-json\/wp\/v2\/posts\/283838\/revisions"}],"predecessor-version":[{"id":283853,"href":"https:\/\/www.novaconcursos.com.br\/portal\/wp-json\/wp\/v2\/posts\/283838\/revisions\/283853"}],"wp:featuredmedia":[{"embeddable":true,"href":"https:\/\/www.novaconcursos.com.br\/portal\/wp-json\/wp\/v2\/media\/283847"}],"wp:attachment":[{"href":"https:\/\/www.novaconcursos.com.br\/portal\/wp-json\/wp\/v2\/media?parent=283838"}],"wp:term":[{"taxonomy":"category","embeddable":true,"href":"https:\/\/www.novaconcursos.com.br\/portal\/wp-json\/wp\/v2\/categories?post=283838"},{"taxonomy":"post_tag","embeddable":true,"href":"https:\/\/www.novaconcursos.com.br\/portal\/wp-json\/wp\/v2\/tags?post=283838"}],"curies":[{"name":"wp","href":"https:\/\/api.w.org\/{rel}","templated":true}]}}