{"id":283977,"date":"2025-05-26T12:46:02","date_gmt":"2025-05-26T15:46:02","guid":{"rendered":"https:\/\/www.novaconcursos.com.br\/portal\/?p=283977"},"modified":"2025-05-26T15:24:49","modified_gmt":"2025-05-26T18:24:49","slug":"concurso-pf-administrativo-calendario","status":"publish","type":"post","link":"https:\/\/www.novaconcursos.com.br\/portal\/noticias\/concurso-pf-administrativo-calendario\/","title":{"rendered":"Calend\u00e1rio do concurso PF Administrativo ap\u00f3s as inscri\u00e7\u00f5es!"},"content":{"rendered":"<p>Com o encerramento do prazo de inscri\u00e7\u00f5es, os candidatos ao concurso <a href=\"https:\/\/www.novaconcursos.com.br\/portal\/concursos\/pf-administrativo\/\">PF Administrativo<\/a> agora voltam suas aten\u00e7\u00f5es para as pr\u00f3ximas etapas da sele\u00e7\u00e3o. \u00c9 neste momento que o cronograma do concurso ganha ainda mais import\u00e2ncia. Estar bem informado sobre cada fase evita surpresas e permite um planejamento mais eficiente, garantindo que o candidato esteja pronto para todos os desafios at\u00e9 a aprova\u00e7\u00e3o.<\/p>\n\n\n\n<p>O concurso da Pol\u00edcia Federal est\u00e1 oferecendo <strong>192 vagas<\/strong> para cargos de n\u00edveis m\u00e9dio e superior, o que representa uma excelente oportunidade para quem busca estabilidade e bons sal\u00e1rios no servi\u00e7o p\u00fablico. Entre os destaques, est\u00e3o as <mark style=\"background-color:#8ed1fc\" class=\"has-inline-color\">100 vagas para o cargo de Agente Administrativo<\/mark>, que exige apenas o n\u00edvel m\u00e9dio de escolaridade e oferece remunera\u00e7\u00e3o inicial de aproximadamente <strong>R$ 7 mil,<\/strong> tornando-se um dos cargos mais atrativos do certame.<\/p>\n\n\n\n<p>Se voc\u00ea est\u00e1 entre os inscritos e quer garantir que n\u00e3o perder\u00e1 nenhum prazo importante, \u00e9 essencial ficar atento \u00e0s datas previstas. Confira agora o calend\u00e1rio completo do concurso PF Administrativo e organize sua prepara\u00e7\u00e3o de forma estrat\u00e9gica!<\/p>\n\n\n\n<h2 class=\"wp-block-heading\" id=\"cronograma-do-concurso-pf-administrativo\">Cronograma do concurso PF Administrativo<\/h2>\n\n\n\n<p>As inscri\u00e7\u00f5es para o concurso PF Administrativo foram oficialmente encerradas! Sendo assim, os candidatos devem se atentar as outras datas do edital. <\/p>\n\n\n\n<p>Confira o cronograma oficial do concurso PF Administrativo:<\/p>\n\n\n\n<ul class=\"wp-block-list\"><li>Prazo para solicita\u00e7\u00e3o de inscri\u00e7\u00e3o: at\u00e9 as 18h do dia 23 de maio (encerrado)<\/li>\n\n\n\n<li>Data final para pagamento da taxa de inscri\u00e7\u00e3o: 23 de maio (encerrado)<\/li>\n\n\n\n<li><strong>Divulga\u00e7\u00e3o do edital com locais de prova: 16 de junho<\/strong><\/li>\n\n\n\n<li><strong>Aplica\u00e7\u00e3o das provas objetivas e discursiva: 29 de junho<\/strong><\/li>\n\n\n\n<li>Consulta individual aos gabaritos preliminares das provas objetivas: das 19h do dia 1\u00ba at\u00e9 as 18h do dia 3 de julho<\/li>\n\n\n\n<li>Divulga\u00e7\u00e3o do padr\u00e3o preliminar de respostas da prova discursiva: 1\u00ba de julho<\/li>\n\n\n\n<li>Prazo para recurso contra gabaritos e padr\u00e3o da discursiva: das 10h do dia 2 at\u00e9 as 18h do dia 3 de julho<\/li>\n\n\n\n<li>Divulga\u00e7\u00e3o dos gabaritos preliminares das provas objetivas: 4 de julho<\/li>\n\n\n\n<li><strong>Resultado final nas provas objetivas e resultado provis\u00f3rio na prova discursiva: 6 de agosto<\/strong><\/li>\n\n\n\n<li>Prazo para recurso contra o resultado provis\u00f3rio da discursiva: das 10h do dia 7 at\u00e9 as 18h do dia 8 de agosto<\/li>\n\n\n\n<li><strong>Resultado final da discursiva e convoca\u00e7\u00e3o para avalia\u00e7\u00e3o biopsicossocial e heteroidentifica\u00e7\u00e3o: 2 de setembro<\/strong><\/li>\n\n\n\n<li>Realiza\u00e7\u00e3o da avalia\u00e7\u00e3o biopsicossocial: 14 de setembro<\/li>\n\n\n\n<li>Realiza\u00e7\u00e3o do procedimento de heteroidentifica\u00e7\u00e3o: 14 de setembro<\/li>\n\n\n\n<li>Resultado final da avalia\u00e7\u00e3o biopsicossocial e da heteroidentifica\u00e7\u00e3o e convoca\u00e7\u00e3o para desempate de notas (se houver): 14 de outubro<\/li>\n\n\n\n<li><strong>Resultado final do desempate de notas (se houver) e do concurso: 5 de novembro<\/strong><\/li>\n<\/ul><p><\/p>\n\n\n\n<p>\u00c9 importante ressaltar que, o concurso PF Administrativo est\u00e1 sendo comandado pelo <a href=\"https:\/\/www.cebraspe.org.br\/\" target=\"_blank\" rel=\"noopener\">Cebraspe<\/a>. <\/p>\n\n\n\n<h2 class=\"wp-block-heading\" id=\"cargos-vagas-e-salrios\">Cargos, vagas e sal\u00e1rios<\/h2>\n\n\n\n<p>O concurso PF Administrativo 2025 est\u00e1 ofertando <strong>192 vagas imediatas <\/strong>para cargos de n\u00edveis m\u00e9dio e superior. Confira como essas oportunidades est\u00e3o sendo distribu\u00eddas: <\/p>\n\n\n\n<p><strong>N\u00edvel m\u00e9dio<\/strong><\/p>\n\n\n\n<ul class=\"wp-block-list\"><li>Agente Administrativo: 100 vagas<\/li>\n<\/ul><p><strong>N\u00edvel superior<\/strong><\/p>\n\n\n\n<ul class=\"wp-block-list\"><li>Administrador: 6 vagas<\/li>\n\n\n\n<li>Assistente Social: 13 vagas<\/li>\n\n\n\n<li>Contador: 9 vagas<\/li>\n\n\n\n<li>Enfermeiro: 3 vagas<\/li>\n\n\n\n<li>Estat\u00edstico: 4 vagas<\/li>\n\n\n\n<li>Farmac\u00eautico: 2 vagas<\/li>\n\n\n\n<li>M\u00e9dico Cl\u00ednico 20h: 11 vagas<\/li>\n\n\n\n<li>M\u00e9dico Psiquiatra 20h: 19 vagas<\/li>\n\n\n\n<li>M\u00e9dico Ortopedista 20h: 5 vagas<\/li>\n\n\n\n<li>Nutricionista: 1 vaga<\/li>\n\n\n\n<li>Psic\u00f3logo Cl\u00ednico: 4 vagas<\/li>\n\n\n\n<li>Psic\u00f3logo Organizacional: 2 vagas<\/li>\n\n\n\n<li>T\u00e9cnico em Assuntos Educacionais (Pedagogia): 10 vagas<\/li>\n\n\n\n<li>T\u00e9cnico em Comunica\u00e7\u00e3o Social: 3 vagas<\/li>\n<\/ul><p><\/p>\n\n\n\n<p>As remunera\u00e7\u00f5es para os cargos de n\u00edvel superior ir\u00e3o oscilar entre <strong>R$ 7.605,31 e R$ 11.070,93,<\/strong> de acordo com a fun\u00e7\u00e3o exercida. No caso do cargo de agente administrativo, que exige n\u00edvel m\u00e9dio, o sal\u00e1rio inicial ser\u00e1 de<strong> R$ 7.444,80.<\/strong><\/p>\n\n\n\n<div class=\"nova-continue-reading\">Confira: <a href=\"https:\/\/www.novaconcursos.com.br\/portal\/noticias\/concurso-pf-administrativo-distribuicao-vagas\/\">Distribui\u00e7\u00e3o de vagas por estado!<\/a><\/div>\n\n\n\n<h2 class=\"wp-block-heading\" id=\"como-sero-as-provas-do-concurso-pf-administrativo\">Como ser\u00e3o as provas do concurso PF Administrativo?<\/h2>\n\n\n\n<p>Os candidatos do concurso PF Administrativo ser\u00e3o avaliados por meio das seguintes etapas de sele\u00e7\u00e3o: <\/p>\n\n\n\n<ul class=\"wp-block-list\"><li><strong>Prova objetiva<\/strong>, de car\u00e1ter eliminat\u00f3rio e classificat\u00f3rio;<\/li>\n\n\n\n<li><strong>Prova discursiva<\/strong>, de car\u00e1ter eliminat\u00f3rio e classificat\u00f3rio.<\/li>\n<\/ul><p><\/p>\n\n\n\n<p>As provas est\u00e3o previstas para serem aplicadas no dia <strong>29 de junho de 2025<\/strong>, com dura\u00e7\u00e3o de 4h30min. <\/p>\n\n\n\n<p>A avalia\u00e7\u00e3o objetiva contar\u00e1 com\u00a0<strong>120 quest\u00f5es<\/strong>\u00a0do tipo\u00a0<strong>CERTO<\/strong>\u00a0ou\u00a0<strong>ERRADO<\/strong>, distribu\u00eddas da seguinte forma:<\/p>\n\n\n\n<ul class=\"wp-block-list\"><li><strong>50 quest\u00f5es<\/strong>\u00a0de Conhecimentos B\u00e1sicos;<\/li>\n\n\n\n<li><strong>70 quest\u00f5es<\/strong>\u00a0de Conhecimentos Espec\u00edficos.<\/li>\n<\/ul><p><\/p>\n\n\n\n<p>Ser\u00e1 eliminado do concurso o candidato que:<\/p>\n\n\n\n<ul class=\"wp-block-list\"><li>Obtiver nota inferior a 10,00 pontos na prova de Conhecimentos B\u00e1sicos (P1);<\/li>\n\n\n\n<li>Obtiver nota inferior a 21,00 pontos na prova de Conhecimentos Espec\u00edficos (P2);<\/li>\n\n\n\n<li>Obtiver nota inferior a 36,00 pontos no total das provas objetivas.<\/li>\n<\/ul><div class=\"nova-continue-reading\">Confira: <a href=\"https:\/\/www.novaconcursos.com.br\/portal\/concursos\/pf-administrativo\/\">Tudo sobre o concurso PF Administrativo 2025!<\/a><\/div>","protected":false},"excerpt":{"rendered":"<p>Com as inscri\u00e7\u00f5es encerradas, \u00e9 fundamental estar ciente das pr\u00f3ximas etapas do concurso PF Administrativo! Confira o calend\u00e1rio. <\/p>\n","protected":false},"author":54696,"featured_media":283980,"comment_status":"closed","ping_status":"closed","sticky":false,"template":"","format":"standard","meta":{"_acf_changed":false,"footnotes":"","_wp_rev_ctl_limit":""},"categories":[228,44978,44941],"tags":[37074,45031],"class_list":["post-283977","post","type-post","status-publish","format-standard","has-post-thumbnail","hentry","category-noticias","category-nacional","category-carreira-policial","tag-concurso-pf-administrativo","tag-concursos-abertos-nacionais"],"acf":[],"_links":{"self":[{"href":"https:\/\/www.novaconcursos.com.br\/portal\/wp-json\/wp\/v2\/posts\/283977","targetHints":{"allow":["GET"]}}],"collection":[{"href":"https:\/\/www.novaconcursos.com.br\/portal\/wp-json\/wp\/v2\/posts"}],"about":[{"href":"https:\/\/www.novaconcursos.com.br\/portal\/wp-json\/wp\/v2\/types\/post"}],"author":[{"embeddable":true,"href":"https:\/\/www.novaconcursos.com.br\/portal\/wp-json\/wp\/v2\/users\/54696"}],"replies":[{"embeddable":true,"href":"https:\/\/www.novaconcursos.com.br\/portal\/wp-json\/wp\/v2\/comments?post=283977"}],"version-history":[{"count":3,"href":"https:\/\/www.novaconcursos.com.br\/portal\/wp-json\/wp\/v2\/posts\/283977\/revisions"}],"predecessor-version":[{"id":284026,"href":"https:\/\/www.novaconcursos.com.br\/portal\/wp-json\/wp\/v2\/posts\/283977\/revisions\/284026"}],"wp:featuredmedia":[{"embeddable":true,"href":"https:\/\/www.novaconcursos.com.br\/portal\/wp-json\/wp\/v2\/media\/283980"}],"wp:attachment":[{"href":"https:\/\/www.novaconcursos.com.br\/portal\/wp-json\/wp\/v2\/media?parent=283977"}],"wp:term":[{"taxonomy":"category","embeddable":true,"href":"https:\/\/www.novaconcursos.com.br\/portal\/wp-json\/wp\/v2\/categories?post=283977"},{"taxonomy":"post_tag","embeddable":true,"href":"https:\/\/www.novaconcursos.com.br\/portal\/wp-json\/wp\/v2\/tags?post=283977"}],"curies":[{"name":"wp","href":"https:\/\/api.w.org\/{rel}","templated":true}]}}