{"id":28423,"date":"2022-07-04T10:31:14","date_gmt":"2022-07-04T13:31:14","guid":{"rendered":"http:\/\/www.novaconcursos.com.br\/portal\/?post_type=nc-public-tender&#038;p=28423"},"modified":"2024-12-16T09:51:34","modified_gmt":"2024-12-16T12:51:34","slug":"concurso-prefeitura-de-praia-grande-sp","status":"publish","type":"post","link":"https:\/\/www.novaconcursos.com.br\/portal\/concursos\/concurso-prefeitura-de-praia-grande-sp\/","title":{"rendered":"Concurso Guarda de Praia Grande SP: Inscri\u00e7\u00f5es at\u00e9 28\/07. 170 vagas!"},"content":{"rendered":"<p>Aten\u00e7\u00e3o, concurseiros! Ap\u00f3s ser<strong> suspenso<\/strong> no in\u00edcio do ano, o edital do <strong>concurso Guarda de Praia Grande SP<\/strong> foi retomado e conta com <strong>inscri\u00e7\u00f5es abertas<\/strong> at\u00e9 o fim do m\u00eas de julho.<\/p>\n<p>Al\u00e9m disso, s\u00e3o ofertadas<strong> 170 oportunidades<\/strong> para Guarda Civil Municipal de 4\u00aa Classe, que exige do concurseiro o<strong> n\u00edvel m\u00e9dio<\/strong> de escolaridade. Ademais, as avalia\u00e7\u00f5es da sele\u00e7\u00e3o ocorrer\u00e3o no <strong>m\u00eas de agosto.<\/strong><\/p>\n<p>Sendo assim, se voc\u00ea se interessa pelo concurso confira <strong>todos os detalhes<\/strong> abaixo!<\/p>\n<ul><li><a class=\"_ps2id\" href=\"#inscri%C3%A7%C3%B5es\" data-ps2id-offset=\"\">Inscri\u00e7\u00f5es<\/a>\n<ul><li><a class=\"_ps2id\" href=\"#isen%C3%A7%C3%A3o\" data-ps2id-offset=\"\">Isen\u00e7\u00e3o de taxa<\/a><\/li>\n<\/ul><\/li>\n<li><a class=\"_ps2id\" href=\"#vagas\" data-ps2id-offset=\"\">Vagas, cargos e sal\u00e1rios<\/a><\/li>\n<li><a class=\"_ps2id\" href=\"#requisitos\" data-ps2id-offset=\"\">Requisitos<\/a><\/li>\n<li><a class=\"_ps2id\" href=\"#atribui%C3%A7%C3%B5es\" data-ps2id-offset=\"\">Atribui\u00e7\u00f5es<\/a><\/li>\n<li><a class=\"_ps2id\" href=\"#provas\" data-ps2id-offset=\"\">Provas<\/a>\n<ul><li><a class=\"_ps2id\" href=\"#avalia%C3%A7%C3%A3o\" data-ps2id-offset=\"\">Avalia\u00e7\u00e3o de Aptid\u00e3o F\u00edsica<\/a><\/li>\n<\/ul><\/li>\n<\/ul><p>\u00a0<\/p>\n<h2 id=\"ps2id-idinscries-targetconcurso-guarda-de-praia-grande-sp-in\">[ps2id id=\u2019inscri\u00e7\u00f5es\u2019 target=\u201d\/]Concurso Guarda de Praia Grande SP: inscri\u00e7\u00f5es<\/h2>\n<p>Dessa forma, \u00e9 essencial que os interessados no concurso Guarda de Praia Grande SP saibam que poder\u00e3o realizar sua inscri\u00e7\u00e3o <strong>at\u00e9 o dia 28 de julho<\/strong> de 2022 por meio do site do <a href=\"https:\/\/www.ibamsp-concursos.org.br\/site\/concursos\/documentos\/644\" target=\"_blank\" rel=\"noopener noreferrer\">Ibam<\/a> (Instituto Brasileiro de Administra\u00e7\u00e3o Municipal).<\/p>\n<p>Al\u00e9m disso, para efetivar a participa\u00e7\u00e3o \u00e9 necess\u00e1rio que <strong>at\u00e9 o dia 29 de julho<\/strong> seja efetuado o pagamento da <strong>taxa de inscri\u00e7\u00e3o,<\/strong> que possui o valor fixo de <strong>R$ 74,00.<\/strong><\/p>\n<p>Ademais, vale recordar que o edital havia sido publicado<strong> no m\u00eas de janeiro<\/strong> deste ano, mas foi <strong>suspenso<\/strong> pouco tempo depois. Sendo assim, um documento de reabertura foi recentemente publicado a fim de que a sele\u00e7\u00e3o<strong> tenha continuidade.<\/strong><\/p>\n<p>Nesse sentido, os candidatos que efetuaram sua inscri\u00e7\u00e3o <strong>no in\u00edcio do ano<\/strong> e efetuaram o <strong>pagamento da taxa<\/strong> j\u00e1 est\u00e3o inscritos no concurso p\u00fablico, sem necessidade de realizar o procedimento novamente.<\/p>\n<p>Estude para o concurso dos seus sonhos com a <a href=\"https:\/\/aprovacao.novaconcursos.com.br\/assinatura\" target=\"_blank\" rel=\"noopener noreferrer\">Assinatura Completa da Nova.<\/a> Tenha acesso a <strong>Cursos, Plataforma de Quest\u00f5es, Eventos Exclusivos<\/strong> para Assinantes e Muito Mais!<\/p>\n<h3>[ps2id id=\u2019isen\u00e7\u00e3o\u2019 target=\u201d\/]Isen\u00e7\u00e3o de taxa<\/h3>\n<p>\u00c9 igualmente importante que os candidatos saibam que<strong> at\u00e9 o dia 08 de julho<\/strong> poder\u00e3o solicitar a<strong> isen\u00e7\u00e3o de taxa<\/strong> aqueles que se encaixem nos perfis indicados a seguir:<\/p>\n<ul><li>Doador de sangue;<\/li>\n<li>Desempregado;<\/li>\n<li>Hipossuficiente;<\/li>\n<li>Doador de medula \u00f3ssea.<\/li>\n<\/ul><p>\u00a0<\/p>\n<h2 id=\"ps2id-idvagas-targetvagas-cargos-e-salrios\">[ps2id id=\u2019vagas\u2019 target=\u201d\/]Vagas, cargos e sal\u00e1rios<\/h2>\n<p>Portanto, o novo concurso da Guarda Civil Municipal de Praia Grande, em <a href=\"https:\/\/www.novaconcursos.com.br\/portal\/concursos-abertos\/sp\/\">S\u00e3o Paulo,<\/a> oferta<strong> 170 oportunidades<\/strong> para a carreira de <strong>4\u00aa Classe,<\/strong> que exige dos concurseiros o <strong>n\u00edvel m\u00e9dio<\/strong> de escolaridade.<\/p>\n<p>Al\u00e9m disso, para concorrer a uma das vagas tamb\u00e9m \u00e9 necess\u00e1rio que os candidatos cumpram com os<strong> requisitos abaixo:<\/strong><\/p>\n<ul><li>CNH letra \u201cA\u201d e \u201cB\u201d;<\/li>\n<li>estatura m\u00ednima de 1,55m, se do sexo feminino e 1,65m, se do sexo masculino.<\/li>\n<\/ul><p>\u00a0<\/p>\n<p>Ademais, os aprovados no concurso p\u00fablico e contratados para a fun\u00e7\u00e3o contar\u00e3o com <strong>sal\u00e1rios<\/strong> no valor de <strong>R$ 2.175,54<\/strong>, al\u00e9m das <strong>gratifica\u00e7\u00f5es<\/strong> a serem recebidas.<\/p>\n<p>Dessa forma, vale destacar ainda que os contratados contar\u00e3o com jornadas de trabalho de <strong>44 horas semanais<\/strong> em regime de escala diurna e noturna.<\/p>\n<h2 id=\"ps2id-idrequisitos-targetquais-so-os-requisitos-bsicos\">[ps2id id=\u2019requisitos\u2019 target=\u201d\/]Quais s\u00e3o os requisitos b\u00e1sicos?<\/h2>\n<p>\u00c9 igualmente importante que os candidatos do concurso Guarda de Praia Grande SP saibam que, para a <strong>investidura na carreira,<\/strong> dever\u00e3o cumprir com os seguintes <strong>requisitos b\u00e1sicos:<\/strong><\/p>\n<ul><li>Ter nacionalidade brasileira, ou gozar das prerrogativas do Decreto Federal n\u00ba 70.436 de 18\/04\/72, do Artigo 12 da Constitui\u00e7\u00e3o Federal, bem como do Decreto Federal n\u00ba 3927\/2001;<\/li>\n<li>N\u00e3o ser aposentado por invalidez e nem estar com idade de aposentadoria compuls\u00f3ria nos termos do Artigo 40 inciso II da Constitui\u00e7\u00e3o Federal;<\/li>\n<li>Estar quite com o Servi\u00e7o Militar, se for o caso;<\/li>\n<li>Estar em gozo dos seus direitos civis e pol\u00edticos;<\/li>\n<li>N\u00e3o receber, no ato da posse, proventos de aposentadoria oriundos de Cargo, Emprego ou Fun\u00e7\u00e3o exercidos perante a Uni\u00e3o, Territ\u00f3rio, Estado, Distrito Federal, Munic\u00edpio e suas Autarquias, Empresas ou Funda\u00e7\u00f5es, conforme preceitua o artigo 37, \u00a710 da Constitui\u00e7\u00e3o Federal, com a reda\u00e7\u00e3o da Emenda Constitucional n\u00b0 20, de 15\/12\/98, ressalvadas as acumula\u00e7\u00f5es permitidas pelo inciso XVI do citado dispositivo constitucional, os cargos eletivos e os cargos ou empregos em comiss\u00e3o;<\/li>\n<li>Estar quite com a Justi\u00e7a Eleitoral, mediante apresenta\u00e7\u00e3o de Certid\u00e3o de Quita\u00e7\u00e3o Eleitoral, a ser apresentada no momento da posse;<\/li>\n<li>Estar com a situa\u00e7\u00e3o cadastral regular junto aos \u00f3rg\u00e3os governamentais, demonstrada por meio de documento expedido pelo aplicativo \u201cConsulta de Qualifica\u00e7\u00e3o Cadastral\u201d no s\u00edtio do eSocial, a fim de n\u00e3o comprometer o cadastramento inicial ou admiss\u00f5es no eSocial;<\/li>\n<li>Preencher as exig\u00eancias do cargo segundo o que determina a Lei e a Tabela do item 1.1 do presente Edital;<\/li>\n<li>Gozar de boa sa\u00fade f\u00edsica e mental e n\u00e3o ser portador de defici\u00eancia incompat\u00edvel com atribui\u00e7\u00f5es do cargo, a ser comprovada por inspe\u00e7\u00e3o m\u00e9dica oficial realizada por profissionais da Prefeitura Municipal de Praia Grande;<\/li>\n<li>Autorizar a coleta de material (cabelos e p\u00ealos), para fins de detec\u00e7\u00e3o de uso de drogas;<\/li>\n<li>Entre outros.<\/li>\n<\/ul><p>\u00a0<\/p>\n<h2 id=\"ps2id-idatribuies-targetquais-so-as-atribuies-do-cargo\">[ps2id id=\u2019atribui\u00e7\u00f5es\u2019 target=\u201d\/]Quais s\u00e3o as atribui\u00e7\u00f5es do cargo?<\/h2>\n<p>Al\u00e9m disso, tamb\u00e9m \u00e9 de suma import\u00e2ncia que os interessados na nova sele\u00e7\u00e3o conhe\u00e7am as <strong>atribui\u00e7\u00f5es da carreira<\/strong> contemplada. Sendo assim, s\u00e3o elas:<\/p>\n<ul><li>Atuar na prote\u00e7\u00e3o aos servi\u00e7os, instala\u00e7\u00f5es e bens municipais, prioritariamente na vigil\u00e2ncia patrimonial diurna e noturna dos bens de uso comum da popula\u00e7\u00e3o assim entendidos as Escolas e Unidades de Sa\u00fade Municipais, as vias p\u00fablicas, pra\u00e7as, parques, jardins e quaisquer locais abertos \u00e0 utiliza\u00e7\u00e3o p\u00fablica em geral. Dar suporte \u00e0s atividades desempenhadas pelo Conselho Municipal de Defesa Civil \u2013 COMDEC;<\/li>\n<li>Apoiar os servi\u00e7os municipais afetos ao exerc\u00edcio do poder de pol\u00edcia administrativo;<\/li>\n<li>Prestar colabora\u00e7\u00e3o, quando esta se justificar a outras entidades p\u00fablicas, como Pol\u00edcia Militar e Civil do Estado de S\u00e3o Paulo e a \u00f3rg\u00e3os de Defesa Civil;<\/li>\n<li>Dirigir e operar viaturas, ve\u00edculos especiais e ve\u00edculos n\u00e1uticos, quando devidamente habilitado e designado para esta atividade;<\/li>\n<li>Atuar nas aplica\u00e7\u00f5es de primeiros socorros quando devidamente treinado para estes fins;<\/li>\n<li>Atuar na fiscaliza\u00e7\u00e3o de tr\u00e2nsito, quando credenciado pela autoridade de tr\u00e2nsito municipal;<\/li>\n<li>Desempenhar outras atividades correlatas;<\/li>\n<li>Atuar no monitoramento de sistemas eletr\u00f4nicos de alarmes, v\u00eddeomonitoramento e outros afins;<\/li>\n<li>Atuar na prote\u00e7\u00e3o, fiscaliza\u00e7\u00e3o, autua\u00e7\u00e3o e vigil\u00e2ncia permanente do patrim\u00f4nio ecol\u00f3gico e ambiental, visando prevenir e reprimir a\u00e7\u00f5es predat\u00f3rias e eventuais ocupa\u00e7\u00f5es clandestinas;<\/li>\n<li>Fiscalizar o tr\u00e1fego aquavi\u00e1rio nos aspectos relativos \u00e0 seguran\u00e7a da navega\u00e7\u00e3o, \u00e0 salvaguarda da vida humana e \u00e0 preven\u00e7\u00e3o da polui\u00e7\u00e3o ambiental;<\/li>\n<li>Atuar nas atividades de ensino e instru\u00e7\u00e3o como Professor, instrutor ou monitor.<\/li>\n<\/ul><p>\u00a0<\/p>\n<h2 id=\"ps2id-idprovas-targetconcurso-guarda-de-praia-grande-sp-prov\">[ps2id id=\u2019provas\u2019 target=\u201d\/]Concurso Guarda de Praia Grande SP: provas<\/h2>\n<p>Sendo assim, \u00e9 imprescind\u00edvel que os candidatos do <a href=\"https:\/\/www.novaconcursos.com.br\/portal\/concursos-previstos\/sp\/\">concurso<\/a> Guarda de Praia Grande SP saibam que ser\u00e3o avaliados por meio das <strong>etapas avaliativas<\/strong> a seguir:<\/p>\n<ul><li>Prova Objetiva<\/li>\n<li>Avalia\u00e7\u00e3o Antropom\u00e9trica e de Aptid\u00e3o F\u00edsica<\/li>\n<li>Avalia\u00e7\u00e3o Psicol\u00f3gica para uso e porte de armas de fogo<\/li>\n<li>Curso de Forma\u00e7\u00e3o<\/li>\n<\/ul><p>\u00a0<\/p>\n<p>Nesse sentido, a<strong> prova objetiva<\/strong> j\u00e1 est\u00e1 prevista para ser aplicada no dia<strong> 21 de agosto de 2022<\/strong>, quando os candidatos responder\u00e3o a <strong>50 quest\u00f5es<\/strong> de m\u00faltipla escolha acerca das <strong>disciplinas <\/strong>abaixo:<\/p>\n<ul><li>L\u00edngua Portuguesa \u2013 15;<\/li>\n<li>Matem\u00e1tica \u2013 10;<\/li>\n<li>Conhecimentos Espec\u00edficos \u2013 25.<\/li>\n<\/ul><p>\u00a0<\/p>\n<p>Ademais, para ser considerado como<strong> habilitado<\/strong> nessa etapa \u00e9 preciso:<\/p>\n<ul><li>Estar entre os 400 candidatos da lista geral com melhor nota acrescidos dos candidatos empatados na \u00faltima nota considerada para esse fim.<\/li>\n<li>Estar entre os 20 candidatos da lista especial deficiente com melhor nota acrescidos dos candidatos empatados na \u00faltima nota considerada para esse fim.<\/li>\n<\/ul><p>\u00a0<\/p>\n<h3>[ps2id id=\u2019avalia\u00e7\u00e3o\u2019 target=\u201d\/]Avalia\u00e7\u00e3o de Aptid\u00e3o F\u00edsica<\/h3>\n<p>Por outro lado, para a etapa de <strong>avalia\u00e7\u00e3o da aptid\u00e3o f\u00edsica<\/strong> os concurseiros passar\u00e3o pelos seguintes<strong> testes,<\/strong> al\u00e9m da comprova\u00e7\u00e3o da estatura m\u00ednima:<\/p>\n<ul><li>Flex\u00e3o de bra\u00e7o;<\/li>\n<li>Abdominal;<\/li>\n<li>Corrida de 12 minutos.<\/li>\n<\/ul>","protected":false},"excerpt":{"rendered":"<p>Aten\u00e7\u00e3o, concurseiros! Ap\u00f3s ser suspenso no in\u00edcio do ano, o edital do concurso Guarda de Praia Grande SP foi retomado e conta com inscri\u00e7\u00f5es abertas at\u00e9 o fim do m\u00eas de julho.<br \/>\nAl\u00e9m disso, s\u00e3o ofertadas 170 oportunidades para Guarda Civil Municipal de 4\u00aa Classe, que exige do concurseiro o n\u00edvel m\u00e9dio de escolaridade. Ademais, as avalia\u00e7\u00f5es da sele\u00e7\u00e3o ocorrer\u00e3o no m\u00eas de agosto.<br \/>\nSendo assim, se voc\u00ea se interessa pelo concurso confira todos os detalhes abaixo!<\/p>\n","protected":false},"author":16,"featured_media":164196,"comment_status":"closed","ping_status":"closed","sticky":false,"template":"","format":"standard","meta":{"_acf_changed":false,"footnotes":"","_wp_rev_ctl_limit":""},"categories":[44999],"tags":[],"class_list":["post-28423","post","type-post","status-publish","format-standard","has-post-thumbnail","hentry","category-concursos"],"acf":[],"_links":{"self":[{"href":"https:\/\/www.novaconcursos.com.br\/portal\/wp-json\/wp\/v2\/posts\/28423","targetHints":{"allow":["GET"]}}],"collection":[{"href":"https:\/\/www.novaconcursos.com.br\/portal\/wp-json\/wp\/v2\/posts"}],"about":[{"href":"https:\/\/www.novaconcursos.com.br\/portal\/wp-json\/wp\/v2\/types\/post"}],"author":[{"embeddable":true,"href":"https:\/\/www.novaconcursos.com.br\/portal\/wp-json\/wp\/v2\/users\/16"}],"replies":[{"embeddable":true,"href":"https:\/\/www.novaconcursos.com.br\/portal\/wp-json\/wp\/v2\/comments?post=28423"}],"version-history":[{"count":7,"href":"https:\/\/www.novaconcursos.com.br\/portal\/wp-json\/wp\/v2\/posts\/28423\/revisions"}],"predecessor-version":[{"id":164204,"href":"https:\/\/www.novaconcursos.com.br\/portal\/wp-json\/wp\/v2\/posts\/28423\/revisions\/164204"}],"wp:featuredmedia":[{"embeddable":true,"href":"https:\/\/www.novaconcursos.com.br\/portal\/wp-json\/wp\/v2\/media\/164196"}],"wp:attachment":[{"href":"https:\/\/www.novaconcursos.com.br\/portal\/wp-json\/wp\/v2\/media?parent=28423"}],"wp:term":[{"taxonomy":"category","embeddable":true,"href":"https:\/\/www.novaconcursos.com.br\/portal\/wp-json\/wp\/v2\/categories?post=28423"},{"taxonomy":"post_tag","embeddable":true,"href":"https:\/\/www.novaconcursos.com.br\/portal\/wp-json\/wp\/v2\/tags?post=28423"}],"curies":[{"name":"wp","href":"https:\/\/api.w.org\/{rel}","templated":true}]}}