{"id":284850,"date":"2025-06-04T11:20:23","date_gmt":"2025-06-04T14:20:23","guid":{"rendered":"https:\/\/www.novaconcursos.com.br\/portal\/?p=284850"},"modified":"2025-06-04T11:20:27","modified_gmt":"2025-06-04T14:20:27","slug":"edital-policia-penal-mg-confirmado","status":"publish","type":"post","link":"https:\/\/www.novaconcursos.com.br\/portal\/noticias\/edital-policia-penal-mg-confirmado\/","title":{"rendered":"Secret\u00e1rio confirma edital Pol\u00edcia Penal MG com 1.178 vagas em 2025!"},"content":{"rendered":"<p>O <a href=\"https:\/\/www.novaconcursos.com.br\/portal\/concursos\/policia-penal-mg\/\" data-type=\"link\" data-id=\"https:\/\/www.novaconcursos.com.br\/portal\/concursos\/policia-penal-mg\/\">edital Pol\u00edcia Penal MG<\/a> voltou a ser confirmado pelas autoridades do Estado! A previs\u00e3o \u00e9 de que o documento seja publicado no <strong>segundo semestre<\/strong> <strong>deste ano<\/strong>, com a oferta de <strong>1.178 vagas<\/strong>. O an\u00fancio foi refor\u00e7ado pelo secret\u00e1rio de Justi\u00e7a e Seguran\u00e7a P\u00fablica de Minas Gerais, Rog\u00e9rio Greco.<\/p>\n\n\n\n<p>Segundo o titular da pasta, o novo concurso da corpora\u00e7\u00e3o contar\u00e1 com <mark style=\"background-color:rgba(0, 0, 0, 0)\" class=\"has-inline-color has-vivid-red-color\">mudan\u00e7as em rela\u00e7\u00e3o \u00e0s sele\u00e7\u00f5es anteriores<\/mark>. A expectativa \u00e9 por atualiza\u00e7\u00f5es no modelo de avalia\u00e7\u00e3o e na distribui\u00e7\u00e3o das vagas ofertadas.<\/p>\n\n\n\n<p>A carreira exige <strong>n\u00edvel m\u00e9dio<\/strong> e oferece sal\u00e1rio inicial de <strong>R$5,3 mil<\/strong>, al\u00e9m de benef\u00edcios. Essa \u00e9 uma excelente chance para quem busca estabilidade e bons rendimentos no servi\u00e7o p\u00fablico. Se voc\u00ea tem interesse, continue comigo e acompanhe todos os detalhes sobre essa nova sele\u00e7\u00e3o!<\/p>\n\n\n\n<h2 class=\"wp-block-heading\" id=\"edital-polcia-penal-mg-ainda-em-2025-confirma-secretrio\">Edital Pol\u00edcia Penal MG ainda em 2025, confirma secret\u00e1rio<\/h2>\n\n\n\n<p>O novo edital Pol\u00edcia Penal MG est\u00e1 confirmado e \u00e9 uma das sele\u00e7\u00f5es mais aguardadas deste ano! A informa\u00e7\u00e3o foi anunciada oficialmente pelo secret\u00e1rio de Justi\u00e7a e Seguran\u00e7a P\u00fablica de Minas Gerais, Rog\u00e9rio Greco, nesta ter\u00e7a-feira, 3 de junho, durante reuni\u00e3o na Assembleia Legislativa de Minas Gerais (ALMG).<\/p>\n\n\n\n<p>De acordo com o secret\u00e1rio, ser\u00e3o ofertadas<strong> 1.178 vagas<\/strong> para o cargo de Policial Penal, com <strong>edital previsto para o segundo semestre deste ano<\/strong>. A informa\u00e7\u00e3o foi dada durante a presta\u00e7\u00e3o de contas do governo. Os aprovados contar\u00e3o com um sal\u00e1rio inicial de <strong>R$5.332,63<\/strong>.<\/p>\n\n\n\n<p>Os preparativos para a nova sele\u00e7\u00e3o j\u00e1 est\u00e3o em andamento, com comiss\u00e3o organizadora formada. O pr\u00f3ximo passo dever\u00e1 ser a defini\u00e7\u00e3o da banca organizadora. A empresa escolhida ficar\u00e1 respons\u00e1vel pela aplica\u00e7\u00e3o das provas, e o edital ser\u00e1 publicado assim que a contrata\u00e7\u00e3o for oficializada.<\/p>\n\n\n\n<p>No encontro, tamb\u00e9m foi confirmado tamb\u00e9m um processo seletivo simplificado (PSS) com<strong> 686 vagas <\/strong>tempor\u00e1rias. Essa medida tem car\u00e1ter emergencial e visa suprir as necessidades imediatas do sistema prisional at\u00e9 a posse dos aprovados no concurso.<\/p>\n\n\n\n<p>De acordo com o governo, a contrata\u00e7\u00e3o dos tempor\u00e1rios deve ocorrer at\u00e9, no m\u00e1ximo, dezembro de 2025. O secret\u00e1rio Rog\u00e9rio Greco destacou que esse ser\u00e1 o \u00faltimo processo seletivo simplificado para tempor\u00e1rios, indicando uma prioridade clara para a realiza\u00e7\u00e3o do concurso p\u00fablico e a estabiliza\u00e7\u00e3o do quadro de servidores.<\/p>\n\n\n\n<h2 class=\"wp-block-heading\" id=\"o-que-muda-no-novo-edital-polcia-penal-mg\">O que muda no novo edital Pol\u00edcia Penal MG?<\/h2>\n\n\n\n<p>O novo edital Pol\u00edcia Penal MG traz mudan\u00e7as importantes para o concurso. Al\u00e9m da confirma\u00e7\u00e3o das vagas e do prazo para lan\u00e7amento, o secret\u00e1rio Rog\u00e9rio Greco destacou que o quantitativo de policiais penais previsto em lei para Minas Gerais ser\u00e1 atingido com essa sele\u00e7\u00e3o.<\/p>\n\n\n\n<p>Outra novidade \u00e9 que o concurso <mark style=\"background-color:#8ed1fc\" class=\"has-inline-color\">n\u00e3o ser\u00e1 regionalizado<\/mark>, ou seja, as vagas ser\u00e3o estaduais, sem divis\u00e3o por cidades ou regi\u00f5es. A lota\u00e7\u00e3o ficar\u00e1 a crit\u00e9rio dos candidatos, respeitando a ordem de classifica\u00e7\u00e3o. Tamb\u00e9m foi confirmado que o certame seguir\u00e1 os moldes da Pol\u00edcia Militar e da Pol\u00edcia Civil de Minas Gerais, o que sugere etapas e crit\u00e9rios mais rigorosos no edital Pol\u00edcia Penal MG, mas o secret\u00e1rio n\u00e3o explicou exatamente quais mudan\u00e7as espec\u00edficas ser\u00e3o adotadas para se aproximar desses padr\u00f5es.<\/p>\n\n\n\n<figure class=\"wp-block-image size-large\"><img decoding=\"async\" width=\"1024\" height=\"707\" src=\"https:\/\/www.novaconcursos.com.br\/portal\/wp-content\/uploads\/2025\/06\/Secretario-Confirma-Edital-Policia-Penal-MG-1024x707.webp\" alt=\"Secret\u00e1rio de Justi\u00e7a e Seguran\u00e7a P\u00fablica de Minas Gerais durante reuni\u00e3o, confirmando novo edital Pol\u00edcia Penal MG.\" class=\"wp-image-284854\" loading=\"lazy\" title=\"\" srcset=\"https:\/\/www.novaconcursos.com.br\/portal\/wp-content\/uploads\/2025\/06\/Secretario-Confirma-Edital-Policia-Penal-MG-300x207.webp 300w, https:\/\/www.novaconcursos.com.br\/portal\/wp-content\/uploads\/2025\/06\/Secretario-Confirma-Edital-Policia-Penal-MG-480x331.webp 480w, https:\/\/www.novaconcursos.com.br\/portal\/wp-content\/uploads\/2025\/06\/Secretario-Confirma-Edital-Policia-Penal-MG-768x530.webp 768w, https:\/\/www.novaconcursos.com.br\/portal\/wp-content\/uploads\/2025\/06\/Secretario-Confirma-Edital-Policia-Penal-MG-1024x707.webp 1024w, https:\/\/www.novaconcursos.com.br\/portal\/wp-content\/uploads\/2025\/06\/Secretario-Confirma-Edital-Policia-Penal-MG.webp 1400w\" sizes=\"auto, (max-width: 480px) 100vw, (max-width: 768px) 100vw, (max-width: 1200px) 70vw, 768px\"><figcaption class=\"wp-element-caption\">Novo edital Pol\u00edcia Penal MG \u00e9 confirmado durante reuni\u00e3o na ALMG! (Foto: Guilherme Bergamini\/ALMG)<\/figcaption><\/figure><p><em>\u201cA previs\u00e3o \u00e9 que, este ano ainda, a gente j\u00e1 publique o edital. Ao contr\u00e1rio do concurso anterior, que foi extremamente demorado e complicado, este novo concurso vamos fazer nos moldes da Pol\u00edcia Militar e da Pol\u00edcia Civil.\u201d<\/em> disse o secret\u00e1rio.<\/p>\n\n\n\n<div class=\"nova-continue-reading\">Confira: <a href=\"https:\/\/www.novaconcursos.com.br\/portal\/concursos-abertos\/mg\/\" data-type=\"link\" data-id=\"https:\/\/www.novaconcursos.com.br\/portal\/concursos-abertos\/mg\/\">Todos os concursos abertos em Minas Gerais!<\/a><\/div>\n\n\n\n<h2 class=\"wp-block-heading\" id=\"o-que-precisa-pra-ser-policial-penal-em-mg\">O que precisa pra ser policial penal em MG?<\/h2>\n\n\n\n<p>No \u00faltimo edital Pol\u00edcia Penal MG, publicado em 2021, os candidatos precisavam ter <mark style=\"background-color:#8ed1fc\" class=\"has-inline-color\">n\u00edvel m\u00e9dio completo<\/mark> e ter <mark style=\"background-color:#8ed1fc\" class=\"has-inline-color\">no m\u00ednimo 18 anos<\/mark> na data da posse. <strong>N\u00e3o havia limite m\u00e1ximo de idade<\/strong>, exig\u00eancia de altura ou necessidade de Carteira Nacional de Habilita\u00e7\u00e3o (CNH). <\/p>\n\n\n\n<p>O sal\u00e1rio inicial oferecido foi de <strong>R$4.631,25<\/strong> para uma jornada de trabalho de <strong>40 horas semanais<\/strong>. O edital desse certame ofereceu <strong>2.420 vagas<\/strong>, distribu\u00eddas entre homens e mulheres. Confira a distribui\u00e7\u00e3o:<\/p>\n\n\n\n<p><strong>Sexo masculino<\/strong><\/p>\n\n\n\n<ul class=\"wp-block-list\"><li> 1.944 vagas\n<ul class=\"wp-block-list\"><li>1.750 para ampla concorr\u00eancia<\/li>\n\n\n\n<li>194 destinadas a pessoas com defici\u00eancia<\/li>\n<\/ul><\/li>\n<\/ul><p><strong>Sexo feminino<\/strong><\/p>\n\n\n\n<ul class=\"wp-block-list\"><li>476 vagas\n<ul class=\"wp-block-list\"><li>428 para ampla concorr\u00eancia<\/li>\n\n\n\n<li>48 destinadas a pessoas com defici\u00eancia<\/li>\n<\/ul><\/li>\n<\/ul><p>A sele\u00e7\u00e3o da <a href=\"https:\/\/depen.seguranca.mg.gov.br\/\" data-type=\"link\" data-id=\"https:\/\/depen.seguranca.mg.gov.br\/\" target=\"_blank\" rel=\"noopener\">Pol\u00edcia Penal MG<\/a> contou com v\u00e1rias etapas: prova objetiva e reda\u00e7\u00e3o, avalia\u00e7\u00e3o psicol\u00f3gica, exames m\u00e9dicos, teste de aptid\u00e3o f\u00edsica, investiga\u00e7\u00e3o social e curso de forma\u00e7\u00e3o t\u00e9cnico profissional (CFTP). No total, foram nomeados <strong>3.405 policiais penais<\/strong>, superando o n\u00famero inicial de vagas previstas. A banca organizadora respons\u00e1vel foi o <a href=\"https:\/\/selecon.org.br\/\" data-type=\"link\" data-id=\"https:\/\/selecon.org.br\/\" target=\"_blank\" rel=\"noopener\">Instituto Selecon<\/a>.<\/p>\n\n\n\n<p>No canal do YouTube da Nova, h\u00e1 um v\u00eddeo completo para voc\u00ea conhecer os melhores concursos para carreiras policiais no ano de 2025.<\/p>\n\n\n\n<figure class=\"wp-block-embed is-type-video is-provider-youtube wp-block-embed-youtube wp-embed-aspect-16-9 wp-has-aspect-ratio\"><div class=\"wp-block-embed__wrapper\">\n<iframe loading=\"lazy\" title=\"MELHORES CONCURSOS DA \u00c1REA POLICIAL EM 2025 \ud83d\udea8\" width=\"500\" height=\"281\" src=\"https:\/\/www.youtube.com\/embed\/4WTjW2y0gmY?feature=oembed\" frameborder=\"0\" allow=\"accelerometer; autoplay; clipboard-write; encrypted-media; gyroscope; picture-in-picture; web-share\" referrerpolicy=\"strict-origin-when-cross-origin\" allowfullscreen><\/iframe>\n<\/div><\/figure><p><strong>Continue ligado em nosso\u00a0<a href=\"https:\/\/www.novaconcursos.com.br\/portal\/\">blog<\/a>\u00a0para conferir mais not\u00edcias sobre certames. At\u00e9 a pr\u00f3xima!<\/strong><\/p>","protected":false},"excerpt":{"rendered":"<p>Edital Pol\u00edcia Penal MG \u00e9 confirmado e nova sele\u00e7\u00e3o ter\u00e1 1.178 vagas! A carreira exige n\u00edvel m\u00e9dio e conta com sal\u00e1rio inicial de R$5,3 mil. Confira!<\/p>\n","protected":false},"author":54693,"featured_media":284851,"comment_status":"closed","ping_status":"closed","sticky":false,"template":"","format":"standard","meta":{"_acf_changed":false,"footnotes":"","_wp_rev_ctl_limit":""},"categories":[228,44948,44941],"tags":[37112,45001],"class_list":["post-284850","post","type-post","status-publish","format-standard","has-post-thumbnail","hentry","category-noticias","category-mg","category-carreira-policial","tag-concurso-policia-penal-mg","tag-concursos-abertos-mg"],"acf":[],"_links":{"self":[{"href":"https:\/\/www.novaconcursos.com.br\/portal\/wp-json\/wp\/v2\/posts\/284850","targetHints":{"allow":["GET"]}}],"collection":[{"href":"https:\/\/www.novaconcursos.com.br\/portal\/wp-json\/wp\/v2\/posts"}],"about":[{"href":"https:\/\/www.novaconcursos.com.br\/portal\/wp-json\/wp\/v2\/types\/post"}],"author":[{"embeddable":true,"href":"https:\/\/www.novaconcursos.com.br\/portal\/wp-json\/wp\/v2\/users\/54693"}],"replies":[{"embeddable":true,"href":"https:\/\/www.novaconcursos.com.br\/portal\/wp-json\/wp\/v2\/comments?post=284850"}],"version-history":[{"count":2,"href":"https:\/\/www.novaconcursos.com.br\/portal\/wp-json\/wp\/v2\/posts\/284850\/revisions"}],"predecessor-version":[{"id":284861,"href":"https:\/\/www.novaconcursos.com.br\/portal\/wp-json\/wp\/v2\/posts\/284850\/revisions\/284861"}],"wp:featuredmedia":[{"embeddable":true,"href":"https:\/\/www.novaconcursos.com.br\/portal\/wp-json\/wp\/v2\/media\/284851"}],"wp:attachment":[{"href":"https:\/\/www.novaconcursos.com.br\/portal\/wp-json\/wp\/v2\/media?parent=284850"}],"wp:term":[{"taxonomy":"category","embeddable":true,"href":"https:\/\/www.novaconcursos.com.br\/portal\/wp-json\/wp\/v2\/categories?post=284850"},{"taxonomy":"post_tag","embeddable":true,"href":"https:\/\/www.novaconcursos.com.br\/portal\/wp-json\/wp\/v2\/tags?post=284850"}],"curies":[{"name":"wp","href":"https:\/\/api.w.org\/{rel}","templated":true}]}}