{"id":285602,"date":"2025-06-16T09:16:56","date_gmt":"2025-06-16T12:16:56","guid":{"rendered":"https:\/\/www.novaconcursos.com.br\/portal\/?p=285602"},"modified":"2025-06-16T12:18:41","modified_gmt":"2025-06-16T15:18:41","slug":"concurso-pf-administrativo-convocacao-para-as-provas","status":"publish","type":"post","link":"https:\/\/www.novaconcursos.com.br\/portal\/noticias\/concurso-pf-administrativo-convocacao-para-as-provas\/","title":{"rendered":"Concurso PF Administrativo: Publicada a convoca\u00e7\u00e3o para as provas!"},"content":{"rendered":"<p>O <a href=\"https:\/\/www.novaconcursos.com.br\/portal\/concursos\/concurso-policia-federal\/\" data-type=\"link\" data-id=\"https:\/\/www.novaconcursos.com.br\/portal\/concursos\/concurso-policia-federal\/\">concurso PF Administrativo<\/a> est\u00e1 em fase avan\u00e7ada! A Pol\u00edcia Federal divulgou oficialmente a convoca\u00e7\u00e3o para as provas objetivas e discursivas, que ocorrer\u00e3o no dia <strong>29 de junho de 2025<\/strong>. Os candidatos j\u00e1 podem consultar os locais de prova, definidos pelo <strong>Cebraspe<\/strong>, banca organizadora!<\/p>\n\n\n\n<p>As provas ser\u00e3o aplicadas em todas as capitais brasileiras, em dois turnos. <em>Pela manh\u00e3, ser\u00e1 a vez dos candidatos aos cargos de n\u00edvel superior, enquanto os inscritos para o cargo de Agente Administrativo (n\u00edvel m\u00e9dio) far\u00e3o as avalia\u00e7\u00f5es no per\u00edodo da tarde.<\/em> A dura\u00e7\u00e3o da prova ser\u00e1 de <strong>4 horas e 30 minutos<\/strong> para todos os cargos.<\/p>\n\n\n\n<p>Os candidatos devem chegar com anteced\u00eancia e levar <strong>documento de identidade original com foto<\/strong> e <strong>caneta esferogr\u00e1fica preta fabricada em material transparente<\/strong>. \u00c9 proibido portar aparelhos eletr\u00f4nicos, acess\u00f3rios como rel\u00f3gios e \u00f3culos escuros, ou qualquer item que comprometa a seguran\u00e7a da prova! Ficou interessado(a)? Continue comigo e confira todas as informa\u00e7\u00f5es!<\/p>\n\n\n\n<h2 class=\"wp-block-heading\" id=\"convocao-para-as-provas-do-concurso-pf-administrativo\">Convoca\u00e7\u00e3o para as provas do concurso PF Administrativo!<\/h2>\n\n\n\n<p>A partir da pr\u00f3xima <strong>sexta-feira, 20 de junho<\/strong>, o candidato dever\u00e1 obrigatoriamente acessar o site do Cebraspe para realizar a <mark style=\"background-color:rgba(0, 0, 0, 0)\" class=\"has-inline-color has-vivid-red-color\">consulta individual do local de aplica\u00e7\u00e3o das provas.<\/mark><\/p>\n\n\n\n<div class=\"nova-continue-reading\">Confira: <a href=\"https:\/\/www.novaconcursos.com.br\/portal\/wp-content\/uploads\/2025\/06\/concurso-pf-administrativo-convocacao.pdf\" data-type=\"link\" data-id=\"https:\/\/www.novaconcursos.com.br\/portal\/wp-content\/uploads\/2025\/06\/concurso-pf-administrativo-convocacao.pdf\">Convoca\u00e7\u00e3o para as provas do concurso PF Administrativo!<\/a><\/div>\n\n\n\n<h3 class=\"wp-block-heading\">Quando as provas ser\u00e3o aplicadas?<\/h3>\n\n\n\n<p>As provas do concurso da Pol\u00edcia Federal para cargos administrativos (concurso PF Administrativo) est\u00e3o marcadas para o dia <strong>29 de junho<\/strong>. Os hor\u00e1rios de aplica\u00e7\u00e3o variam conforme o n\u00edvel de escolaridade do cargo:<\/p>\n\n\n\n<h3 class=\"wp-block-heading\">Cargos de n\u00edvel superior<\/h3>\n\n\n\n<ul class=\"wp-block-list\"><li>Abertura dos port\u00f5es: 7h<\/li>\n\n\n\n<li>Fechamento dos port\u00f5es: 8h<\/li>\n\n\n\n<li>In\u00edcio das provas: 8h30<\/li>\n\n\n\n<li>Dura\u00e7\u00e3o: 4 horas e 30 minutos<\/li>\n<\/ul><h3 class=\"wp-block-heading\">Cargos de n\u00edvel m\u00e9dio<\/h3>\n\n\n\n<ul class=\"wp-block-list\"><li>Abertura dos port\u00f5es: 14h<\/li>\n\n\n\n<li>Fechamento dos port\u00f5es: 15h<\/li>\n\n\n\n<li>In\u00edcio das provas: 15h30<\/li>\n\n\n\n<li>Dura\u00e7\u00e3o: 4 horas e 30 minutos<\/li>\n<\/ul><p>No dia da avalia\u00e7\u00e3o, ser\u00e1 necess\u00e1rio comparecer ao endere\u00e7o indicado <em>portando uma caneta esferogr\u00e1fica de tinta preta, fabricada em material transparente<\/em>, al\u00e9m do <mark style=\"background-color:#8ed1fc\" class=\"has-inline-color\">comprovante de inscri\u00e7\u00e3o<\/mark> e de um <strong>documento de identidade original<\/strong>.<\/p>\n\n\n\n<p>Ser\u00e1 automaticamente eliminado do concurso PF Administrativo o candidato que for flagrado, durante a realiza\u00e7\u00e3o das provas, com qualquer dos itens abaixo:<\/p>\n\n\n\n<ul class=\"wp-block-list\"><li>Dispositivos eletr\u00f4nicos, como: tecnologia vest\u00edvel (wearable tech), calculadoras, agendas eletr\u00f4nicas, celulares, smartphones, tablets, iPods, gravadores, pen drives, mp3 players, rel\u00f3gios de qualquer tipo, alarmes, chaves com alarme ou componentes eletr\u00f4nicos, fones de ouvido e\/ou quaisquer aparelhos de transmiss\u00e3o, grava\u00e7\u00e3o ou recep\u00e7\u00e3o de dados, imagens, v\u00eddeos ou mensagens;<\/li>\n\n\n\n<li>\u00d3culos escuros, protetor auricular, l\u00e1pis, lapiseira\/grafite, marca-texto e\/ou borracha;<\/li>\n\n\n\n<li>Acess\u00f3rios de chapelaria, como bon\u00e9, chap\u00e9u, gorro, entre outros;<\/li>\n\n\n\n<li>Recipientes ou embalagens n\u00e3o transparentes, como garrafas de \u00e1gua, suco ou refrigerante, e embalagens de alimentos como biscoitos, barras de cereal, chocolate, balas etc.;<\/li>\n\n\n\n<li>Armas brancas, tais como faca, tesoura, punhal, canivete ou similares.<\/li>\n<\/ul><h2 class=\"wp-block-heading\" id=\"etapas-de-seleo-do-concurso-pf-administrativo\">Etapas de sele\u00e7\u00e3o do concurso PF Administrativo<\/h2>\n\n\n\n<p>A avalia\u00e7\u00e3o dos candidatos ser\u00e1 composta por provas objetivas e discursiva, aplicadas de forma classificat\u00f3ria e eliminat\u00f3ria. As provas objetivas do concurso ser\u00e3o formadas por cento e vinte quest\u00f5es no modelo Certo ou Errado, seguindo o padr\u00e3o tradicional adotado pelo <strong><a href=\"https:\/\/www.cebraspe.org.br\/\" target=\"_blank\" data-type=\"link\" data-id=\"https:\/\/www.cebraspe.org.br\/\" rel=\"noreferrer noopener\">Cebraspe<\/a><\/strong>. <\/p>\n\n\n\n<p>Confira, abaixo, como ser\u00e3o distribu\u00eddas as quest\u00f5es:<\/p>\n\n\n\n<p><strong>Prova objetiva do concurso PF Administrativo<\/strong><\/p>\n\n\n\n<ul class=\"wp-block-list\"><li>Contar\u00e1 com <strong>120 itens<\/strong> no formato <em>Certo ou Errado<\/em>, divididos da seguinte forma:\n<ul class=\"wp-block-list\"><li>50 itens de Conhecimentos B\u00e1sicos<\/li>\n\n\n\n<li>70 itens de Conhecimentos Espec\u00edficos<\/li>\n<\/ul><\/li>\n<\/ul><p>Para o cargo de Agente Administrativo, considerado o principal do certame, o conte\u00fado est\u00e1 organizado da seguinte forma:<\/p>\n\n\n\n<p><strong><strong>Conhecimentos Gerais<\/strong><\/strong><\/p>\n\n\n\n<ul class=\"wp-block-list\"><li>L\u00edngua Portuguesa<\/li>\n\n\n\n<li>Racioc\u00ednio L\u00f3gico<\/li>\n\n\n\n<li>\u00c9tica no Servi\u00e7o P\u00fablico<\/li>\n\n\n\n<li>No\u00e7\u00f5es de Inform\u00e1tica<\/li>\n<\/ul><p><strong>Conhecimentos Espec\u00edficos<\/strong><\/p>\n\n\n\n<ul class=\"wp-block-list\"><li>No\u00e7\u00f5es de Direito Constitucional<\/li>\n\n\n\n<li>No\u00e7\u00f5es de Direito Administrativo<\/li>\n\n\n\n<li>No\u00e7\u00f5es de Governan\u00e7a P\u00fablica<\/li>\n\n\n\n<li>No\u00e7\u00f5es de Gest\u00e3o de Pessoas<\/li>\n\n\n\n<li>No\u00e7\u00f5es de Gest\u00e3o de Contratos e Recursos Materiais<\/li>\n\n\n\n<li>Legisla\u00e7\u00e3o Aplicada \u00e0 Pol\u00edcia Federal<\/li>\n<\/ul><p><strong>Prova discursiva do concurso PF Administrativo<\/strong><\/p>\n\n\n\n<p>A etapa discursiva consistir\u00e1 na <mark style=\"background-color:rgba(0, 0, 0, 0)\" class=\"has-inline-color has-vivid-red-color\">reda\u00e7\u00e3o de um texto dissertativo de at\u00e9 30 linhas<\/mark>, com o tema variando conforme o cargo:<\/p>\n\n\n\n<ul class=\"wp-block-list\"><li>Para cargos de n\u00edvel superior: tema relacionado a Conhecimentos Espec\u00edficos<\/li>\n\n\n\n<li>Para o cargo de Agente Administrativo: tema vinculado a Atualidades<\/li>\n<\/ul><p><strong>Crit\u00e9rios de aprova\u00e7\u00e3o na prova objetiva do concurso PF Administrativo<\/strong><\/p>\n\n\n\n<p>Para ser considerado aprovado, o candidato dever\u00e1 atingir, no m\u00ednimo:<\/p>\n\n\n\n<ul class=\"wp-block-list\"><li>10 pontos na prova de Conhecimentos B\u00e1sicos (P1)<\/li>\n\n\n\n<li>21 pontos na prova de Conhecimentos Espec\u00edficos (P2)<\/li>\n\n\n\n<li>36 pontos no total das provas objetivas<\/li>\n<\/ul><p>A corre\u00e7\u00e3o da reda\u00e7\u00e3o ser\u00e1 limitada a uma quantidade pr\u00e9-definida de candidatos por estado, conforme tabela do edital (item 8.11.5). No caso do cargo de Agente Administrativo, ser\u00e3o corrigidos at\u00e9:<\/p>\n\n\n\n<ul class=\"wp-block-list\"><li>704 textos ao todo, sendo<\/li>\n\n\n\n<li>40 textos para o Estado do Rio de Janeiro (RJ)<\/li>\n<\/ul><div class=\"nova-continue-reading\">Confira: <a href=\"https:\/\/www.novaconcursos.com.br\/portal\/artigos\/concurso-pf-administrativo-saiba-como-estudar\/\" data-type=\"link\" data-id=\"https:\/\/www.novaconcursos.com.br\/portal\/artigos\/concurso-pf-administrativo-saiba-como-estudar\/\">Como estudar faltando poucos dias para as provas?<\/a><\/div>\n\n\n\n<h2 class=\"wp-block-heading\" id=\"vagas-e-salrios-do-concurso-pf-administrativo\">Vagas e sal\u00e1rios do concurso PF Administrativo<\/h2>\n\n\n\n<p>O grande destaque do concurso da Pol\u00edcia Federal para a \u00e1rea administrativa \u00e9 o cargo de Agente Administrativo, com exig\u00eancia apenas do Ensino M\u00e9dio, <mark style=\"background-color:rgba(0, 0, 0, 0)\" class=\"has-inline-color has-vivid-red-color\">respons\u00e1vel por 100 das 192 vagas ofertadas<\/mark>. A remunera\u00e7\u00e3o total \u00e9 de <strong>R$ 7.605,31<\/strong>, composta pelos seguintes benef\u00edcios:<\/p>\n\n\n\n<ul class=\"wp-block-list\"><li>Vencimento b\u00e1sico: R$ 2.707,86<\/li>\n\n\n\n<li>Gratifica\u00e7\u00e3o de desempenho: R$ 2.931,00<\/li>\n\n\n\n<li>Aux\u00edlio-sa\u00fade: R$ 321,04<\/li>\n\n\n\n<li>Assist\u00eancia pr\u00e9-escolar: R$ 484,90<\/li>\n\n\n\n<li>Aux\u00edlio-alimenta\u00e7\u00e3o: R$ 1.000,00<\/li>\n<\/ul><p>Al\u00e9m das oportunidades de n\u00edvel m\u00e9dio, o concurso oferece outras 92 vagas para cargos de n\u00edvel superior, com sal\u00e1rios que variam de <mark style=\"background-color:#8ed1fc\" class=\"has-inline-color\">R$ 7.605,31 a R$ 11.070,93<\/mark>, dependendo da especialidade.<\/p>\n\n\n\n<p>Veja as informa\u00e7\u00f5es sobre o cargo destaque do concurso PF Administrativo:<\/p>\n\n\n\n<p><strong>Agente Administrativo<\/strong> <strong>\u2013 N\u00edvel m\u00e9dio<\/strong><\/p>\n\n\n\n<ul id=\"block-cfc409b0-22a7-44a0-9798-6dd96abb4d60\" class=\"wp-block-list\"><li>Vagas: 100<\/li>\n\n\n\n<li>Requisitos: Ensino m\u00e9dio completo<\/li>\n\n\n\n<li>Remunera\u00e7\u00e3o: R$ 7.605,31<\/li>\n<\/ul><p>Confira abaixo todos os cargos de<strong> n\u00edvel superior<\/strong> dispon\u00edveis, com suas respectivas exig\u00eancias e sal\u00e1rios:<\/p>\n\n\n\n<ul class=\"wp-block-list\"><li><strong>Administrador<\/strong>\n<ul class=\"wp-block-list\"><li>Vagas: 6<\/li>\n\n\n\n<li>Requisitos: Gradua\u00e7\u00e3o em Administra\u00e7\u00e3o + registro no CRA<\/li>\n\n\n\n<li>Remunera\u00e7\u00e3o: R$ 8.583,55<\/li>\n<\/ul><\/li>\n\n\n\n<li><strong>Assistente Social<\/strong>\n<ul class=\"wp-block-list\"><li>Vagas: 13<\/li>\n\n\n\n<li>Requisitos: Gradua\u00e7\u00e3o em Servi\u00e7o Social + registro no CRESS<\/li>\n\n\n\n<li>Remunera\u00e7\u00e3o: R$ 8.583,55<\/li>\n<\/ul><\/li>\n\n\n\n<li><strong>Contador<\/strong>\n<ul class=\"wp-block-list\"><li>Vagas: 9<\/li>\n\n\n\n<li>Requisitos: Gradua\u00e7\u00e3o em Ci\u00eancias Cont\u00e1beis ou Contabilidade + registro no CRC<\/li>\n\n\n\n<li>Remunera\u00e7\u00e3o: R$ 8.583,55<\/li>\n<\/ul><\/li>\n\n\n\n<li><strong>Enfermeiro<\/strong>\n<ul class=\"wp-block-list\"><li>Vagas: 3<\/li>\n\n\n\n<li>Requisitos: Gradua\u00e7\u00e3o em Enfermagem + registro no Coren<\/li>\n\n\n\n<li>Remunera\u00e7\u00e3o: R$ 8.583,55<\/li>\n<\/ul><\/li>\n\n\n\n<li><strong>Estat\u00edstico<\/strong>\n<ul class=\"wp-block-list\"><li>Vagas: 4<\/li>\n\n\n\n<li>Requisitos: Gradua\u00e7\u00e3o em Estat\u00edstica + registro no Conselho Regional da \u00e1rea<\/li>\n\n\n\n<li>Remunera\u00e7\u00e3o: R$ 11.070,93<\/li>\n<\/ul><\/li>\n\n\n\n<li><strong>Farmac\u00eautico<\/strong>\n<ul class=\"wp-block-list\"><li>Vagas: 2<\/li>\n\n\n\n<li>Requisitos: Gradua\u00e7\u00e3o em Farm\u00e1cia + registro no CRF<\/li>\n\n\n\n<li>Remunera\u00e7\u00e3o: R$ 8.583,55<\/li>\n<\/ul><\/li>\n\n\n\n<li><strong>M\u00e9dico Cl\u00ednico<\/strong>\n<ul class=\"wp-block-list\"><li>Vagas: 11<\/li>\n\n\n\n<li>Requisitos: Gradua\u00e7\u00e3o em Medicina + registro no CRM + RQE em Cl\u00ednica M\u00e9dica<\/li>\n\n\n\n<li>Remunera\u00e7\u00e3o: R$ 7.605,31<\/li>\n<\/ul><\/li>\n\n\n\n<li><strong>M\u00e9dico Ortopedista<\/strong>\n<ul class=\"wp-block-list\"><li>Vagas: 5<\/li>\n\n\n\n<li>Requisitos: Gradua\u00e7\u00e3o em Medicina + registro no CRM + RQE em Ortopedia<\/li>\n\n\n\n<li>Remunera\u00e7\u00e3o: R$ 7.605,31<\/li>\n<\/ul><\/li>\n\n\n\n<li><strong>M\u00e9dico Psiquiatra<\/strong>\n<ul class=\"wp-block-list\"><li>Vagas: 19<\/li>\n\n\n\n<li>Requisitos: Gradua\u00e7\u00e3o em Medicina + registro no CRM + RQE em Psiquiatria<\/li>\n\n\n\n<li>Remunera\u00e7\u00e3o: R$ 7.605,31<\/li>\n<\/ul><\/li>\n\n\n\n<li><strong>Nutricionista<\/strong>\n<ul class=\"wp-block-list\"><li>Vagas: 1<\/li>\n\n\n\n<li>Requisitos: Gradua\u00e7\u00e3o em Nutri\u00e7\u00e3o + registro no CRN<\/li>\n\n\n\n<li>Remunera\u00e7\u00e3o: R$ 8.583,55<\/li>\n<\/ul><\/li>\n\n\n\n<li><strong>Psic\u00f3logo Cl\u00ednico<\/strong>\n<ul class=\"wp-block-list\"><li>Vagas: 4<\/li>\n\n\n\n<li>Requisitos: Gradua\u00e7\u00e3o em Psicologia + registro no CRP<\/li>\n\n\n\n<li>Remunera\u00e7\u00e3o: R$ 8.583,55<\/li>\n<\/ul><\/li>\n\n\n\n<li><strong>Psic\u00f3logo Organizacional<\/strong>\n<ul class=\"wp-block-list\"><li>Vagas: 2<\/li>\n\n\n\n<li>Requisitos: Gradua\u00e7\u00e3o em Psicologia + registro no CRP<\/li>\n\n\n\n<li>Remunera\u00e7\u00e3o: R$ 8.583,55<\/li>\n<\/ul><\/li>\n\n\n\n<li><strong>T\u00e9cnico em Assuntos Educacionais \u2013 Pedagogia<\/strong>\n<ul class=\"wp-block-list\"><li>Vagas: 10<\/li>\n\n\n\n<li>Requisitos: Gradua\u00e7\u00e3o em Pedagogia<\/li>\n\n\n\n<li>Remunera\u00e7\u00e3o: R$ 8.583,55<\/li>\n<\/ul><\/li>\n\n\n\n<li><strong>T\u00e9cnico em Comunica\u00e7\u00e3o Social<\/strong>\n<ul class=\"wp-block-list\"><li>Vagas: 3<\/li>\n\n\n\n<li>Requisitos: Gradua\u00e7\u00e3o em Comunica\u00e7\u00e3o Social<\/li>\n\n\n\n<li>Remunera\u00e7\u00e3o: R$ 8.583,55<\/li>\n<\/ul><\/li>\n<\/ul><div class=\"nova-continue-reading\">Leia tamb\u00e9m: <a href=\"https:\/\/www.novaconcursos.com.br\/portal\/noticias\/concurso-pf-administrativo-distribuicao-vagas\/\" data-type=\"link\" data-id=\"https:\/\/www.novaconcursos.com.br\/portal\/noticias\/concurso-pf-administrativo-distribuicao-vagas\/\">Distribui\u00e7\u00e3o das vagas do concurso PF Administrativo por estado!<\/a><\/div>\n\n\n\n<figure class=\"wp-block-embed is-type-video is-provider-youtube wp-block-embed-youtube wp-embed-aspect-16-9 wp-has-aspect-ratio\"><div class=\"wp-block-embed__wrapper\">\n<iframe loading=\"lazy\" title=\"ESTRUTURA REDA\u00c7\u00c3O CONCURSO PF ADMINISTRATIVO 2025 \ud83d\udd14\" width=\"500\" height=\"281\" src=\"https:\/\/www.youtube.com\/embed\/C4ptTmkZrJY?feature=oembed\" frameborder=\"0\" allow=\"accelerometer; autoplay; clipboard-write; encrypted-media; gyroscope; picture-in-picture; web-share\" referrerpolicy=\"strict-origin-when-cross-origin\" allowfullscreen><\/iframe>\n<\/div><\/figure>","protected":false},"excerpt":{"rendered":"<p>As provas do concurso PF Administrativo j\u00e1 t\u00eam data marcada: 29 de junho de 2025! A convoca\u00e7\u00e3o oficial foi divulgada, e os candidatos j\u00e1 podem se preparar para as pr\u00f3ximas etapas! Confira os detalhes!<\/p>\n","protected":false},"author":54697,"featured_media":285610,"comment_status":"closed","ping_status":"closed","sticky":false,"template":"","format":"standard","meta":{"_acf_changed":false,"footnotes":"","_wp_rev_ctl_limit":""},"categories":[228,44978,44941],"tags":[37074],"class_list":["post-285602","post","type-post","status-publish","format-standard","has-post-thumbnail","hentry","category-noticias","category-nacional","category-carreira-policial","tag-concurso-pf-administrativo"],"acf":[],"_links":{"self":[{"href":"https:\/\/www.novaconcursos.com.br\/portal\/wp-json\/wp\/v2\/posts\/285602","targetHints":{"allow":["GET"]}}],"collection":[{"href":"https:\/\/www.novaconcursos.com.br\/portal\/wp-json\/wp\/v2\/posts"}],"about":[{"href":"https:\/\/www.novaconcursos.com.br\/portal\/wp-json\/wp\/v2\/types\/post"}],"author":[{"embeddable":true,"href":"https:\/\/www.novaconcursos.com.br\/portal\/wp-json\/wp\/v2\/users\/54697"}],"replies":[{"embeddable":true,"href":"https:\/\/www.novaconcursos.com.br\/portal\/wp-json\/wp\/v2\/comments?post=285602"}],"version-history":[{"count":3,"href":"https:\/\/www.novaconcursos.com.br\/portal\/wp-json\/wp\/v2\/posts\/285602\/revisions"}],"predecessor-version":[{"id":285624,"href":"https:\/\/www.novaconcursos.com.br\/portal\/wp-json\/wp\/v2\/posts\/285602\/revisions\/285624"}],"wp:featuredmedia":[{"embeddable":true,"href":"https:\/\/www.novaconcursos.com.br\/portal\/wp-json\/wp\/v2\/media\/285610"}],"wp:attachment":[{"href":"https:\/\/www.novaconcursos.com.br\/portal\/wp-json\/wp\/v2\/media?parent=285602"}],"wp:term":[{"taxonomy":"category","embeddable":true,"href":"https:\/\/www.novaconcursos.com.br\/portal\/wp-json\/wp\/v2\/categories?post=285602"},{"taxonomy":"post_tag","embeddable":true,"href":"https:\/\/www.novaconcursos.com.br\/portal\/wp-json\/wp\/v2\/tags?post=285602"}],"curies":[{"name":"wp","href":"https:\/\/api.w.org\/{rel}","templated":true}]}}