{"id":286944,"date":"2025-07-09T12:36:44","date_gmt":"2025-07-09T15:36:44","guid":{"rendered":"https:\/\/www.novaconcursos.com.br\/portal\/?p=286944"},"modified":"2025-07-09T12:36:48","modified_gmt":"2025-07-09T15:36:48","slug":"cnu-2025-ministra-descarta-suspensao","status":"publish","type":"post","link":"https:\/\/www.novaconcursos.com.br\/portal\/noticias\/cnu-2025-ministra-descarta-suspensao\/","title":{"rendered":"Esther Dweck descarta suspens\u00e3o do CNU 2025 e refor\u00e7a di\u00e1logo com o MPF!"},"content":{"rendered":"<p><a href=\"https:\/\/www.novaconcursos.com.br\/portal\/concursos\/cnu\/\" data-type=\"link\" data-id=\"https:\/\/www.novaconcursos.com.br\/portal\/concursos\/cnu\/\">CNU 2025<\/a> (Concurso Nacional Unificado) segue com inscri\u00e7\u00f5es abertas at\u00e9 o dia 20 de julho, e a ministra da Gest\u00e3o e Inova\u00e7\u00e3o, Esther Dweck, refor\u00e7ou que <strong>n\u00e3o h\u00e1 qualquer possibilidade de suspens\u00e3o do certame.<\/strong> A declara\u00e7\u00e3o foi feita ap\u00f3s reuni\u00e3o com representantes do Minist\u00e9rio P\u00fablico Federal (MPF), encerrando rumores de cancelamento do concurso!<\/p>\n\n\n\n<p>Durante a conversa com o MPF, a ministra reafirmou o compromisso do Governo Federal com a realiza\u00e7\u00e3o da nova edi\u00e7\u00e3o do Concurso Nacional Unificado. Segundo Dweck, o di\u00e1logo segue aberto para esclarecer pontos t\u00e9cnicos e garantir transpar\u00eancia em toda a sele\u00e7\u00e3o. <\/p>\n\n\n\n<p>A expectativa \u00e9 que o CNU 2025 mantenha o cronograma previsto, sendo uma das maiores oportunidades do ano para quem busca estabilidade no servi\u00e7o p\u00fablico federal! Ficou interessado(a)? Continue comigo e confira todos os detalhes!<\/p>\n\n\n\n<h2 class=\"wp-block-heading\" id=\"suspenso-do-cnu-2025-foi-descartada\">Suspens\u00e3o do CNU 2025 foi descartada!<\/h2>\n\n\n\n<p>No dia 3 de julho de 2025, o Minist\u00e9rio P\u00fablico Federal (MPF) entrou com um pedido na Justi\u00e7a Federal do Distrito Federal solicitando a <strong>suspens\u00e3o do edital do CNU 2025<\/strong>. Por\u00e9m, poucos dias depois, no dia 8 de julho, durante o programa \u201cBom dia, Ministra\u201d (transmitido pelo CanalGov), a ministra da Gest\u00e3o e Inova\u00e7\u00e3o em Servi\u00e7os P\u00fablicos, Esther Dweck, veio a p\u00fablico esclarecer a situa\u00e7\u00e3o e <mark style=\"background-color:rgba(0, 0, 0, 0)\" class=\"has-inline-color has-vivid-red-color\">descartou a suspens\u00e3o do certame.<\/mark><\/p>\n\n\n\n<p>O pedido de suspens\u00e3o foi motivado aspectos relacionados \u00e0 etapa de heteroidentifica\u00e7\u00e3o, ou seja, o processo utilizado para verificar se os candidatos autodeclarados negros realmente se enquadram nos crit\u00e9rios raciais para fins de cotas. Mais especificamente, a a\u00e7\u00e3o judicial apontava a necessidade de <strong>aperfei\u00e7oamento na estrutura das comiss\u00f5es de heteroidentifica\u00e7\u00e3o<\/strong>, algo que j\u00e1 havia sido debatido anteriormente no CNU 2024 (a primeira edi\u00e7\u00e3o do CNU).<\/p>\n\n\n\n<blockquote class=\"wp-block-quote is-layout-flow wp-block-quote-is-layout-flow\">\n<p><em>\u201cPara o CPNU 2 foi feita uma inova\u00e7\u00e3o, fruto do debate com o Congresso, supondo que a pessoa n\u00e3o teve uma maioria na primeira banca, ela entra com recurso e vai para uma nova banca. Supondo que, mesmo assim, dois avaliadores sejam contr\u00e1rios e apenas um confirme que a pessoa \u00e9 negra, ainda assim ela ir\u00e1 passar. Ent\u00e3o, se pelo uma pessoa na banca original e uma pessoa na nova banca confirmarem que o candidato \u00e9 negro, sua autodeclara\u00e7\u00e3o ser\u00e1 confirmada\u201d, afirmou a Ministra, Esther Dweck!<\/em><\/p>\n<\/blockquote>\n\n\n\n<p>Outra altera\u00e7\u00e3o \u00e9 que, se o candidato n\u00e3o comparecer na etapa de heteroidentifica\u00e7\u00e3o, ele n\u00e3o ir\u00e1 concorrer \u00e0s vagas reservadas para cotas mas seguir\u00e1 concorrendo na ampla concorr\u00eancia.<\/p>\n\n\n\n<h2 class=\"wp-block-heading\" id=\"cnu-2025-inscries-abertas\">CNU 2025: Inscri\u00e7\u00f5es abertas!<\/h2>\n\n\n\n<p>O Concurso CNU 2025 (Concurso Nacional Unificado), conhecido como o \u201cEnem dos Concursos\u201d, j\u00e1 est\u00e1 com edital publicado e oferece <strong>3.652 vagas<\/strong> distribu\u00eddas entre 32 \u00f3rg\u00e3os do Poder Executivo Federal. As oportunidades abrangem n\u00edveis m\u00e9dio, t\u00e9cnico e superior, organizadas em 9 blocos tem\u00e1ticos, sendo <mark style=\"background-color:rgba(0, 0, 0, 0)\" class=\"has-inline-color has-vivid-red-color\">2 deles exclusivos para cargos de n\u00edvel m\u00e9dio.<\/mark><\/p>\n\n\n\n<p>As inscri\u00e7\u00f5es seguem abertas at\u00e9 o dia 20 de julho, exclusivamente pelo site da Funda\u00e7\u00e3o Get\u00falio Vargas (<a href=\"https:\/\/conhecimento.fgv.br\/cpnu2\" target=\"_blank\" data-type=\"link\" data-id=\"https:\/\/conhecimento.fgv.br\/cpnu2\" rel=\"noreferrer noopener\">FGV<\/a>). A taxa de inscri\u00e7\u00e3o \u00e9 de <strong>R$70,00<\/strong>, e, de acordo com a ministra Esther Dweck, mais de 100 mil pessoas se inscreveram nas primeiras 24 horas!<\/p>\n\n\n\n<h3 class=\"wp-block-heading\">Como se inscrever no CNU 2025?<\/h3>\n\n\n\n<p>As <strong>inscri\u00e7\u00f5es para o CNU 2025<\/strong> s\u00e3o realizadas por meio do site da banca organizadora, a Funda\u00e7\u00e3o Get\u00falio Vargas (FGV).<\/p>\n\n\n\n<p>Para se inscrever, o candidato deve:<\/p>\n\n\n\n<ul class=\"wp-block-list\"><li>Escolher o bloco tem\u00e1tico de interesse;<\/li>\n\n\n\n<li>Selecionar o cargo e especialidades dispon\u00edveis nesse bloco;<\/li>\n\n\n\n<li>Indicar a ordem de prefer\u00eancia dos cargos escolhidos;<\/li>\n\n\n\n<li>Definir a cidade onde deseja fazer a prova;<\/li>\n\n\n\n<li>Preencher o question\u00e1rio socioecon\u00f4mico obrigat\u00f3rio (sem impacto na classifica\u00e7\u00e3o);<\/li>\n\n\n\n<li>Gerar o boleto da GRU e pagar a taxa de <strong>R$70,00<\/strong> at\u00e9 <strong>21 de julho<\/strong>.<\/li>\n<\/ul><div class=\"nova-continue-reading\">Confira: <a href=\"https:\/\/www.novaconcursos.com.br\/portal\/noticias\/cnu-2025-inscricao\/\" data-type=\"link\" data-id=\"https:\/\/www.novaconcursos.com.br\/portal\/noticias\/cnu-2025-inscricao\/\">Guia completo para se inscrever no CNU 2025!<\/a><\/div>\n\n\n\n<p>As provas objetivas ser\u00e3o aplicadas no dia <strong>5 de outubro<\/strong>, e as provas discursivas, no dia <strong>7 de dezembro <\/strong>de 2025, em 228 munic\u00edpios por todo o Brasil.<\/p>\n\n\n\n<h2 class=\"wp-block-heading\" id=\"materiais-preparatrios\">Materiais preparat\u00f3rios<\/h2>\n\n\n\n<p>Estude com quem entende do assunto! A Nova Concursos preparou <strong>materiais exclusivos e direcionados para cada bloco tem\u00e1tico do CNU 2025<\/strong>, com conte\u00fado atualizado, focado no edital e ideal para quem quer conquistar uma das milhares de vagas. Garanta sua prepara\u00e7\u00e3o com quem \u00e9 especialista em concursos!<\/p>\n\n\n\n<div class=\"nova-continue-reading\">Confira: <a href=\"https:\/\/www.novaconcursos.com.br\/concurso\/cnu-concurso-nacional-unificado\" data-type=\"link\" data-id=\"https:\/\/www.novaconcursos.com.br\/concurso\/cnu-concurso-nacional-unificado\">Materiais preparat\u00f3rios do CNU 2025!<\/a><\/div>\n\n\n\n<p>N\u00e3o deixe de conferir o nosso <a href=\"https:\/\/www.novaconcursos.com.br\/portal\/concursos\/cnu\/\" data-type=\"link\" data-id=\"https:\/\/www.novaconcursos.com.br\/portal\/concursos\/cnu\/\">guia completo do CNU 2025<\/a>, onde voc\u00ea encontra todas as informa\u00e7\u00f5es detalhadas sobre o concurso: a distribui\u00e7\u00e3o das vagas por \u00f3rg\u00e3o, os sal\u00e1rios atualizados de cada cargo, as etapas da sele\u00e7\u00e3o, as vagas dispon\u00edveis para n\u00edvel m\u00e9dio, al\u00e9m de dados sobre a banca, cotas, cidades de prova, estrutura das avalia\u00e7\u00f5es e muito mais!<\/p>\n\n\n\n<figure class=\"wp-block-embed is-type-video is-provider-youtube wp-block-embed-youtube wp-embed-aspect-16-9 wp-has-aspect-ratio\"><div class=\"wp-block-embed__wrapper\">\n<iframe loading=\"lazy\" title=\"QUAL O BLOCO MAIS F\u00c1CIL DO CNU 2025 \u2705\" width=\"500\" height=\"281\" src=\"https:\/\/www.youtube.com\/embed\/wllrSaeRPHo?feature=oembed\" frameborder=\"0\" allow=\"accelerometer; autoplay; clipboard-write; encrypted-media; gyroscope; picture-in-picture; web-share\" referrerpolicy=\"strict-origin-when-cross-origin\" allowfullscreen><\/iframe>\n<\/div><\/figure>","protected":false},"excerpt":{"rendered":"<p>Mesmo com o pedido de suspens\u00e3o do edital do CNU 2025 feito pelo Minist\u00e9rio P\u00fablico Federal (MPF), a ministra Esther Dweck garantiu que o concurso continuar\u00e1 conforme o previsto. Segundo ela, a a\u00e7\u00e3o n\u00e3o impede o andamento do certame, que segue com o cronograma mantido. Confira todos os detalhes!<\/p>\n","protected":false},"author":54697,"featured_media":286947,"comment_status":"closed","ping_status":"closed","sticky":false,"template":"","format":"standard","meta":{"_acf_changed":false,"footnotes":"","_wp_rev_ctl_limit":""},"categories":[228,44978,44939,44994,44997,44944,44947,44996,44945],"tags":[44919],"class_list":["post-286944","post","type-post","status-publish","format-standard","has-post-thumbnail","hentry","category-noticias","category-nacional","category-carreira-administrativa","category-carreira-ambiental","category-carreira-ti","category-carreira-educacao","category-carreira-fiscal","category-carreira-legislativa","category-carreira-saude","tag-concurso-nacional-unificado"],"acf":[],"_links":{"self":[{"href":"https:\/\/www.novaconcursos.com.br\/portal\/wp-json\/wp\/v2\/posts\/286944","targetHints":{"allow":["GET"]}}],"collection":[{"href":"https:\/\/www.novaconcursos.com.br\/portal\/wp-json\/wp\/v2\/posts"}],"about":[{"href":"https:\/\/www.novaconcursos.com.br\/portal\/wp-json\/wp\/v2\/types\/post"}],"author":[{"embeddable":true,"href":"https:\/\/www.novaconcursos.com.br\/portal\/wp-json\/wp\/v2\/users\/54697"}],"replies":[{"embeddable":true,"href":"https:\/\/www.novaconcursos.com.br\/portal\/wp-json\/wp\/v2\/comments?post=286944"}],"version-history":[{"count":5,"href":"https:\/\/www.novaconcursos.com.br\/portal\/wp-json\/wp\/v2\/posts\/286944\/revisions"}],"predecessor-version":[{"id":299507,"href":"https:\/\/www.novaconcursos.com.br\/portal\/wp-json\/wp\/v2\/posts\/286944\/revisions\/299507"}],"wp:featuredmedia":[{"embeddable":true,"href":"https:\/\/www.novaconcursos.com.br\/portal\/wp-json\/wp\/v2\/media\/286947"}],"wp:attachment":[{"href":"https:\/\/www.novaconcursos.com.br\/portal\/wp-json\/wp\/v2\/media?parent=286944"}],"wp:term":[{"taxonomy":"category","embeddable":true,"href":"https:\/\/www.novaconcursos.com.br\/portal\/wp-json\/wp\/v2\/categories?post=286944"},{"taxonomy":"post_tag","embeddable":true,"href":"https:\/\/www.novaconcursos.com.br\/portal\/wp-json\/wp\/v2\/tags?post=286944"}],"curies":[{"name":"wp","href":"https:\/\/api.w.org\/{rel}","templated":true}]}}