{"id":287216,"date":"2025-07-14T13:13:50","date_gmt":"2025-07-14T16:13:50","guid":{"rendered":"https:\/\/www.novaconcursos.com.br\/portal\/?p=287216"},"modified":"2025-12-09T09:11:54","modified_gmt":"2025-12-09T12:11:54","slug":"hfa","status":"publish","type":"post","link":"https:\/\/www.novaconcursos.com.br\/portal\/concursos\/hfa\/","title":{"rendered":"Concurso HFA: Inscri\u00e7\u00f5es abertas! 130 vagas no CNU!"},"content":{"rendered":"<p>Aten\u00e7\u00e3o, concurseiros! O concurso HFA <a href=\"https:\/\/www.novaconcursos.com.br\/concurso\/cnu-concurso-nacional-unificado\">(Hospital das For\u00e7as Armadas)<\/a> est\u00e1 ofertando <mark style=\"background-color:#8ed1fc\" class=\"has-inline-color\">130 vagas<\/mark> atrav\u00e9s da segunda edi\u00e7\u00e3o do Concurso Nacional Unificado. As oportunidades s\u00e3o para cargos que exigem n\u00edveis t\u00e9cnico ou superior. <\/p>\n\n\n\n    <div class=\"nova-resumo-edital\">\n        <h2 class=\"nova-resumo-edital-title\" id=\"resumo-edital\">Resumo Edital<\/h2>\n        <ul class=\"nova-resumo-edital-list nova-menu\"><li>\n                <img decoding=\"async\" width=\"24\" height=\"24\" loading=\"lazy\" src=\"https:\/\/www.novaconcursos.com.br\/portal\/wp-content\/themes\/nova-theme\/includes\/assets\/img\/person.svg\" aria-hidden=\"true\" alt=\"\u00edcone pessoa\" title=\"\"><span>\n                    <b>Vagas: <\/b> 130\n                <\/span>\n            <\/li>\n            <li>\n                <img decoding=\"async\" width=\"24\" height=\"24\" loading=\"lazy\" src=\"https:\/\/www.novaconcursos.com.br\/portal\/wp-content\/themes\/nova-theme\/includes\/assets\/img\/inscricoes.svg\" aria-hidden=\"true\" alt=\"\u00edcone pessoa\" title=\"\"><span>\n                    <b>Per\u00edodo de inscri\u00e7\u00f5es: <\/b> 02\/07\/2025 a 20\/07\/2025\n                <\/span>\n            <\/li>\n            <li>\n                <img decoding=\"async\" width=\"24\" height=\"24\" loading=\"lazy\" src=\"https:\/\/www.novaconcursos.com.br\/portal\/wp-content\/themes\/nova-theme\/includes\/assets\/img\/taxa-inscricao.svg\" aria-hidden=\"true\" alt=\"\u00edcone pessoa\" title=\"\"><span>\n                    <b>Taxa de inscri\u00e7\u00e3o: <\/b> R$70,00\n                <\/span>\n            <\/li>\n            <li>\n                <img decoding=\"async\" width=\"24\" height=\"24\" loading=\"lazy\" src=\"https:\/\/www.novaconcursos.com.br\/portal\/wp-content\/themes\/nova-theme\/includes\/assets\/img\/prova.svg\" aria-hidden=\"true\" alt=\"\u00edcone pessoa\" title=\"\"><span>\n                    <b>Prova: <\/b> 05\/10\/2025\n                <\/span>\n            <\/li>\n            <li>\n                <img decoding=\"async\" width=\"24\" height=\"24\" loading=\"lazy\" src=\"https:\/\/www.novaconcursos.com.br\/portal\/wp-content\/themes\/nova-theme\/includes\/assets\/img\/banca.svg\" aria-hidden=\"true\" alt=\"\u00edcone pessoa\" title=\"\"><span>\n                    <b>Banca: <\/b> Funda\u00e7\u00e3o Get\u00falio Vargas (FGV)\n                <\/span>\n            <\/li>\n        <\/ul><div class=\"nova-resumo-edital-baixar\">\n            <a href=\"https:\/\/www.novaconcursos.com.br\/portal\/wp-content\/uploads\/2025\/07\/edital-do-concurso-cnu-2025.pdf\" target=\"_blank\" rel=\"noopener\">\n                Baixe aqui o edital\n            <\/a>\n        <\/div>\n    <\/div>\n\n\n\n<p>As remunera\u00e7\u00f5es iniciais do concurso HFA chamam bastante aten\u00e7\u00e3o, j\u00e1 que podem variar de <strong>R$ 4.816,08 a R$ 7.621,01<\/strong>. Ficou interessado(a) pela sele\u00e7\u00e3o? Continue comigo e fique por dentro de todos os detalhes!<\/p>\n\n\n\n<h2 class=\"wp-block-heading\" id=\"principais-datas-do-concurso-ibram\">Principais datas do concurso HFA<\/h2>\n\n\n\n<p>Confira quais s\u00e3o as principais datas do concurso HFA para n\u00e3o perder nenhum prazo:<\/p>\n\n\n\n<ul class=\"wp-block-list\"><li><strong>Inscri\u00e7\u00f5es:\u00a0<\/strong>2 a 20 de julho de 2025<\/li>\n\n\n\n<li><strong>Solicita\u00e7\u00e3o de isen\u00e7\u00e3o da taxa de inscri\u00e7\u00e3o:\u00a0<\/strong>2 a 8 de julho de 2025<\/li>\n\n\n\n<li><strong>Pagamento da taxa de inscri\u00e7\u00e3o:<\/strong>\u00a0at\u00e9 21 de julho<\/li>\n\n\n\n<li><strong>Prova objetiva:\u00a0<\/strong>5 de outubro de 2025<\/li>\n\n\n\n<li><strong>Convoca\u00e7\u00e3o para a prova discursiva<\/strong>: 12 de novembro de 2025<\/li>\n\n\n\n<li><strong>Envio de t\u00edtulos:\u00a0<\/strong>13 a 19 de novembro de 2025<\/li>\n\n\n\n<li><strong>Prova discursiva:<\/strong>\u00a07 de dezembro de 2025<\/li>\n<\/ul><h2 class=\"wp-block-heading\" id=\"o-que-o-cnu\">O que \u00e9 o CNU?<\/h2>\n\n\n\n<p>O concurso HFA (Hospital das For\u00e7as Armadas) integra a segunda edi\u00e7\u00e3o do Concurso Nacional Unificado (CNU), uma iniciativa do Governo Federal que tem como objetivo centralizar a sele\u00e7\u00e3o de servidores p\u00fablicos de diferentes \u00f3rg\u00e3os federais em um \u00fanico processo seletivo. Esse novo modelo busca tornar o recrutamento mais eficiente, transparente e econ\u00f4mico para a administra\u00e7\u00e3o p\u00fablica e para os candidatos.<\/p>\n\n\n\n<p>No CNU, as vagas s\u00e3o organizadas em <mark style=\"background-color:#8ed1fc\" class=\"has-inline-color\">nove blocos tem\u00e1ticos<\/mark>, agrupados conforme \u00e1reas de atua\u00e7\u00e3o e afinidade entre os cargos dos \u00f3rg\u00e3os participantes. O candidato escolhe um \u00fanico bloco, define sua primeira op\u00e7\u00e3o de cargo e ainda pode indicar outras prefer\u00eancias dentro do mesmo grupo. Dessa forma, com apenas uma inscri\u00e7\u00e3o, \u00e9 poss\u00edvel concorrer a v\u00e1rias oportunidades, otimizando tempo e reduzindo custos.<\/p>\n\n\n\n<p>No caso do concurso HFA, est\u00e3o sendo oferecidas <strong>130 vagas<\/strong> para <strong>n\u00edveis t\u00e9cnico e superior<\/strong>, distribu\u00eddas entre os <strong>blocos tem\u00e1ticos 1 e 8<\/strong>. Isso significa que, ao se inscrever em um desses blocos, o candidato poder\u00e1 disputar n\u00e3o apenas os cargos do HFA, mas tamb\u00e9m outras vagas vinculadas ao mesmo bloco, desde que atenda aos requisitos de cada fun\u00e7\u00e3o.<\/p>\n\n\n\n<h2 class=\"wp-block-heading\" id=\"inscries-abertas-para-o-concurso-hfa\">Inscri\u00e7\u00f5es abertas para o concurso HFA<\/h2>\n\n\n\n<p>Quem deseja participar do concurso HFA j\u00e1 pode se inscrever por meio da segunda edi\u00e7\u00e3o do Concurso Nacional Unificado (CNU). As inscri\u00e7\u00f5es foram abertas no dia <strong>2 de julho<\/strong> e seguem at\u00e9 o <strong>dia 20 de julho de 2025<\/strong>, sendo realizadas exclusivamente pelo site da <a href=\"https:\/\/conhecimento.fgv.br\/cpnu2\" target=\"_blank\" rel=\"noopener\">Funda\u00e7\u00e3o Getulio Vargas (FGV),<\/a> respons\u00e1vel pela organiza\u00e7\u00e3o do certame.<\/p>\n\n\n\n<p>A taxa de inscri\u00e7\u00e3o \u00e9 de <mark style=\"background-color:#8ed1fc\" class=\"has-inline-color\">R$ 70,00<\/mark>, e o pagamento poder\u00e1 ser efetuado at\u00e9 a data limite estipulada em edital.<\/p>\n\n\n\n<p>Para garantir a inscri\u00e7\u00e3o corretamente, o candidato deve:<\/p>\n\n\n\n<ul class=\"wp-block-list\"><li>Escolher um dos blocos tem\u00e1ticos 1 ou 8, que re\u00fanem as 130 vagas de n\u00edveis t\u00e9cnico e superior destinadas ao HFA;<\/li>\n\n\n\n<li>Indicar os cargos e especialidades de interesse dentro do bloco selecionado;<\/li>\n\n\n\n<li>Definir a ordem de prefer\u00eancia entre as op\u00e7\u00f5es escolhidas;<\/li>\n\n\n\n<li>Selecionar a cidade onde deseja realizar a prova objetiva.<\/li>\n<\/ul><p><\/p>\n\n\n\n<p>Importante lembrar que, ao optar por um bloco, o candidato pode concorrer a todas as vagas vinculadas a ele, desde que cumpra os requisitos de cada cargo. A classifica\u00e7\u00e3o final considerar\u00e1 a prefer\u00eancia indicada no ato da inscri\u00e7\u00e3o.<\/p>\n\n\n\n<h3 class=\"wp-block-heading\">Isen\u00e7\u00e3o da taxa de inscri\u00e7\u00e3o<\/h3>\n\n\n\n<p>O prazo para solicitar a isen\u00e7\u00e3o da taxa ocorreu entre os dias 2 e 8 de julho de 2025 e <strong><mark style=\"background-color:rgba(0, 0, 0, 0)\" class=\"has-inline-color has-vivid-red-color\">j\u00e1 est\u00e1 encerrado<\/mark><\/strong>. Foram considerados aptos \u00e0 isen\u00e7\u00e3o os candidatos que se enquadravam em pelo menos uma das seguintes condi\u00e7\u00f5es:<\/p>\n\n\n\n<ul class=\"wp-block-list\"><li>Inscri\u00e7\u00e3o no Cadastro \u00danico (Cad\u00danico) para programas sociais do Governo Federal;<\/li>\n\n\n\n<li>Ser ou ter sido bolsista do ProUni;<\/li>\n\n\n\n<li>Ser ou ter sido benefici\u00e1rio do FIES;<\/li>\n\n\n\n<li>Ter realizado doa\u00e7\u00e3o de medula \u00f3ssea, conforme crit\u00e9rios do Minist\u00e9rio da Sa\u00fade.<\/li>\n<\/ul><p><\/p>\n\n\n\n<p>A an\u00e1lise dos pedidos foi feita pela pr\u00f3pria FGV. O resultado preliminar saiu no dia 10 de julho, e os interessados puderam apresentar recurso at\u00e9 dois dias \u00fateis depois. A lista definitiva dos candidatos isentos ser\u00e1 publicada at\u00e9 <strong>18 de julho de 2025<\/strong>.<\/p>\n\n\n\n<h2 class=\"wp-block-heading\" id=\"cargos-e-vagas\">Cargos e vagas<\/h2>\n\n\n\n<p>O concurso HFA, que integra a nova edi\u00e7\u00e3o do Concurso Nacional Unificado (CNU), est\u00e1 oferecendo <strong>130 vagas<\/strong> imediatas para candidatos de n\u00edvel m\u00e9dio e superior. As oportunidades est\u00e3o distribu\u00eddas entre os <strong>blocos tem\u00e1ticos 1 e 8<\/strong>, abrangendo diversas \u00e1reas da sa\u00fade e assist\u00eancia hospitalar.<\/p>\n\n\n\n<p>Confira a distribui\u00e7\u00e3o completa dos cargos e vagas dispon\u00edveis:<\/p>\n\n\n\n<h3 class=\"wp-block-heading\">Vagas de n\u00edvel superior \u2013 Bloco Tem\u00e1tico 1<\/h3>\n\n\n\n<p><strong>Especialista em Atividades Hospitalares:<\/strong><\/p>\n\n\n\n<ul class=\"wp-block-list\"><li>Enfermagem \u2013 30 vagas<\/li>\n\n\n\n<li>Farm\u00e1cia (Cl\u00ednica) \u2013 2 vagas<\/li>\n\n\n\n<li>Farm\u00e1cia (Bioqu\u00edmica) \u2013 5 vagas<\/li>\n\n\n\n<li>Farm\u00e1cia Hospitalar \u2013 3 vagas<\/li>\n\n\n\n<li>Farm\u00e1cia (Oncologia) \u2013 1 vaga<\/li>\n\n\n\n<li>Fisioterapia (Respirat\u00f3ria) \u2013 2 vagas<\/li>\n\n\n\n<li>Fisioterapia (Traumato-Ortopedia) \u2013 2 vagas<\/li>\n\n\n\n<li>Fisioterapia (UTI) \u2013 2 vagas<\/li>\n\n\n\n<li>Nutri\u00e7\u00e3o Cl\u00ednica \u2013 2 vagas<\/li>\n\n\n\n<li>Psicologia (Neuropsicologia) \u2013 1 vaga<\/li>\n<\/ul><p><strong>M\u00e9dico \u2013 diversas especialidades:<\/strong><\/p>\n\n\n\n<ul class=\"wp-block-list\"><li>Neurologia Cl\u00ednica \u2013 2 vagas<\/li>\n\n\n\n<li>Medicina do Trabalho \u2013 1 vaga<\/li>\n\n\n\n<li>Anestesiologia \u2013 7 vagas<\/li>\n\n\n\n<li>Cardiologia \u2013 1 vaga<\/li>\n\n\n\n<li>Cirurgia Geral \u2013 3 vagas<\/li>\n\n\n\n<li>Cirurgia Tor\u00e1cica \u2013 1 vaga<\/li>\n\n\n\n<li>Cirurgia Vascular \u2013 1 vaga<\/li>\n\n\n\n<li>Coloproctologia \u2013 1 vaga<\/li>\n\n\n\n<li>Endoscopia \u2013 1 vaga<\/li>\n\n\n\n<li>Cl\u00ednica Geral \u2013 5 vagas<\/li>\n\n\n\n<li>Ginecologia\/Obstetr\u00edcia \u2013 3 vagas<\/li>\n\n\n\n<li>Hematologia \u2013 1 vaga<\/li>\n\n\n\n<li>Oftalmologia \u2013 1 vaga<\/li>\n\n\n\n<li>Medicina Intensiva \u2013 1 vaga<\/li>\n\n\n\n<li>Ortopedia \u2013 10 vagas<\/li>\n\n\n\n<li>Oncologia \u2013 2 vagas<\/li>\n\n\n\n<li>Otorrinolaringologia \u2013 2 vagas<\/li>\n\n\n\n<li>Patologia \u2013 1 vaga<\/li>\n\n\n\n<li>Pneumologia e Broncoscopia \u2013 1 vaga<\/li>\n\n\n\n<li>Psiquiatria \u2013 1 vaga<\/li>\n\n\n\n<li>Cirurgia Pl\u00e1stica \u2013 2 vagas<\/li>\n\n\n\n<li>Nefrologia \u2013 1 vaga<\/li>\n\n\n\n<li>Neurocirurgia \u2013 1 vaga<\/li>\n<\/ul><h3 class=\"wp-block-heading\">Vagas de n\u00edvel m\u00e9dio \u2013 Bloco Tem\u00e1tico 8<\/h3>\n\n\n\n<p><strong>T\u00e9cnico em Atividades M\u00e9dico-Hospitalares:<\/strong><\/p>\n\n\n\n<ul class=\"wp-block-list\"><li>Laborat\u00f3rio \u2013 2 vagas<\/li>\n\n\n\n<li>Farm\u00e1cia \u2013 5 vagas<\/li>\n\n\n\n<li>Nutri\u00e7\u00e3o e Diet\u00e9tica \u2013 2 vagas<\/li>\n\n\n\n<li>Higiene Dental \u2013 1 vaga<\/li>\n\n\n\n<li>Enfermagem \u2013 20 vagas<\/li>\n<\/ul><h2 class=\"wp-block-heading\" id=\"salrios-do-concurso-hfa\">Sal\u00e1rios do concurso HFA<\/h2>\n\n\n\n<p>Os sal\u00e1rios iniciais para os cargos oferecidos no concurso HFA s\u00e3o atrativos e variam conforme o n\u00edvel e a fun\u00e7\u00e3o:<\/p>\n\n\n\n<figure class=\"wp-block-table\"><table class=\"has-fixed-layout\"><thead><tr><th>Cargo<\/th><th>Remunera\u00e7\u00e3o Inicial (R$)<\/th><\/tr><\/thead><tbody><tr><td>Especialista em Atividades Hospitalares (RT*)<\/td><td>R$ 7.258,16<\/td><\/tr><tr><td>M\u00e9dico \u2013 20h (RT*)<\/td><td>R$ 5.044,85<\/td><\/tr><tr><td>T\u00e9cnico em Atividades M\u00e9dico-Hospitalares<\/td><td>R$ 4.085,06<\/td><\/tr><\/tbody><\/table><\/figure><h2 class=\"wp-block-heading\" id=\"requisitos-bsicos\">Requisitos b\u00e1sicos<\/h2>\n\n\n\n<p>Confira os requisitos b\u00e1sicos exigidos para a participa\u00e7\u00e3o no concurso HFA:<\/p>\n\n\n\n<ul class=\"wp-block-list\"><li>Ter nacionalidade brasileira ou portuguesa e, em caso de nacionalidade portuguesa, estar amparada pelo estatuto de igualdade entre brasileiros e portugueses, com reconhecimento de direitos e obriga\u00e7\u00f5es civis e de gozo de direitos pol\u00edticos, nos termos do \u00a7 1\u00ba do art. 12 da Constitui\u00e7\u00e3o Federal e do Tratado de Amizade, Coopera\u00e7\u00e3o e Consulta, promulgado no Brasil por meio do Decreto n\u00ba 3.927, de 19 de setembro de 2001<\/li>\n\n\n\n<li>Estar em gozo dos direitos pol\u00edticos<\/li>\n\n\n\n<li>Estar em dia com as obriga\u00e7\u00f5es eleitorais<\/li>\n\n\n\n<li>Estar em dia com as obriga\u00e7\u00f5es militares, em caso de candidato brasileiro do sexo masculino<\/li>\n\n\n\n<li>Ter, na data de admiss\u00e3o, idade m\u00ednima de 18 (dezoito) anos completos<\/li>\n\n\n\n<li>Ser considerada apta para o exerc\u00edcio do cargo, em exame m\u00e9dico admissional<\/li>\n\n\n\n<li>Ser aprovada no Concurso P\u00fablico Nacional Unificado e preencher os requisitos previstos nos Anexos I ao IX deste Edital<\/li>\n\n\n\n<li>N\u00e3o estar incompatibilizada para nova investidura em cargo p\u00fablico federal, nos termos dispostos no art. 137 da Lei n\u00ba 8.112, de 11 de dezembro de 1990, e suas altera\u00e7\u00f5es<\/li>\n\n\n\n<li>Cumprir as determina\u00e7\u00f5es deste Edital<\/li>\n<\/ul><h2 class=\"wp-block-heading\" id=\"etapas-de-seleo\">Etapas de sele\u00e7\u00e3o<\/h2>\n\n\n\n<p>Os candidatos do concurso HFA ser\u00e3o avaliados por meio das seguintes etapas de sele\u00e7\u00e3o: <\/p>\n\n\n\n<ul class=\"wp-block-list\"><li><strong>Prova objetiva<\/strong>: car\u00e1ter classificat\u00f3rio e eliminat\u00f3rio;<\/li>\n\n\n\n<li><strong>Prova discursiva:\u00a0<\/strong>car\u00e1ter classificat\u00f3rio e eliminat\u00f3rio;<\/li>\n\n\n\n<li><strong>Prova de t\u00edtulos<\/strong>: car\u00e1ter classificat\u00f3rio.<\/li>\n<\/ul><p><\/p>\n\n\n\n<p>As provas objetivas ser\u00e3o aplicadas em<strong>\u00a05 de outubro de 2025\u00a0<\/strong>e a discursiva em\u00a0<strong>7 de dezembro de 2025.<\/strong><\/p>\n\n\n\n<h3 class=\"wp-block-heading\">Prova Objetiva<\/h3>\n\n\n\n<p>A prova objetiva ser\u00e1 composta por <strong>quest\u00f5es de m\u00faltipla escolha<\/strong>, com cinco alternativas cada e apenas uma correta. A estrutura varia de acordo com o n\u00edvel de escolaridade exigido para o cargo:<\/p>\n\n\n\n<h4 class=\"wp-block-heading\">N\u00edvel superior<\/h4>\n\n\n\n<ul class=\"wp-block-list\"><li>Dura\u00e7\u00e3o: 5 horas<\/li>\n\n\n\n<li>Total de quest\u00f5es: 90\n<ul class=\"wp-block-list\"><li>Conhecimentos Gerais: 30 quest\u00f5es<\/li>\n\n\n\n<li>Conhecimentos Espec\u00edficos: 60 quest\u00f5es<\/li>\n<\/ul><\/li>\n<\/ul><h4 class=\"wp-block-heading\">N\u00edvel m\u00e9dio\/t\u00e9cnico<\/h4>\n\n\n\n<ul class=\"wp-block-list\"><li>Dura\u00e7\u00e3o: 3 horas e 30 minutos<\/li>\n\n\n\n<li>Total de quest\u00f5es: 68\n<ul class=\"wp-block-list\"><li>Conhecimentos Gerais: 20 quest\u00f5es<\/li>\n\n\n\n<li>Conhecimentos Espec\u00edficos: 48 quest\u00f5es<\/li>\n<\/ul><\/li>\n<\/ul><h3 class=\"wp-block-heading\">Prova Discursiva<\/h3>\n\n\n\n<p>A prova discursiva do concurso HFA tamb\u00e9m ter\u00e1 formatos distintos conforme o n\u00edvel do cargo pretendido:<\/p>\n\n\n\n<h4 class=\"wp-block-heading\">N\u00edvel superior<\/h4>\n\n\n\n<ul class=\"wp-block-list\"><li>Formato: 2 quest\u00f5es discursivas<\/li>\n\n\n\n<li>Valor: cada quest\u00e3o vale at\u00e9 22,5 pontos, totalizando 45 pontos<\/li>\n\n\n\n<li>Extens\u00e3o m\u00e1xima: at\u00e9 30 linhas<\/li>\n\n\n\n<li>Crit\u00e9rios de avalia\u00e7\u00e3o:\n<ul class=\"wp-block-list\"><li>50% da nota: dom\u00ednio dos conhecimentos espec\u00edficos da \u00e1rea<\/li>\n\n\n\n<li>50% da nota: uso adequado da L\u00edngua Portuguesa<\/li>\n<\/ul><\/li>\n<\/ul><h4 class=\"wp-block-heading\">N\u00edvel m\u00e9dio\/t\u00e9cnico (intermedi\u00e1rio)<\/h4>\n\n\n\n<ul class=\"wp-block-list\"><li>Formato: reda\u00e7\u00e3o em texto dissertativo-argumentativo<\/li>\n\n\n\n<li>Valor m\u00e1ximo: 30 pontos<\/li>\n\n\n\n<li>Extens\u00e3o m\u00e1xima: at\u00e9 30 linhas<\/li>\n\n\n\n<li>Crit\u00e9rio de avalia\u00e7\u00e3o:\n<ul class=\"wp-block-list\"><li>100% da nota ser\u00e1 baseada no dom\u00ednio da L\u00edngua Portuguesa, considerando clareza, coes\u00e3o, coer\u00eancia, ortografia e gram\u00e1tica<\/li>\n<\/ul><\/li>\n<\/ul><h2 class=\"wp-block-heading\" id=\"o-que-cai-na-prova-do-concurso-hfa\">O que cai na prova do concurso HFA?<\/h2>\n\n\n\n<p>Para ser aprovado na prova objetiva do <a href=\"https:\/\/www.novaconcursos.com.br\/portal\/concursos\/cnu\/\">CNU<\/a>, os interessados em ingressar no HFA dever\u00e3o dominar os seguintes conte\u00fados de conhecimentos gerais:<\/p>\n\n\n\n<ul class=\"wp-block-list\"><li><strong>Desafios do estado de direito: democracia e cidadania<\/strong>: 1.1. Forma\u00e7\u00e3o hist\u00f3rica do Estado Democr\u00e1tico de Direito. 1.2. Constitui\u00e7\u00e3o Federal de 1988: direitos fundamentais, sociais e pol\u00edticos, consolida\u00e7\u00e3o da democracia, representa\u00e7\u00e3o pol\u00edtica e participa\u00e7\u00e3o cidad\u00e3. 1.3. Rela\u00e7\u00f5es entre os Poderes Executivo e Legislativo e os desafios da governabilidade. 1.4. Judicializa\u00e7\u00e3o de pol\u00edticas p\u00fablicas. 1.5. Capacidades estatais e democracia. 1.6. Efetiva\u00e7\u00e3o e repara\u00e7\u00e3o de Direitos Humanos: demandas sociais hist\u00f3ricas, autoritarismo, viol\u00eancia de Estado, mem\u00f3ria, verdade e justi\u00e7a.<\/li>\n\n\n\n<li><strong>Pol\u00edticas p\u00fablicas<\/strong>: 2.1. Fundamentos de pol\u00edticas p\u00fablicas: conceitos e tipologias. 2.2. Ciclos de pol\u00edticas p\u00fablicas: agenda, formula\u00e7\u00e3o, processos decis\u00f3rios, implementa\u00e7\u00e3o de planos, programas e projetos, monitoramento e avalia\u00e7\u00e3o. 2.3. Levantamento, sistematiza\u00e7\u00e3o, an\u00e1lise e interpreta\u00e7\u00e3o de dados quantitativos, qualitativos e indicadores de pol\u00edticas p\u00fablicas. 2.4. Federalismo, descentraliza\u00e7\u00e3o e sistemas de pol\u00edticas p\u00fablicas no Brasil. 2.5. Intersetorialidade e transversalidade. 2.6. Transforma\u00e7\u00e3o digital e seus impactos na sociedade e nas pol\u00edticas p\u00fablicas.<\/li>\n\n\n\n<li><strong>\u00c9tica e integridade<\/strong>: 3.1. Princ\u00edpios e valores \u00e9ticos do servi\u00e7o p\u00fablico, seus direitos e deveres. 3.2. Governan\u00e7a p\u00fablica e sistemas de governan\u00e7a. 3.3. Transpar\u00eancia. 3.4. Acesso \u00e0 informa\u00e7\u00e3o.<\/li>\n\n\n\n<li><strong>Diversidade e inclus\u00e3o na sociedade<\/strong>: 4.1. Diversidade de sexo, g\u00eanero e sexualidade; diversidade \u00e9tnico-racial; diversidade cultural. 4.2. Desafios sociopol\u00edticos da inclus\u00e3o de grupos vulnerabilizados: crian\u00e7as e adolescentes; idosos; LGBTQIA+; pessoas com defici\u00eancias; pessoas em situa\u00e7\u00e3o de rua, povos ind\u00edgenas, comunidades quilombolas e demais minorias sociais. 4.3. Desigualdades e interseccionalidades.<\/li>\n\n\n\n<li><strong>Administra\u00e7\u00e3o p\u00fablica federal<\/strong>: 5.1. Princ\u00edpios constitucionais e normas que regem a administra\u00e7\u00e3o p\u00fablica. 5.2. Evolu\u00e7\u00e3o das reformas da administra\u00e7\u00e3o e do servi\u00e7o p\u00fablico no Brasil e estrutura organizacional da Administra\u00e7\u00e3o P\u00fablica Federal. 5.3. Sistemas estruturantes da administra\u00e7\u00e3o p\u00fablica federal. 5.4. Fundamentos das finan\u00e7as p\u00fablicas, tributa\u00e7\u00e3o e do planejamento-or\u00e7amento (Plano Plurianual, Lei de Diretrizes Or\u00e7ament\u00e1rias e Lei Or\u00e7ament\u00e1ria Anual).<\/li>\n\n\n\n<li><strong>Trabalho e tecnologia<\/strong>: 6.1. Evolu\u00e7\u00e3o das rela\u00e7\u00f5es de trabalho e uso de novas tecnologias. 6.2. Intelig\u00eancia Artificial, automa\u00e7\u00e3o e produtividade no setor p\u00fablico. 6.3. Limita\u00e7\u00f5es, riscos e problemas associados ao uso das novas tecnologias no setor p\u00fablico.<\/li>\n<\/ul><h3 class=\"wp-block-heading\">Bloco 1: Seguridade Social: Sa\u00fade, Assist\u00eancia Social e Previd\u00eancia Social<\/h3>\n\n\n\n<ul class=\"wp-block-list\"><li>Eixo tem\u00e1tico 1: Seguridade Social<\/li>\n\n\n\n<li>Eixo tem\u00e1tico 2: Sa\u00fade<\/li>\n\n\n\n<li>Eixo tem\u00e1tico 3: Assist\u00eancia Social<\/li>\n\n\n\n<li>Eixo tem\u00e1tico 4: Previd\u00eancia Social<\/li>\n\n\n\n<li>Eixo tem\u00e1tico 5: Sa\u00fade e Seguran\u00e7a do Trabalho<\/li>\n<\/ul><p>Confira o que cai na prova objetiva para cargos de n\u00edvel t\u00e9cnico: <\/p>\n\n\n\n<h3 class=\"wp-block-heading\">L\u00edngua Portuguesa<\/h3>\n\n\n\n<ul class=\"wp-block-list\"><li>Compreens\u00e3o de textos.<\/li>\n\n\n\n<li>A organiza\u00e7\u00e3o textual dos v\u00e1rios modos de organiza\u00e7\u00e3o discursiva.<\/li>\n\n\n\n<li>Ortografia e acentua\u00e7\u00e3o gr\u00e1fica.<\/li>\n\n\n\n<li>Classe, estrutura, forma\u00e7\u00e3o e significa\u00e7\u00e3o de voc\u00e1bulos.<\/li>\n\n\n\n<li>Deriva\u00e7\u00e3o e composi\u00e7\u00e3o.<\/li>\n\n\n\n<li>A ora\u00e7\u00e3o e seus termos.<\/li>\n\n\n\n<li>A estrutura\u00e7\u00e3o do per\u00edodo.<\/li>\n\n\n\n<li>As classes de palavras: aspectos morfol\u00f3gicos, sint\u00e1ticos e estil\u00edsticos.<\/li>\n\n\n\n<li>Linguagem figurada.<\/li>\n\n\n\n<li>Norma padr\u00e3o: concord\u00e2ncia verbal e nominal; reg\u00eancia verbal e nominal; emprego do pronome relativo; emprego do acento grave; coloca\u00e7\u00e3o pronominal; Pontua\u00e7\u00e3o.<\/li>\n<\/ul><h3 class=\"wp-block-heading\">Matem\u00e1tica<\/h3>\n\n\n\n<ul class=\"wp-block-list\"><li>Conjuntos num\u00e9ricos: naturais, inteiros, racionais e reais; m\u00faltiplos, divisores, n\u00fameros primos; pot\u00eancias e ra\u00edzes.<\/li>\n\n\n\n<li>Sistemas de Unidades de Medidas: comprimento, \u00e1rea, volume, massa e tempo.<\/li>\n\n\n\n<li>Raz\u00e3o e propor\u00e7\u00e3o: regra de tr\u00eas simples e composta; porcentagem, juros simples e compostos.<\/li>\n\n\n\n<li>Probabilidade.<\/li>\n\n\n\n<li>Estat\u00edstica b\u00e1sica: leitura e interpreta\u00e7\u00e3o de dados representados em tabelas e gr\u00e1ficos; medidas de tend\u00eancia central (m\u00e9dia, mediana, moda).<\/li>\n<\/ul><h3 class=\"wp-block-heading\">No\u00e7\u00f5es de Direito<\/h3>\n\n\n\n<ul class=\"wp-block-list\"><li>Direito e garantias fundamentais.<\/li>\n\n\n\n<li>A Organiza\u00e7\u00e3o do Estado.<\/li>\n\n\n\n<li>Acesso \u00e0 informa\u00e7\u00e3o no \u00e2mbito da Administra\u00e7\u00e3o P\u00fablica (Lei n\u00ba 12.527\/2011).<\/li>\n\n\n\n<li>Lei Geral de Prote\u00e7\u00e3o de Dados \u2013 Lei n\u00ba 13.709\/2018.<\/li>\n\n\n\n<li>No\u00e7\u00f5es de Direito do Consumidor (Lei n\u00ba 8078\/1990).<\/li>\n\n\n\n<li>No\u00e7\u00f5es de Defesa da Concorr\u00eancia. (Lei n\u00ba 12.529\/2011).<\/li>\n<\/ul><h3 class=\"wp-block-heading\">Realidade Brasileira<\/h3>\n\n\n\n<ul class=\"wp-block-list\"><li>Din\u00e2mica social no Brasil: estratifica\u00e7\u00e3o, desigualdade e exclus\u00e3o social.<\/li>\n\n\n\n<li>Desenvolvimento econ\u00f4mico, concentra\u00e7\u00e3o da renda e riqueza.<\/li>\n\n\n\n<li>Desenvolvimento sustent\u00e1vel e meio ambiente.<\/li>\n\n\n\n<li>Matriz energ\u00e9tica: fontes renov\u00e1veis e n\u00e3o renov\u00e1veis; mudan\u00e7a clim\u00e1tica; transi\u00e7\u00e3o energ\u00e9tica.<\/li>\n\n\n\n<li>Desenvolvimento urbano brasileiro: redes urbanas; metropoliza\u00e7\u00e3o; crescimento das cidades e problemas urbanos.<\/li>\n\n\n\n<li>Desenvolvimento nacional e infraestrutura.<\/li>\n\n\n\n<li>Desigualdades regionais.<\/li>\n<\/ul><h3 class=\"wp-block-heading\">Sa\u00fade (espec\u00edfico para o Bloco 8)<\/h3>\n\n\n\n<ul class=\"wp-block-list\"><li>Conceito de sa\u00fade e processo sa\u00fade-doen\u00e7a.<\/li>\n\n\n\n<li>Pol\u00edticas de Sa\u00fade no Brasil.<\/li>\n\n\n\n<li>Modelos t\u00e9cnico-assistenciais em sa\u00fade.<\/li>\n\n\n\n<li>Aspectos \u00e9ticos e bio\u00e9ticos nos estudos e pesquisas em sa\u00fade.<\/li>\n\n\n\n<li>Vigil\u00e2ncia em sa\u00fade no contexto do SUS: vigil\u00e2ncia epidemiol\u00f3gica, vigil\u00e2ncia ambiental, vigil\u00e2ncia sanit\u00e1ria e vigil\u00e2ncia da sa\u00fade do trabalhador.<\/li>\n\n\n\n<li>No\u00e7\u00f5es de epidemiologia: conceitos, ocorr\u00eancia e medi\u00e7\u00e3o.<\/li>\n\n\n\n<li>Biosseguran\u00e7a.<\/li>\n<\/ul><h2 class=\"wp-block-heading\" id=\"materiais-preparatrios-para-o-concurso-mda\">Materiais preparat\u00f3rios para o concurso HFA<\/h2>\n\n\n\n<p>Para garantir uma boa classifica\u00e7\u00e3o no concurso HFA, \u00e9 fundamental contar com materiais de qualidade e uma rotina de estudos bem estruturada. Ter acesso aos recursos certos desde o in\u00edcio pode fazer toda a diferen\u00e7a no seu desempenho.<\/p>\n\n\n\n<p>Na\u00a0<a href=\"https:\/\/www.novaconcursos.com.br\/\">Nova Concursos,<\/a>\u00a0voc\u00ea encontra tudo o que precisa para conquistar a t\u00e3o sonhada vaga no Hospital das For\u00e7as Armadas. S\u00e3o mais de 70 mil aprovados em todo o pa\u00eds com o apoio da nossa metodologia, que une conte\u00fado completo, did\u00e1tica eficiente e foco nos editais mais exigentes.<\/p>\n\n\n\n<p>Confira os principais materiais que v\u00e3o impulsionar sua prepara\u00e7\u00e3o e d\u00ea um passo importante rumo \u00e0 sua aprova\u00e7\u00e3o no concurso HFA!<\/p>\n\n\n\n<h3 class=\"wp-block-heading\">Assinatura Nova Concursos<\/h3>\n\n\n\n<p>Na Nova Concursos, voc\u00ea encontra uma metodologia eficiente, direta ao ponto e feita para quem quer passar sem perder tempo com conte\u00fados irrelevantes. Com nosso exclusivo\u00a0<a href=\"https:\/\/aprovacao.novaconcursos.com.br\/assinatura\/\">Plano do Especialista<\/a>, voc\u00ea segue uma trilha personalizada, com ciclos de estudo que te levam at\u00e9 a aprova\u00e7\u00e3o como se tivesse um coach ao lado.<\/p>\n\n\n\n<p>Aqui, voc\u00ea tamb\u00e9m conta com atendimento humanizado e tutores prontos para te ajudar em cada etapa da jornada. Assine agora e descubra como \u00e9 estudar com quem entende de aprova\u00e7\u00e3o!<\/p>","protected":false},"excerpt":{"rendered":"<p>O concurso HFA oferta 130 vagas de n\u00edveis t\u00e9cnico e superior atrav\u00e9s da segunda edi\u00e7\u00e3o do Concurso Nacional Unificado. Venha conferir todos os detalhes!<\/p>\n","protected":false},"author":54696,"featured_media":287218,"comment_status":"closed","ping_status":"closed","sticky":false,"template":"","format":"standard","meta":{"_acf_changed":false,"footnotes":"","_wp_rev_ctl_limit":""},"categories":[44999,44978],"tags":[45487,45003],"class_list":["post-287216","post","type-post","status-publish","format-standard","has-post-thumbnail","hentry","category-concursos","category-nacional","tag-concurso-hfa","tag-concursos-abertos-nacional"],"acf":[],"_links":{"self":[{"href":"https:\/\/www.novaconcursos.com.br\/portal\/wp-json\/wp\/v2\/posts\/287216","targetHints":{"allow":["GET"]}}],"collection":[{"href":"https:\/\/www.novaconcursos.com.br\/portal\/wp-json\/wp\/v2\/posts"}],"about":[{"href":"https:\/\/www.novaconcursos.com.br\/portal\/wp-json\/wp\/v2\/types\/post"}],"author":[{"embeddable":true,"href":"https:\/\/www.novaconcursos.com.br\/portal\/wp-json\/wp\/v2\/users\/54696"}],"replies":[{"embeddable":true,"href":"https:\/\/www.novaconcursos.com.br\/portal\/wp-json\/wp\/v2\/comments?post=287216"}],"version-history":[{"count":2,"href":"https:\/\/www.novaconcursos.com.br\/portal\/wp-json\/wp\/v2\/posts\/287216\/revisions"}],"predecessor-version":[{"id":299519,"href":"https:\/\/www.novaconcursos.com.br\/portal\/wp-json\/wp\/v2\/posts\/287216\/revisions\/299519"}],"wp:featuredmedia":[{"embeddable":true,"href":"https:\/\/www.novaconcursos.com.br\/portal\/wp-json\/wp\/v2\/media\/287218"}],"wp:attachment":[{"href":"https:\/\/www.novaconcursos.com.br\/portal\/wp-json\/wp\/v2\/media?parent=287216"}],"wp:term":[{"taxonomy":"category","embeddable":true,"href":"https:\/\/www.novaconcursos.com.br\/portal\/wp-json\/wp\/v2\/categories?post=287216"},{"taxonomy":"post_tag","embeddable":true,"href":"https:\/\/www.novaconcursos.com.br\/portal\/wp-json\/wp\/v2\/tags?post=287216"}],"curies":[{"name":"wp","href":"https:\/\/api.w.org\/{rel}","templated":true}]}}