{"id":288084,"date":"2025-07-29T10:18:19","date_gmt":"2025-07-29T13:18:19","guid":{"rendered":"https:\/\/www.novaconcursos.com.br\/portal\/?p=288084"},"modified":"2025-07-29T10:20:17","modified_gmt":"2025-07-29T13:20:17","slug":"concurso-pf-abstencao-dos-candidatos-na-prova","status":"publish","type":"post","link":"https:\/\/www.novaconcursos.com.br\/portal\/noticias\/concurso-pf-abstencao-dos-candidatos-na-prova\/","title":{"rendered":"Concurso PF: Mais de 30% dos candidatos n\u00e3o compareceram \u00e0 prova!"},"content":{"rendered":"<p>As provas do <a href=\"https:\/\/www.novaconcursos.com.br\/portal\/concursos\/concurso-policia-federal\/\" data-type=\"link\" data-id=\"https:\/\/www.novaconcursos.com.br\/portal\/concursos\/concurso-policia-federal\/\">concurso PF<\/a> foram realizadas no \u00faltimo domingo, dia 27 de julho de 2025! O certame oferece 1.000 vagas para cinco carreiras da \u00e1rea policial!<\/p>\n\n\n\n<p>Depois da realiza\u00e7\u00e3o das provas do concurso PF 2025, a banca organizadora Cebraspe divulgou o <strong>percentual de absten\u00e7\u00f5es<\/strong> registrado nessa etapa.<\/p>\n\n\n\n<p>Vale destacar que mais de 218 mil candidatos tiveram a inscri\u00e7\u00e3o confirmada no concurso PF, sendo o cargo de <strong>Agente o mais concorrido<\/strong>, com <strong>137.645 inscritos<\/strong>. Ficou interessado(a)? Continue comigo e confira todos os detalhes!<\/p>\n\n\n\n<h2 class=\"wp-block-heading\" id=\"menos-de-70-dos-candidatos-compareceram-prova-do-concurso-pf\">Menos de 70% dos candidatos compareceram \u00e0 prova do concurso PF!<\/h2>\n\n\n\n<p>As provas do concurso PF 2025 foram realizadas no \u00faltimo domingo, 27 de julho de 2025, oferecendo 1.000 vagas imediatas para os cargos de <strong>Agente, Escriv\u00e3o, Perito Criminal, Delegado e Papiloscopista<\/strong>, com sal\u00e1rios iniciais de at\u00e9 <strong>R$ 26,8 mil<\/strong>. Ao todo, <mark style=\"background-color:rgba(0, 0, 0, 0)\" class=\"has-inline-color has-vivid-red-color\">218.821 candidatos tiveram a inscri\u00e7\u00e3o confirmada.<\/mark><\/p>\n\n\n\n<p>Segundo a banca organizadora do concurso PF, o <a href=\"https:\/\/www.cebraspe.org.br\/concursos\/PF_25\" target=\"_blank\" data-type=\"link\" data-id=\"https:\/\/www.cebraspe.org.br\/concursos\/PF_25\" rel=\"noreferrer noopener\">Cebraspe<\/a>:<\/p>\n\n\n\n<ul class=\"wp-block-list\"><li>A taxa geral de absten\u00e7\u00e3o superou <strong>30%;<\/strong><\/li>\n\n\n\n<li>No per\u00edodo da manh\u00e3, durante a prova objetiva para Delegado, o \u00edndice de faltas foi de <strong>30,16%<\/strong>;<\/li>\n\n\n\n<li>No per\u00edodo da tarde, com as provas objetivas e discursivas dos demais cargos e a discursiva de Delegado, a taxa chegou a <strong>31,59%<\/strong>.<\/li>\n<\/ul><p>Essa foi apenas a primeira fase do concurso, e a pr\u00f3xima etapa ser\u00e1 o <strong>Teste de Aptid\u00e3o F\u00edsica (TAF)<\/strong>, previsto para <strong>setembro de 2025<\/strong>!<\/p>\n\n\n\n<h2 class=\"wp-block-heading\" id=\"como-vai-ser-o-teste-de-aptido-fsica-taf-do-concurso-pf\">Como vai ser o Teste de Aptid\u00e3o F\u00edsica (TAF) do concurso PF?<\/h2>\n\n\n\n<p>Todos os candidatos aprovados na prova discursiva do concurso PF ser\u00e3o convocados para o <strong>Teste de Aptid\u00e3o F\u00edsica (TAF)<\/strong>, previsto para os dias <strong>13 e 14 de setembro de 2025<\/strong>. Essa etapa tem o objetivo de avaliar se os participantes possuem as condi\u00e7\u00f5es f\u00edsicas m\u00ednimas exigidas para o desempenho das atividades policiais.<\/p>\n\n\n\n<p>O TAF ser\u00e1 composto por <strong>quatro provas espec\u00edficas<\/strong>, e o candidato precisa atingir os \u00edndices m\u00ednimos em todas elas para ser aprovado:<\/p>\n\n\n\n<ul class=\"wp-block-list\"><li><strong>Barra fixa<\/strong>\n<ul class=\"wp-block-list\"><li>Homens: realizar 5 flex\u00f5es completas<\/li>\n\n\n\n<li>Mulheres: permanecer em suspens\u00e3o por pelo menos 15 segundos<\/li>\n<\/ul><\/li>\n\n\n\n<li><strong>Impuls\u00e3o horizontal<\/strong>\n<ul class=\"wp-block-list\"><li>Homens: atingir no m\u00ednimo 2,05 metros<\/li>\n\n\n\n<li>Mulheres: atingir no m\u00ednimo 1,56 metros<\/li>\n<\/ul><\/li>\n\n\n\n<li><strong>Nata\u00e7\u00e3o (50 metros livres)<\/strong>\n<ul class=\"wp-block-list\"><li>Homens: completar a prova em at\u00e9 56 segundos<\/li>\n\n\n\n<li>Mulheres: completar a prova em at\u00e9 64 segundos<\/li>\n<\/ul><\/li>\n\n\n\n<li><strong>Corrida de 12 minutos<\/strong>\n<ul class=\"wp-block-list\"><li>Homens: percorrer pelo menos 2.300 metros<\/li>\n\n\n\n<li>Mulheres: percorrer pelo menos 1.800 metros<\/li>\n<\/ul><\/li>\n<\/ul><p>A reprova\u00e7\u00e3o em qualquer uma das provas leva \u00e0 <strong>elimina\u00e7\u00e3o autom\u00e1tica do candidato<\/strong>. Por isso, \u00e9 essencial iniciar a prepara\u00e7\u00e3o f\u00edsica com anteced\u00eancia, garantindo condicionamento adequado para alcan\u00e7ar todos os \u00edndices exigidos e evitar elimina\u00e7\u00f5es nesta etapa decisiva.<\/p>\n\n\n\n<h2 class=\"wp-block-heading\" id=\"prximas-etapas-do-concurso-pf\">Pr\u00f3ximas etapas do concurso PF<\/h2>\n\n\n\n<p>Ap\u00f3s o <strong>Teste de Aptid\u00e3o F\u00edsica (TAF)<\/strong>, o concurso da Pol\u00edcia Federal segue com outras etapas importantes da sele\u00e7\u00e3o.<\/p>\n\n\n\n<p><strong>Avalia\u00e7\u00e3o Psicol\u00f3gica<\/strong> <\/p>\n\n\n\n<p>A avalia\u00e7\u00e3o psicol\u00f3gica \u00e9 realizada em dois momentos:<\/p>\n\n\n\n<ul class=\"wp-block-list\"><li>O primeiro momento ocorre ainda na primeira etapa, sem car\u00e1ter eliminat\u00f3rio, servindo como base para a an\u00e1lise final.<\/li>\n\n\n\n<li>O segundo momento acontece durante o <strong>Curso de Forma\u00e7\u00e3o Profissional<\/strong>, com car\u00e1ter eliminat\u00f3rio, por meio de testes psicol\u00f3gicos e observa\u00e7\u00f5es comportamentais.<\/li>\n<\/ul><p><strong>Prova Oral (exclusiva para Delegado)<\/strong><\/p>\n\n\n\n<p>A prova oral do concurso PF \u00e9 destinada apenas aos candidatos ao cargo de <strong>Delegado de Pol\u00edcia Federal<\/strong>.<\/p>\n\n\n\n<ul class=\"wp-block-list\"><li>Tem <strong>car\u00e1ter eliminat\u00f3rio e classificat\u00f3rio<\/strong>.<\/li>\n\n\n\n<li>Dura\u00e7\u00e3o m\u00e1xima de <strong>20 minutos<\/strong>.<\/li>\n\n\n\n<li>Pontua\u00e7\u00e3o m\u00e1xima de <strong>16 pontos<\/strong>.<\/li>\n\n\n\n<li>Abrange as disciplinas: <strong>Direito Administrativo, Direito Constitucional, Direito Penal e Direito Processual Penal<\/strong>.<\/li>\n<\/ul><p><strong>Avalia\u00e7\u00e3o de T\u00edtulos<\/strong><\/p>\n\n\n\n<p>A avalia\u00e7\u00e3o de t\u00edtulos, de car\u00e1ter exclusivamente classificat\u00f3rio, \u00e9 destinada apenas aos cargos de <strong>Delegado<\/strong> e <strong>Perito Criminal Federal<\/strong>.<\/p>\n\n\n\n<p>Nessa fase, a pontua\u00e7\u00e3o m\u00e1xima \u00e9 de <strong>7,50 pontos<\/strong>, sendo considerados apenas os seguintes documentos:<\/p>\n\n\n\n<figure class=\"wp-block-image size-full\"><a href=\"https:\/\/www.novaconcursos.com.br\/portal\/wp-content\/uploads\/2025\/07\/titulos-pf.webp\"><img decoding=\"async\" width=\"516\" height=\"655\" src=\"https:\/\/www.novaconcursos.com.br\/portal\/wp-content\/uploads\/2025\/07\/titulos-pf.webp\" alt=\"\" class=\"wp-image-288086\" loading=\"lazy\" title=\"\" srcset=\"https:\/\/www.novaconcursos.com.br\/portal\/wp-content\/uploads\/2025\/07\/titulos-pf-236x300.webp 236w, https:\/\/www.novaconcursos.com.br\/portal\/wp-content\/uploads\/2025\/07\/titulos-pf-480x609.webp 480w, https:\/\/www.novaconcursos.com.br\/portal\/wp-content\/uploads\/2025\/07\/titulos-pf.webp 516w\" sizes=\"auto, (max-width: 480px) 100vw, (max-width: 768px) 100vw, (max-width: 1200px) 70vw, 768px\"><\/a><figcaption><\/figcaption><\/figure><p><strong>Investiga\u00e7\u00e3o Social<\/strong><\/p>\n\n\n\n<p>A investiga\u00e7\u00e3o social ser\u00e1 conduzida pela Pol\u00edcia Federal e tem como finalidade verificar a conduta irrepreens\u00edvel e a idoneidade moral dos candidatos, avaliando se o perfil \u00e9 compat\u00edvel com o exerc\u00edcio das fun\u00e7\u00f5es policiais.<\/p>\n\n\n\n<p>O resultado final para o cargo de Agente (n\u00edvel m\u00e9dio) est\u00e1 previsto para <strong>dezembro de 2025<\/strong>, com o <strong>curso de forma\u00e7\u00e3o iniciado em 26 de janeiro de 2026<\/strong>. Para os <strong>demais cargos<\/strong>, o curso de forma\u00e7\u00e3o ter\u00e1 in\u00edcio em <strong>maio de 2026<\/strong>.<\/p>\n\n\n\n<figure class=\"wp-block-embed is-type-video is-provider-youtube wp-block-embed-youtube wp-embed-aspect-16-9 wp-has-aspect-ratio\"><div class=\"wp-block-embed__wrapper\">\n<iframe loading=\"lazy\" title=\"RAIO X DO EDITAL POL\u00cdCIA FEDERAL 2025 - AGENTE E ESCRIV\u00c3O \ud83d\udea8\" width=\"500\" height=\"281\" src=\"https:\/\/www.youtube.com\/embed\/XEZdgrgL4P8?feature=oembed\" frameborder=\"0\" allow=\"accelerometer; autoplay; clipboard-write; encrypted-media; gyroscope; picture-in-picture; web-share\" referrerpolicy=\"strict-origin-when-cross-origin\" allowfullscreen><\/iframe>\n<\/div><\/figure>","protected":false},"excerpt":{"rendered":"<p>A taxa de absten\u00e7\u00e3o do concurso PF 2025 ultrapassou 30%, segundo informa\u00e7\u00f5es divulgadas pelo Cebraspe ap\u00f3s a aplica\u00e7\u00e3o das provas no domingo, 27 de julho. O certame oferece 1.000 vagas imediatas, e os candidatos devem ficar atentos ao cronograma com as pr\u00f3ximas etapas da sele\u00e7\u00e3o! Veja os detalhes!<\/p>\n","protected":false},"author":54697,"featured_media":288085,"comment_status":"closed","ping_status":"closed","sticky":false,"template":"","format":"standard","meta":{"_acf_changed":false,"footnotes":"","_wp_rev_ctl_limit":""},"categories":[228,44978,44941],"tags":[280],"class_list":["post-288084","post","type-post","status-publish","format-standard","has-post-thumbnail","hentry","category-noticias","category-nacional","category-carreira-policial","tag-concurso-pf"],"acf":[],"_links":{"self":[{"href":"https:\/\/www.novaconcursos.com.br\/portal\/wp-json\/wp\/v2\/posts\/288084","targetHints":{"allow":["GET"]}}],"collection":[{"href":"https:\/\/www.novaconcursos.com.br\/portal\/wp-json\/wp\/v2\/posts"}],"about":[{"href":"https:\/\/www.novaconcursos.com.br\/portal\/wp-json\/wp\/v2\/types\/post"}],"author":[{"embeddable":true,"href":"https:\/\/www.novaconcursos.com.br\/portal\/wp-json\/wp\/v2\/users\/54697"}],"replies":[{"embeddable":true,"href":"https:\/\/www.novaconcursos.com.br\/portal\/wp-json\/wp\/v2\/comments?post=288084"}],"version-history":[{"count":3,"href":"https:\/\/www.novaconcursos.com.br\/portal\/wp-json\/wp\/v2\/posts\/288084\/revisions"}],"predecessor-version":[{"id":288093,"href":"https:\/\/www.novaconcursos.com.br\/portal\/wp-json\/wp\/v2\/posts\/288084\/revisions\/288093"}],"wp:featuredmedia":[{"embeddable":true,"href":"https:\/\/www.novaconcursos.com.br\/portal\/wp-json\/wp\/v2\/media\/288085"}],"wp:attachment":[{"href":"https:\/\/www.novaconcursos.com.br\/portal\/wp-json\/wp\/v2\/media?parent=288084"}],"wp:term":[{"taxonomy":"category","embeddable":true,"href":"https:\/\/www.novaconcursos.com.br\/portal\/wp-json\/wp\/v2\/categories?post=288084"},{"taxonomy":"post_tag","embeddable":true,"href":"https:\/\/www.novaconcursos.com.br\/portal\/wp-json\/wp\/v2\/tags?post=288084"}],"curies":[{"name":"wp","href":"https:\/\/api.w.org\/{rel}","templated":true}]}}