{"id":288178,"date":"2025-07-30T12:43:42","date_gmt":"2025-07-30T15:43:42","guid":{"rendered":"https:\/\/www.novaconcursos.com.br\/portal\/?p=288178"},"modified":"2025-07-30T12:43:46","modified_gmt":"2025-07-30T15:43:46","slug":"concurso-tre-mg-convocacoes","status":"publish","type":"post","link":"https:\/\/www.novaconcursos.com.br\/portal\/noticias\/concurso-tre-mg-convocacoes\/","title":{"rendered":"Concurso TRE MG: Aprovados do TSE Unificado s\u00e3o convocados!"},"content":{"rendered":"<p class=\"wp-block-paragraph\">O <a href=\"https:\/\/www.novaconcursos.com.br\/portal\/concursos\/concurso-tre-mg\/\">concurso TRE MG<\/a> avan\u00e7a para uma nova etapa importante para os candidatos aprovados! O Tribunal Regional Eleitoral de Minas Gerais acaba de convocar classificados para indicar a prefer\u00eancia de lota\u00e7\u00e3o nos cargos de Analista Judici\u00e1rio e T\u00e9cnico Judici\u00e1rio.<\/p>\n\n\n\n<p class=\"wp-block-paragraph\">A sele\u00e7\u00e3o fez parte do Concurso P\u00fablico Unificado da Justi\u00e7a Eleitoral, conhecido como TSE Unificado, que ofertou <mark style=\"background-color:#8ed1fc\" class=\"has-inline-color\">412 vagas imediatas<\/mark> e cadastro reserva para diferentes \u00e1reas de atua\u00e7\u00e3o. O certame atraiu milhares de candidatos em busca de estabilidade e carreira no servi\u00e7o p\u00fablico.<\/p>\n\n\n\n<p class=\"wp-block-paragraph\">Se voc\u00ea acompanha as novidades sobre o concurso TRE MG, confira a seguir todos os detalhes sobre a convoca\u00e7\u00e3o, cargos contemplados e os pr\u00f3ximos passos para quem est\u00e1 mais perto de tomar posse no Tribunal Regional Eleitoral de Minas Gerais!<\/p>\n\n\n\n<h2 class=\"wp-block-heading\" id=\"concurso-tre-mg-86-aprovados-so-convocados-\">Concurso TRE MG: 86 aprovados s\u00e3o convocados <\/h2>\n\n\n\n<p class=\"wp-block-paragraph\">O TRE MG divulgou na quinta-feira, 24 de julho, uma nova <a href=\"https:\/\/pesquisa.in.gov.br\/imprensa\/jsp\/visualiza\/index.jsp?data=24\/07\/2025&amp;jornal=530&amp;pagina=231&amp;totalArquivos=348\" target=\"_blank\" rel=\"noopener\">lista de convocados<\/a> do concurso TSE Unificado, chamando <strong>86 candidatos aprovados<\/strong> para manifesta\u00e7\u00e3o de prefer\u00eancia quanto \u00e0 lota\u00e7\u00e3o.<\/p>\n\n\n\n<p class=\"wp-block-paragraph\">Do total de convocados, 68 s\u00e3o para o cargo de t\u00e9cnico judici\u00e1rio \u2013 \u00e1rea Administrativa, enquanto 18 correspondem ao cargo de analista judici\u00e1rio \u2013 \u00e1rea Judici\u00e1ria.<\/p>\n\n\n\n<p class=\"wp-block-paragraph\">A escolha das zonas eleitorais dever\u00e1 ser feita pelos aprovados dentro dos prazos estipulados pelo tribunal.<\/p>\n\n\n\n<p class=\"wp-block-paragraph\">Para os t\u00e9cnicos judici\u00e1rios, o per\u00edodo para envio das op\u00e7\u00f5es ficar\u00e1 aberto de 24 a 30 de julho. J\u00e1 os analistas judici\u00e1rios dever\u00e3o manifestar suas prefer\u00eancias entre 31 de julho e 6 de agosto.<\/p>\n\n\n\n<p class=\"wp-block-paragraph\">Com a chamada desta quinta-feira, o n\u00famero de convoca\u00e7\u00f5es <strong>j\u00e1 ultrapassa as vagas imediatas previstas no edital<\/strong>, sendo poss\u00edvel que novas chamadas ocorram durante todo o prazo de validade do concurso, que \u00e9 de dois anos, com possibilidade de prorroga\u00e7\u00e3o por igual per\u00edodo.<\/p>\n\n\n\n<h2 class=\"wp-block-heading\" id=\"autorizao-nacional-para-nomeaes-em-2025\">Autoriza\u00e7\u00e3o nacional para nomea\u00e7\u00f5es em 2025<\/h2>\n\n\n\n<p class=\"wp-block-paragraph\">Em maio, o Tribunal Superior Eleitoral (TSE) publicou portaria autorizando 525 provimentos em concursos da Justi\u00e7a Eleitoral em 2025, contemplando tanto o pr\u00f3prio TSE quanto os Tribunais Regionais Eleitorais. Desse total, <strong>357 s\u00e3o para t\u00e9cnicos judici\u00e1rios<\/strong> e <strong>168 para analistas judici\u00e1rios<\/strong>.<\/p>\n\n\n\n<p class=\"wp-block-paragraph\">Cada tribunal \u00e9 respons\u00e1vel por realizar seus pr\u00f3prios tr\u00e2mites para convoca\u00e7\u00e3o e nomea\u00e7\u00e3o dos aprovados.<\/p>\n\n\n\n<h2 class=\"wp-block-heading\" id=\"panorama-do-concurso-tse-unificado\">Panorama do concurso TSE Unificado<\/h2>\n\n\n\n<p class=\"wp-block-paragraph\">O concurso unificado da Justi\u00e7a Eleitoral, realizado no ano passado, ofertou <strong>412 vagas imediatas<\/strong>, al\u00e9m de cadastro de reserva, para os cargos de t\u00e9cnico e analista judici\u00e1rio.<\/p>\n\n\n\n<p class=\"wp-block-paragraph\">As oportunidades foram distribu\u00eddas entre o TSE e 26 Tribunais Regionais Eleitorais, com exce\u00e7\u00e3o do TRE-TO, que promoveu sele\u00e7\u00e3o pr\u00f3pria.<\/p>\n\n\n\n<p class=\"wp-block-paragraph\">A remunera\u00e7\u00e3o inicial dos aprovados pode <strong>chegar a R$16.637,08<\/strong>, considerando vencimento b\u00e1sico e aux\u00edlio-alimenta\u00e7\u00e3o reajustados. O requisito para ingresso nas carreiras \u00e9 <strong>n\u00edvel superior completo<\/strong>.<\/p>\n\n\n\n<p class=\"wp-block-paragraph\">Ao todo, o concurso registrou <strong>637.628 inscritos<\/strong>, dos quais 47,95% n\u00e3o compareceram \u00e0s provas objetiva e discursiva, aplicadas em dezembro de 2024. Para o cargo de agente da pol\u00edcia judicial, tamb\u00e9m houve Teste de Aptid\u00e3o F\u00edsica (TAF), al\u00e9m de prova de t\u00edtulos para analista.<\/p>\n\n\n\n<h3 class=\"wp-block-heading\">Como foram as provas?<\/h3>\n\n\n\n<p class=\"wp-block-paragraph\">Os candidatos do concurs TRE MG foram avaliados por meio das seguintes etapas de sele\u00e7\u00e3o:<\/p>\n\n\n\n<ul class=\"wp-block-list\"><li>prova objetiva<\/li>\n\n\n\n<li>prova discursiva<\/li>\n\n\n\n<li>teste de aptid\u00e3o f\u00edsica<\/li>\n\n\n\n<li>avalia\u00e7\u00e3o de t\u00edtulos<\/li>\n<\/ul><h4 class=\"wp-block-heading\">Provas Objetivas<\/h4>\n\n\n\n<p class=\"wp-block-paragraph\">As provas objetivas, de car\u00e1ter eliminat\u00f3rio e classificat\u00f3rio, <strong>foram compostas por 120 quest\u00f5es de \u201ccerto\u201d ou \u201cerrado\u201d<\/strong>, distribu\u00eddas entre 50 quest\u00f5es de conhecimentos b\u00e1sicos e 70 quest\u00f5es de conhecimentos espec\u00edficos.<\/p>\n\n\n\n<p class=\"wp-block-paragraph\">As quest\u00f5es de conhecimentos b\u00e1sicos da prova foram compostas pelas disciplinas de L\u00edngua Portuguesa, No\u00e7\u00f5es de Direito Eleitoral (somente para Analista e T\u00e9cnico Judici\u00e1rio na \u00e1rea Administrativa), No\u00e7\u00f5es de Direito Administrativo (exceto Analista Judici\u00e1rio na \u00e1rea Judici\u00e1ria) e No\u00e7\u00f5es de Direito Constitucional (somente para Analista e T\u00e9cnico Judici\u00e1rio na \u00e1rea Administrativa).<\/p>\n\n\n\n<p class=\"wp-block-paragraph\">Avaliada em at\u00e9 190 pontos, foi reprovado na prova o candidato que obteve nota inferior a 10 pontos na prova de conhecimentos b\u00e1sicos (NP1), a 40 pontos na prova de conhecimentos espec\u00edficos (NP2) e a 55 pontos no total da prova (NFPO).<\/p>\n\n\n\n<h4 class=\"wp-block-heading\">Prova Discursiva<\/h4>\n\n\n\n<p class=\"wp-block-paragraph\">De car\u00e1ter eliminat\u00f3rio e classificat\u00f3rio, a prova discursiva foi composta pela elabora\u00e7\u00e3o de uma reda\u00e7\u00e3o dissertativa, de at\u00e9 30 linhas, a respeito de temas relacionados a conhecimentos espec\u00edficos do cargo\/\u00e1rea\/especialidade.<\/p>\n\n\n\n<p class=\"wp-block-paragraph\">Avaliada em at\u00e9 50 pontos, a prova discursiva considerou o conte\u00fado (conhecimento do tema), a capacidade de express\u00e3o na modalidade escrita e o uso das normas do registro formal culto da L\u00edngua Portuguesa.<\/p>\n\n\n\n<h4 class=\"wp-block-heading\">Teste de Aptid\u00e3o F\u00edsica<\/h4>\n\n\n\n<p class=\"wp-block-paragraph\">O Teste de Aptid\u00e3o F\u00edsica, de car\u00e1ter eliminat\u00f3rio, consistiu na realiza\u00e7\u00e3o dos seguintes testes: flex\u00e3o de bra\u00e7o na barra fixa (para candidatos do sexo masculino) ou de barra est\u00e1tica (para candidatas do sexo feminino), flex\u00e3o abdominal e corrida de 12 minutos.<\/p>\n\n\n\n<p class=\"wp-block-paragraph\">Nesta etapa, o candidato foi avaliado em apto ou inapto.<\/p>\n\n\n\n<h4 class=\"wp-block-heading\">Avalia\u00e7\u00e3o de T\u00edtulos<\/h4>\n\n\n\n<p class=\"wp-block-paragraph\">Nesta etapa, de car\u00e1ter classificat\u00f3rio, foram consideradas as seguintes pontua\u00e7\u00f5es:<\/p>\n\n\n\n<p class=\"wp-block-paragraph\"><strong>Analista Judici\u00e1rio (todos os cargos)<\/strong><\/p>\n\n\n\n<figure class=\"wp-block-image size-full\"><a href=\"https:\/\/www.novaconcursos.com.br\/portal\/wp-content\/uploads\/2025\/07\/titulos-tre-mg-1.webp\"><img decoding=\"async\" width=\"658\" height=\"445\" src=\"https:\/\/www.novaconcursos.com.br\/portal\/wp-content\/uploads\/2025\/07\/titulos-tre-mg-1.webp\" alt=\"Tabela de t\u00edtulos do concurso TRE MG!\" class=\"wp-image-288190\" loading=\"lazy\" title=\"\" srcset=\"https:\/\/www.novaconcursos.com.br\/portal\/wp-content\/uploads\/2025\/07\/titulos-tre-mg-1-300x203.webp 300w, https:\/\/www.novaconcursos.com.br\/portal\/wp-content\/uploads\/2025\/07\/titulos-tre-mg-1-480x325.webp 480w, https:\/\/www.novaconcursos.com.br\/portal\/wp-content\/uploads\/2025\/07\/titulos-tre-mg-1.webp 658w\" sizes=\"auto, (max-width: 480px) 100vw, (max-width: 768px) 100vw, (max-width: 1200px) 70vw, 768px\"><\/a><figcaption><\/figcaption><\/figure><p class=\"wp-block-paragraph\"><strong>Analista Judici\u00e1rio \u2013 \u00c1rea: Apoio Especializado \u2013 Especialidade: Tecnologia da Informa\u00e7\u00e3o<\/strong><\/p>\n\n\n\n<figure class=\"wp-block-image size-full\"><a href=\"https:\/\/www.novaconcursos.com.br\/portal\/wp-content\/uploads\/2025\/07\/titulos-tre-mg-2.webp\"><img decoding=\"async\" width=\"656\" height=\"461\" src=\"https:\/\/www.novaconcursos.com.br\/portal\/wp-content\/uploads\/2025\/07\/titulos-tre-mg-2.webp\" alt=\"Tabela de t\u00edtulos do concurso TRE MG!\" class=\"wp-image-288191\" loading=\"lazy\" title=\"\" srcset=\"https:\/\/www.novaconcursos.com.br\/portal\/wp-content\/uploads\/2025\/07\/titulos-tre-mg-2-300x211.webp 300w, https:\/\/www.novaconcursos.com.br\/portal\/wp-content\/uploads\/2025\/07\/titulos-tre-mg-2-480x337.webp 480w, https:\/\/www.novaconcursos.com.br\/portal\/wp-content\/uploads\/2025\/07\/titulos-tre-mg-2.webp 656w\" sizes=\"auto, (max-width: 480px) 100vw, (max-width: 768px) 100vw, (max-width: 1200px) 70vw, 768px\"><\/a><figcaption><\/figcaption><\/figure><p class=\"wp-block-paragraph\"><\/p><div class=\"nova-continue-reading\">Leia tamb\u00e9m: <a href=\"https:\/\/www.novaconcursos.com.br\/portal\/concursos\/concurso-tre-mg\/\">Saiba tudo sobre o concurso TRE MG!<\/a><\/div>","protected":false},"excerpt":{"rendered":"<p>Foram convocados 86 candidatos aprovados no concurso TRE MG. A sele\u00e7\u00e3o participou do TSE Unificado, que ofertou 73 vagas. Venha saber todos os detalhes!<\/p>\n","protected":false},"author":54696,"featured_media":288181,"comment_status":"closed","ping_status":"closed","sticky":false,"template":"","format":"standard","meta":{"_acf_changed":false,"footnotes":"","_wp_rev_ctl_limit":""},"categories":[228,44948],"tags":[45505],"class_list":["post-288178","post","type-post","status-publish","format-standard","has-post-thumbnail","hentry","category-noticias","category-mg","tag-concurso-tre-mg-2"],"acf":[],"_links":{"self":[{"href":"https:\/\/www.novaconcursos.com.br\/portal\/wp-json\/wp\/v2\/posts\/288178","targetHints":{"allow":["GET"]}}],"collection":[{"href":"https:\/\/www.novaconcursos.com.br\/portal\/wp-json\/wp\/v2\/posts"}],"about":[{"href":"https:\/\/www.novaconcursos.com.br\/portal\/wp-json\/wp\/v2\/types\/post"}],"author":[{"embeddable":true,"href":"https:\/\/www.novaconcursos.com.br\/portal\/wp-json\/wp\/v2\/users\/54696"}],"replies":[{"embeddable":true,"href":"https:\/\/www.novaconcursos.com.br\/portal\/wp-json\/wp\/v2\/comments?post=288178"}],"version-history":[{"count":2,"href":"https:\/\/www.novaconcursos.com.br\/portal\/wp-json\/wp\/v2\/posts\/288178\/revisions"}],"predecessor-version":[{"id":288192,"href":"https:\/\/www.novaconcursos.com.br\/portal\/wp-json\/wp\/v2\/posts\/288178\/revisions\/288192"}],"wp:featuredmedia":[{"embeddable":true,"href":"https:\/\/www.novaconcursos.com.br\/portal\/wp-json\/wp\/v2\/media\/288181"}],"wp:attachment":[{"href":"https:\/\/www.novaconcursos.com.br\/portal\/wp-json\/wp\/v2\/media?parent=288178"}],"wp:term":[{"taxonomy":"category","embeddable":true,"href":"https:\/\/www.novaconcursos.com.br\/portal\/wp-json\/wp\/v2\/categories?post=288178"},{"taxonomy":"post_tag","embeddable":true,"href":"https:\/\/www.novaconcursos.com.br\/portal\/wp-json\/wp\/v2\/tags?post=288178"}],"curies":[{"name":"wp","href":"https:\/\/api.w.org\/{rel}","templated":true}]}}